{"id":1518,"date":"2011-02-05T22:01:37","date_gmt":"2011-02-05T21:01:37","guid":{"rendered":"http:\/\/blog.inmontanis.info\/?p=1518"},"modified":"2011-02-27T22:02:51","modified_gmt":"2011-02-27T21:02:51","slug":"sampeyre-5-2-2011","status":"publish","type":"post","link":"http:\/\/blog.inmontanis.info\/?p=1518","title":{"rendered":"Sampeyre, 5.2.2011"},"content":{"rendered":"<p><strong>Sa, 5.2.2011: Sampeyre<\/strong> (SSWATW2011 Tag 8 Teil 2)<\/p>\n<p>Nachmittags ging&#8217;s noch nach Sampeyre, wenn man schon mal da ist. Halbtageskarte um 15,-. <!--more-->2 l\u00e4ngere Graffer-DSBs neueren Baudatums und ein \u00e4lterer Graffer-SL im Tal. F\u00fcr eine zehntel Sekunde musste ich am Parkplatz \u00fcbrigens nur zur DSB blicken um zu erkennen: Oh, cool, immerhin doch Graffer und nicht Leitner, wie ich meinte vom sommerlichen Besuch der Stra\u00dfe in Erinnerung zu haben :-)<\/p>\n<p>Ziemlich voll gewesen, die 1. Sektion hat 1 Abfahrt, die 2. hat zwei Abfahrten, teilweise kann man noch auf die Col-Sampeyre-Stra\u00dfe ausweichen um immerhin ein wenig mehr Abwechslung zu haben. Somit waren auch die Pisten relativ voll, und die beiden DSBs machen schl\u00e4frig, insbesondere hintereinander.<\/p>\n<p><em>Fotos anklicken zum Vergr\u00f6\u00dfern, soweit nicht vergr\u00f6\u00dfert gepostet:<\/em><\/p>\n<p><a href='http:\/\/ski.inmontanis.info\/d\/126606-2\/ge_sampeyre2011.jpg'><img src=http:\/\/ski.inmontanis.info\/d\/126604-3\/ge_sampeyre2011.jpg \/><\/a><br \/>\n^ GPS-Track Sampeyre<\/p>\n<p><a href='http:\/\/ski.inmontanis.info\/d\/126610-2\/DSCF5704.jpg'><img src=http:\/\/ski.inmontanis.info\/d\/126609-3\/DSCF5704.jpg \/><\/a><br \/>\n^ Prospekt &#8211; Plan<\/p>\n<p><a href='http:\/\/ski.inmontanis.info\/d\/126614-2\/DSCF5661.jpg'><img src=http:\/\/ski.inmontanis.info\/d\/126613-3\/DSCF5661.jpg \/><\/a><br \/>\n^ Talstation DSB Sektion I<\/p>\n<p><a href='http:\/\/ski.inmontanis.info\/d\/126618-2\/DSCF5663.jpg'><img src=http:\/\/ski.inmontanis.info\/d\/126617-3\/DSCF5663.jpg \/><\/a><br \/>\n^ DSB Sektion I und Talabfahrt<\/p>\n<p><a href='http:\/\/ski.inmontanis.info\/d\/126622-2\/DSCF5666.jpg'><img src=http:\/\/ski.inmontanis.info\/d\/126621-3\/DSCF5666.jpg \/><\/a><br \/>\n^ Zwischenstation DSB Sektion I<\/p>\n<p><a href='http:\/\/ski.inmontanis.info\/d\/126626-2\/DSCF5665.jpg'><img src=http:\/\/ski.inmontanis.info\/d\/126625-3\/DSCF5665.jpg \/><\/a><br \/>\n^ DSB Sektion I<\/p>\n<p><a href='http:\/\/ski.inmontanis.info\/d\/126630-2\/DSCF5670.jpg'><img src=http:\/\/ski.inmontanis.info\/d\/126629-3\/DSCF5670.jpg \/><\/a><br \/>\n^ DSB Sektion II Talstation<\/p>\n<p><a href='http:\/\/ski.inmontanis.info\/d\/126671-2\/DSCF5671.jpg'><img src=http:\/\/ski.inmontanis.info\/d\/126670-3\/DSCF5671.jpg \/><\/a><br \/>\n^ DSB Sektion II<\/p>\n<p><a href='http:\/\/ski.inmontanis.info\/d\/126635-2\/DSCF5675.jpg'><img src=http:\/\/ski.inmontanis.info\/d\/126634-3\/DSCF5675.jpg \/><\/a><br \/>\n^ Sektion II, links und vorne zu sehen die Stra\u00dfe zum Col Sampeyre, auf der man auf der 2. Sektion auch abfahren kann<\/p>\n<p><a href='http:\/\/ski.inmontanis.info\/d\/126639-2\/DSCF5676.jpg'><img src=http:\/\/ski.inmontanis.info\/d\/126638-3\/DSCF5676.jpg \/><\/a><br \/>\n^ Sektion II kurz vor der Bergstation. Nach rechts rauf geht leider kein Lift weiter.<\/p>\n<p><a href='http:\/\/ski.inmontanis.info\/d\/126643-2\/DSCF5677.jpg'><img src=http:\/\/ski.inmontanis.info\/d\/126642-3\/DSCF5677.jpg \/><\/a><br \/>\n^ Abfahrt an der Sektion II im oberen Bereich. In Bildmitte kann man etwas ins Flachland sehen.<\/p>\n<p><a href='http:\/\/ski.inmontanis.info\/d\/126647-2\/DSCF5680.jpg'><img src=http:\/\/ski.inmontanis.info\/d\/126646-3\/DSCF5680.jpg \/><\/a><br \/>\n^ Die interessantere Alternativ-Abfahrt an der 2. Sektion<\/p>\n<p><a href='http:\/\/ski.inmontanis.info\/d\/126651-2\/DSCF5681.jpg'><img src=http:\/\/ski.inmontanis.info\/d\/126650-3\/DSCF5681.jpg \/><\/a><br \/>\n^ Talabfahrt<\/p>\n<p><a href='http:\/\/ski.inmontanis.info\/d\/126655-2\/DSCF5683.jpg'><img src=http:\/\/ski.inmontanis.info\/d\/126654-3\/DSCF5683.jpg \/><\/a><br \/>\n^ Talstation des \u00dcbungs-SL<\/p>\n<p><a href='http:\/\/ski.inmontanis.info\/d\/126659-2\/DSCF5570.jpg'><img src=http:\/\/ski.inmontanis.info\/d\/126658-3\/DSCF5570.jpg \/><\/a><br \/>\n^ Der SL, fr\u00fch vom Hotelparkplatz gezoomt<\/p>\n<p><a href='http:\/\/ski.inmontanis.info\/d\/126663-2\/DSCF5569.jpg'><img src=http:\/\/ski.inmontanis.info\/d\/126662-3\/DSCF5569.jpg \/><\/a><br \/>\n^ SL (links) und DSB-Gebiet (rechts, Talabfahrt sichtbar, Talstation DSB au\u00dferhalb rechts), die Verbindung von der DSB zum SL ist recht witzig.<\/p>\n<p><a href='http:\/\/ski.inmontanis.info\/d\/126667-2\/DSCF5685.jpg'><img src=http:\/\/ski.inmontanis.info\/d\/126666-3\/DSCF5685.jpg \/><\/a><br \/>\n^ 3-reihiges Parken? Kommt in Italien schon mal vor&#8230;<\/p>\n<p>Fazit: Nichts, was ich ein zweites Mal br\u00e4uchte. Da ist Pontechianale schon besser, hier k\u00f6nnte man mal wieder einen halben Tag vorbeischauen.<\/p>\n<p><img src=http:\/\/extra.inmontanis.info\/d\/6740-2\/ge_monviso.jpg \/><br \/>\n^ Kleine \u00dcbersicht \u00fcber die Skigebiete rund um den Monte Viso. In Bellino gibt&#8217;s noch einen kurzen Graffer-Tal-SL, der SL in Casteldelfino ist inzw. abgebaut. Sorry, rechts oben mal wieder ins Logo gefasst: Das ist Pian Mun\u00e9.<\/p>\n","protected":false},"excerpt":{"rendered":"<p>Sa, 5.2.2011: Sampeyre (SSWATW2011 Tag 8 Teil 2)<\/p>\n<p>Nachmittags ging&#8217;s noch nach Sampeyre, wenn man schon mal da ist. Halbtageskarte um 15,-. <\/p>\n<p> <a href=\"http:\/\/blog.inmontanis.info\/?p=1518\">[&#8230;]<\/a><\/p>\n","protected":false},"author":1,"featured_media":0,"comment_status":"open","ping_status":"closed","sticky":false,"template":"","format":"standard","meta":{"footnotes":""},"categories":[94,15,27],"tags":[38,91],"class_list":["post-1518","post","type-post","status-publish","format-standard","hentry","category-201101-sswatw","category-italienitaly","category-skifahren-winterskiing-winter","tag-dsb","tag-graffer","odd"],"_links":{"self":[{"href":"http:\/\/blog.inmontanis.info\/index.php?rest_route=\/wp\/v2\/posts\/1518","targetHints":{"allow":["GET"]}}],"collection":[{"href":"http:\/\/blog.inmontanis.info\/index.php?rest_route=\/wp\/v2\/posts"}],"about":[{"href":"http:\/\/blog.inmontanis.info\/index.php?rest_route=\/wp\/v2\/types\/post"}],"author":[{"embeddable":true,"href":"http:\/\/blog.inmontanis.info\/index.php?rest_route=\/wp\/v2\/users\/1"}],"replies":[{"embeddable":true,"href":"http:\/\/blog.inmontanis.info\/index.php?rest_route=%2Fwp%2Fv2%2Fcomments&post=1518"}],"version-history":[{"count":2,"href":"http:\/\/blog.inmontanis.info\/index.php?rest_route=\/wp\/v2\/posts\/1518\/revisions"}],"predecessor-version":[{"id":1520,"href":"http:\/\/blog.inmontanis.info\/index.php?rest_route=\/wp\/v2\/posts\/1518\/revisions\/1520"}],"wp:attachment":[{"href":"http:\/\/blog.inmontanis.info\/index.php?rest_route=%2Fwp%2Fv2%2Fmedia&parent=1518"}],"wp:term":[{"taxonomy":"category","embeddable":true,"href":"http:\/\/blog.inmontanis.info\/index.php?rest_route=%2Fwp%2Fv2%2Fcategories&post=1518"},{"taxonomy":"post_tag","embeddable":true,"href":"http:\/\/blog.inmontanis.info\/index.php?rest_route=%2Fwp%2Fv2%2Ftags&post=1518"}],"curies":[{"name":"wp","href":"https:\/\/api.w.org\/{rel}","templated":true}]}}