{"id":1504,"date":"2011-02-02T21:48:47","date_gmt":"2011-02-02T20:48:47","guid":{"rendered":"http:\/\/blog.inmontanis.info\/?p=1504"},"modified":"2023-07-31T18:00:47","modified_gmt":"2023-07-31T16:00:47","slug":"pra-loup-2-2-2011","status":"publish","type":"post","link":"http:\/\/blog.inmontanis.info\/?p=1504","title":{"rendered":"Pra Loup, 2.2.2011"},"content":{"rendered":"<p><strong>Mi, 2.2.2011: Pra Loup &#8211; Val d&#8217;Allos<\/strong> (SSWATW2011 Tag 5)<\/p>\n<p>Im Espace Lumi\u00e8re scheint es ja Standard zu sein, dass neue Lifte erst mitten in der Skisaison aufmachen. (Lt. Tafel) 10EUB am 22.1.2010, 6KSB am 28.1.2011, und die 4SB Observatoire wird erst in den n\u00e4chsten Tagen \u00f6ffnen. Somit ist die Poma-Oeuf Aiguilles noch ge\u00f6ffnet. Und das war der Grund, warum ich heute nochmal nach Pra Loup \/ Val d&#8217;Allos musste. <!--more-->Vielleicht f\u00e4hrt morgen schon die 4SB, also keine Zeit zu verlieren. Auch wenn Praloup auf dem Weg nach Italien besser auf dem Weg gelegen w\u00e4re.<\/p>\n<p>Nun, durch den Verzicht auf das Fr\u00fchst\u00fcck war ich fr\u00fch dran. Da letztes Jahr nicht gefahren, wollte ich heute \u00fcber die kuriose Mini-PB einsteigen. Dort angekommen: Anlage geschlossen. Mir deucht schlimmes: Das gleiche wie letztes Jahr? Bestimmte Anlagen nur am Wochenende oder maximal noch in den Schulferien offen? Hat man denn hier so viele Tagesausfl\u00fcgler aus Barcelonnette und Gap?<\/p>\n<p>Ok, da ich nicht wusste, dass weiter oben noch eine Parkplatzebene ist, bin ich wieder runter zur bekannten 10EUB gefahren. Gem\u00fctlich die Schuhe angezogen, Bahn fuhr zwar schon, aber offiziell wohl erst ab 9 Uhr (bzw. kurz danach).<\/p>\n<p>Inzwischen hat auch Praloup die Alfi-Leser installiert (letztes Jahr nur Val d&#8217;Allos) und wie so h\u00e4ufig werden keine fremden Magnetkarten akzeptiert, man muss eine von hier um 1,50 kaufen.<\/p>\n<p>Hatte der Kassiererin meine 3 Alfi-Karten hingelegt und sie gefragt, ob sie&#8217;s nicht probieren k\u00f6nnte. Nein, sie hat dazu nicht die Berechtigung. Geld zur\u00fcck gibt&#8217;s nat\u00fcrlich keins, aber man kann sie gratis in die Recycle-Box schmei\u00dfen. Na klar. Zerkn\u00fcllt schmei\u00df ich sie euch rein, damit ihr sie nicht mehr wiederverwenden k\u00f6nnt! Wie mich das ankotzt&#8230; Verfluchte Magnetkarten! Bald brauch ich einen gr\u00f6\u00dferen Rucksack f\u00fcr die ganzen Karten&#8230;.<\/p>\n<p><em>(Fotos anklicken, soweit nicht vergr\u00f6\u00dfert gepostet. Da ich letztes Jahr ja bereits einen ausf\u00fchrlichen Bericht gemacht hab, hab ich nur sehr wenig Fotos gemacht.)<\/em><\/p>\n<p><a href='http:\/\/ski.inmontanis.info\/d\/125961-2\/DSCF5269.jpg'><img src=http:\/\/ski.inmontanis.info\/d\/125960-3\/DSCF5269.jpg \/><\/a><br \/>\n^ Pistenstatus, die ganzen roten Lampen werden wohl nur am Wochenende gr\u00fcn &#8230;.<\/p>\n<p><a href='http:\/\/ski.inmontanis.info\/d\/125965-2\/DSCF5270.jpg'><img src=http:\/\/ski.inmontanis.info\/d\/125964-3\/DSCF5270.jpg \/><\/a><br \/>\n^ Wie? Man muss 1,50 extra f\u00fcr die Hands-Free-Karte zahlen und darf sie dann kostenlos zur\u00fcckgeben, damit sie abermals um 1,50 verkauft werden k\u00f6nnen? Piep Piep?<\/p>\n<p><img src=http:\/\/ski.inmontanis.info\/d\/125957-2\/ge_praloup2011-2010b.jpg \/><br \/>\n^ GPS-Track 2010 (lila) und 2011 (t\u00fcrkis)<\/p>\n<p>Die \u00d6ffnungszeiten der Lifte bzw. Verbindungen ist ebenfalls etwas schwerf\u00e4llig, der KSSL Lac(?) machte erst kurz nach 9:30 auf, oben angekommen war die Verbindung nach Allos noch gesperrt und erst kurz vor 10 Uhr ge\u00f6ffnet. (10 Uhr? Die Zeit hatte doch auch Chasseral in Montgenevre. Alternatives Universum?)<\/p>\n<p>Logischerweise war dann auch die 3SB Pouret geschlossen. Logo, ist ja nicht Wochenende. Wieder nix mit der sch\u00f6nen Hintenrumabfahrt &#8230;.<\/p>\n<p>Anscheinend gibt&#8217;s da sogar eine Gruppe, die sich f\u00fcr ein h\u00e4ufigeres \u00d6ffnen der 3SB Pouret einsetzt, wie zahllose Aufkleber auf den Liften in Val d&#8217;Allos bezeugen:<\/p>\n<p><a href='http:\/\/ski.inmontanis.info\/d\/126073-2\/DSCF5275.jpg'><img src=http:\/\/ski.inmontanis.info\/d\/126072-3\/DSCF5275.jpg \/><\/a><br \/>\n^ Im Skigebiet von Val d&#8217;Allos wurden einige Lifte mit diesem Aufkleber verziert &#8220;Ca Pouret ouvrir en semaine&#8221;, anscheinend eine Aktion, dass die 3SB Pouret auch unter der Woche \u00f6ffnen soll :)<\/p>\n<p><a href='http:\/\/ski.inmontanis.info\/d\/125969-2\/P1590353.jpg'><img src=http:\/\/ski.inmontanis.info\/d\/125968-3\/P1590353.jpg \/><\/a><br \/>\n^ IR-Pano<\/p>\n<p><a href='http:\/\/ski.inmontanis.info\/d\/125973-2\/P1590356a.jpg'><img src=http:\/\/ski.inmontanis.info\/d\/125972-3\/P1590356a.jpg \/><\/a><br \/>\n^ Falschfarb-IR-Pano<\/p>\n<p><img src=http:\/\/ski.inmontanis.info\/d\/125978-2\/DSCF5277.jpg \/><br \/>\n^ Observatoire\/Aiguille, neue noch nicht ge\u00f6ffnete 4SB und die alte 4EUB<\/p>\n<p><img src=http:\/\/ski.inmontanis.info\/d\/125982-2\/DSCF5279.jpg \/><br \/>\n^ Zoom ins 2. Skigebiet von Val d&#8217;Allos, Seignus. Hm, vielleicht behalt ich die Alfi-Karte, vielleicht kan man sie ja irgendwann mal in dem 2. Gebiet in Val d&#8217;Allos wiederverwenden.<\/p>\n<p>Bei der Fahrt mit dem schnuckeligen Poma-Korblift und der Tatsache, dass die Poma-Oeuf noch f\u00e4hrt, war meine Laune wieder hergestellt, bis &#8230;. ich an der 4EUB ankam &#8211; Schock: Wartezeiten! Da kann ich die Mitfahrt nicht filmen, wenn ich keine Gondel allein hab. Nach der Abfahrt war&#8217;s auch nicht leerer, und eine halbe Stunde sp\u00e4ter der Mega-Schock: Einstellung wegen Wind! ARGH!! Warum ausgerechnet heute? Ich wollte die Bahn mind. 3x fahren und jetzt konnte ich sie nur 1x sardinenb\u00fcchsenm\u00e4\u00dfig fahren? Was f\u00fcr ein Mega-Bullshit!!!<\/p>\n<p><img src=http:\/\/ski.inmontanis.info\/d\/125990-2\/DSCF5286.jpg \/><br \/>\n^ S\u00fcd-West-Pano R\u00fcckseite Aiguille\/Observatoire<\/p>\n<p><a href='http:\/\/ski.inmontanis.info\/d\/125994-2\/DSCF5288.jpg'><img src=http:\/\/ski.inmontanis.info\/d\/125993-3\/DSCF5288.jpg \/><\/a><br \/>\n^ .. und im Zoom<\/p>\n<p><a href='http:\/\/ski.inmontanis.info\/d\/125998-2\/P1590361.jpg'><img src=http:\/\/ski.inmontanis.info\/d\/125997-3\/P1590361.jpg \/><\/a><br \/>\n^ .. und in s\/w-IR. Sieht man also nicht auf&#8217;s Meer von hier aus, wie ich letztes Jahr meinte, das sollte aber vmtl. gleich mal hinter diesen niedrigeren Bergen kommen.<\/p>\n<p><img src=http:\/\/ski.inmontanis.info\/d\/126002-2\/P1590357.jpg \/><br \/>\n^ Pano in s\/w-IR<\/p>\n<p><a href='http:\/\/ski.inmontanis.info\/d\/126006-2\/P1590360.jpg'><img src=http:\/\/ski.inmontanis.info\/d\/126005-3\/P1590360.jpg \/><\/a><br \/>\n^ .. und s\/w-IR im Zoom.<\/p>\n<p><a href='http:\/\/ski.inmontanis.info\/d\/125986-2\/DSCF5292.jpg'><img src=http:\/\/ski.inmontanis.info\/d\/125985-3\/DSCF5292.jpg \/><\/a><br \/>\n^ Bergstation der neuen 4SB, etwas unterhalb der 4EUB. Zoom in Bildmitte folgt:<\/p>\n<p><a href='http:\/\/ski.inmontanis.info\/d\/126010-2\/P1590365.jpg'><img src=http:\/\/ski.inmontanis.info\/d\/126009-3\/P1590365.jpg \/><\/a><br \/>\n^ S\u00fcd-Ost-Zoom in IR. Ok, auch in diese Richtung doch kein Meer zu sehen, aber &#8230;&#8230; der graue Berg da rechts hinten ist der <strong><u>Monte Padro auf Korsika<\/u>, 283 km entfernt, links daneben Mont Traunato und Punta alli Gicelli, jeweils 292 km entfernt<\/strong>, ist doch auch nicht schlecht!<\/p>\n<p><img src=http:\/\/ski.inmontanis.info\/d\/126014-2\/P1590366.jpg \/><br \/>\n^ 4EUB-Bergstationseinfahrt in s\/w-IR.<\/p>\n<p><img src=http:\/\/ski.inmontanis.info\/d\/126018-2\/DSCF5308.jpg \/><br \/>\n^ nochmal die neue und alte Erschlie\u00dfung am Observatoire<\/p>\n<p><a href='http:\/\/ski.inmontanis.info\/d\/126077-2\/DSCF5280.jpg'><img src=http:\/\/ski.inmontanis.info\/d\/126076-3\/DSCF5280.jpg \/><\/a><br \/>\n^ Leichter Zoom von der Bergstation KSSL Signal zum linken Skigebietsteil von La Foux (samt Observatoire)<\/p>\n<p><a href='http:\/\/ski.inmontanis.info\/d\/126023-2\/DSCF5281.jpg'><img src=http:\/\/ski.inmontanis.info\/d\/126022-3\/DSCF5281.jpg \/><\/a><br \/>\n^ Zoom DSB Point de l&#8217;Abrau und KSSL Plaines, von dessen Bergstation (mitten im Logo, sorry) ja fr\u00fcher eine Abfahrt zur DSB-Talstation links zum Skiweg unten gef\u00fchrt hat.<\/p>\n<p><a href='http:\/\/ski.inmontanis.info\/d\/126027-2\/DSCF5309.jpg'><img src=http:\/\/ski.inmontanis.info\/d\/126026-3\/DSCF5309.jpg \/><\/a><br \/>\n^ DSB Point de l&#8217;Abrau, evtl. war der steile schmale Skiweg Grund f\u00fcr die Schlie\u00dfung der Abfahrt?<\/p>\n<p><a href='http:\/\/ski.inmontanis.info\/d\/126031-2\/DSCF5310.jpg'><img src=http:\/\/ski.inmontanis.info\/d\/126030-3\/DSCF5310.jpg \/><\/a><br \/>\n^ Talstation DSB Point de l&#8217;Abrau<\/p>\n<p><a href='http:\/\/ski.inmontanis.info\/d\/126035-2\/DSCF5313.jpg'><img src=http:\/\/ski.inmontanis.info\/d\/126034-3\/DSCF5313.jpg \/><\/a><br \/>\n^ DSB Point de l&#8217;Abrau \/ KSSL Plaines<\/p>\n<p><a href='http:\/\/ski.inmontanis.info\/d\/126039-2\/DSCF5314.jpg'><img src=http:\/\/ski.inmontanis.info\/d\/126038-3\/DSCF5314.jpg \/><\/a><br \/>\n^ Eingang zur 4EUB, ab Mittag wg. Wind leider gesperrt. Verdammter Mist!!<\/p>\n<p>Aufgrund des Windes bin ich dann relativ z\u00fcgig wieder r\u00fcber, bevor ich noch im Val d&#8217;Allos strande&#8230;<\/p>\n<p>.. allerdings gab&#8217;s auch hier wieder ein \u00c4rgernis: Seitdem ich auf der Allos-Seite heute war, war die 4SB Marin Pascal au\u00dfer Betrieb. Die Alternative geht \u00fcber den KSSL Ubac, der dem Ansturm nat\u00fcrlich nicht standhalten kann und heftige Wartezeiten hat. Um zu diesem KSSL zu kommen, muss man \u00fcber die Skibr\u00fccke, \u00fcber die NORMALERWEISE ein Seillift l\u00e4uft. Aber nicht heute, weil ausgerechnet HEUTE dort Seilsplei\u00dfarbeiten gemacht werden m\u00fcssen!??!<\/p>\n<p><img src=http:\/\/ski.inmontanis.info\/d\/126043-2\/DSCF5319.jpg \/><br \/>\n^ 4SB Marin Pascal zu (technischer defekt vmtl.), Wartezeiten am KSSL Ubac und ausgerechnet heute der Seillift dazwischen geschlossen wg. Seil-Splei\u00df-Arbeiten (!!!) Kann man das nicht im Herbst oder Sommer machen??<\/p>\n<p>Gerade, als ich am KSSL ankam, wurde die 4SB doch noch angeschmissen. Ca. die H\u00e4lfte der Leute machte sich so auf den Weg und verk\u00fcrzten meine Wartezeiten am KSSL. Aber jetzt nix wie retour.<\/p>\n<p><a href='http:\/\/ski.inmontanis.info\/d\/126047-2\/DSCF5321.jpg'><img src=http:\/\/ski.inmontanis.info\/d\/126046-3\/DSCF5321.jpg \/><\/a><br \/>\n^ So viel so farbige Markierungen hab ich an einem Seil auch noch nicht gesehen ;-)<\/p>\n<p><a href='http:\/\/ski.inmontanis.info\/d\/126052-2\/DSCF5323.jpg'><img src=http:\/\/ski.inmontanis.info\/d\/126051-3\/DSCF5323.jpg \/><\/a><br \/>\n^ Super Sauze von Praloup<\/p>\n<p><a href='http:\/\/ski.inmontanis.info\/d\/126056-2\/DSCF5324.jpg'><img src=http:\/\/ski.inmontanis.info\/d\/126055-3\/DSCF5324.jpg \/><\/a><br \/>\n^ Zoom ins Skigebiet Super Sauze von Praloup<\/p>\n<p><a href='http:\/\/ski.inmontanis.info\/d\/126081-2\/DSCF5325.jpg'><img src=http:\/\/ski.inmontanis.info\/d\/126080-3\/DSCF5325.jpg \/><\/a><br \/>\n^ Zoom ins Skigebiet Super Sauze von Praloup<\/p>\n<p>Eigentlich wollte ich ja diese Woche noch nach Super Sauze auf den Weg nach Italien, aber .. das Gebiet hat ein paar extreme Minuspunkte: Es gibt keinen Lift, der auch nur ann\u00e4hernd an die Gipfel oder Gipfelk\u00e4mme k\u00e4me, somit gibt es keine verschiedenen Gel\u00e4ndekammern, keine anderen Ausblicke, Panoramen &#8230;..  und schlussendlich h\u00e4tte ich dort das gleiche Pano wie hier in Pra Loup, nur viel, viel eingeschr\u00e4nkter. Ne, muss nicht sein.<\/p>\n<p>Im Pra Loup Sektor hatte ich somit noch einiges an Zeit, um ein paar Abfahrten zu fahren, die ich letztes Mal ausgelassen hab, insbesondere 2 geschlossene Abfahrten, die ich nat\u00fcrlich trotzdem gefahren bin, und die meine Laune extrem gesteigert haben:<\/p>\n<p><a href='http:\/\/ski.inmontanis.info\/d\/126085-2\/DSCF5329.jpg'><img src=http:\/\/ski.inmontanis.info\/d\/126084-3\/DSCF5329.jpg \/><\/a><br \/>\n^ Nette z.Z. geschlossene Abfahrt an der DSB Bergeries<\/p>\n<p><img src=http:\/\/ski.inmontanis.info\/d\/126061-2\/DSCF5330.jpg \/><br \/>\n^ Geschlossene La Noire runter nach Praloup, das Highlight des Tages! Schwarz, verbuckelt (z.T. auch aufgrund von Felsen), leer. Lecker.<\/p>\n<p><a href='http:\/\/ski.inmontanis.info\/d\/126065-2\/DSCF5333.jpg'><img src=http:\/\/ski.inmontanis.info\/d\/126064-3\/DSCF5333.jpg \/><\/a><br \/>\n^ La Noire. Schaut ja nicht so aus, als ob diese Abfahrt jemals noch ge\u00f6ffnet w\u00e4re :)<\/p>\n<p><img src=http:\/\/ski.inmontanis.info\/d\/126069-2\/DSCF5332.jpg \/><br \/>\n^ Auf der La Noire<\/p>\n<p>In GE sieht man, dass rechts der La Noire noch eine ehemalige Abfahrtsschneise entlang geht, nebendran eine SL-Schneise, anscheinend wurde der KSSL Sestrieres mal verk\u00fcrzt oder sein Vorl\u00e4ufer erschloss die Abfahrt! Da man auf den Skiweg und somit wieder zur 6EUB r\u00fcber kommt, k\u00f6nnte man diese andere Schneise vmtl. auch noch fahren.<\/p>\n<p>Fazit: Trotz ein paar netter geschlossener Abfahrten fand ich&#8217;s in Summe nicht mehr so genial wie bei meinem ersten Besuch letztes Mal, zuviel negative Dinge haben sich heute ergeben, erneut waren wieder viele Lifte nicht ge\u00f6ffnet &#8211; das nervt einfach. Wiederholungsbesuch meinerseits hier ist mittlerweile ausgeschlossen. Au\u00dfer der Korblift f\u00e4hrt in 20 Jahren noch :)<\/p>\n<p>Auf dem R\u00fcckweg im <strong>Ubaye<\/strong>-Tal sind mir ein paar Tunnel und Gel\u00e4ndeabs\u00e4tze aufgefallen, die mir sehr nach stillgelegter Eisenbahn aussahen.<\/p>\n<p><em>Eine kurze nachtr\u00e4gliche Recherche auf <a href='http:\/\/fr.wikipedia.org\/wiki\/Ligne_de_l%27Ubaye'>http:\/\/fr.wikipedia.org\/wiki\/Ligne_de_l%27Ubaye<\/a> hat ergeben, dass die Bahntrasse zwischen 1909 und 1935 gebaut wurde, aber nie fertiggestellt wurde.<\/em><\/p>\n<p>Bei einem Tunnel hab ich dann gehalten:<\/p>\n<p><a href='http:\/\/extra.inmontanis.info\/d\/6640-2\/DSCF5337.jpg'><img src=http:\/\/extra.inmontanis.info\/d\/6639-3\/DSCF5337.jpg \/><\/a><br \/>\n^ Einer der Tunnel der nie fertig gebauten Eisenbahnlinie Chorges &#8211; Barcelonnette (1909-1935)<\/p>\n<p><a href='http:\/\/extra.inmontanis.info\/d\/6636-2\/DSCF5334.jpg'><img src=http:\/\/extra.inmontanis.info\/d\/6633-3\/DSCF5334.jpg \/><\/a><br \/>\n^ l&#8217;Ubaye \/ Lac de Serre Poncon, in diesem Teil ist vom Stausee momentan gar nichts \u00fcbrig&#8230;<\/p>\n<p><a href='http:\/\/extra.inmontanis.info\/d\/6644-2\/DSCF5340.jpg'><img src=http:\/\/extra.inmontanis.info\/d\/6643-3\/DSCF5340.jpg \/><\/a><br \/>\n^ Im Tunnel<\/p>\n<p><a href='http:\/\/extra.inmontanis.info\/d\/6648-2\/DSCF5339.jpg'><img src=http:\/\/extra.inmontanis.info\/d\/6647-3\/DSCF5339.jpg \/><\/a><br \/>\n^ Im Tunnel. D\u00fcster, Ende nicht in Sicht&#8230;. Taschenlampe aus dem Auto geholt, wer wei\u00df wie lang der Tunnel hier ist &#8230;. ;) Aber so lang war er dann doch nicht.<\/p>\n<p><a href='http:\/\/extra.inmontanis.info\/d\/6652-2\/DSCF5341.jpg'><img src=http:\/\/extra.inmontanis.info\/d\/6651-3\/DSCF5341.jpg \/><\/a><br \/>\n^ Andere Seite des Tunnels<\/p>\n<p><a href='http:\/\/extra.inmontanis.info\/d\/6656-2\/DSCF5342.jpg'><img src=http:\/\/extra.inmontanis.info\/d\/6655-3\/DSCF5342.jpg \/><\/a><br \/>\n^ gleicher Standort, andere Blickrichtung.<\/p>\n<p><a href='http:\/\/extra.inmontanis.info\/d\/6660-2\/DSCF5343.jpg'><img src=http:\/\/extra.inmontanis.info\/d\/6659-3\/DSCF5343.jpg \/><\/a><br \/>\n^ Fast gleicher Standort, Blick auf die Stra\u00dfe (unten) und dem z.Z. ziemlich ausgetrockneten Ubaye-Seitenast des Serre Poncon Stausee, rechts zwei Tunnel ..<\/p>\n<p><a href='http:\/\/extra.inmontanis.info\/d\/6664-2\/DSCF5345.jpg'><img src=http:\/\/extra.inmontanis.info\/d\/6663-3\/DSCF5345.jpg \/><\/a><br \/>\n^ Links der ehemalige Eisenbahntunnel und rechts ein neuer, beide sind jeweils einspurig f\u00fcr den Verkehr ge\u00f6ffnet<\/p>\n<p><img src=http:\/\/extra.inmontanis.info\/d\/6668-2\/DSCF5352.jpg \/><br \/>\n^ Poncon-Stausee, von der anderen Seite der Tunnel gesehen. Da fehlt heuer viel Wasser.<\/p>\n<p>Da ich noch Zeit hatte, entschied ich mich, die evtl. k\u00fcrzere Strecke \u00fcber den <strong>Col de Pontis<\/strong> zu fahren. Lt. Navi h\u00e4tte sie auch schneller sein sollen, aber das kann man komplett vergessen :) Das war Autowandern mit 20-30 km\/h, mehr kann man gr\u00f6\u00dftenteils nicht fahren.<\/p>\n<p>Aber eine nette schmale Passtra\u00dfe, mit einigen steilen und engen Kehren und steil abfallenden Passagen, auf der Nordseite mit tollem Pano auf den Lac de Serre Poncon.<\/p>\n<p><a href='http:\/\/extra.inmontanis.info\/d\/6672-2\/DSCF5356.jpg'><img src=http:\/\/extra.inmontanis.info\/d\/6671-3\/DSCF5356.jpg \/><\/a><br \/>\n^ Auffahrt zum Col de Pontis, die alternative Stra\u00dfe von Ubaye nach Savines<\/p>\n<p><a href='http:\/\/extra.inmontanis.info\/d\/6676-2\/DSCF5357.jpg'><img src=http:\/\/extra.inmontanis.info\/d\/6675-3\/DSCF5357.jpg \/><\/a><br \/>\n^ Auffahrt zum Col de Pontis<\/p>\n<p><img src=http:\/\/extra.inmontanis.info\/d\/6680-2\/DSCF5358.jpg \/><br \/>\n^ Pano an der Stra\u00dfe zum Col de Pontis<\/p>\n<p><a href='http:\/\/extra.inmontanis.info\/d\/6684-2\/DSCF5360.jpg'><img src=http:\/\/extra.inmontanis.info\/d\/6683-3\/DSCF5360.jpg \/><\/a><br \/>\n^ .. und taleinw\u00e4rts (Ubaye-Tal)<\/p>\n<p><a href='http:\/\/extra.inmontanis.info\/d\/6688-2\/DSCF5361.jpg'><img src=http:\/\/extra.inmontanis.info\/d\/6687-3\/DSCF5361.jpg \/><\/a><br \/>\n^ Auffahrt zum Col de Pontis<\/p>\n<p><a href='http:\/\/extra.inmontanis.info\/d\/6692-2\/DSCF5364.jpg'><img src=http:\/\/extra.inmontanis.info\/d\/6691-3\/DSCF5364.jpg \/><\/a><br \/>\n^ Am Col de Pontis, der Punkt hier ist relativ unspektakul\u00e4r, aber &#8230;<\/p>\n<p><img src=http:\/\/extra.inmontanis.info\/d\/6696-2\/DSCF5367-71.jpg \/><br \/>\n^ .. kurz hinterm Col de Pontis hat man aber einen super Blick auf den Stausee<\/p>\n<p><img src=http:\/\/extra.inmontanis.info\/d\/6700-2\/DSCF5374.jpg \/><br \/>\n^ Abendlicher Lac de Serre Poncon<\/p>\n<p><a href='http:\/\/extra.inmontanis.info\/d\/6704-2\/DSCF5369.jpg'><img src=http:\/\/extra.inmontanis.info\/d\/6703-3\/DSCF5369.jpg \/><\/a><br \/>\n^ Zoom-Pano mit Stausee<\/p>\n<p>Abendessen in einem kleinen frz. Restaurant (einziges hier im Ort, das heute ge\u00f6ffnet war, am n\u00e4chsten Tag hatte noch 1 von den 3 Pizzerias ge\u00f6ffnet), um \u00a4 14,50 ein Men\u00fc aus einer Salatsch\u00fcssel (inkl. Rohschinken + sehr leckerer warmer gef\u00fcllter Teigtasche), \u00fcberbackene Bl\u00e4tterteig-&#8220;Canneloni&#8221; (oder so) mit Spinat, und Nachspeise nach Wahl. Gedeck, Brot und eine Karaffe stilles Leitungswasser gab&#8217;s ohne Berechnung (und ohne Nachfrage) dazu. Und da sag noch einer, Frankreich sei teuer &#8230;<\/p>\n<p>HD-Video, fast komplette Mitfahrt des Korblifts:<br \/>\n<object style=\"height: 500px; width: 900px\"><param name=\"movie\" value=\"http:\/\/www.youtube.com\/v\/XsgpsA0SbLc\"><\/param><param name=\"wmode\" value=\"transparent\"><\/param><embed src=\"http:\/\/www.youtube.com\/v\/XsgpsA0SbLc\" type=\"application\/x-shockwave-flash\" wmode=\"transparent\"  width=\"900\" height=\"480\"><\/embed><\/object><\/p>\n<p>HD-Video von der Poma Oeuf, vielleicht einer meiner besten Filme bisher:<br \/>\n<object style=\"height: 500px; width: 900px\"><param name=\"movie\" value=\"http:\/\/www.youtube.com\/v\/XmOUBuSjoIE\"><\/param><param name=\"wmode\" value=\"transparent\"><\/param><embed src=\"http:\/\/www.youtube.com\/v\/XmOUBuSjoIE\" type=\"application\/x-shockwave-flash\" wmode=\"transparent\"  width=\"900\" height=\"480\"><\/embed><\/object><\/p>\n","protected":false},"excerpt":{"rendered":"<p>Mi, 2.2.2011: Pra Loup &#8211; Val d&#8217;Allos (SSWATW2011 Tag 5)<\/p>\n<p>Im Espace Lumi\u00e8re scheint es ja Standard zu sein, dass neue Lifte erst mitten in der Skisaison aufmachen. (Lt. Tafel) 10EUB am 22.1.2010, 6KSB am 28.1.2011, und die 4SB Observatoire wird erst in den n\u00e4chsten Tagen \u00f6ffnen. Somit ist die Poma-Oeuf Aiguilles noch ge\u00f6ffnet. Und <a href=\"http:\/\/blog.inmontanis.info\/?p=1504\">[&#8230;]<\/a><\/p>\n","protected":false},"author":1,"featured_media":0,"comment_status":"open","ping_status":"closed","sticky":false,"template":"","format":"standard","meta":{"footnotes":""},"categories":[94,16,326,27,32],"tags":[42,38,90,63,48,45],"class_list":["post-1504","post","type-post","status-publish","format-standard","hentry","category-201101-sswatw","category-france","category-pra-loup-val-dallos","category-skifahren-winterskiing-winter","category-lostplaces","tag-4eub","tag-dsb","tag-infrarot","tag-korblift","tag-kssl","tag-see","odd"],"_links":{"self":[{"href":"http:\/\/blog.inmontanis.info\/index.php?rest_route=\/wp\/v2\/posts\/1504","targetHints":{"allow":["GET"]}}],"collection":[{"href":"http:\/\/blog.inmontanis.info\/index.php?rest_route=\/wp\/v2\/posts"}],"about":[{"href":"http:\/\/blog.inmontanis.info\/index.php?rest_route=\/wp\/v2\/types\/post"}],"author":[{"embeddable":true,"href":"http:\/\/blog.inmontanis.info\/index.php?rest_route=\/wp\/v2\/users\/1"}],"replies":[{"embeddable":true,"href":"http:\/\/blog.inmontanis.info\/index.php?rest_route=%2Fwp%2Fv2%2Fcomments&post=1504"}],"version-history":[{"count":5,"href":"http:\/\/blog.inmontanis.info\/index.php?rest_route=\/wp\/v2\/posts\/1504\/revisions"}],"predecessor-version":[{"id":8936,"href":"http:\/\/blog.inmontanis.info\/index.php?rest_route=\/wp\/v2\/posts\/1504\/revisions\/8936"}],"wp:attachment":[{"href":"http:\/\/blog.inmontanis.info\/index.php?rest_route=%2Fwp%2Fv2%2Fmedia&parent=1504"}],"wp:term":[{"taxonomy":"category","embeddable":true,"href":"http:\/\/blog.inmontanis.info\/index.php?rest_route=%2Fwp%2Fv2%2Fcategories&post=1504"},{"taxonomy":"post_tag","embeddable":true,"href":"http:\/\/blog.inmontanis.info\/index.php?rest_route=%2Fwp%2Fv2%2Ftags&post=1504"}],"curies":[{"name":"wp","href":"https:\/\/api.w.org\/{rel}","templated":true}]}}