{"id":1501,"date":"2011-02-01T21:46:45","date_gmt":"2011-02-01T20:46:45","guid":{"rendered":"http:\/\/blog.inmontanis.info\/?p=1501"},"modified":"2023-07-30T21:36:13","modified_gmt":"2023-07-30T19:36:13","slug":"crevoux-1-2-2011","status":"publish","type":"post","link":"http:\/\/blog.inmontanis.info\/?p=1501","title":{"rendered":"Crevoux 1.2.2011"},"content":{"rendered":"<p><strong>Di, 1.2.2011: Crevoux<\/strong> (SSWATW2011 Tag 4)<\/p>\n<p>Der Tag begann mit Nebel. Klar, wir sind ja vor Turin. Womit ich allerdings gar nicht gerechnet hab: Stau auf der Tangenziale. Klar, morgendliche Rush-Hour. War ja noch nie um die Uhrzeit hier &#8230; <!--more-->bin die n\u00e4chste Ausfahrt raus und westlich \u00fcbers Land nach Avigliana und dort wieder auf die Autobahn. Ca. 15min Umweg, aber im Stau h\u00e4tte ich sicher l\u00e4nger gebraucht.<\/p>\n<p><em>(Fotos anklicken zum Vergr\u00f6\u00dfern, soweit nicht vergr\u00f6\u00dfert gepostet)<\/em><\/p>\n<p><a href='http:\/\/extra.inmontanis.info\/d\/6616-3\/DSCF5215.jpg'><img src=http:\/\/extra.inmontanis.info\/d\/6614-3\/DSCF5215.jpg \/><\/a><br \/>\n^ Alpenpano im Umland von Turin<\/p>\n<p><a href='http:\/\/extra.inmontanis.info\/d\/6624-3\/DSCF5217.jpg'><img src=http:\/\/extra.inmontanis.info\/d\/6622-3\/DSCF5217.jpg \/><\/a><br \/>\n^ Autobahn nach Susa. Links oben wird gleich hergezoomt&#8230;<\/p>\n<p><a href='http:\/\/extra.inmontanis.info\/d\/6620-3\/DSCF5216.jpg'><img src=http:\/\/extra.inmontanis.info\/d\/6618-3\/DSCF5216.jpg \/><\/a><br \/>\n^ Festung, Kloster oder so&#8217;was, am Taleingang, gezoomt von der Autobahn w\u00e4hrend der Fahrt ;-)<\/p>\n<p>Jedenfalls&#8230; zog sich diese ganze Fahrerei, und bis ich den Skipass in Crevoux hatte, war es 11:30 Uhr. H\u00e4tte gestern vielleicht doch noch etwas weiter fahren sollen &#8230;.<\/p>\n<p>Tageskarte kostete g\u00fcnstige 17,60 \u00a4. Weniger als halb so viel wie gestern. Und eigentlich hatte es mir heut doppelt so viel Spa\u00df gemacht. Der neue KSSL (aus Altteilen zusammengesetzt) erg\u00e4nzt das Skigebiet perfekt, die 1.000 H\u00f6henmeter werden aber trotzdem knapp nicht erreicht. Die rote Abfahrt ist unmodelliert, die blaue etwas modelliert, dazwischen viele unschwierige Off-Piste-H\u00e4nge und an der Bergstation hat man einen tollen Ausblick auf den Lac du Serre Poncon-Stausee. Und die anderen Pisten fand ich ja letztes Jahr schon so genial, auch die Ancolie war wieder super zu fahren, selbst die schwarze Buckelpiste ging gut. \u00dcberhaupt war der Schnee sehr gut, nur einige sehr wenige eisigere oder steinigere Stellen. Daf\u00fcr, dass es seit Dezember nur Milimeterweise geschneit hat. Aber hier fahren halt nicht viel, Kunstschnee gibt&#8217;s auch nur an den \u00dcbungsliften unten, das merkt man halt.<\/p>\n<p>Zugegeben, den ganzen Tag KSSL fahren, das strengt schon an. Daher hab ich auch in einer der 3 oder 4 g\u00fcnstigen H\u00fctten gegessen, ein Sandwich Americain, d.h. ein halbes Baguette (30-50cm also), gef\u00fcllt mit Hamburgerstreifen und einer Menge Pommes um g\u00fcnstige 5,50 \u00a4. Hatte M\u00fche, alles aufzuessen.<\/p>\n<p>Bl\u00f6derweise war ich der Meinung: Crevoux, da hast ja letztes Jahr alles ausf\u00fchrlich fotografiert, da brauchst heuer nur den neuen KSSL fotografieren. In Wirklichkeit hatte ich aber letztes Jahr schlechte Sicht und einen falschen Wei\u00dfabgleich, so dass es sehr sinnvoll gewesen w\u00e4re, mehr zu fotografieren &#8230;. Tja, dumm gelaufen.<\/p>\n<p><img src=http:\/\/ski.inmontanis.info\/d\/125848-2\/ge_crevoux2011b.jpg \/><br \/>\n^ GPS-Track Crevoux (nur 2011). Der linke SL samt Verbindungspisten ist heuer neu. Viele Pisten, eine sch\u00f6ner wie die andere, die speedige kurvige blaue linke, die knackige schwarze Buckelpiste rechts oben, die Kanonenrohrf\u00f6rmige rote daneben, die netten Waldschneisen am unteren &#8230;.<\/p>\n<p><img src=http:\/\/ski.inmontanis.info\/d\/125852-2\/DSCF5219.jpg \/><br \/>\n^ Blick zum neuen SL Pre de l&#8217;etoile, links unten die Talstation, rechts oben hinter dem Schatten (nicht zu sehen) die Bergstation<\/p>\n<p><a href='http:\/\/ski.inmontanis.info\/d\/125856-2\/DSCF5222.jpg'><img src=http:\/\/ski.inmontanis.info\/d\/125855-3\/DSCF5222.jpg \/><\/a><br \/>\n^ SL Pre de l&#8217;etoile Talstation<\/p>\n<p><a href='http:\/\/ski.inmontanis.info\/d\/125860-2\/DSCF5223.jpg'><img src=http:\/\/ski.inmontanis.info\/d\/125859-3\/DSCF5223.jpg \/><\/a><br \/>\n^ Neuer SL Pre de l&#8217;etoile, anscheinend aus mehreren alten Liften zusammengesetzt, sogar mit Kurve.<\/p>\n<p><a href='http:\/\/ski.inmontanis.info\/d\/125864-2\/DSCF5224.jpg'><img src=http:\/\/ski.inmontanis.info\/d\/125863-3\/DSCF5224.jpg \/><\/a><br \/>\n^ Im neuen SL Pre de l&#8217;etoile. Sch\u00f6nes Gel\u00e4nde.<\/p>\n<p><a href='http:\/\/ski.inmontanis.info\/d\/125868-2\/DSCF5225.jpg'><img src=http:\/\/ski.inmontanis.info\/d\/125867-3\/DSCF5225.jpg \/><\/a><br \/>\n^ Bergstation SL Pre de l&#8217;etoile<\/p>\n<p><a href='http:\/\/ski.inmontanis.info\/d\/125872-2\/P1590331.jpg'><img src=http:\/\/ski.inmontanis.info\/d\/125871-3\/P1590331.jpg \/><\/a><br \/>\n^ Bergstation SL Pre de l&#8217;etoile in s\/w-IR<\/p>\n<p><img src=http:\/\/ski.inmontanis.info\/d\/125876-2\/DSCF5226.jpg \/><br \/>\n^ Der neue KSSL Pre de l&#8217;etoile bietet jetzt die M\u00f6glichkeit, zum Stausee Lac de Serre Poncon zu schauen!<\/p>\n<p><img src=http:\/\/ski.inmontanis.info\/d\/125880-2\/DSCF5227-28.jpg \/><br \/>\n^ R\u00fcckseiten-Pano am neuen SL Pre de l&#8217;etoile<\/p>\n<p><a href='http:\/\/ski.inmontanis.info\/d\/125885-2\/P1590338a.jpg'><img src=http:\/\/ski.inmontanis.info\/d\/125884-3\/P1590338a.jpg \/><\/a><br \/>\n^ Farb-IR-Pano richtung Serre Poncon \/ Gap<\/p>\n<p><a href='http:\/\/ski.inmontanis.info\/d\/125889-2\/DSCF5233.jpg'><img src=http:\/\/ski.inmontanis.info\/d\/125888-3\/DSCF5233.jpg \/><\/a><br \/>\n^ Zoom Stausee Serre Poncon \/ richtung Gap<\/p>\n<p><a href='http:\/\/ski.inmontanis.info\/d\/125893-2\/DSCF5264.jpg'><img src=http:\/\/ski.inmontanis.info\/d\/125892-3\/DSCF5264.jpg \/><\/a><br \/>\n^ Serre Poncon im Zoom, sehr wenig Wasser heuer.<\/p>\n<p><img src=http:\/\/ski.inmontanis.info\/d\/125940-3\/P1590321.jpg \/><br \/>\n^ IR-Pano mit Stausee<\/p>\n<p><a href='http:\/\/ski.inmontanis.info\/d\/125897-2\/DSCF5241.jpg'><img src=http:\/\/ski.inmontanis.info\/d\/125896-3\/DSCF5241.jpg \/><\/a><br \/>\n^ Rote Abfahrt am neuen SL Pre de l&#8217;etoile<\/p>\n<p><a href='http:\/\/ski.inmontanis.info\/d\/125944-3\/DSCF5242.jpg'><img src=http:\/\/ski.inmontanis.info\/d\/125943-3\/DSCF5242.jpg \/><\/a><br \/>\n^ SL Pre de l&#8217;etoile, bisschen blaue Abfahrt zu sehen und dahinter eine gro\u00dfe Absperrung ..<\/p>\n<p><a href='http:\/\/ski.inmontanis.info\/d\/125902-2\/DSCF5243.jpg'><img src=http:\/\/ski.inmontanis.info\/d\/125901-3\/DSCF5243.jpg \/><\/a><br \/>\n^ &#8230; Absperrung, damit die H\u00fchner ihre Ruhe haben :)<\/p>\n<p><img src=http:\/\/ski.inmontanis.info\/d\/125906-2\/DSCF5244.jpg \/><br \/>\n^ Rote Abfahrt am neuen SL im oberen Bereich. Unmodellierte, nette, schmale Abfahrt.<\/p>\n<p><a href='http:\/\/ski.inmontanis.info\/d\/125948-3\/DSCF5245.jpg'><img src=http:\/\/ski.inmontanis.info\/d\/125947-3\/DSCF5245.jpg \/><\/a><br \/>\n^ Neue rote Abfahrt im unteren Teil, schmal und schattig, anspruchsvoll.<\/p>\n<p><img src=http:\/\/ski.inmontanis.info\/d\/125911-3\/DSCF5246-53.jpg \/><br \/>\n^ Pano an der neuen SL-Bergstation, rechts die blaue Abfahrt (die ist etwas modelliert), dazwischen leichtes Off-Piste-Gel\u00e4nde mit Warnschild<\/p>\n<p><img src=http:\/\/ski.inmontanis.info\/d\/125915-3\/DSCF5254.jpg \/><br \/>\n^ Gel\u00e4nde am neuen KSSL Pre de l&#8217;etoile (vorne), hinten rot markiert die Bergstation des KSSL Pic de Ratel. Das ganze Gel\u00e4nde ist nur mit den beiden KSSL erschlossen. Sch\u00f6n gem\u00fctlich!<\/p>\n<p><img src=http:\/\/ski.inmontanis.info\/d\/125919-3\/DSCF5256.jpg \/><br \/>\n^ Der neuer KSSL Pre de l&#8217;etoile erschlie\u00dft zwei nette Abfahrten (kaum zu sehen, was ebenfalls sehr positiv ist) und ein gro\u00dfes, gem\u00e4\u00dfigtes, abwechslungsreiches Off-Piste-Gel\u00e4nde<\/p>\n<p><a href='http:\/\/ski.inmontanis.info\/d\/125923-3\/DSCF5255.jpg'><img src=http:\/\/ski.inmontanis.info\/d\/125922-3\/DSCF5255.jpg \/><\/a><br \/>\n^ Bautafel zum SL Pre de l&#8217;etoile<\/p>\n<p><img src=http:\/\/ski.inmontanis.info\/d\/125927-3\/DSCF5257-59.jpg \/><br \/>\n^ Und auf dieser Seite gibt&#8217;s noch ein weitl\u00e4ufiges Tourenareal. Rechts zoom ich gleich mal rein&#8230;<\/p>\n<p><a href='http:\/\/ski.inmontanis.info\/d\/125953-2\/DSCF5261.jpg'><img src=http:\/\/ski.inmontanis.info\/d\/125952-3\/DSCF5261.jpg \/><\/a><br \/>\n^ Zoom-Foto, da hinten m\u00fcsste lt. GE der Parpaillon-Tunnel sein.<\/p>\n<p><a href='http:\/\/ski.inmontanis.info\/d\/125932-3\/P1590352.jpg'><img src=http:\/\/ski.inmontanis.info\/d\/125931-3\/P1590352.jpg \/><\/a><br \/>\n^ IR-Pano<\/p>\n<p><a href='http:\/\/ski.inmontanis.info\/d\/125936-3\/DSCF5266.jpg'><img src=http:\/\/ski.inmontanis.info\/d\/125935-3\/DSCF5266.jpg \/><\/a><br \/>\n^ Neue blaue Verbindungsabfahrt vom neuen KSSL, da wurde leider einiges modelliert.<\/p>\n<p><a href='http:\/\/ski.inmontanis.info\/d\/125827-2\/DSCF5247.jpg'><img src=http:\/\/ski.inmontanis.info\/d\/125825-3\/DSCF5247.jpg \/><\/a><br \/>\n^ Blick auf die R\u00fcckseite des Skigebiets Vars-Risoul vom Skigebiet Crevoux aus<\/p>\n<p><img src=http:\/\/ski.inmontanis.info\/d\/125831-2\/DSCF5248.jpg \/><br \/>\n^ Blick auf die R\u00fcckseite des Skigebiets Vars-Risoul mit KSSL Chabrieres vom Skigebiet Crevoux aus<\/p>\n<p><a href='http:\/\/ski.inmontanis.info\/d\/125844-2\/DSCF5251.jpg'><img src=http:\/\/ski.inmontanis.info\/d\/125843-3\/DSCF5251.jpg \/><\/a><br \/>\n^ Zoom Bergstation Chabrieres vom Skigebiet Crevoux<\/p>\n<p><a href='http:\/\/ski.inmontanis.info\/d\/125836-2\/DSCF5221.jpg'><img src=http:\/\/ski.inmontanis.info\/d\/125835-3\/DSCF5221.jpg \/><\/a><br \/>\n^ Zoom Talstation Chabrieres vom Skigebiet Crevoux<\/p>\n<p><img src=http:\/\/ski.inmontanis.info\/d\/125840-2\/P1590330.jpg \/><br \/>\n^ IR-Zoom KSSL Chabrieres \/ Col de Crevoux vom Skigebiet Crevoux<\/p>\n<p>Und hier noch ein paar Fotos vom letzten Jahr:<\/p>\n<p><a href='http:\/\/ski.inmontanis.info\/d\/108254-3\/P1460873.JPG'><img src=http:\/\/ski.inmontanis.info\/d\/108253-4\/P1460873.JPG \/><\/a><br \/>\n^ Abfahrt 7 (Les Cimbros)<\/p>\n<p><a href='http:\/\/ski.inmontanis.info\/d\/108250-3\/P1460841.JPG'><img src=http:\/\/ski.inmontanis.info\/d\/108249-4\/P1460841.JPG \/><\/a><br \/>\n^ Schwarze Abfahrt 11 (Les Bousquatiers), der geniale untere Teil, rechts von mir w\u00e4re die Bergstation des SL der 1. Sektion&#8230;<\/p>\n<p><a href='http:\/\/ski.inmontanis.info\/d\/108214-3\/P1460884.JPG'><img src=http:\/\/ski.inmontanis.info\/d\/108213-4\/P1460884.JPG \/><\/a><br \/>\n^ Rote Abfahrt 8 (La Centaur\u00e9e) im netten V-Layout.<\/p>\n<p><a href='http:\/\/ski.inmontanis.info\/d\/108218-3\/P1460852.JPG'><img src=http:\/\/ski.inmontanis.info\/d\/108217-4\/P1460852.JPG \/><\/a><br \/>\n^ Die geniale Au\u00dfenrumabfahrt 9 (L&#8217;Ancolie)<\/p>\n<p><a href='http:\/\/ski.inmontanis.info\/d\/108263-3\/P1460875.JPG'><img src=http:\/\/ski.inmontanis.info\/d\/108262-4\/P1460875.JPG \/><\/a><br \/>\n^ Wer sagt, dass man in Frankreich nur teuer Mittagessen kann? Hacksteak mit Pommes um 6,50 ist doch g\u00fcnstig &#8211; und auch der Rest ist teilweise in \u00d6sterreich teurer&#8230;<\/p>\n<p>Fazit: Crevoux, jederzeit gerne wieder.<\/p>\n<p>Zimmerm\u00e4\u00dfig hab ich mich zuerst in Savines-Le-Lac umgesehen, direkt am Stausee. Gibt&#8217;s 2 oder 3 kleinere Hotels, das erste, wo ich gefragt hab, war das ** Les Chaumettes. Restaurant hat&#8217;s keins, die Zimmer kosten im Winter (Nebensaison) zumeist um die 55,- (f\u00fcr inkl. 2 Personen, ohne Fr\u00fchst\u00fcck, selbiges kostet 6,50 pro Person, zzgl. Kurtaxe, keine g\u00fcnstigeren Preise f\u00fcr Einzelpersonen), der Chef spricht ganz gut Deutsch (und lt. Schild auch Englisch und Niederl\u00e4ndisch), das kleinste\/einfachste Zimmer kostet 38,-, inkl. Du\/WC und TV. Sauber, etwas n\u00fcchtern, aber eben g\u00fcnstig. Zu zweit ist das Bett vielleicht etwas schmal. Internet und Pool gibt&#8217;s nicht, letzteres brauch ich auch nicht. Im Sommer k\u00f6nnen die G\u00e4ste noch den Garten mitben\u00fctzen, von den man einen sch\u00f6nen Blick auf den See hat. Somit spar ich mir also 12,- im Vgl. zu dem Hotel letztes Jahr in Baratier. Fr\u00fchst\u00fcck lass ich morgen weg, dann komm ich fr\u00fcher zum Sifahren.<\/p>\n<p><a href='http:\/\/extra.inmontanis.info\/d\/6628-2\/DSCF5267.jpg'><img src=http:\/\/extra.inmontanis.info\/d\/6626-3\/DSCF5267.jpg \/><\/a><br \/>\n^ Hotel-Zimmer um 38,- (gleicher Preis f\u00fcr 2 Personen)<\/p>\n<p>Nach der Zimmersuche ging&#8217;s wieder retour nach Embrun, Einkaufen Teil 1 und McDonalds. Letzteres haupts\u00e4chlich wg. dem gratis WIFI, etwas langsam diesmal, aber ich musste ja einiges checken, z.b. ob die 4EUB in Val d&#8217;Allos heute lief und wie das Wetter wird usw.<\/p>\n","protected":false},"excerpt":{"rendered":"<p>Di, 1.2.2011: Crevoux (SSWATW2011 Tag 4)<\/p>\n<p>Der Tag begann mit Nebel. Klar, wir sind ja vor Turin. Womit ich allerdings gar nicht gerechnet hab: Stau auf der Tangenziale. Klar, morgendliche Rush-Hour. War ja noch nie um die Uhrzeit hier &#8230; <\/p>\n<p> <a href=\"http:\/\/blog.inmontanis.info\/?p=1501\">[&#8230;]<\/a><\/p>\n","protected":false},"author":1,"featured_media":0,"comment_status":"open","ping_status":"closed","sticky":false,"template":"","format":"standard","meta":{"footnotes":""},"categories":[94,304,16,27],"tags":[90,48,45],"class_list":["post-1501","post","type-post","status-publish","format-standard","hentry","category-201101-sswatw","category-crevoux","category-france","category-skifahren-winterskiing-winter","tag-infrarot","tag-kssl","tag-see","odd"],"_links":{"self":[{"href":"http:\/\/blog.inmontanis.info\/index.php?rest_route=\/wp\/v2\/posts\/1501","targetHints":{"allow":["GET"]}}],"collection":[{"href":"http:\/\/blog.inmontanis.info\/index.php?rest_route=\/wp\/v2\/posts"}],"about":[{"href":"http:\/\/blog.inmontanis.info\/index.php?rest_route=\/wp\/v2\/types\/post"}],"author":[{"embeddable":true,"href":"http:\/\/blog.inmontanis.info\/index.php?rest_route=\/wp\/v2\/users\/1"}],"replies":[{"embeddable":true,"href":"http:\/\/blog.inmontanis.info\/index.php?rest_route=%2Fwp%2Fv2%2Fcomments&post=1501"}],"version-history":[{"count":3,"href":"http:\/\/blog.inmontanis.info\/index.php?rest_route=\/wp\/v2\/posts\/1501\/revisions"}],"predecessor-version":[{"id":8914,"href":"http:\/\/blog.inmontanis.info\/index.php?rest_route=\/wp\/v2\/posts\/1501\/revisions\/8914"}],"wp:attachment":[{"href":"http:\/\/blog.inmontanis.info\/index.php?rest_route=%2Fwp%2Fv2%2Fmedia&parent=1501"}],"wp:term":[{"taxonomy":"category","embeddable":true,"href":"http:\/\/blog.inmontanis.info\/index.php?rest_route=%2Fwp%2Fv2%2Fcategories&post=1501"},{"taxonomy":"post_tag","embeddable":true,"href":"http:\/\/blog.inmontanis.info\/index.php?rest_route=%2Fwp%2Fv2%2Ftags&post=1501"}],"curies":[{"name":"wp","href":"https:\/\/api.w.org\/{rel}","templated":true}]}}