{"id":1489,"date":"2011-01-29T21:38:23","date_gmt":"2011-01-29T20:38:23","guid":{"rendered":"http:\/\/blog.inmontanis.info\/?p=1489"},"modified":"2023-08-05T15:45:20","modified_gmt":"2023-08-05T13:45:20","slug":"thusis-avers-29-1-2011","status":"publish","type":"post","link":"http:\/\/blog.inmontanis.info\/?p=1489","title":{"rendered":"Thusis &#038; Avers, 29.1.2011"},"content":{"rendered":"<p><strong>Sa, 29.1.2011: Thusis Hainzenberg Tschappina &#038; Avers<\/strong> (SSWATW2011 Tag 1)<\/p>\n<p>Als ich vor 2 Wochen ein bissl im Internet gest\u00f6bert hab, sind mir 2 Sachen aufgefallen:<!--more--><\/p>\n<p>1. Der Wetterbericht meldete f\u00fcr letzte und n\u00e4chste Woche sehr sonnig mit nur einer kurzen St\u00f6rung zu Beginn dieses WE<\/p>\n<p>2. Es hat seit Weihnachten nichts oder fast nichts geschneit und einige Skigebiete in den franz\u00f6sischen Alpen stehen bei 0 und haben noch nicht mal offen.<\/p>\n<p>Auf italienischer Seite und auch im franz\u00f6sisch-italienischen Grenzgebiet machten Schneeh\u00f6hen und ge\u00f6ffnete Anlagen aber einen durchaus brauchbaren Eindruck.<\/p>\n<p>Nun, die Wetterst\u00f6rung, die erst nur f\u00fcr gestern gemeldet wurde, hatte sich auf heute verl\u00e4ngert und manch Wettbericht sieht sogar bis Montag Wolken und Schneefall. Grummel! Folglich ging&#8217;s heute nicht wie geplant gleich ins Gebiet um den Maggiore, sondern ich blieb im Norden. Eigentlich wollte ich in Thusis nach Sarn-Heinzenberg. Am Sessel angekommen: Leicht angezuckert, es sah mir nicht so aus, als ob die Talabfahrten hier sinnvoll fahrbar w\u00e4ren. Also r\u00fcber nach Tschappina? Parkplatz war ganz sch\u00f6n voll, Tageskarte kostete 32,- CHF. War ja schon 11 Uhr oder so, und ich wollte den Rest des Tages hier verbringen.<\/p>\n<p>Mit jeder Lift- und Abfahrt wurde mir langweiliger. Die Pisten sind gr\u00f6\u00dftenteils so flach, dass man in Schuss fahren kann. Die SL waren auch nicht gerade schnell unterwegs, keine Ahnung was noch alles die Gr\u00fcnde waren, ich fand&#8217;s einfach extrem langweilig. Nach eineinhalb Stunden hab ichs gelassen, ich konnte mich nicht aufraffen, nochmal einen Lift hier zu fahren, und \u00e4rgerte mich \u00fcber den Kauf der Tageskarte. Wenigstens gab&#8217;s im Restaurant leckere \u00c4lplermakkaroni. Zwar mit Fertigr\u00f6stzwiebeln und geselchtem Fleisch, aber die K\u00e4se-Rahmsauce war gut, die Kartoffelst\u00fccke angenehm gro\u00df und das Apfelmus war auch gut.<\/p>\n<p>Fotos, anklicken zum Vergr\u00f6\u00dfern, soweit nicht vergr\u00f6\u00dfert gepostet:<\/p>\n<p><a href='http:\/\/ski.inmontanis.info\/d\/125233-2\/ge_tschappina2011.jpg'><img src=http:\/\/ski.inmontanis.info\/d\/125231-3\/ge_tschappina2011.jpg \/><\/a><br \/>\n^ GPS-Track Tschappina<\/p>\n<p><a href='http:\/\/ski.inmontanis.info\/d\/125237-2\/DSCF4899.jpg'><img src=http:\/\/ski.inmontanis.info\/d\/125236-3\/DSCF4899.jpg \/><\/a><br \/>\n^ Pano vom rechten SL<\/p>\n<p><a href='http:\/\/ski.inmontanis.info\/d\/125241-2\/DSCF4900.jpg'><img src=http:\/\/ski.inmontanis.info\/d\/125240-3\/DSCF4900.jpg \/><\/a><br \/>\n^ Blick vom rechten SL zum oberen SL<\/p>\n<p><a href='http:\/\/ski.inmontanis.info\/d\/125245-2\/DSCF4903.jpg'><img src=http:\/\/ski.inmontanis.info\/d\/125244-3\/DSCF4903.jpg \/><\/a><br \/>\n^ Oberer SL (mit kleiner Kurve)<\/p>\n<p><a href='http:\/\/ski.inmontanis.info\/d\/125249-2\/DSCF4905.jpg'><img src=http:\/\/ski.inmontanis.info\/d\/125248-3\/DSCF4905.jpg \/><\/a><br \/>\n^ Oberer SL<\/p>\n<p><a href='http:\/\/ski.inmontanis.info\/d\/125253-2\/DSCF4907.jpg'><img src=http:\/\/ski.inmontanis.info\/d\/125252-3\/DSCF4907.jpg \/><\/a><br \/>\n^ Pano vom oberen SL<\/p>\n<p><a href='http:\/\/ski.inmontanis.info\/d\/125258-2\/DSCF4911.jpg'><img src=http:\/\/ski.inmontanis.info\/d\/125257-3\/DSCF4911.jpg \/><\/a><br \/>\n^ Linker SL<\/p>\n<p>Nach dem Essen bin ich weiter nach Avers (komplett spontane Entscheidung, aber die anderen Gebiete in der Gegend w\u00e4ren mir f\u00fcr den Rest des Tages zu gro\u00df gewesen bzw. lagen nicht in Richtung S\u00fcden), wo ich mir f\u00fcr 1,5 Stunden noch eine Halbtagekarte um CHF 23,- kaufte. Hier gefiel es mir um einiges besser, es war auch wesentlich leerer, die Abfahrten griffig und mit \u00fcberraschenden Kurven, die Verbindung zum kurzen SL urig und z.T. unpr\u00e4pariert.<\/p>\n<p><a href='http:\/\/ski.inmontanis.info\/d\/125264-2\/ge_avers2011.jpg'><img src=http:\/\/ski.inmontanis.info\/d\/125262-3\/ge_avers2011.jpg \/><\/a><br \/>\n^ GPS-Track Avers<\/p>\n<p><img src=http:\/\/ski.inmontanis.info\/d\/125268-2\/DSCF4917-18.jpg \/><br \/>\n^ Skigebiet und Talpano<\/p>\n<p><a href='http:\/\/ski.inmontanis.info\/d\/125302-2\/DSCF4921.jpg'><img src=http:\/\/ski.inmontanis.info\/d\/125301-3\/DSCF4921.jpg \/><\/a><br \/>\n^ Blick zum kurzen SL<\/p>\n<p><a href='http:\/\/ski.inmontanis.info\/d\/125273-2\/DSCF4923.jpg'><img src=http:\/\/ski.inmontanis.info\/d\/125272-3\/DSCF4923.jpg \/><\/a><br \/>\n^ Pano Talschluss von der \u00e4u\u00dfersten Abfahrt<\/p>\n<p><img src=http:\/\/ski.inmontanis.info\/d\/125277-2\/DSCF4925.jpg \/><br \/>\n^ Blick vom kurzen SL zum Hauptlift mit seinen steilen 3,5 Abfahrten<\/p>\n<p><a href='http:\/\/ski.inmontanis.info\/d\/125281-2\/DSCF4929.jpg'><img src=http:\/\/ski.inmontanis.info\/d\/125280-3\/DSCF4929.jpg \/><\/a><br \/>\n^ Pano Talausw\u00e4rts<\/p>\n<p><a href='http:\/\/ski.inmontanis.info\/d\/125285-2\/DSCF4928.jpg'><img src=http:\/\/ski.inmontanis.info\/d\/125284-3\/DSCF4928.jpg \/><\/a><br \/>\n^ Zoom Talstation des steilen SL, gegen\u00fcber der Parkplatz<\/p>\n<p><img src=http:\/\/ski.inmontanis.info\/d\/125289-2\/DSCF4931-33.jpg \/><br \/>\n^ Stitch-Pano talausw\u00e4rts<\/p>\n<p><a href='http:\/\/ski.inmontanis.info\/d\/125293-2\/DSCF4934.jpg'><img src=http:\/\/ski.inmontanis.info\/d\/125292-3\/DSCF4934.jpg \/><\/a><br \/>\n^ Blick zum kurzen SL, ganz vorne auch der kurze Ponylift, der einem die Verbindung retour etwas erleichtert.<\/p>\n<p><img src=http:\/\/ski.inmontanis.info\/d\/125297-2\/DSCF4936-37.jpg \/><br \/>\n^ Hauptlift mit seinen steilen Abfahrten vom Parkplatz aus, zur Talstation muss man etwas zu Fu\u00df aufsteigen. Links des oben zu sehenden kleinen Felsriegels nicht wirklich sichtbar die m.E. sch\u00f6nste Abfahrt. (siehe GPS-Track)<\/p>\n<p><a href='http:\/\/ski.inmontanis.info\/d\/125306-2\/DSCF5067.jpg'><img src=http:\/\/ski.inmontanis.info\/d\/125305-3\/DSCF5067.jpg \/><\/a><br \/>\n^ Papier-Skipass<\/p>\n","protected":false},"excerpt":{"rendered":"<p>Sa, 29.1.2011: Thusis Hainzenberg Tschappina &#038; Avers (SSWATW2011 Tag 1)<\/p>\n<p>Als ich vor 2 Wochen ein bissl im Internet gest\u00f6bert hab, sind mir 2 Sachen aufgefallen:<\/p>\n<p> <a href=\"http:\/\/blog.inmontanis.info\/?p=1489\">[&#8230;]<\/a><\/p>\n","protected":false},"author":1,"featured_media":0,"comment_status":"open","ping_status":"closed","sticky":false,"template":"","format":"standard","meta":{"footnotes":""},"categories":[94,756,14,27,705],"tags":[47],"class_list":["post-1489","post","type-post","status-publish","format-standard","hentry","category-201101-sswatw","category-avers","category-swiss","category-skifahren-winterskiing-winter","category-thusis-tschappein","tag-sl","odd"],"_links":{"self":[{"href":"http:\/\/blog.inmontanis.info\/index.php?rest_route=\/wp\/v2\/posts\/1489","targetHints":{"allow":["GET"]}}],"collection":[{"href":"http:\/\/blog.inmontanis.info\/index.php?rest_route=\/wp\/v2\/posts"}],"about":[{"href":"http:\/\/blog.inmontanis.info\/index.php?rest_route=\/wp\/v2\/types\/post"}],"author":[{"embeddable":true,"href":"http:\/\/blog.inmontanis.info\/index.php?rest_route=\/wp\/v2\/users\/1"}],"replies":[{"embeddable":true,"href":"http:\/\/blog.inmontanis.info\/index.php?rest_route=%2Fwp%2Fv2%2Fcomments&post=1489"}],"version-history":[{"count":3,"href":"http:\/\/blog.inmontanis.info\/index.php?rest_route=\/wp\/v2\/posts\/1489\/revisions"}],"predecessor-version":[{"id":9143,"href":"http:\/\/blog.inmontanis.info\/index.php?rest_route=\/wp\/v2\/posts\/1489\/revisions\/9143"}],"wp:attachment":[{"href":"http:\/\/blog.inmontanis.info\/index.php?rest_route=%2Fwp%2Fv2%2Fmedia&parent=1489"}],"wp:term":[{"taxonomy":"category","embeddable":true,"href":"http:\/\/blog.inmontanis.info\/index.php?rest_route=%2Fwp%2Fv2%2Fcategories&post=1489"},{"taxonomy":"post_tag","embeddable":true,"href":"http:\/\/blog.inmontanis.info\/index.php?rest_route=%2Fwp%2Fv2%2Ftags&post=1489"}],"curies":[{"name":"wp","href":"https:\/\/api.w.org\/{rel}","templated":true}]}}