{"id":1442,"date":"2010-09-12T12:00:34","date_gmt":"2010-09-12T10:00:34","guid":{"rendered":"http:\/\/blog.inmontanis.info\/?p=1442"},"modified":"2023-08-01T22:00:08","modified_gmt":"2023-08-01T20:00:08","slug":"oropa-12-9-2010","status":"publish","type":"post","link":"http:\/\/blog.inmontanis.info\/?p=1442","title":{"rendered":"Oropa, 12.9.2010"},"content":{"rendered":"<p><em>Funi&#8217;talia-Tour 2010, Tag 9, So, 12.9.2010, Teil 1: Oropa<\/em><\/p>\n<p><img src=http:\/\/extra.inmontanis.info\/d\/4525-3\/funitalia2010b2.jpg \/><br \/>\n^ U: Oropa<\/p>\n<p>Gegen 6:30 Uhr bin ich auch schon wieder aufgestanden (getreu dem Motto: Schlafen kann ich auch daheim, es ist Urlaub, ich hab keine Zeit :) ),<!--more--> es war leicht neblig und bew\u00f6lkt zum Sonnenaufgang. Erst gar keine Fotos gemacht. Schade. Nach Oropa ging&#8217;s diesmal \u00fcber die &#8220;hintere Pass-Stra\u00dfe&#8221;. Dass es da \u00fcberhaupt eine Stra\u00dfe gibt, h\u00e4tte ich nicht gewusst, wenn mich 3303 nicht darauf aufmerksam gemacht h\u00e4tte. Ok, mein Navi h\u00e4tte sie automatisch heute vorgeschlagen.<\/p>\n<p>Der Rosezza-Tunnel oben ist immerhin schon \u00fcber 100 jahre alt, echt cool, der Rest der Stra\u00dfe doch durchgehend breit genug bzw. mit vielen Ausweichen, nur ein paar Kehren musste ich reversieren:<\/p>\n<p>(Fotos anklicken zum Vergr\u00f6\u00dfern)<\/p>\n<p><a href='http:\/\/ski.inmontanis.info\/d\/122185-2\/DSCF0547.jpg'><img src=http:\/\/ski.inmontanis.info\/d\/122184-3\/DSCF0547.jpg \/><\/a><br \/>\n^ Zoom zur Galleria Rosazza, durch die ich gleich nach Oropa fahre&#8230;<\/p>\n<p><a href='http:\/\/ski.inmontanis.info\/d\/122189-2\/DSCF0548.jpg'><img src=http:\/\/ski.inmontanis.info\/d\/122188-3\/DSCF0548.jpg \/><\/a><br \/>\n^ Etwas \u00fcbertriebene Warntafel beim Start der Rosazza-Stra\u00dfe<\/p>\n<p><a href='http:\/\/ski.inmontanis.info\/d\/122193-2\/DSCF0549.jpg'><img src=http:\/\/ski.inmontanis.info\/d\/122192-3\/DSCF0549.jpg \/><\/a><br \/>\n^ Rosazza-Stra\u00dfe<\/p>\n<p><a href='http:\/\/ski.inmontanis.info\/d\/122197-2\/DSCF0550.jpg'><img src=http:\/\/ski.inmontanis.info\/d\/122196-3\/DSCF0550.jpg \/><\/a><br \/>\n^ Rosazza-Stra\u00dfe<\/p>\n<p><a href='http:\/\/ski.inmontanis.info\/d\/122201-2\/DSCF0554.jpg'><img src=http:\/\/ski.inmontanis.info\/d\/122200-3\/DSCF0554.jpg \/><\/a><br \/>\n^ Na, so kommt man nicht um die Kehre .. :)<\/p>\n<p><a href='http:\/\/ski.inmontanis.info\/d\/122205-2\/DSCF0555.jpg'><img src=http:\/\/ski.inmontanis.info\/d\/122204-3\/DSCF0555.jpg \/><\/a><br \/>\n^ .. da stehen glatt ein paar Caf\u00e9-Tische auf der Stra\u00dfe :) Kurz dahinter ist dann der Tunnel..<\/p>\n<p><a href='http:\/\/ski.inmontanis.info\/d\/122209-2\/DSCF0557.jpg'><img src=http:\/\/ski.inmontanis.info\/d\/122208-3\/DSCF0557.jpg \/><\/a><br \/>\n^ Einfahrt in die Galleria Rosazza, Ostseite<\/p>\n<p><a href='http:\/\/ski.inmontanis.info\/d\/122213-2\/S0010564.jpg'><img src=http:\/\/ski.inmontanis.info\/d\/122212-3\/S0010564.jpg \/><\/a><br \/>\n^ Die Galleria Rosazza<\/p>\n<p><a href='http:\/\/ski.inmontanis.info\/d\/122217-2\/DSCF0559.jpg'><img src=http:\/\/ski.inmontanis.info\/d\/122216-3\/DSCF0559.jpg \/><\/a><br \/>\n^ Galleria Rosazza, Westseite<\/p>\n<p><a href='http:\/\/ski.inmontanis.info\/d\/122221-2\/DSCF0560.jpg'><img src=http:\/\/ski.inmontanis.info\/d\/122220-3\/DSCF0560.jpg \/><\/a><br \/>\n^ Galleria Rosazza, Geschichtliches. Schon \u00fcber 100 Jahre alt, wow.<\/p>\n<p><a href='http:\/\/ski.inmontanis.info\/d\/122225-2\/DSCF0572.jpg'><img src=http:\/\/ski.inmontanis.info\/d\/122224-3\/DSCF0572.jpg \/><\/a><br \/>\n^ Leichter Zoom von der Rosazza-Stra\u00dfe zum Monte Mucrone, rechts die ehemalige PB-Bergstation<\/p>\n<p><a href='http:\/\/ski.inmontanis.info\/d\/122229-2\/DSCF0573.jpg'><img src=http:\/\/ski.inmontanis.info\/d\/122228-3\/DSCF0573.jpg \/><\/a><br \/>\n^ Zoom zur Bergstation Ex-PB Mucrone<\/p>\n<p><a href='http:\/\/ski.inmontanis.info\/d\/122233-2\/DSCF0576.jpg'><img src=http:\/\/ski.inmontanis.info\/d\/122232-3\/DSCF0576.jpg \/><\/a><br \/>\n^ Blick hinunter nach Oropa von der Rosazza-Stra\u00dfe aus<\/p>\n<p><img src=http:\/\/ski.inmontanis.info\/d\/122237-2\/DSCF0577.jpg \/><br \/>\n^ Zoom Oropa und PB-Talstation<\/p>\n<p><a href='http:\/\/ski.inmontanis.info\/d\/122241-2\/DSCF0578.jpg'><img src=http:\/\/ski.inmontanis.info\/d\/122240-3\/DSCF0578.jpg \/><\/a><br \/>\n^ Rosazza-Stra\u00dfe, Westseite<\/p>\n<p>Um 14,- die Berg &#038; Talfahrt gekauft. Ganz sch\u00f6n viel los heute &#8230;. viele sind aber nur mit der PB hoch, nicht weiter. Haben das beste verpasst: Das Hammer-Pano!<\/p>\n<p><img src=http:\/\/ski.inmontanis.info\/d\/122245-2\/DSCF0580.jpg \/><br \/>\n^ Weg von der PB zum Korblift, neuerdings eingez\u00e4unt &#8230;<\/p>\n<p><a href='http:\/\/ski.inmontanis.info\/d\/122249-2\/DSCF0582.jpg'><img src=http:\/\/ski.inmontanis.info\/d\/122248-3\/DSCF0582.jpg \/><\/a><br \/>\n^ Ex-ESL-Talstation. Die Pistenraupe .. wie kommt die raus, wenn da jetzt der Zaun da steht? Ahja, richtig, wird ja seit letztem Jahr nichts mehr pr\u00e4pariert :-(<\/p>\n<p><a href='http:\/\/ski.inmontanis.info\/d\/122253-2\/DSCF0585.jpg'><img src=http:\/\/ski.inmontanis.info\/d\/122252-3\/DSCF0585.jpg \/><\/a><br \/>\n^ Alt, verfallen, morbide. Ok, das Gebiet \u00fcbt auch aufgrund dessen eine gro\u00dfe Faszination aus.<\/p>\n<p><img src=http:\/\/ski.inmontanis.info\/d\/122257-2\/DSCF0591.jpg \/><br \/>\n^ PB-Bergstation (links), Ex-ESL und Korblift-Talstation (rechts). W\u00fcrde man hier herkommen, wenn der Lift gerade nicht l\u00e4uft &#8211; man w\u00fcrde es wohl nicht glauben, dass hier noch Betrieb ist&#8230;<\/p>\n<p><a href='http:\/\/ski.inmontanis.info\/d\/122261-2\/DSCF0597.jpg'><img src=http:\/\/ski.inmontanis.info\/d\/122260-3\/DSCF0597.jpg \/><\/a><br \/>\n^ Puh, sehr sch\u00f6n, der Nebel ist nicht all zu hoch &#8230;<\/p>\n<p><img src=http:\/\/ski.inmontanis.info\/d\/122265-2\/DSCF0604.jpg \/><br \/>\n^ Korblift-Strecke obere H\u00e4lfte<\/p>\n<p><img src=http:\/\/ski.inmontanis.info\/d\/122269-2\/DSCF0611.jpg \/><br \/>\n^ .. weg mit dem Gr\u00fcn ..<\/p>\n<p><a href='http:\/\/ski.inmontanis.info\/d\/122273-2\/DSCF0614.jpg'><img src=http:\/\/ski.inmontanis.info\/d\/122272-3\/DSCF0614.jpg \/><\/a><br \/>\n^ Hier kreuzt der Korblift die ehemalige Strecke des ESL.<\/p>\n<p><a href='http:\/\/ski.inmontanis.info\/d\/122277-2\/DSCF0615.jpg'><img src=http:\/\/ski.inmontanis.info\/d\/122276-3\/DSCF0615.jpg \/><\/a><br \/>\n^ .. und da m\u00fcsste irgendwo die Piste verlaufen, jedenfalls kaum abzusch\u00e4tzen. Braucht daher auch sehr viel Schnee &#8230;<\/p>\n<p><img src=http:\/\/ski.inmontanis.info\/d\/122281-2\/DSCF0620.jpg \/><br \/>\n^ Korblift, mittlerer Teil .. und Himmel etwas eingef\u00e4rbt.<\/p>\n<p><a href='http:\/\/ski.inmontanis.info\/d\/122285-2\/DSCF0622.jpg'><img src=http:\/\/ski.inmontanis.info\/d\/122284-3\/DSCF0622.jpg \/><\/a><br \/>\n^ Korblift, oberer Teil<\/p>\n<p><a href='http:\/\/ski.inmontanis.info\/d\/122289-2\/DSCF0623.jpg'><img src=http:\/\/ski.inmontanis.info\/d\/122288-3\/DSCF0623.jpg \/><\/a><br \/>\n^ Glaub genau unter mir kreuzte gerade die Abfahrt.. nix modelliert hier.<\/p>\n<p><a href='http:\/\/ski.inmontanis.info\/d\/122293-2\/DSCF0627.jpg'><img src=http:\/\/ski.inmontanis.info\/d\/122292-3\/DSCF0627.jpg \/><\/a><br \/>\n^ Kann keinen besseren Lifttyp geben, mit dem man bergw\u00e4rts das Pano besser genie\u00dfen k\u00f6nnte&#8230;<\/p>\n<p><img src=http:\/\/ski.inmontanis.info\/d\/122297-2\/DSCF0632.jpg \/><br \/>\n^ Kurz vor der Bergstation. Links die Ex-Bergstation des ESL. Steht auch noch.<\/p>\n<p><a href='http:\/\/ski.inmontanis.info\/d\/122301-2\/DSCF0634.jpg'><img src=http:\/\/ski.inmontanis.info\/d\/122300-3\/DSCF0634.jpg \/><\/a><br \/>\n^ Bergstation<\/p>\n<p><img src=http:\/\/ski.inmontanis.info\/d\/122305-2\/dscf0635-640b.jpg \/><br \/>\n^ Pano (Stitch) in die Po-Ebene mit Nebelmeer von der Korblift-Bergstation aus<\/p>\n<p><a href='http:\/\/ski.inmontanis.info\/d\/122309-2\/DSCF0650.jpg'><img src=http:\/\/ski.inmontanis.info\/d\/122308-3\/DSCF0650.jpg \/><\/a><br \/>\n^ Korblift (Langzeitbelichtung), in IR<\/p>\n<p><a href='http:\/\/ski.inmontanis.info\/d\/122313-2\/DSCF0659.jpg'><img src=http:\/\/ski.inmontanis.info\/d\/122312-3\/DSCF0659.jpg \/><\/a><br \/>\n^ Zwischen den beiden Bergstationsgeb\u00e4uden<\/p>\n<p><a href='http:\/\/ski.inmontanis.info\/d\/122317-2\/DSCF0674.jpg'><img src=http:\/\/ski.inmontanis.info\/d\/122316-3\/DSCF0674.jpg \/><\/a><br \/>\n^ Zoom zur Ex-PB Mucrone, am Grat entlang die ehemalige Abfahrt .. :-(<\/p>\n<p><img src=http:\/\/ski.inmontanis.info\/d\/122321-2\/DSCF0803.jpg \/><br \/>\n^ Zoom zur Bergstation Ex-PB Mucrone. F\u00e4ngt wohl langsam zum verfallen an &#8230;<\/p>\n<p><img src=http:\/\/ski.inmontanis.info\/d\/122325-2\/DSCF0677.jpg \/><br \/>\n^ Auch die Korblift-Bergstation verf\u00e4llt schon &#8230;<\/p>\n<p><a href='http:\/\/ski.inmontanis.info\/d\/122329-2\/DSCF0680.jpg'><img src=http:\/\/ski.inmontanis.info\/d\/122328-3\/DSCF0680.jpg \/><\/a><br \/>\n^ Noch f\u00e4hrt er. Noch kann man das Panorama genie\u00dfen. Aber wohl nicht mehr lang :-(<\/p>\n<p><a href='http:\/\/ski.inmontanis.info\/d\/122333-2\/DSCF0678.jpg'><img src=http:\/\/ski.inmontanis.info\/d\/122332-3\/DSCF0678.jpg \/><\/a><br \/>\n^ Ex-ESL-Bergstation<\/p>\n<p><a href='http:\/\/ski.inmontanis.info\/d\/122337-2\/DSCF0688.jpg'><img src=http:\/\/ski.inmontanis.info\/d\/122336-3\/DSCF0688.jpg \/><\/a><br \/>\n^ Ex-ESL-Bergstation<\/p>\n<p><a href='http:\/\/ski.inmontanis.info\/d\/122341-2\/DSCF0682.jpg'><img src=http:\/\/ski.inmontanis.info\/d\/122340-3\/DSCF0682.jpg \/><\/a><br \/>\n^ Ex-ESL-Bergstation. Sogar der Stuhl steht noch :)<\/p>\n<p><a href='http:\/\/ski.inmontanis.info\/d\/122345-2\/DSCF0685.jpg'><img src=http:\/\/ski.inmontanis.info\/d\/122344-3\/DSCF0685.jpg \/><\/a><br \/>\n^ Ex-ESL-Bergstation<\/p>\n<p><img src=http:\/\/ski.inmontanis.info\/d\/122349-2\/dscf0691-700b.jpg \/><br \/>\n^ Nord-Ost-S\u00fcd-Pano. Die Gletscher vom Monte Rosa, der Alpenbogen und das Nebelmeer \u00fcber der Po-Ebene. Genial. Ist einfach einer der besten mit Seilbahnen erschlossener Panorama-Gipfel der Alpen hier.<\/p>\n<p><img src=http:\/\/ski.inmontanis.info\/d\/122353-2\/DSCF0702.jpg \/><br \/>\n^ Alpenbogen gen Osten<\/p>\n<p><img src=http:\/\/ski.inmontanis.info\/d\/122357-2\/DSCF0701.jpg \/><br \/>\n^ Alpenbogen gen Osten (Verl\u00e4ngerung). Tolle Fernsicht heute!<\/p>\n<p>Teil 2 der Fotos aus Oropa, sorry, sind etwas mehr geworden &#8230;<\/p>\n<p><img src=http:\/\/ski.inmontanis.info\/d\/122369-3\/DSCF0774.jpg \/><\/p>\n<p><a href='http:\/\/ski.inmontanis.info\/d\/122373-3\/DSCF0753.jpg'><img src=http:\/\/ski.inmontanis.info\/d\/122372-3\/DSCF0753.jpg \/><\/a><br \/>\n^ Nebelmeer mit Korblift<\/p>\n<p><a href='http:\/\/ski.inmontanis.info\/d\/122377-3\/DSCF0705.jpg'><img src=http:\/\/ski.inmontanis.info\/d\/122376-4\/DSCF0705.jpg \/><\/a><br \/>\n^ Leichtes Zoom-Pano; Spitze in Bildmitte: Rheinwald Horn, 126km<\/p>\n<p><a href='http:\/\/ski.inmontanis.info\/d\/122381-3\/DSCF0704.jpg'><img src=http:\/\/ski.inmontanis.info\/d\/122380-4\/DSCF0704.jpg \/><\/a><br \/>\n^ Leichtes Zoom-Pano. Die meisten Gipfel da hinten sind so ca. 130-150km entfernt.<\/p>\n<p><img src=http:\/\/ski.inmontanis.info\/d\/122385-3\/DSCF0735.jpg \/><br \/>\n^ Monte Rosa Massif komplett, inkl. Matterhorn ganz links und Stralhorn (ganz rechts), alles 30-40km entfernt<\/p>\n<p><a href='http:\/\/ski.inmontanis.info\/d\/122389-3\/DSCF0726.jpg'><img src=http:\/\/ski.inmontanis.info\/d\/122388-4\/DSCF0726.jpg \/><\/a><br \/>\n^ Zoom Matterhorn bzw. Monte Cervino, 42km.<\/p>\n<p><img src=http:\/\/ski.inmontanis.info\/d\/122361-2\/DSCF0742.jpg \/><br \/>\n^ Zoom zum Grenzlift am Gobba di Rollin, komplette Strecke, gezoomt von Oropa \/ Monte Camino. Wer genau hinschaut, sieht sogar die Liftst\u00fctzen am Grat. Ca. 34km entfernt<\/p>\n<p><img src=http:\/\/ski.inmontanis.info\/d\/122365-2\/DSCF0727.jpg \/><br \/>\n^ Zoom Talstation SL Grenzlift, von Oropa \/ Monte Camino<\/p>\n<p><a href='http:\/\/ski.inmontanis.info\/d\/122393-3\/DSCF0729.jpg'><img src=http:\/\/ski.inmontanis.info\/d\/122392-4\/DSCF0729.jpg \/><\/a><br \/>\n^ Zoom Monte Rosa \/ Breithorn, 36km<\/p>\n<p><img src=http:\/\/ski.inmontanis.info\/d\/122397-3\/DSCF0731.jpg \/><br \/>\n^ Zoom Monte Rosa \/ Liskamm, 32km<\/p>\n<p><img src=http:\/\/ski.inmontanis.info\/d\/122401-3\/DSCF0732.jpg \/><br \/>\n^ Zoom Monte Rosa \/ Dufourspitze &#8211; Signalkuppe, 31km. Der Gletscher unten etwas links der Bildmitte sollte zu Alagna \/ Punta Indren geh\u00f6ren.<\/p>\n<p><a href='http:\/\/ski.inmontanis.info\/d\/122405-3\/DSCF0741.jpg'><img src=http:\/\/ski.inmontanis.info\/d\/122404-4\/DSCF0741.jpg \/><\/a><br \/>\n^ Pano-Tafel. Bernina 172km, Adamello um oder \u00fcber 200km. Wow.<\/p>\n<p><a href='http:\/\/ski.inmontanis.info\/d\/122409-3\/DSCF0806.jpg'><img src=http:\/\/ski.inmontanis.info\/d\/122408-4\/DSCF0806.jpg \/><\/a><br \/>\n^ Zoom Pizzo Zupo, links, 170km, Disgrazia (rechts), 154km. Bernina w\u00e4re eins weiter links gewesen&#8230;<\/p>\n<p><img src=http:\/\/ski.inmontanis.info\/d\/122413-3\/DSCF0737.jpg \/><br \/>\n^ .. mit etwas weniger Zoom hab ich die Bernina drauf (ganz links sollte sie lt. meinem Panorama-Tool sein)<\/p>\n<p><img src=http:\/\/ski.inmontanis.info\/d\/122417-3\/DSCF0778.jpg \/><br \/>\n^ bin mir nicht sicher, evtl. ist das auch wo anders, bei der Entfernung komm ich mit dem &#8220;peak&#8221;-Panoramatool am Iphone nicht mehr wirklich weiter: evtl. Grigna Settentrionale, 115km vorne, rechts dahinter evtl. Adamello, 200km, und daneben Pizzo del Diavolo, 156km<\/p>\n<p><a href='http:\/\/ski.inmontanis.info\/d\/122421-3\/DSCF0776.jpg'><img src=http:\/\/ski.inmontanis.info\/d\/122420-4\/DSCF0776.jpg \/><\/a><br \/>\n^ Pizzo Scalino, 170km (linke Spitze), Monte Legnone, 122km (vorne Mitte), Vicima, 170km (daneben\/dahinter), Rossa, 165km (rechts)<\/p>\n<p><img src=http:\/\/ski.inmontanis.info\/d\/122425-3\/DSCF0745.jpg \/><br \/>\n^ Nicht nur ich genie\u00dfe den Ausblick auf das Nebelmeer.<\/p>\n<p><img src=http:\/\/ski.inmontanis.info\/d\/122429-3\/DSCF0796.jpg \/><br \/>\n^ S\u00fcd-Pano mit Bergstation(en)<\/p>\n<p><a href='http:\/\/ski.inmontanis.info\/d\/122433-3\/DSCF0749.jpg'><img src=http:\/\/ski.inmontanis.info\/d\/122432-4\/DSCF0749.jpg \/><\/a><br \/>\n^ Keine Ahnung, wie die Spitze mit der Statue hei\u00dft, aber dahinter ist der Monte Viso, 128km entfernt, und dazwischen ist die Po-Ebene und u.a. Turin (!)<\/p>\n<p><a href='http:\/\/ski.inmontanis.info\/d\/122437-3\/DSCF0748.jpg'><img src=http:\/\/ski.inmontanis.info\/d\/122436-4\/DSCF0748.jpg \/><\/a><br \/>\n^ Zoom in die S\u00fcdalpen, k\u00f6nnte evtl. die Cima Argentera sein (170km)<\/p>\n<p><img src=http:\/\/ski.inmontanis.info\/d\/122441-3\/DSCF0751.jpg \/><br \/>\n^ Gran Paradiso, 53km<\/p>\n<p><a href='http:\/\/ski.inmontanis.info\/d\/122445-3\/DSCF0752.jpg'><img src=http:\/\/ski.inmontanis.info\/d\/122444-4\/DSCF0752.jpg \/><\/a><br \/>\n^ Zoom Gran Paradiso, 53km<\/p>\n<p><a href='http:\/\/ski.inmontanis.info\/d\/122449-3\/DSCF0724.jpg'><img src=http:\/\/ski.inmontanis.info\/d\/122448-4\/DSCF0724.jpg \/><\/a><br \/>\n^ Zoom Grand Combin (59km)<\/p>\n<p><a href='http:\/\/ski.inmontanis.info\/d\/122453-3\/DSCF0787.jpg'><img src=http:\/\/ski.inmontanis.info\/d\/122452-4\/DSCF0787.jpg \/><\/a><br \/>\n^ Gipfel-Zoom<\/p>\n<p><a href='http:\/\/ski.inmontanis.info\/d\/122457-3\/DSCF0788.jpg'><img src=http:\/\/ski.inmontanis.info\/d\/122456-4\/DSCF0788.jpg \/><\/a><br \/>\n^ Die Spitze mit dem Gletscher k\u00f6nnte der Monte Leone sein (68km)<\/p>\n<p><a href='http:\/\/ski.inmontanis.info\/d\/122461-3\/DSCF0791.jpg'><img src=http:\/\/ski.inmontanis.info\/d\/122460-4\/DSCF0791.jpg \/><\/a><br \/>\n^ Die neckische hintere Spitze links k\u00f6nnte Monte Cervandone (78km) sein, rechts mit dem Gletscher evtl. das Blinnenhorn (91km)<\/p>\n<p><img src=http:\/\/ski.inmontanis.info\/d\/122465-3\/DSCF0795.jpg \/><br \/>\n^ Gipfel des Monte Camino. Rechts hinten lugt \u00fcbrigens der Monte Bianco \/ Mont Blanc hervor! Wie praktisch, dass da so ein Einschnitt ist und nichts davor steht &#8230;.<\/p>\n<p><img src=http:\/\/ski.inmontanis.info\/d\/122469-3\/DSCF0770.jpg \/><br \/>\n^ Zoom Mont Blanc (84km)<\/p>\n<p><img src=http:\/\/ski.inmontanis.info\/d\/122473-3\/DSCF0723.jpg \/><br \/>\n^ Zoom Mont Blanc du Tacul, direkt darunter (also in Bildmitte) wo der spitze Gletscher ist, m\u00fcsste die Punta Helbronner (PB Courmayeur!) sein, ca. 80km entfernt<\/p>\n<p><img src=http:\/\/ski.inmontanis.info\/d\/122477-3\/DSCF0797.jpg \/><br \/>\n^ Ost-Pano mit Cima di Bo, im Tal der Ort Rosazza, Namensgeber des Tunnels<\/p>\n<p><a href='http:\/\/ski.inmontanis.info\/d\/122481-3\/DSCF0798.jpg'><img src=http:\/\/ski.inmontanis.info\/d\/122480-4\/DSCF0798.jpg \/><\/a><br \/>\n^ Leichter Zoom Ost-Pano mit Cima di Bo<\/p>\n<p><a href='http:\/\/ski.inmontanis.info\/d\/122485-3\/DSCF0799.jpg'><img src=http:\/\/ski.inmontanis.info\/d\/122484-4\/DSCF0799.jpg \/><\/a><br \/>\n^ Ost \/ S\u00fcd-Ost &#8211; Pano<\/p>\n<p><a href='http:\/\/ski.inmontanis.info\/d\/122489-3\/DSCF0801.jpg'><img src=http:\/\/ski.inmontanis.info\/d\/122488-4\/DSCF0801.jpg \/><\/a><br \/>\n^ S\u00fcd-Pano Zoom mit Monte Mucrone<\/p>\n<p><img src=http:\/\/ski.inmontanis.info\/d\/122493-3\/dscf0807-816_fused.jpg \/><br \/>\n^ S\u00fcd-Pano (Stitch)<\/p>\n<p><img src=http:\/\/ski.inmontanis.info\/d\/122497-3\/DSCF0817.jpg \/><br \/>\n^ Rifugio und Korblift<\/p>\n<p><a href='http:\/\/ski.inmontanis.info\/d\/122501-3\/DSCF0821.jpg'><img src=http:\/\/ski.inmontanis.info\/d\/122500-4\/DSCF0821.jpg \/><\/a><br \/>\n^ Einstieg zur Talfahrt<\/p>\n<p><a href='http:\/\/ski.inmontanis.info\/d\/122505-3\/DSCF0824.jpg'><img src=http:\/\/ski.inmontanis.info\/d\/122504-4\/DSCF0824.jpg \/><\/a><br \/>\n^ Korblift \/ Talfahrt. Wozu diese Podeste sind? Keine Ahnung.<\/p>\n<p><a href='http:\/\/ski.inmontanis.info\/d\/122509-3\/DSCF0825.jpg'><img src=http:\/\/ski.inmontanis.info\/d\/122508-4\/DSCF0825.jpg \/><\/a><br \/>\n^ Rechts wieder ein paar ehemalige ESL-Fundamente<\/p>\n<p><img src=http:\/\/ski.inmontanis.info\/d\/122513-3\/DSCF0830.jpg \/><br \/>\n^ Korb<\/p>\n<p><img src=http:\/\/ski.inmontanis.info\/d\/122517-3\/DSCF0834.jpg \/><br \/>\n^ Flachst\u00fcck<\/p>\n<p><a href='http:\/\/ski.inmontanis.info\/d\/122521-3\/DSCF0836.jpg'><img src=http:\/\/ski.inmontanis.info\/d\/122520-4\/DSCF0836.jpg \/><\/a><br \/>\n^ Fahrkarte<\/p>\n<p><a href='http:\/\/ski.inmontanis.info\/d\/122525-3\/DSCF0844.jpg'><img src=http:\/\/ski.inmontanis.info\/d\/122524-4\/DSCF0844.jpg \/><\/a><br \/>\n^ Ehemalige ESL-Fundamente. Keine Ahnung, warum da so viel St\u00fctzen waren &#8211; evtl. eine Zwischenstation?<\/p>\n<p><a href='http:\/\/ski.inmontanis.info\/d\/122529-3\/DSCF0847.jpg'><img src=http:\/\/ski.inmontanis.info\/d\/122528-4\/DSCF0847.jpg \/><\/a><br \/>\n^ Langsam geht&#8217;s wieder in den Nebel&#8230;<\/p>\n<p><a href='http:\/\/ski.inmontanis.info\/d\/122533-3\/DSCF0850.jpg'><img src=http:\/\/ski.inmontanis.info\/d\/122532-4\/DSCF0850.jpg \/><\/a><br \/>\n^ Hier unten verl\u00e4uft die Abfahrt<\/p>\n<p><a href='http:\/\/ski.inmontanis.info\/d\/122537-3\/DSCF0852.jpg'><img src=http:\/\/ski.inmontanis.info\/d\/122536-4\/DSCF0852.jpg \/><\/a><br \/>\n^ Ex-ESL-St\u00fctzenfundamente<\/p>\n<p><a href='http:\/\/ski.inmontanis.info\/d\/122541-3\/DSCF0855.jpg'><img src=http:\/\/ski.inmontanis.info\/d\/122540-4\/DSCF0855.jpg \/><\/a><br \/>\n^ Stationen und abgesperrter Bereich<\/p>\n<p><a href='http:\/\/ski.inmontanis.info\/d\/122545-3\/DSCF0857.jpg'><img src=http:\/\/ski.inmontanis.info\/d\/122544-4\/DSCF0857.jpg \/><\/a><br \/>\n^ Talstation Korblift. Ah, hier g\u00e4be es eine Ausfahrt f\u00fcr die Pistenraupe&#8230;<\/p>\n<p><a href='http:\/\/ski.inmontanis.info\/d\/122549-3\/DSCF0859.jpg'><img src=http:\/\/ski.inmontanis.info\/d\/122548-4\/DSCF0859.jpg \/><\/a><br \/>\n^ .. aber seit letztem Winter wird ja nichts mehr pr\u00e4pariert :-( Und da das hier Piemont ist, muss man entsprechende Lawinen-Utensilien dabei haben. Bl\u00f6d. Warum kann man nicht einfach die 2 Abfahrten am Korblift als Skiroute ausstecken und das nach \u00f6sterreichischen Verh\u00e4ltnissen vor Lawinengefahr sch\u00fctzen und f\u00fcr jeden freigeben? W\u00fcrd mich mal interessieren, wieviel Skifahrer letztes Jahr weniger gekommen sind, aufgrund der neuen Regelung &#8230;<\/p>\n<p><a href='http:\/\/ski.inmontanis.info\/d\/122553-3\/DSCF0863.jpg'><img src=http:\/\/ski.inmontanis.info\/d\/122552-4\/DSCF0863.jpg \/><\/a><br \/>\n^ PB-Bergstation<\/p>\n<p><a href='http:\/\/ski.inmontanis.info\/d\/122557-3\/DSCF0867.jpg'><img src=http:\/\/ski.inmontanis.info\/d\/122556-4\/DSCF0867.jpg \/><\/a><br \/>\n^ PB-Bergstation<\/p>\n<p><a href='http:\/\/ski.inmontanis.info\/d\/122561-3\/DSCF0872.jpg'><img src=http:\/\/ski.inmontanis.info\/d\/122560-4\/DSCF0872.jpg \/><\/a><br \/>\n^ PB-Kabine<\/p>\n<p><a href='http:\/\/ski.inmontanis.info\/d\/122565-3\/DSCF0880.jpg'><img src=http:\/\/ski.inmontanis.info\/d\/122564-4\/DSCF0880.jpg \/><\/a><br \/>\n^ Alte PB-St\u00fctze<\/p>\n<p><a href='http:\/\/ski.inmontanis.info\/d\/122569-3\/DSCF0882.jpg'><img src=http:\/\/ski.inmontanis.info\/d\/122568-4\/DSCF0882.jpg \/><\/a><br \/>\n^ Oropa, der Parkplatz platzt aus allen N\u00e4hten? Nan\u00fc?<\/p>\n<p><a href='http:\/\/ski.inmontanis.info\/d\/122573-3\/DSCF0886.jpg'><img src=http:\/\/ski.inmontanis.info\/d\/122572-4\/DSCF0886.jpg \/><\/a><br \/>\n^ Ahja, irgendeine volkst\u00fcmliche Veranstaltung ist da heute &#8230;<\/p>\n<p>Fazit: Oropa \/ Monte Camino ist einer der genialsten mit Seilbahnen erschlossener Panoramagipfel der Alpen. Ein mehr als w\u00fcrdiger Abschluss dieses Urlaubs (keine Angst, 2 Ziele kommen noch). Hinfahren, so lange es noch geht. Und das k\u00f6nnte ja nicht mehr lang sein, der Korblift steht ja angeblich kurz vor der Stilllegung. Und ob und was danach kommt &#8211; eins steht fest: Besser wird&#8217;s garantiert nicht :-(<\/p>\n<p>So, das HD-Video von Oropa, diesmal mit einem anderen Programm (und dank Videostabilisierung nicht mehr ganz so verwackelt):<\/p>\n<p><object style=\"height: 500px; width: 900px\"><param name=\"movie\" value=\"http:\/\/www.youtube.com\/v\/7ys-Gl4T-_M\"><\/param><param name=\"wmode\" value=\"transparent\"><\/param><embed src=\"http:\/\/www.youtube.com\/v\/7ys-Gl4T-_M\" type=\"application\/x-shockwave-flash\" wmode=\"transparent\"  width=\"900\" height=\"480\"><\/embed><\/object><\/p>\n","protected":false},"excerpt":{"rendered":"<p>Funi&#8217;talia-Tour 2010, Tag 9, So, 12.9.2010, Teil 1: Oropa<\/p>\n<p> ^ U: Oropa<\/p>\n<p>Gegen 6:30 Uhr bin ich auch schon wieder aufgestanden (getreu dem Motto: Schlafen kann ich auch daheim, es ist Urlaub, ich hab keine Zeit :) ),<\/p>\n<p> <a href=\"http:\/\/blog.inmontanis.info\/?p=1442\">[&#8230;]<\/a><\/p>\n","protected":false},"author":1,"featured_media":0,"comment_status":"open","ping_status":"closed","sticky":false,"template":"","format":"standard","meta":{"footnotes":""},"categories":[89,15,59,443,32,30],"tags":[63,77,52],"class_list":["post-1442","post","type-post","status-publish","format-standard","hentry","category-funitalia","category-italienitaly","category-nostalgie","category-oropa","category-lostplaces","category-wandern","tag-korblift","tag-nebelmeer","tag-pb","odd"],"_links":{"self":[{"href":"http:\/\/blog.inmontanis.info\/index.php?rest_route=\/wp\/v2\/posts\/1442","targetHints":{"allow":["GET"]}}],"collection":[{"href":"http:\/\/blog.inmontanis.info\/index.php?rest_route=\/wp\/v2\/posts"}],"about":[{"href":"http:\/\/blog.inmontanis.info\/index.php?rest_route=\/wp\/v2\/types\/post"}],"author":[{"embeddable":true,"href":"http:\/\/blog.inmontanis.info\/index.php?rest_route=\/wp\/v2\/users\/1"}],"replies":[{"embeddable":true,"href":"http:\/\/blog.inmontanis.info\/index.php?rest_route=%2Fwp%2Fv2%2Fcomments&post=1442"}],"version-history":[{"count":3,"href":"http:\/\/blog.inmontanis.info\/index.php?rest_route=\/wp\/v2\/posts\/1442\/revisions"}],"predecessor-version":[{"id":8996,"href":"http:\/\/blog.inmontanis.info\/index.php?rest_route=\/wp\/v2\/posts\/1442\/revisions\/8996"}],"wp:attachment":[{"href":"http:\/\/blog.inmontanis.info\/index.php?rest_route=%2Fwp%2Fv2%2Fmedia&parent=1442"}],"wp:term":[{"taxonomy":"category","embeddable":true,"href":"http:\/\/blog.inmontanis.info\/index.php?rest_route=%2Fwp%2Fv2%2Fcategories&post=1442"},{"taxonomy":"post_tag","embeddable":true,"href":"http:\/\/blog.inmontanis.info\/index.php?rest_route=%2Fwp%2Fv2%2Ftags&post=1442"}],"curies":[{"name":"wp","href":"https:\/\/api.w.org\/{rel}","templated":true}]}}