{"id":1436,"date":"2010-09-11T18:00:06","date_gmt":"2010-09-11T16:00:06","guid":{"rendered":"http:\/\/blog.inmontanis.info\/?p=1436"},"modified":"2023-08-03T21:52:06","modified_gmt":"2023-08-03T19:52:06","slug":"frabosa-11-9-2010-franzosische-passe","status":"publish","type":"post","link":"http:\/\/blog.inmontanis.info\/?p=1436","title":{"rendered":"Frabosa, 11.9.2010 + Franz\u00f6sische P\u00e4sse"},"content":{"rendered":"<p><em>Funi&#8217;talia-Tour 2010, Tag 8, Sa, 11.9.2010, Teil 2: Frabosa und zwischen<br \/>\nFarbosa und Lurisia<\/em><br \/>\n<!--more--><br \/>\nHatte mir am Monte Pigna recht schnell \u00fcberlegt, doch nicht mehr nach Oropa<br \/>\nzu fahren (w\u00e4re doch etwas stressig gewesen). Was dann noch heute<br \/>\nnachmittag? Ach, den Monte-Moro-ESL in Frabosa in ich ja im Sommer noch gar<br \/>\nnicht gefahren &#8230; Mal schaun, ob der heute noch in Betrieb ist.<\/p>\n<p>Und jawoll, war er. Berg- und Talfahrt gel\u00f6st (ca. 9,-) und raufgefahren.<br \/>\nPano ist ja prinzipiell das gleiche wie in Lurisia, daher nicht mehr soo<br \/>\nlang geblieben.<\/p>\n<p>Fotos, anklicken zum Vergr\u00f6\u00dfern:<\/p>\n<p><a href='http:\/\/ski.inmontanis.info\/d\/121948-2\/DSCF0299.jpg'><img src=http:\/\/ski.inmontanis.info\/d\/121947-3\/DSCF0299.jpg \/><\/a><br \/>\n^ Monte Moro von Frabosa im leichten Zoom<\/p>\n<p><a href='http:\/\/ski.inmontanis.info\/d\/121952-2\/DSCF0300.jpg'><img src=http:\/\/ski.inmontanis.info\/d\/121951-3\/DSCF0300.jpg \/><\/a><br \/>\n^ Komplette ESL-Strecke<\/p>\n<p><a href='http:\/\/ski.inmontanis.info\/d\/121956-2\/DSCF0426.jpg'><img src=http:\/\/ski.inmontanis.info\/d\/121955-3\/DSCF0426.jpg \/><\/a><br \/>\n^ Logo am ESL-Talstationsgeb\u00e4ude<\/p>\n<p><a href='http:\/\/ski.inmontanis.info\/d\/121960-2\/DSCF0303.jpg'><img src=http:\/\/ski.inmontanis.info\/d\/121959-3\/DSCF0303.jpg \/><\/a><br \/>\n^ Sommerfahrkarte<\/p>\n<p><a href='http:\/\/ski.inmontanis.info\/d\/121964-2\/DSCF0322.jpg'><img src=http:\/\/ski.inmontanis.info\/d\/121963-3\/DSCF0322.jpg \/><\/a><br \/>\n^ Im ESL (IR)<\/p>\n<p><a href='http:\/\/ski.inmontanis.info\/d\/121968-3\/DSCF0335.jpg'><img src=http:\/\/ski.inmontanis.info\/d\/121967-3\/DSCF0335.jpg \/><\/a><br \/>\n^ Auffahrt durch den Wald<\/p>\n<p><a href='http:\/\/ski.inmontanis.info\/d\/121972-3\/DSCF0338.jpg'><img src=http:\/\/ski.inmontanis.info\/d\/121971-3\/DSCF0338.jpg \/><\/a><br \/>\n^ Nahe Bergstation<\/p>\n<p><a href='http:\/\/ski.inmontanis.info\/d\/121976-3\/DSCF0342.jpg'><img src=http:\/\/ski.inmontanis.info\/d\/121975-3\/DSCF0342.jpg \/><\/a><br \/>\n^ Ehemalige Portalst\u00fctzenfundamente<\/p>\n<p><img src=http:\/\/ski.inmontanis.info\/d\/122037-3\/DSCF0344.jpg \/><br \/>\n^ Bergstation ESL und Po-Ebenen-Pano, in Bildmitte gl\u00e4nzt wei\u00df der Monte<br \/>\nRosa<\/p>\n<p><img src=http:\/\/ski.inmontanis.info\/d\/121981-3\/DSCF0346.jpg \/><br \/>\n^ Leichter Zoom Monte Rosa<\/p>\n<p><a href='http:\/\/ski.inmontanis.info\/d\/121985-3\/DSCF0348.jpg'><img src=http:\/\/ski.inmontanis.info\/d\/121984-3\/DSCF0348.jpg \/><\/a><br \/>\n^ Zoom Matterhorn<\/p>\n<p><a href='http:\/\/ski.inmontanis.info\/d\/121989-3\/DSCF0369.jpg'><img src=http:\/\/ski.inmontanis.info\/d\/121988-3\/DSCF0369.jpg \/><\/a><br \/>\n^ Zoom Monte Rosa<\/p>\n<p><a href='http:\/\/ski.inmontanis.info\/d\/121993-3\/DSCF0349.jpg'><img src=http:\/\/ski.inmontanis.info\/d\/121992-3\/DSCF0349.jpg \/><\/a><br \/>\n^ Zoom Monte Rosa<\/p>\n<p><a href='http:\/\/ski.inmontanis.info\/d\/121997-3\/DSCF0354.jpg'><img src=http:\/\/ski.inmontanis.info\/d\/121996-3\/DSCF0354.jpg \/><\/a><br \/>\n^ Abfahrt und Pano zum Monte Viso<\/p>\n<p><a href='http:\/\/ski.inmontanis.info\/d\/122001-3\/DSCF0365.jpg'><img src=http:\/\/ski.inmontanis.info\/d\/122000-3\/DSCF0365.jpg \/><\/a><br \/>\n^ Sendemast, Rifugio und Po-Ebene<\/p>\n<p><a href='http:\/\/ski.inmontanis.info\/d\/122005-3\/DSCF0367.jpg'><img src=http:\/\/ski.inmontanis.info\/d\/122004-3\/DSCF0367.jpg \/><\/a><br \/>\n^ Zoom in die Ebene<\/p>\n<p><a href='http:\/\/ski.inmontanis.info\/d\/122009-3\/DSCF0372.jpg'><img src=http:\/\/ski.inmontanis.info\/d\/122008-3\/DSCF0372.jpg \/><\/a><br \/>\n^ ESL-Bergstation und Pano<\/p>\n<p><img src=http:\/\/ski.inmontanis.info\/d\/122013-3\/DSCF0377.jpg \/><br \/>\n^ Mountainbike-Transport am ESL<\/p>\n<p><a href='http:\/\/ski.inmontanis.info\/d\/122017-3\/DSCF0388.jpg'><img src=http:\/\/ski.inmontanis.info\/d\/122016-3\/DSCF0388.jpg \/><\/a><br \/>\n^ Talfahrt<\/p>\n<p><a href='http:\/\/ski.inmontanis.info\/d\/122021-3\/DSCF0408.jpg'><img src=http:\/\/ski.inmontanis.info\/d\/122020-3\/DSCF0408.jpg \/><\/a><br \/>\n^ DSB-Bergstation (Graffer)<\/p>\n<p><a href='http:\/\/ski.inmontanis.info\/d\/122025-3\/DSCF0414.jpg'><img src=http:\/\/ski.inmontanis.info\/d\/122024-3\/DSCF0414.jpg \/><\/a><br \/>\n^ Talfahrt mit dem ESL, unter der DSB eine ehemalige SL-Talstation, rechts<br \/>\nbei den H\u00e4usern wird gebaut.<\/p>\n<p><a href='http:\/\/ski.inmontanis.info\/d\/122029-3\/DSCF0419.jpg'><img src=http:\/\/ski.inmontanis.info\/d\/122028-3\/DSCF0419.jpg \/><\/a><br \/>\n^ Talstationen SL, ESL, DSB<\/p>\n<p><img src=http:\/\/ski.inmontanis.info\/d\/122033-3\/DSCF0422.jpg \/><br \/>\n^ DSB-ESL-Strecke<\/p>\n<p><img src=http:\/\/ski.inmontanis.info\/d\/121944-2\/DSCF0358.jpg \/><br \/>\n^ Zoom Lurisia\/Monte Pigna von Frabosa\/Moro, man sieht das Rifugio, und<br \/>\nweiter links oberhalb des Waldes die Kappelle, bei der die omin\u00f6se St\u00fctze<br \/>\nsteht&#8230;.<\/p>\n<p><img src=http:\/\/ski.inmontanis.info\/d\/121940-2\/DSCF0357.jpg \/><br \/>\n^ Zoom Lurisia\/Monte Pigna von Frabosa\/Moro<br \/>\nDer Winkel der omin\u00f6sen St\u00fctze steht m.E. in etwa so, dass man bei den<br \/>\noberen oder unteren H\u00e4usern in Bildmitte oder alternativ weiter vorne und<br \/>\nbissl weiter unten  rausk\u00e4me (letzteres m\u00fcsste San Anna sein) &#8230; (!)<\/p>\n<p><img src=http:\/\/ski.inmontanis.info\/d\/121936-2\/DSCF0356.jpg \/><br \/>\n^ Zoom Lurisia\/Monte Pigna von Frabosa\/Moro<\/p>\n<p>Danach wollte ich noch schauen ob ich was zum Thema ESL R\u00fcckseite<br \/>\nLurisia\/Pigna finde &#8211; bin dann ewig ins Valle Ellero reingefahren, im<br \/>\nhinteren Teil eine krasse, einspurige Stra\u00dfe, irgendwann nur noch Schotter,<br \/>\ndann bin ich umgekehrt. Gefunden hab ich nichts, was auf eine ESL-Talstation<br \/>\nhindeuten w\u00fcrde.<\/p>\n<p><img src=http:\/\/ski.inmontanis.info\/d\/122041-2\/DSCF0433.jpg \/><br \/>\n^ Stra\u00dfe ins hintere Valle Ellero, das ist das Tal zwischen Artesina und<br \/>\nLurisia, von wo aus in Rastello die DSBs gen Artesina gehen<\/p>\n<p><a href='http:\/\/ski.inmontanis.info\/d\/122045-2\/DSCF0436.jpg'><img src=http:\/\/ski.inmontanis.info\/d\/122044-3\/DSCF0436.jpg \/><\/a><br \/>\n^ Stra\u00dfe ins hintere Valle Ellero<\/p>\n<p><img src=http:\/\/ski.inmontanis.info\/d\/122049-2\/DSCF0438.jpg \/><br \/>\n^ Ab hier wird aus der Asphaltstra\u00dfe eine Schotterstra\u00dfe<\/p>\n<p>Zur\u00fcck zur DSB, die in 2 Sektionen ins Skigebiet von Frabosa f\u00fchrt. Und mich<br \/>\netwas gewundert: Am Parkplatz der DSB gibt&#8217;s 2 Generationen<br \/>\nMarkierungsbemalung. Und beide stark verblichen. Aber die DSB gibt&#8217;s ja erst<br \/>\nseit 2006, und vorher war doch hier nichts!?<\/p>\n<p><a href='http:\/\/ski.inmontanis.info\/d\/122053-2\/DSCF0443.jpg'><img src=http:\/\/ski.inmontanis.info\/d\/122052-3\/DSCF0443.jpg \/><\/a><br \/>\n^ DSB Rastello (Sektion I)<\/p>\n<p><a href='http:\/\/ski.inmontanis.info\/d\/122057-2\/DSCF0444.jpg'><img src=http:\/\/ski.inmontanis.info\/d\/122056-3\/DSCF0444.jpg \/><\/a><br \/>\n^ Blick auf die andere Seite richtung Monte Pigna \/ Lurisa-Skigebiet, hier<br \/>\n1-2 Sektionen DSB und man h\u00e4tte Lurisia an Mondol\u00e9 angebunden.<\/p>\n<p><img src=http:\/\/ski.inmontanis.info\/d\/122061-2\/DSCF0449.jpg \/><br \/>\n^ Pistenplan, rechts unten die 2 Sektionen DSB aus Rastello \/ Valle Ellero.<br \/>\nDie schwarze Abfahrt an der untern DSB gibt&#8217;s noch nicht.<\/p>\n<p><a href='http:\/\/ski.inmontanis.info\/d\/122065-2\/DSCF0450.jpg'><img src=http:\/\/ski.inmontanis.info\/d\/122064-3\/DSCF0450.jpg \/><\/a><br \/>\n^ Talstation DSB Rastello<\/p>\n<p><a href='http:\/\/ski.inmontanis.info\/d\/122069-2\/DSCF0452.jpg'><img src=http:\/\/ski.inmontanis.info\/d\/122068-3\/DSCF0452.jpg \/><\/a><br \/>\n^ Talstation Rastello, die beiden Sektionen DSB haben zusammen fast 4 Mio.<br \/>\nEuro gekostet.<\/p>\n<p><a href='http:\/\/ski.inmontanis.info\/d\/122073-2\/DSCF0453.jpg'><img src=http:\/\/ski.inmontanis.info\/d\/122072-3\/DSCF0453.jpg \/><\/a><br \/>\n^ Parkplatz an der DSB Rastello. Daf\u00fcr, dass die DSB erst 2006 gebaut wurde,<br \/>\ngibt&#8217;s hier mehrfachte verblichene Einzeichnungen&#8230;. Gab&#8217;s den Parkplatz<br \/>\nschon vorher? Aber wof\u00fcr?<\/p>\n<p>Noch rauf zu San Anna, ab San Anna eine krasse schmale Stra\u00dfe, irgendwann<br \/>\nwar&#8217;s mir zu heftig. Bin noch etwas zu Fu\u00df weiter, aber auch hier nichts<br \/>\nwirklich gefunden, wobei das alles nichts hei\u00dfen muss :)<\/p>\n<p><a href='http:\/\/ski.inmontanis.info\/d\/122077-2\/DSCF0455.jpg'><img src=http:\/\/ski.inmontanis.info\/d\/122076-3\/DSCF0455.jpg \/><\/a><br \/>\n^ Auffahrt zu Sant&#8217;Anna, oben bereits der Monte Pigna mit seinen<br \/>\nSL-Bergstationen (Lurisia)<\/p>\n<p><a href='http:\/\/ski.inmontanis.info\/d\/122081-2\/DSCF0456.jpg'><img src=http:\/\/ski.inmontanis.info\/d\/122080-3\/DSCF0456.jpg \/><\/a><br \/>\n^ Sant&#8217;Anna, ab hier wird die Stra\u00dfe etwas schm\u00e4ler&#8230;<\/p>\n<p><a href='http:\/\/ski.inmontanis.info\/d\/122085-2\/DSCF0457.jpg'><img src=http:\/\/ski.inmontanis.info\/d\/122084-3\/DSCF0457.jpg \/><\/a><br \/>\n^ .. oder um genau zu sein, grenzwertig schmal. Irgendwann bin ich dann<br \/>\numgekehrt, paar Meter weiter gab&#8217;s dann eine gr\u00f6\u00dfere Kreuzung mit<br \/>\nFahrverbotsschildern<\/p>\n<p><a href='http:\/\/ski.inmontanis.info\/d\/122089-2\/DSCF0461.jpg'><img src=http:\/\/ski.inmontanis.info\/d\/122088-3\/DSCF0461.jpg \/><\/a><br \/>\n^ Die beiden DSBs Rastello und Borrello<\/p>\n<p><a href='http:\/\/ski.inmontanis.info\/d\/122093-2\/DSCF0462.jpg'><img src=http:\/\/ski.inmontanis.info\/d\/122092-3\/DSCF0462.jpg \/><\/a><br \/>\n^ Mittelstation DSBs Rastello-Borrello<\/p>\n<p>.. und das HD-Video vom ESL in Frabosa:<br \/>\n<object style=\"height: 500px; width: 900px\"><param name=\"movie\" value=\"http:\/\/www.youtube.com\/v\/BX9Ahn342-c\"><\/param><param name=\"wmode\" value=\"transparent\"><\/param><embed src=\"http:\/\/www.youtube.com\/v\/BX9Ahn342-c\" type=\"application\/x-shockwave-flash\" wmode=\"transparent\"  width=\"900\" height=\"480\"><\/embed><\/object><\/p>\n<p><em>Funi&#8217;talia-Tour 2010, Tag 8, Sa, 11.9.2010, Teil 3: Col de la Lombarde,<br \/>\nIsola -> Bielmonte<\/em><\/p>\n<p>Die ganze Sucherei hat nat\u00fclich wieder Zeit gekostet, es war inzwischen 15<br \/>\nUhr und ich wollte ja noch zum Col de la Lombarde. Weil ich ja den noch nie<br \/>\ngefahren bin. Und wenn ich schon in Frankreich bin &#8230;.<\/p>\n<p>.. wieso einfach, wenn&#8217;s auch kompliziert geht? Warum die Autobahn nach<br \/>\nTurin nehmen, wenn man in Frankreich \u00fcber ein paar P\u00e4sse fahren kann?  \u00dcber<br \/>\nCol de la Bonette, Col de Vars, Briancon, Montgenevre &#8230;. und dann weiter<br \/>\nnach Biella und Bielmonte, wo ich ja schon einen netten Parkplatz mit tollem<br \/>\nPano kenne.<\/p>\n<p><a href='http:\/\/extra.inmontanis.info\/d\/6522-2\/DSCF0466.jpg'><img src=http:\/\/extra.inmontanis.info\/d\/6520-3\/DSCF0466.jpg \/><\/a><br \/>\n^ Start der Stra\u00dfe zum Col de la Lombarde (italienische Seite)<\/p>\n<p><a href='http:\/\/extra.inmontanis.info\/d\/6526-2\/DSCF0470.jpg'><img src=http:\/\/extra.inmontanis.info\/d\/6525-3\/DSCF0470.jpg \/><\/a><br \/>\n^ Auffahrt zum Col de la Lombarde (Nord)<\/p>\n<p><a href='http:\/\/extra.inmontanis.info\/d\/6530-2\/DSCF0474.jpg'><img src=http:\/\/extra.inmontanis.info\/d\/6529-3\/DSCF0474.jpg \/><\/a><br \/>\n^ Auffahrt zum Col de la Lombarde (Nord)<\/p>\n<p><img src=http:\/\/extra.inmontanis.info\/d\/6534-2\/DSCF0480.jpg \/><br \/>\n^ Auffahrt zum Col de la Lombarde (Nord)<\/p>\n<p><img src=http:\/\/extra.inmontanis.info\/d\/6538-2\/DSCF0482.jpg \/><br \/>\n^ \u00dcberrascht war ich, als ich da rechts oben am Berg pl\u00f6tzlich h\u00e4user sah<br \/>\n&#8230;.<\/p>\n<p><a href='http:\/\/extra.inmontanis.info\/d\/6542-2\/DSCF0483.jpg'><img src=http:\/\/extra.inmontanis.info\/d\/6541-3\/DSCF0483.jpg \/><\/a><br \/>\n^ .. es handelt sich um das Santuario di Santa Anna<\/p>\n<p><img src=http:\/\/extra.inmontanis.info\/d\/6546-2\/DSCF0489.jpg \/><br \/>\n^ Auffahrt zum Col de la Lombarde (Nord)<\/p>\n<p><img src=http:\/\/extra.inmontanis.info\/d\/6550-2\/DSCF0490.jpg \/><br \/>\n^ Der Col de La Lombarde (links der Bildmitte)<\/p>\n<p><a href='http:\/\/extra.inmontanis.info\/d\/6554-2\/DSCF0497.jpg'><img src=http:\/\/extra.inmontanis.info\/d\/6553-3\/DSCF0497.jpg \/><\/a><br \/>\n^ Der Col de La Lombarde<\/p>\n<p><a href='http:\/\/extra.inmontanis.info\/d\/6558-2\/DSCF0499.jpg'><img src=http:\/\/extra.inmontanis.info\/d\/6557-3\/DSCF0499.jpg \/><\/a><br \/>\n^ Col de la Lombarde<\/p>\n<p><a href='http:\/\/extra.inmontanis.info\/d\/6562-2\/DSCF0500.jpg'><img src=http:\/\/extra.inmontanis.info\/d\/6561-3\/DSCF0500.jpg \/><\/a><br \/>\n^ Imbiss-Wagen am Col de la Lombarde<\/p>\n<p><img src=http:\/\/extra.inmontanis.info\/d\/6566-2\/DSCF0501.jpg \/><br \/>\n^ Col de la Lombarde, Nordrampe (Italien)<\/p>\n<p><a href='http:\/\/extra.inmontanis.info\/d\/6570-2\/DSCF0506.jpg'><img src=http:\/\/extra.inmontanis.info\/d\/6569-3\/DSCF0506.jpg \/><\/a><br \/>\n^ Col de la Lombarde, Scheitelpunkt<\/p>\n<p><a href='http:\/\/extra.inmontanis.info\/d\/6574-2\/DSCF0505.jpg'><img src=http:\/\/extra.inmontanis.info\/d\/6573-3\/DSCF0505.jpg \/><\/a><br \/>\n^ Col de la Lombarde, S\u00fcdrampe (Frankreich), man ist hier schon beinahe<br \/>\nmitten im Skigebiet von Isola 2000<\/p>\n<p><a href='http:\/\/ski.inmontanis.info\/d\/122153-2\/DSCF0508.jpg'><img src=http:\/\/ski.inmontanis.info\/d\/122151-3\/DSCF0508.jpg \/><\/a><br \/>\n^ Blick vom Col de la Lombarde ins stark modellierte Skigebiet von Isola<br \/>\n2000<\/p>\n<p><a href='http:\/\/ski.inmontanis.info\/d\/122157-2\/DSCF0509.jpg'><img src=http:\/\/ski.inmontanis.info\/d\/122156-3\/DSCF0509.jpg \/><\/a><br \/>\n^ Zoom ins Skigebiet von Isola 2000 vom Col de la Lombarde. Komplett<br \/>\nmodelliert, wie&#8217;s scheint :-(<\/p>\n<p><a href='http:\/\/ski.inmontanis.info\/d\/122161-2\/DSCF0510.jpg'><img src=http:\/\/ski.inmontanis.info\/d\/122160-3\/DSCF0510.jpg \/><\/a><br \/>\n^ Zoom ins Skigebiet von Isola 2000 vom Col de la Lombarde<\/p>\n<p><a href='http:\/\/ski.inmontanis.info\/d\/122165-2\/DSCF0511.jpg'><img src=http:\/\/ski.inmontanis.info\/d\/122164-3\/DSCF0511.jpg \/><\/a><br \/>\n^ Zoom ins Skigebiet von Isola 2000 vom Col de la Lombarde<\/p>\n<p><a href='http:\/\/ski.inmontanis.info\/d\/122169-2\/DSCF0514.jpg'><img src=http:\/\/ski.inmontanis.info\/d\/122168-3\/DSCF0514.jpg \/><\/a><br \/>\n^ Zoom ins Skigebiet von Isola 2000 vom Col de la Lombarde<\/p>\n<p><a href='http:\/\/ski.inmontanis.info\/d\/122173-2\/DSCF0515.jpg'><img src=http:\/\/ski.inmontanis.info\/d\/122172-3\/DSCF0515.jpg \/><\/a><br \/>\n^ Zoom ins Skigebiet von Isola 2000 vom Col de la Lombarde<\/p>\n<p>Fazit: Eins der Skigebiete in den S\u00fcdalpen, das ich die n\u00e4chsten Jahre nicht<br \/>\nbesuchen muss&#8230;<\/p>\n<p><a href='http:\/\/ski.inmontanis.info\/d\/122177-2\/DSCF0519.jpg'><img src=http:\/\/ski.inmontanis.info\/d\/122176-3\/DSCF0519.jpg \/><\/a><br \/>\n^ Talblick n\u00e4he Isola 2000 bzw. Stra\u00dfe nach Isola 2000<\/p>\n<p>Leider hat mein Navi die P\u00e4sse mit 60 km\/h Durchschnittsgeschwindigkeit<br \/>\nbemessen, so dass ich auf Lombarde, Bonette und Vars insg. ca. ne halbe<br \/>\nStunde verloren hatte.<\/p>\n<p>Naja, und wenn ich schon mal in Frankreich bin &#8230; k\u00f6nnte man ja noch kurz<br \/>\neinkaufen. Allerdings liegen auf den P\u00e4ssen herzlich wenig Superm\u00e4rkte. Den<br \/>\nn\u00e4chsten gr\u00f6\u00dferen kannte mein Navi in Guillestre, ein Intermarche,<br \/>\nAnkunftszeit kurz vor 19:30. Oder bis nach Briancon, ca. kurz vor 20:00. Was<br \/>\naber, wenn die Superm\u00e4rkte in Briancon Samstags nur bis 19:30 offen sind?<br \/>\nDann lieber in den in Guillestre schauen.<\/p>\n<p>Ankunft um 19:22, Schlie\u00dfung um 19:30. Da hei\u00dft&#8217;s fix sein, da bleibt nur<br \/>\nZeit f\u00fcr das &#8220;n\u00f6tigste&#8221; :) Immerhin ein paar Nachsachen erwischt, die ich<br \/>\nbei den letzten Superm\u00e4rkten nicht erhascht hatte. Sp\u00e4ter gemerkt: Der<br \/>\nCarrefour in Briancon h\u00e4tte auch bis 20h offen gehabt. Gut, ist jetzt<br \/>\nendlich mal notiert.<\/p>\n<p>So oft wie ich hier in Briancon bin! Zum 4 mal heuer schon! Und mindestens<br \/>\ngenauso oft bin ich den Mongenevre-Pass heuer schon gefahren. Unglaublich.<br \/>\nWenn ich gewusst h\u00e4tte, das sich im Juni und September hier r\u00fcber fahr, h\u00e4tt<br \/>\nich mir zu Pfingsten den Umweg gespart :)<\/p>\n<p>Klar, zum McDonalds, klar, ein Royal Bacon und ein Mousse au chocolat. Boah,<br \/>\nda war&#8217;s voll!<\/p>\n<p><a href='http:\/\/extra.inmontanis.info\/d\/6578-2\/DSCF0524.jpg'><img src=http:\/\/extra.inmontanis.info\/d\/6576-3\/DSCF0524.jpg \/><\/a><br \/>\n^ 20:20 Uhr, und im McDonalds in Briancon stehen die Leute 2-reihig bis zur<br \/>\nT\u00fcr! Aber auch an der McDrive-Spur waren massig Autos vor mir&#8230;.<\/p>\n<p>Weiter also nach Biella, \u00fcbernachten wollte ich wieder oben beim<br \/>\nSkigebiets-Parkplatz in Bielmonte. Hinter Biella hatte mich mein Navi aber<br \/>\nwieder falsch geleitet, eine einspurige Stra\u00dfe mit engenen Kehren, wo man<br \/>\nteilweise reversieren muss, ist in der Nacht nicht spassig, und wenn das<br \/>\nletzte St\u00fcck Verbinung gesperrt ist, und man wieder retour muss und eine<br \/>\nhalbe Stune verliert, ist das noch nerviger.<\/p>\n<p><a href='http:\/\/extra.inmontanis.info\/d\/6582-2\/DSCF0527.jpg'><img src=http:\/\/extra.inmontanis.info\/d\/6580-3\/DSCF0527.jpg \/><\/a><br \/>\n^ Kurz vor Oriomosso. Krasse Auffahrt&#8230;.<\/p>\n<p><a href='http:\/\/extra.inmontanis.info\/d\/6586-2\/DSCF0529.jpg'><img src=http:\/\/extra.inmontanis.info\/d\/6584-3\/DSCF0529.jpg \/><\/a><br \/>\n^ Da geradeaus meinte mein Navi ginge es nach Bielmonte. Hm, gesperrt,<br \/>\nsteil, dunkel &#8211; glaub das probier ich nicht aus &#8230;<\/p>\n<p><a href='http:\/\/extra.inmontanis.info\/d\/6590-2\/DSCF0533.jpg'><img src=http:\/\/extra.inmontanis.info\/d\/6588-3\/DSCF0533.jpg \/><\/a><br \/>\n^ &#8230; also wieder runter auf der krassen, schmalen, steilen Stra\u00dfe &#8230;<\/p>\n<p>Um 0:45 war ich schlie\u00dflich am Parkplatz und begab mich alsbald ins<br \/>\nBettchen, ohne noch sonderlich viel Nacht-Pano-Shots in die Ebene zu machen.<br \/>\nDer Umweg \u00fcber Frankreich war doch etwas &#8230; l\u00e4nger als gedacht.<\/p>\n<p><a href='http:\/\/ski.inmontanis.info\/d\/122181-2\/DSCF0534.jpg'><img src=http:\/\/ski.inmontanis.info\/d\/122180-3\/DSCF0534.jpg \/><\/a><br \/>\n^ Nacht-Pano zur Po-Ebene von Bielmonte<\/p>\n<p>Gegen 3 Uhr wurde ich noch von ein paar Hanseln geweckt, die meinten, mit<br \/>\ndem Auto hier einen Radau machen zu m\u00fcssen (sind ja etliche Wohnmobile<br \/>\nhier!), und sich in meiner n\u00e4he hinstellen und l\u00e4rmen mussten. Nerv!<\/p>\n<p><a href='http:\/\/extra.inmontanis.info\/d\/6594-2\/DSCF0538.jpg'><img src=http:\/\/extra.inmontanis.info\/d\/6592-3\/DSCF0538.jpg \/><\/a><br \/>\n^ Sleeping in the car &#8230; Na, wer findet die Ski, die ich leider umsonst<br \/>\ndiesen Sommer dabei hatte?<\/p>\n","protected":false},"excerpt":{"rendered":"<p>Funi&#8217;talia-Tour 2010, Tag 8, Sa, 11.9.2010, Teil 2: Frabosa und zwischen Farbosa und Lurisia<\/p>\n<p> <a href=\"http:\/\/blog.inmontanis.info\/?p=1436\">[&#8230;]<\/a><\/p>\n","protected":false},"author":1,"featured_media":0,"comment_status":"open","ping_status":"closed","sticky":false,"template":"","format":"standard","meta":{"footnotes":""},"categories":[89,16,15,229,59,30],"tags":[38,35,80],"class_list":["post-1436","post","type-post","status-publish","format-standard","hentry","category-funitalia","category-france","category-italienitaly","category-mondole","category-nostalgie","category-wandern","tag-dsb","tag-esl","tag-marchisio","odd"],"_links":{"self":[{"href":"http:\/\/blog.inmontanis.info\/index.php?rest_route=\/wp\/v2\/posts\/1436","targetHints":{"allow":["GET"]}}],"collection":[{"href":"http:\/\/blog.inmontanis.info\/index.php?rest_route=\/wp\/v2\/posts"}],"about":[{"href":"http:\/\/blog.inmontanis.info\/index.php?rest_route=\/wp\/v2\/types\/post"}],"author":[{"embeddable":true,"href":"http:\/\/blog.inmontanis.info\/index.php?rest_route=\/wp\/v2\/users\/1"}],"replies":[{"embeddable":true,"href":"http:\/\/blog.inmontanis.info\/index.php?rest_route=%2Fwp%2Fv2%2Fcomments&post=1436"}],"version-history":[{"count":5,"href":"http:\/\/blog.inmontanis.info\/index.php?rest_route=\/wp\/v2\/posts\/1436\/revisions"}],"predecessor-version":[{"id":1441,"href":"http:\/\/blog.inmontanis.info\/index.php?rest_route=\/wp\/v2\/posts\/1436\/revisions\/1441"}],"wp:attachment":[{"href":"http:\/\/blog.inmontanis.info\/index.php?rest_route=%2Fwp%2Fv2%2Fmedia&parent=1436"}],"wp:term":[{"taxonomy":"category","embeddable":true,"href":"http:\/\/blog.inmontanis.info\/index.php?rest_route=%2Fwp%2Fv2%2Fcategories&post=1436"},{"taxonomy":"post_tag","embeddable":true,"href":"http:\/\/blog.inmontanis.info\/index.php?rest_route=%2Fwp%2Fv2%2Ftags&post=1436"}],"curies":[{"name":"wp","href":"https:\/\/api.w.org\/{rel}","templated":true}]}}