{"id":1425,"date":"2010-10-26T22:50:53","date_gmt":"2010-10-26T20:50:53","guid":{"rendered":"http:\/\/blog.inmontanis.info\/?p=1425"},"modified":"2023-08-06T20:21:04","modified_gmt":"2023-08-06T18:21:04","slug":"pitztaler-gletscher-26-10-2010","status":"publish","type":"post","link":"http:\/\/blog.inmontanis.info\/?p=1425","title":{"rendered":"Pitztaler Gletscher, 26.10.2010"},"content":{"rendered":"<p>Nach 2 Wochenenden Schlechtwetter heute am Feiertag strahlender Sonnenschein &#8211; endlich mal wieder ein paar IR-Tests machen k\u00f6nnen &#8211; und ein paar Mega-Zooms mit der neuen Cam &#8230;.<!--more--><\/p>\n<p>&#8230; als ich daheim war, traute ich meinen Augen nicht: S\u00e4mtliche, und zwar wirklich s\u00e4mtliche Gipfel-Zooms waren unscharf. Die nach Italien, die zum Stubaier, die zum Kaunertaler, die auf-der-Suche-nach-dem-Pezid, die auf-der-Suche-nach-der-Zugspitze, einfach alle! Bei den IR-Fotos k\u00f6nnte man es ja noch auf generelle IR-Fokus-Probleme schieben. Aber bei der normalen Cam? Da war stets der Gipfelzug im unteren viertel\/f\u00fcnftel scharf, die dahinter liegenden Berge (in der Mitte des Bildes) jedoch komplett unscharf, trotz AF-Modus &#8220;Mitte&#8221; !? Grummel. Muss ich n\u00e4chstes Mal besser aufpassen \/ kontrollieren.<\/p>\n<p>Jetzt bei Sonnenschein hatte der Wei\u00dfabgleich auf Schnee beim B+W 099 Infracolor &#8211; Filter witzigerweise doch besser funktioniert. Rote Fl\u00e4chen gibt&#8217;s aber ja doch recht wenig in der H\u00f6he zu der Jahreszeit, so dass der Filter wohl nicht ganz zweckm\u00e4\u00dfig ist. Leider hatte ich meinen 850nm &#8211; Filter nicht dabei, das bisschen Farbe beim R72 fand ich diesmal nicht immer passend bzw. der Unterschied zu &#8220;ohne IR&#8221; zu gering, daher auf s\/w und Kontrastverst\u00e4rkt, vmtl. w\u00e4re das gleich mit dem 850nm-Filter besser gekommen.<\/p>\n<p>Ok, hier die Fotos, normal, IR mit R72, IR mit B+W 099, teilweise Farbkanal getauscht, teilweise mit den &#8220;Infracolor&#8221;-Formeln &#8230;<\/p>\n<p><img src=http:\/\/ski.inmontanis.info\/d\/121461-2\/DSCF2996.JPG \/><br \/>\n^ Standard-Foto links<\/p>\n<p><img src=http:\/\/ski.inmontanis.info\/d\/121465-2\/DSCF2995.JPG \/><br \/>\n^ .. und Standard-Foto rechts<\/p>\n<p><a href='http:\/\/ski.inmontanis.info\/d\/121469-2\/DSCF2998.JPG'><img src=http:\/\/ski.inmontanis.info\/d\/121467-3\/DSCF2998.JPG \/><\/a><br \/>\n^ Panorama-GUB war heute erst ab ca. 11:30 Uhr ge\u00f6ffnet.<\/p>\n<p><img src=http:\/\/ski.inmontanis.info\/d\/121473-2\/P1580361.JPG \/><br \/>\n^ Blick zur GUB mal anders &#8230; (IR\/R72, Kontrast verst\u00e4rkt. Das farbige Schild passt ja diesmal ganz gut!)<\/p>\n<p><a href='http:\/\/ski.inmontanis.info\/d\/121478-2\/DSCF3009.JPG'><img src=http:\/\/ski.inmontanis.info\/d\/121476-3\/DSCF3009.JPG \/><\/a><br \/>\n^ Steilhang \/ Felsriegel Mittelberg-Abfahrt. Der Kerl da oben blieb eine Zeit lang stehen &#8230;<\/p>\n<p><a href='http:\/\/ski.inmontanis.info\/d\/121482-2\/DSCF3012.JPG'><img src=http:\/\/ski.inmontanis.info\/d\/121480-3\/DSCF3012.JPG \/><\/a><br \/>\n^ Neuer Durchsto\u00df am Felsriegel Mittelberg-Abfahrt, geht r\u00fcber zur ehemaligen SL-Trasse (wo ja noch ein nettes Depot \u00fcbrig ist)<\/p>\n<p><img src=http:\/\/ski.inmontanis.info\/d\/121486-2\/DSCF3016.JPG \/><br \/>\n^ 8UEB Mittelberg (Zoom-Foto mit Schweizer-Weg-Route) (Zoom direkt in der Gondel, und zwar vom gegen\u00fcberliegenden Sitzplatz, also nix von wegen Cam an die Scheibe dr\u00fccken, damit man weniger Kratzer\/Dreck sieht, hat mich direkt erstaunt, dass das trotzdem so gut wurde ;) )<\/p>\n<p><a href='http:\/\/ski.inmontanis.info\/d\/121490-2\/DSCF3022.JPG'><img src=http:\/\/ski.inmontanis.info\/d\/121488-3\/DSCF3022.JPG \/><\/a><br \/>\n^ Mittelstation 8UEB Mittelberg f\u00fcr Gletschervergleichsfotos<\/p>\n<p><img src=http:\/\/ski.inmontanis.info\/d\/121494-2\/DSCF3024.JPG \/><br \/>\n^ Zick-Zack-Kurs der 8UEB Mittelberg<\/p>\n<p><img src=http:\/\/ski.inmontanis.info\/d\/121498-2\/DSCF3025.JPG \/><br \/>\n^ 8UEB Mittelberg Sektion 1+2 <\/p>\n<p><img src=http:\/\/ski.inmontanis.info\/d\/121502-2\/DSCF3026.JPG \/><br \/>\n^ 8UEB Mittelberg gen Pitz-Panorama-GUB (Zoom)<\/p>\n<p><img src=http:\/\/ski.inmontanis.info\/d\/121507-2\/DSCF3029.JPG \/><br \/>\n^ Italien-Pano<\/p>\n<p><a href='http:\/\/ski.inmontanis.info\/d\/121520-2\/DSCF3033.JPG'><img src=http:\/\/ski.inmontanis.info\/d\/121518-3\/DSCF3033.JPG \/><\/a><br \/>\n^ Standard-Foto Wildspitze<\/p>\n<p><img src=http:\/\/ski.inmontanis.info\/d\/121528-2\/P1580367.JPG \/><br \/>\n^ Nord-West-Pano (IR\/R72)<\/p>\n<p><img src=http:\/\/ski.inmontanis.info\/d\/121524-2\/P1580368.JPG \/><br \/>\n^ S\u00fcd-West-Pano (IR\/R72)<\/p>\n<p><img src=http:\/\/ski.inmontanis.info\/d\/121516-2\/P1580387.JPG \/><br \/>\n^ Zoom Italien (IR\/R72). Was war das nochmal f\u00fcr ein Skigebiet, dessen Schneise man da hinten so sch\u00f6n sieht? Brixen?<\/p>\n<p><img src=http:\/\/ski.inmontanis.info\/d\/121540-2\/P1580400i.jpg \/><br \/>\n^ Standard-Foto Fernerkogel\/Schwarze Schneid (IR\/BW099)<\/p>\n<p><img src=http:\/\/ski.inmontanis.info\/d\/121544-2\/P1580409i.jpg \/><br \/>\n^ Skiweg GUB-Bergstation (IR\/BW099)<\/p>\n<p><img src=http:\/\/ski.inmontanis.info\/d\/121548-2\/P1580411i.jpg \/><br \/>\n^ Leichter Zoom ins Pitztal (IR\/BW099)<\/p>\n<p><img src=http:\/\/ski.inmontanis.info\/d\/121511-2\/P1580398.JPG \/><br \/>\n^ GUB \/ S\u00f6lden \/ Stubai \/ Italien (IR\/R72)<\/p>\n<p><a href='http:\/\/ski.inmontanis.info\/d\/121532-2\/DSCF3064.JPG'><img src=http:\/\/ski.inmontanis.info\/d\/121530-3\/DSCF3064.JPG \/><\/a><br \/>\n^ Neue Pistenf\u00fchrung, die Abfahrt von der GUB quert nun nicht mehr direkt den SL sondern quert diesen nun erst unterhalb des Zwischeneinstiegs!<\/p>\n<p><img src=http:\/\/ski.inmontanis.info\/d\/121536-2\/P1580401i.jpg \/><br \/>\n^ GUB (IR\/BW099)<\/p>\n<p><img src=http:\/\/ski.inmontanis.info\/d\/121556-2\/P1580415.JPG \/><br \/>\n^ GUB (IR\/BW099, ohne Farbkorrektur)<\/p>\n<p><img src=http:\/\/ski.inmontanis.info\/d\/121552-2\/P1580414i.jpg \/><br \/>\n^ GUB (IR\/BW099, mit Farbkorrektur)<\/p>\n<p><img src=http:\/\/ski.inmontanis.info\/d\/121560-2\/P1580416.JPG \/><br \/>\n^ GUB-Abfahrt (IR\/R72)<\/p>\n<p><img src=http:\/\/ski.inmontanis.info\/d\/121564-2\/P1580427i.jpg \/><br \/>\n^ Am Parkplatz (IR\/BW099)<\/p>\n<p><img src=http:\/\/ski.inmontanis.info\/d\/121568-2\/P1580426.JPG \/><br \/>\n^ Berg links des Parkplatzes, IR\/R72,  kontrastverst\u00e4rkt, b\/w<\/p>\n<p><img src=http:\/\/ski.inmontanis.info\/d\/121572-2\/P1580428.JPG \/><br \/>\n^ .. und das gleiche in Gr\u00fcn mit dem orangenen BW099-Filter (etwas Kontrast verst\u00e4rkt und etwas S\u00e4ttigung reduziert, keine Farbkorrektur)<\/p>\n","protected":false},"excerpt":{"rendered":"<p>Nach 2 Wochenenden Schlechtwetter heute am Feiertag strahlender Sonnenschein &#8211; endlich mal wieder ein paar IR-Tests machen k\u00f6nnen &#8211; und ein paar Mega-Zooms mit der neuen Cam &#8230;.<\/p>\n<p> <a href=\"http:\/\/blog.inmontanis.info\/?p=1425\">[&#8230;]<\/a><\/p>\n","protected":false},"author":1,"featured_media":0,"comment_status":"open","ping_status":"closed","sticky":false,"template":"","format":"standard","meta":{"footnotes":""},"categories":[24,13,901,28],"tags":[53,83,90],"class_list":["post-1425","post","type-post","status-publish","format-standard","hentry","category-tagestour","category-austria","category-pitztaler-gletscher","category-skifahren-sommer","tag-8eub","tag-gub","tag-infrarot","odd"],"_links":{"self":[{"href":"http:\/\/blog.inmontanis.info\/index.php?rest_route=\/wp\/v2\/posts\/1425","targetHints":{"allow":["GET"]}}],"collection":[{"href":"http:\/\/blog.inmontanis.info\/index.php?rest_route=\/wp\/v2\/posts"}],"about":[{"href":"http:\/\/blog.inmontanis.info\/index.php?rest_route=\/wp\/v2\/types\/post"}],"author":[{"embeddable":true,"href":"http:\/\/blog.inmontanis.info\/index.php?rest_route=\/wp\/v2\/users\/1"}],"replies":[{"embeddable":true,"href":"http:\/\/blog.inmontanis.info\/index.php?rest_route=%2Fwp%2Fv2%2Fcomments&post=1425"}],"version-history":[{"count":3,"href":"http:\/\/blog.inmontanis.info\/index.php?rest_route=\/wp\/v2\/posts\/1425\/revisions"}],"predecessor-version":[{"id":9267,"href":"http:\/\/blog.inmontanis.info\/index.php?rest_route=\/wp\/v2\/posts\/1425\/revisions\/9267"}],"wp:attachment":[{"href":"http:\/\/blog.inmontanis.info\/index.php?rest_route=%2Fwp%2Fv2%2Fmedia&parent=1425"}],"wp:term":[{"taxonomy":"category","embeddable":true,"href":"http:\/\/blog.inmontanis.info\/index.php?rest_route=%2Fwp%2Fv2%2Fcategories&post=1425"},{"taxonomy":"post_tag","embeddable":true,"href":"http:\/\/blog.inmontanis.info\/index.php?rest_route=%2Fwp%2Fv2%2Ftags&post=1425"}],"curies":[{"name":"wp","href":"https:\/\/api.w.org\/{rel}","templated":true}]}}