{"id":1402,"date":"2010-09-11T08:00:47","date_gmt":"2010-09-11T06:00:47","guid":{"rendered":"http:\/\/blog.inmontanis.info\/?p=1402"},"modified":"2023-08-02T22:14:23","modified_gmt":"2023-08-02T20:14:23","slug":"lurisia-11-9-2010","status":"publish","type":"post","link":"http:\/\/blog.inmontanis.info\/?p=1402","title":{"rendered":"Lurisia, 11.9.2010"},"content":{"rendered":"<p><em>Funi&#8217;talia-Tour 2010, Tag 8, Sa, 11.9.2010, Teil 1: Lurisia<\/em><\/p>\n<p>(Sagt man jetzt egtl. Lur\u00ecsia oder Luris\u00eca ?)<br \/>\n<!--more--><br \/>\nNoch 3 Fotos vom Vorabend:<\/p>\n<p><a href='http:\/\/ski.inmontanis.info\/d\/121745-2\/DSCF0145.JPG'><img src=http:\/\/ski.inmontanis.info\/d\/121744-3\/DSCF0145.JPG \/><\/a><br \/>\n^ Talstation<\/p>\n<p><a href='http:\/\/ski.inmontanis.info\/d\/121749-2\/DSCF0149.JPG'><img src=http:\/\/ski.inmontanis.info\/d\/121748-3\/DSCF0149.JPG \/><\/a><br \/>\n^ Kostenaufteilung des neuen Gondellifts. Irgendwie schon komisch, in \u00d6sterreich werden so viele Bahnen mit EU-Hilfe gebaut, und hier hat die EU gar nix gezahlt&#8230;. <\/p>\n<p><a href='http:\/\/ski.inmontanis.info\/d\/121753-2\/DSCF0150.JPG'><img src=http:\/\/ski.inmontanis.info\/d\/121752-3\/DSCF0150.JPG \/><\/a><br \/>\n^ Sommer-Poster mit Betriebszeiten und Preise. Die ersten beiden Wochenenden im September ist ge\u00f6ffnet, also ist dieses Wochende das letzte. <\/p>\n<p>In der fr\u00fch am Campingplatz, es war recht frisch, war dann Duschen angesagt&#8230; Zum Gl\u00fcck hatte ich mir irgendwann nach dem letzten Sommerurlaub endlich Flipflops (0,50 oder 1,-) gekauft, ohne die w\u00e4re ich in diesem Sommerurlaub diesmal stark verzweifelt&#8230; Wasser war sehr warm und das erstaunlicherweise gleich nach dem Einwurf der Duschmarken.<\/p>\n<p>Da ich ja Zeit hatte, lie\u00df ich sie mir, und war bis 9:15 an der Talstation. 8,- kostete die Berg-&#038; Talfahrt, oben lie\u00df ich mir auch gen\u00fcgend Zeit, a\u00df sogar eine Focaccia und fragte zwecks \u00dcbernachten: 55,- \u20ac kostet die HP im Winter. Vielleicht schaff ich&#8217;s ja n\u00e4chsten Winter endlich mal, hier oben zu \u00fcbernachten &#8230;.<\/p>\n<p><em>Fotos, anklicken zum Vergr\u00f6\u00dfern:<\/em><\/p>\n<p><a href='http:\/\/ski.inmontanis.info\/d\/121757-2\/DSCF0153.JPG'><img src=http:\/\/ski.inmontanis.info\/d\/121756-3\/DSCF0153.JPG \/><\/a><br \/>\n^ Komplette Strecke des Gondellifts<\/p>\n<p><a href='http:\/\/ski.inmontanis.info\/d\/121761-2\/DSCF0155.JPG'><img src=http:\/\/ski.inmontanis.info\/d\/121760-3\/DSCF0155.JPG \/><\/a><br \/>\n^ Mini-Bar im ehemaligen Talstationsgeb\u00e4ude<\/p>\n<p><a href='http:\/\/ski.inmontanis.info\/d\/121765-2\/DSCF0165.JPG'><img src=http:\/\/ski.inmontanis.info\/d\/121764-3\/DSCF0165.JPG \/><\/a><br \/>\n^ Sommer-Fahrkarte<\/p>\n<p><img src=http:\/\/ski.inmontanis.info\/d\/121770-2\/DSCF0185.JPG \/><br \/>\n^ Monte Pigna<\/p>\n<p><a href='http:\/\/ski.inmontanis.info\/d\/121774-2\/DSCF0192.JPG'><img src=http:\/\/ski.inmontanis.info\/d\/121773-3\/DSCF0192.JPG \/><\/a><br \/>\n^ Bergstation der Cabinovia<\/p>\n<p><img src=http:\/\/ski.inmontanis.info\/d\/121778-2\/DSCF0193.JPG \/><br \/>\n^ Bergstationen SL Betulla und Margherita<\/p>\n<p><img src=http:\/\/ski.inmontanis.info\/d\/121782-2\/DSCF0194-96.jpg \/><br \/>\n^ Panorama in die Po-Ebene<\/p>\n<p><a href='http:\/\/ski.inmontanis.info\/d\/121786-2\/DSCF0268.JPG'><img src=http:\/\/ski.inmontanis.info\/d\/121785-3\/DSCF0268.JPG \/><\/a><br \/>\n^ Zoom \u00fcber die Ebene zu Matterhorn und Monte Rosa<\/p>\n<p><a href='http:\/\/ski.inmontanis.info\/d\/121790-2\/DSCF0204.JPG'><img src=http:\/\/ski.inmontanis.info\/d\/121789-3\/DSCF0204.JPG \/><\/a><br \/>\n^ Zoom in die Ebene<\/p>\n<p><a href='http:\/\/ski.inmontanis.info\/d\/121794-2\/DSCF0205.JPG'><img src=http:\/\/ski.inmontanis.info\/d\/121793-3\/DSCF0205.JPG \/><\/a><br \/>\n^ Pano<\/p>\n<p><a href='http:\/\/ski.inmontanis.info\/d\/121798-2\/DSCF0206.JPG'><img src=http:\/\/ski.inmontanis.info\/d\/121797-3\/DSCF0206.JPG \/><\/a><br \/>\n^ Pano ins Skigebiet von Frabosa bzw. Prato Nevoso-Artesina)<\/p>\n<p><img src=http:\/\/ski.inmontanis.info\/d\/121803-2\/DSCF0211.JPG \/><br \/>\n^ Ein paar Biker vergn\u00fcgen sich auf einer kleinen Schanze<\/p>\n<p><a href='http:\/\/ski.inmontanis.info\/d\/121807-3\/DSCF0213.JPG'><img src=http:\/\/ski.inmontanis.info\/d\/121806-3\/DSCF0213.JPG \/><\/a><br \/>\n^ Pano-Tafel<\/p>\n<p><a href='http:\/\/ski.inmontanis.info\/d\/121811-2\/DSCF0214.JPG'><img src=http:\/\/ski.inmontanis.info\/d\/121810-3\/DSCF0214.JPG \/><\/a><br \/>\n^ Baita Monte Pigna, Gipfel und die SL Genzianella und Pineta, links der kleine Beschneiungssee und dahinter die Kapelle<\/p>\n<p><a href='http:\/\/ski.inmontanis.info\/d\/121816-2\/DSCF0220.JPG'><img src=http:\/\/ski.inmontanis.info\/d\/121815-3\/DSCF0220.JPG \/><\/a><br \/>\n^ Auch aus einem \u00fcberbelichteten Foto &#8230;.<\/p>\n<p><a href='http:\/\/ski.inmontanis.info\/d\/121820-2\/DSCF0220_2.JPG'><img src=http:\/\/ski.inmontanis.info\/d\/121819-3\/DSCF0220_2.JPG \/><\/a><br \/>\n^ &#8230; kann man \u00fcberraschenderweise noch einiges herausholen!<\/p>\n<p><a href='http:\/\/ski.inmontanis.info\/d\/121824-2\/DSCF0245.JPG'><img src=http:\/\/ski.inmontanis.info\/d\/121823-3\/DSCF0245.JPG \/><\/a><br \/>\n^ W\u00e4hrend in der ehemaligen Talstation ein roter Korb steht, wurde hier an der Baita ein blauer stehen gelassen. Dahinter der SL Genzianella.<\/p>\n<p><img src=http:\/\/ski.inmontanis.info\/d\/121828-2\/DSCF0255.JPG \/><br \/>\n^ Beschneiungssee<\/p>\n<p><a href='http:\/\/ski.inmontanis.info\/d\/121832-2\/DSCF0246.JPG'><img src=http:\/\/ski.inmontanis.info\/d\/121831-3\/DSCF0246.JPG \/><\/a><br \/>\n^ Ehemalige SL-H\u00e4uschen<\/p>\n<p><a href='http:\/\/ski.inmontanis.info\/d\/121836-2\/DSCF0249.JPG'><img src=http:\/\/ski.inmontanis.info\/d\/121835-3\/DSCF0249.JPG \/><\/a><br \/>\n^ M\u00fcllhalde<\/p>\n<p><a href='http:\/\/ski.inmontanis.info\/d\/121840-2\/DSCF0250.JPG'><img src=http:\/\/ski.inmontanis.info\/d\/121839-3\/DSCF0250.JPG \/><\/a><br \/>\n^ M\u00fcllhalde<\/p>\n<p><a href='http:\/\/ski.inmontanis.info\/d\/121844-2\/DSCF0251.JPG'><img src=http:\/\/ski.inmontanis.info\/d\/121843-3\/DSCF0251.JPG \/><\/a><br \/>\n^ Ehemalige Marchisio-St\u00fctze. Wird m.E. f\u00fcr die Montage der Seilwinden-Aufbaus an der Pistenraupe verwendet &#8230; aber vielleicht kam von der S\u00fcdseite doch mal ein Lift hier rauf?<\/p>\n<p><a href='http:\/\/ski.inmontanis.info\/d\/121848-2\/DSCF0248.JPG'><img src=http:\/\/ski.inmontanis.info\/d\/121847-3\/DSCF0248.JPG \/><\/a><br \/>\n^ Links die Ex-St\u00fctze. Waldm\u00e4\u00dfig spricht nichts dagegen, dass da fr\u00fcher ein Lift h\u00e4tte raufgehen k\u00f6nnen, f\u00fcr einen SL w\u00e4r&#8217;s aber wohl zu steil, k\u00f6nnte maximal ein ESL gewesen sein. Wenn \u00fcberhaupt.<\/p>\n<p><a href='http:\/\/ski.inmontanis.info\/d\/121852-2\/DSCF0247.JPG'><img src=http:\/\/ski.inmontanis.info\/d\/121851-3\/DSCF0247.JPG \/><\/a><br \/>\n^ Blick mit der Ex-St\u00fctze in die andere Richtung, links die Kapelle<\/p>\n<p><a href='http:\/\/ski.inmontanis.info\/d\/121856-2\/DSCF0254.JPG'><img src=http:\/\/ski.inmontanis.info\/d\/121855-3\/DSCF0254.JPG \/><\/a><br \/>\n^ In exakt dieser Richtung st\u00fcnde die ehemalige St\u00fctze. Kapelle schaut neuer aus, w\u00e4re also auch kein Hindernis.<\/p>\n<p>Im Zuge der Nacharbeit hab ich gestern nun das Internet ziemlich abgegrast und konnte keinerlei Hinweise darauf finden, dass da einst ein Lift von der S\u00fcdseite (Rastello \/ Sant&#8217;Anna) herauf f\u00fchrte. Um das Jahr 2003 hatte man allerdings wohl ein Projekt am Laufen, von Rastello aus eine DSB in 1 oder 2 Sektionen rauf zu bauen, was aufgrund geologischer Schwierigkeiten im oberen Teil zu enormen Mehrkosten gef\u00fchrt h\u00e4tte. Einige Jahre sp\u00e4ter wurden ja dann die 2 Sektionen DSB von Rastello ins Skigebiet von Artesina \/ Mondol\u00e8 gebaut&#8230;. ganz gestorben d\u00fcrfte das Projekt aber nicht sein, da damit Lurisia an das Gro\u00dfskigebiet Mondole angeschlossen werden w\u00fcrde, was insofern interessant w\u00e4re, weil ja auf der anderen Seite des Skigebiets der ESL von Frabosa w\u00e4re :)<\/p>\n<p>W\u00e4re jedenfalls eine durchaus interessante Lifttour:<\/p>\n<p>Gondellift -> vmtl. Talfahrt mit DSB Sektion 1 -> Rastello -> Auffahrt DSB Rastello Sektion 1 -> DSB Sektion 2 -> Artesina -> 4 SB -> SL  -> SL -> Prato Nevoso -> 4SB oder 6KSB (igitt, da stand bei meinem Besuch noch eine DSB und nebendran 1-2 SL) -> Verbindungs-DSB -> Ankunft ESL nach 9 Liften<\/p>\n<p>Retour: ESL -> DSB Sekton 2 -> Verbindungs-DSB -> DSB -> SL -> Artesina -> DSB oder DSB+SL -> Talfahrt DSB Rastello Sektion 1 -> neue Bahn(en) -> Ankunft Monte Pigna<\/p>\n<p>Macht 18-20 Lifte, ein Gro\u00dfteil DSBs und ein paar SL, da w\u00e4re man einige Zeit unterwegs :)<\/p>\n<p>Ok, zur\u00fcck zur Vergangenheit.<\/p>\n<p>Was den Korblift in Lurisia angeht, gibt&#8217;s ja eine kleine Unstimmigkeit: Allgemein wird gesagt, er sei BJ 1964 oder 1965. In einer Marchisio-Referenzliste wird er aber nur mit 1978 gef\u00fchrt!<\/p>\n<p>S\u00e4mtliche Lifte, die hier in Lurisia stehen, mit Ausnahme des Gondellifts, sind die erste Generation. D.h. es gab weder einen Portalst\u00fctzen-SL noch einen Portalst\u00fctzen-ESL, nur der Korblift hatte an den Stationen derartige Portalst\u00fctzen.<\/p>\n<p>Dass die St\u00fctze in Betrieb war, kann man ja m.E. an den Rollenbatteriehaltern durchaus sehen. Ich h\u00e4tte da also mehrere Theorien:<\/p>\n<p>1) Sie wurde im Zuge des Umbaus 1978 (oder sp\u00e4ter), was auch immer da gemacht wurde, am Korblift \u00fcberfl\u00fcssig, und man hat sie dort hin gestellt. Evtl. wurde der Korblift 1964\/65 auch als ESL gebaut und erst 1978 in einen Korblift umgebaut und diese St\u00fctze hatte nicht mehr gepasst. Nur warum hat man sie damals hier aufgestellt? Damals hatte man sicher noch keinen Seilwindenaufbau an einer Pistenraupe, wozu h\u00e4tte sie hier dienen sollen?<\/p>\n<p>2) Es w\u00e4re durchaus m\u00f6glich, dass in den 60ern f\u00fcr wenige Jahre ein ESL von der S\u00fcdseite rauf gef\u00fchrt hat, entweder vom Tal oder vom Bereich Sant&#8217;Anna. Der Wald existierte damals vmtl. noch nicht, dass man im Internet keine Infos dar\u00fcber findet, w\u00e4re nicht sooo abwegig. Was dagegen spricht: Es gibt keinen Eintrag in der Marchisio-Referenzliste von 1950-1980.<\/p>\n<p>3) Man wollte einen ESL auf der S\u00fcdseite bauen, hat mit dem Bau angefangen und ist dann auf eben die geologischen Probleme gesto\u00dfen, die man auch 2003 im Zuge des Projekts entdeckt hat (?!)<\/p>\n<p>Diese beiden Funde n\u00e4hren die Theorie, dass hier doch einst ein ESL von der S\u00fcdseite gestanden haben k\u00f6nnte:<\/p>\n<p><img src=http:\/\/ski.inmontanis.info\/d\/121860-2\/DSCF0256.JPG \/><br \/>\n^ Talstation SL Genzianella. Da liegt viel interessantes rum, aber 2 Sachen sind ganz besonders interessant, finden sich hier doch mindestens 2 ESL-Sessel! Links ein langer, in Bildmitte vor dem Spannschacht ein k\u00fcrzerer<\/p>\n<p><a href='http:\/\/ski.inmontanis.info\/d\/121864-2\/DSCF0257.JPG'><img src=http:\/\/ski.inmontanis.info\/d\/121863-3\/DSCF0257.JPG \/><\/a><br \/>\n^ ESL-Sessel am SL Genzianella mit extra langem Geh\u00e4ngearm. Gibt&#8217;s ESL mit so langen Geh\u00e4ngen? Oder wurde der speziell als SL-Revisions-Sessel gemacht?<\/p>\n<p><a href='http:\/\/ski.inmontanis.info\/d\/121868-2\/DSCF0258.JPG'><img src=http:\/\/ski.inmontanis.info\/d\/121867-3\/DSCF0258.JPG \/><\/a><br \/>\n^ .. weiter hinten liegt dagegen ein Sessel mit einem k\u00fcrzeren Geh\u00e4ngearm. Warum ist der hier? Wo war der vorher? An welchem Lift lief der einst?<\/p>\n<p>Petz, Kris, k\u00f6nnt ihr evtl. &#8220;mehr&#8221; aus der St\u00fctze und den beiden Sesseln heraus lesen?<\/p>\n<p><a href='http:\/\/ski.inmontanis.info\/d\/121872-2\/DSCF0259.JPG'><img src=http:\/\/ski.inmontanis.info\/d\/121871-3\/DSCF0259.JPG \/><\/a><br \/>\n^ Steuerung SL Genzianella<\/p>\n<p><a href='http:\/\/ski.inmontanis.info\/d\/121876-2\/DSCF0260.JPG'><img src=http:\/\/ski.inmontanis.info\/d\/121875-3\/DSCF0260.JPG \/><\/a><br \/>\n^ Steuerung SL Genzianella<\/p>\n<p><a href='http:\/\/ski.inmontanis.info\/d\/121880-2\/DSCF0261.JPG'><img src=http:\/\/ski.inmontanis.info\/d\/121879-3\/DSCF0261.JPG \/><\/a><br \/>\n^ Pano mit Gondellift \/ SL Betulla<\/p>\n<p><a href='http:\/\/ski.inmontanis.info\/d\/121884-2\/DSCF0273.JPG'><img src=http:\/\/ski.inmontanis.info\/d\/121883-3\/DSCF0273.JPG \/><\/a><br \/>\n^ Talabfahrt<\/p>\n<p><a href='http:\/\/ski.inmontanis.info\/d\/121888-2\/DSCF0274.JPG'><img src=http:\/\/ski.inmontanis.info\/d\/121887-3\/DSCF0274.JPG \/><\/a><br \/>\n^ Die Kabinent\u00fcren bleiben im Sommer auch \u00fcber Nacht offen.<\/p>\n<p><a href='http:\/\/ski.inmontanis.info\/d\/121892-2\/DSCF0276.JPG'><img src=http:\/\/ski.inmontanis.info\/d\/121891-3\/DSCF0276.JPG \/><\/a><br \/>\n^ Rodungsarbeiten<\/p>\n<p><a href='http:\/\/ski.inmontanis.info\/d\/121896-2\/DSCF0284.JPG'><img src=http:\/\/ski.inmontanis.info\/d\/121895-3\/DSCF0284.JPG \/><\/a><br \/>\n^ Rodungsarbeiten<\/p>\n<p><a href='http:\/\/ski.inmontanis.info\/d\/121900-2\/DSCF0287.JPG'><img src=http:\/\/ski.inmontanis.info\/d\/121899-3\/DSCF0287.JPG \/><\/a><br \/>\n^ Gondellift<\/p>\n<p><a href='http:\/\/ski.inmontanis.info\/d\/121904-2\/DSCF0290.JPG'><img src=http:\/\/ski.inmontanis.info\/d\/121903-3\/DSCF0290.JPG \/><\/a><br \/>\n^ Talstation und Parkplatz<\/p>\n<p><a href='http:\/\/ski.inmontanis.info\/d\/121908-2\/DSCF0293.JPG'><img src=http:\/\/ski.inmontanis.info\/d\/121907-3\/DSCF0293.JPG \/><\/a><br \/>\n^ DSB Pian del Lupo. Lt. Pistenplan g\u00e4b&#8217;s ja hier 2 Fuoripista &#8211; Routen, aber vmtl. waren die vor 30 Jahren noch eher zu fahren. Allerdings geht ja auch eine Schotterstra\u00dfe rauf&#8230;.<\/p>\n<p>Zum Thema Baujahre der Lifte in Lurisia, alle Marchisio:<\/p>\n<p>1963 &#8211; SL Genzianella (blaue St\u00fctzen zum Gipfel, in Betrieb) (1-2 Jahre vor dem Korblift!!)<br \/>\n1963 &#8211; SL Margherita (in Betrieb, der flache)<br \/>\n1964 &#8211; SL Betulla (in Betrieb, der im oberen Teil parallele zum Korblift)<br \/>\n1964 oder 1965 &#8211; angeblich Baujahr des Korblifts<br \/>\n1965 &#8211; SL Loris (stillgelegt, im Tal unterhalb des Korblifts, evtl. steht noch was rum, hab auch erst jetzt gesehen, dass es da noch einen gab)<br \/>\n1970 &#8211; SL Erica (stillgelegt schon bei meinem ersten Besuch, inzwischen abgetragen)<br \/>\n1977 &#8211; DSB (in Betrieb)<br \/>\n1977 &#8211; SL Bucaneve (in Betrieb, 2. Sektion nach der DSB)<br \/>\n1980 &#8211; SL Pineta (in Betrieb, gelbe St\u00fctzen zum Gipfel)<br \/>\n.. 29 Jahre (!) wurde kein weiterer Lift gebaut oder ersetzt &#8230;<br \/>\n2009 &#8211; Gondellift (CCM)<\/p>\n<p>Interessant: SL Bucaneve hat blaue Vierkant-St\u00fctzen, SL Pineta gelbe Rundrohrst\u00fctzen. Evtl. hat CCM im Zuge einer Revision die St\u00fctzen am SL Bucaneve erneuert? Macht ja sonst wenig Sinn, dass Marchisio 3 Jahre sp\u00e4ter wieder die &#8220;alten&#8221; St\u00fctzen verbaut hatte? Andererseits, bei den \u00e4lteren SL Genzianella+Margherita mussten die St\u00fctzen nicht getauscht werden?! Bleibt auch wieder in beiden Richtungen unlogisch&#8230;)<\/p>\n<p>Und das HD-Video vom Gondellift in Lurisia:<br \/>\n<object style=\"height: 500px; width: 900px\"><param name=\"movie\" value=\"http:\/\/www.youtube.com\/v\/Vq5RnoiE7FY\"><\/param><param name=\"wmode\" value=\"transparent\"><\/param><embed src=\"http:\/\/www.youtube.com\/v\/Vq5RnoiE7FY\" type=\"application\/x-shockwave-flash\" wmode=\"transparent\"  width=\"900\" height=\"480\"><\/embed><\/object><br \/>\n<code><\/p>\n","protected":false},"excerpt":{"rendered":"<p>Funi&#8217;talia-Tour 2010, Tag 8, Sa, 11.9.2010, Teil 1: Lurisia<\/p>\n<p>(Sagt man jetzt egtl. Lur\u00ecsia oder Luris\u00eca ?)<\/p>\n<p> <a href=\"http:\/\/blog.inmontanis.info\/?p=1402\">[&#8230;]<\/a><\/p>\n","protected":false},"author":1,"featured_media":0,"comment_status":"open","ping_status":"closed","sticky":false,"template":"","format":"standard","meta":{"footnotes":""},"categories":[89,15,231,59],"tags":[63,80,47],"class_list":["post-1402","post","type-post","status-publish","format-standard","hentry","category-funitalia","category-italienitaly","category-lurisia","category-nostalgie","tag-korblift","tag-marchisio","tag-sl","odd"],"_links":{"self":[{"href":"http:\/\/blog.inmontanis.info\/index.php?rest_route=\/wp\/v2\/posts\/1402","targetHints":{"allow":["GET"]}}],"collection":[{"href":"http:\/\/blog.inmontanis.info\/index.php?rest_route=\/wp\/v2\/posts"}],"about":[{"href":"http:\/\/blog.inmontanis.info\/index.php?rest_route=\/wp\/v2\/types\/post"}],"author":[{"embeddable":true,"href":"http:\/\/blog.inmontanis.info\/index.php?rest_route=\/wp\/v2\/users\/1"}],"replies":[{"embeddable":true,"href":"http:\/\/blog.inmontanis.info\/index.php?rest_route=%2Fwp%2Fv2%2Fcomments&post=1402"}],"version-history":[{"count":7,"href":"http:\/\/blog.inmontanis.info\/index.php?rest_route=\/wp\/v2\/posts\/1402\/revisions"}],"predecessor-version":[{"id":9009,"href":"http:\/\/blog.inmontanis.info\/index.php?rest_route=\/wp\/v2\/posts\/1402\/revisions\/9009"}],"wp:attachment":[{"href":"http:\/\/blog.inmontanis.info\/index.php?rest_route=%2Fwp%2Fv2%2Fmedia&parent=1402"}],"wp:term":[{"taxonomy":"category","embeddable":true,"href":"http:\/\/blog.inmontanis.info\/index.php?rest_route=%2Fwp%2Fv2%2Fcategories&post=1402"},{"taxonomy":"post_tag","embeddable":true,"href":"http:\/\/blog.inmontanis.info\/index.php?rest_route=%2Fwp%2Fv2%2Ftags&post=1402"}],"curies":[{"name":"wp","href":"https:\/\/api.w.org\/{rel}","templated":true}]}}