{"id":1397,"date":"2010-08-22T23:00:47","date_gmt":"2010-08-22T22:00:47","guid":{"rendered":"http:\/\/blog.inmontanis.info\/?p=1397"},"modified":"2023-07-30T18:48:48","modified_gmt":"2023-07-30T16:48:48","slug":"oberaudorf-hochfelln-rauschberg-22-8-2010","status":"publish","type":"post","link":"http:\/\/blog.inmontanis.info\/?p=1397","title":{"rendered":"Oberaudorf, Hochfelln, Rauschberg 22.8.2010"},"content":{"rendered":"<p>Den dritten Tag der Oberbayern-Card legte ich auf den 22.8.2010<\/p>\n<p><em>(Fotos anklicken zum Vergr\u00f6\u00dfern)<br \/>\n<\/em><br \/>\nErstes Ziel &#8220;weils halt auf dem Weg lag&#8221;, <strong>Oberaudorf<\/strong>:<br \/>\n<!--more--><br \/>\n<a href='http:\/\/ski.inmontanis.info\/d\/120785-2\/DSCF7013.JPG'><img src=http:\/\/ski.inmontanis.info\/d\/120783-3\/DSCF7013.JPG \/><\/a><br \/>\n^ Talstation<\/p>\n<p><a href='http:\/\/ski.inmontanis.info\/d\/120789-2\/DSCF7017.JPG'><img src=http:\/\/ski.inmontanis.info\/d\/120788-3\/DSCF7017.JPG \/><\/a><br \/>\n^ Unterer Teil der Strecke und planierte Piste<\/p>\n<p><a href='http:\/\/ski.inmontanis.info\/d\/120793-2\/DSCF7019.JPG'><img src=http:\/\/ski.inmontanis.info\/d\/120792-3\/DSCF7019.JPG \/><\/a><br \/>\n^ Sommerrodelbahn<\/p>\n<p><a href='http:\/\/ski.inmontanis.info\/d\/120797-2\/DSCF7023.JPG'><img src=http:\/\/ski.inmontanis.info\/d\/120796-3\/DSCF7023.JPG \/><\/a><br \/>\n^ Zwischenausstieg, ohne Kuppelstelle, daher f\u00e4hrt die 4KSB im Sommer extra lahm&#8230;.<\/p>\n<p><a href='http:\/\/ski.inmontanis.info\/d\/120801-2\/DSCF7026.JPG'><img src=http:\/\/ski.inmontanis.info\/d\/120800-3\/DSCF7026.JPG \/><\/a><br \/>\n^ Oberer Streckenteil und SL<\/p>\n<p><a href='http:\/\/ski.inmontanis.info\/d\/120805-2\/DSCF7029.JPG'><img src=http:\/\/ski.inmontanis.info\/d\/120804-3\/DSCF7029.JPG \/><\/a><br \/>\n^ Bergstation und kurzer oberer SL<\/p>\n<p><a href='http:\/\/ski.inmontanis.info\/d\/120809-2\/DSCF7032.JPG'><img src=http:\/\/ski.inmontanis.info\/d\/120808-3\/DSCF7032.JPG \/><\/a><br \/>\n^ .. auf der anderen Seite des Zauns schmeckt&#8217;s eben besser.<\/p>\n<p><a href='http:\/\/ski.inmontanis.info\/d\/120813-2\/DSCF7039.JPG'><img src=http:\/\/ski.inmontanis.info\/d\/120812-3\/DSCF7039.JPG \/><\/a><br \/>\n^ Tal-Pano mit 4KSB-Bergstation<\/p>\n<p><a href='http:\/\/ski.inmontanis.info\/d\/120817-2\/P1560727.JPG'><img src=http:\/\/ski.inmontanis.info\/d\/120816-3\/P1560727.JPG \/><\/a><br \/>\n^ Schaut schon interessanter aus, alter blauer Leitner-SL.<\/p>\n<p><a href='http:\/\/ski.inmontanis.info\/d\/120821-2\/DSCF7058.JPG'><img src=http:\/\/ski.inmontanis.info\/d\/120820-3\/DSCF7058.JPG \/><\/a><br \/>\n^ Sprungschanze und Sommerrodelbahn-Kreisel<\/p>\n<p>Fazit: Jedenfalls wei\u00df ich, dass ich da nicht skifahren muss. Langweilig, modelliert, aufgrund der niedrigen Lage sicherlich eisiger Kunstschnee. Einzig der blaue Leitner-SL t\u00e4t mich interessieren.<\/p>\n<p>Zweites Ziel, der <strong>Hochfelln<\/strong>. Hatte ich mir im Winter auch schon \u00f6fters vorgenommen, aber leider nie geschafft. Die Abfahrt an der 2. Sektion gef\u00e4llt mir aber sehr, hoffentlich schaff ich&#8217;s diesen Winter.<\/p>\n<p><a href='http:\/\/ski.inmontanis.info\/d\/120827-2\/DSCF7060.JPG'><img src=http:\/\/ski.inmontanis.info\/d\/120825-3\/DSCF7060.JPG \/><\/a><br \/>\n^ Strecke Sektion I + II<\/p>\n<p><a href='http:\/\/ski.inmontanis.info\/d\/120831-2\/DSCF7069.JPG'><img src=http:\/\/ski.inmontanis.info\/d\/120830-3\/DSCF7069.JPG \/><\/a><br \/>\n^ Sektion I<\/p>\n<p><a href='http:\/\/ski.inmontanis.info\/d\/120835-2\/DSCF7071.JPG'><img src=http:\/\/ski.inmontanis.info\/d\/120834-3\/DSCF7071.JPG \/><\/a><br \/>\n^ Mittelstation<\/p>\n<p><a href='http:\/\/ski.inmontanis.info\/d\/120839-2\/DSCF7072.JPG'><img src=http:\/\/ski.inmontanis.info\/d\/120838-3\/DSCF7072.JPG \/><\/a><br \/>\n^ Sektion II<\/p>\n<p><a href='http:\/\/ski.inmontanis.info\/d\/120843-2\/DSCF7075.JPG'><img src=http:\/\/ski.inmontanis.info\/d\/120842-3\/DSCF7075.JPG \/><\/a><br \/>\n^ Garaventa, BJ 1970, 45+1 Personen<\/p>\n<p><a href='http:\/\/ski.inmontanis.info\/d\/120847-2\/DSCF7078.JPG'><img src=http:\/\/ski.inmontanis.info\/d\/120846-3\/DSCF7078.JPG \/><\/a><br \/>\n^ Mittelstation<\/p>\n<p><a href='http:\/\/ski.inmontanis.info\/d\/120851-2\/DSCF7082.JPG'><img src=http:\/\/ski.inmontanis.info\/d\/120850-3\/DSCF7082.JPG \/><\/a><br \/>\n^ Die beiden SL und Chiemsee<\/p>\n<p><a href='http:\/\/ski.inmontanis.info\/d\/120855-2\/DSCF7085.JPG'><img src=http:\/\/ski.inmontanis.info\/d\/120854-3\/DSCF7085.JPG \/><\/a><br \/>\n^ Sektion II, Mittelstation und SL-Abfahrten<\/p>\n<p><a href='http:\/\/ski.inmontanis.info\/d\/120859-2\/DSCF7093.JPG'><img src=http:\/\/ski.inmontanis.info\/d\/120858-3\/DSCF7093.JPG \/><\/a><br \/>\n^ Bergstation<\/p>\n<p><img src=http:\/\/ski.inmontanis.info\/d\/120863-2\/DSCF7094-96.jpg \/><br \/>\n^ Abfahrtshang von der Bergstation + stillgelegter Gipfel-SL (komplette Strecke) + Pano (Osten)<\/p>\n<p><a href='http:\/\/ski.inmontanis.info\/d\/120867-2\/DSCF7097.JPG'><img src=http:\/\/ski.inmontanis.info\/d\/120866-3\/DSCF7097.JPG \/><\/a><br \/>\n^ Talstation Gipfel-SL (stillgelegt)<\/p>\n<p><a href='http:\/\/ski.inmontanis.info\/d\/120871-2\/DSCF7102.JPG'><img src=http:\/\/ski.inmontanis.info\/d\/120870-3\/DSCF7102.JPG \/><\/a><br \/>\n^ Pano<\/p>\n<p><a href='http:\/\/ski.inmontanis.info\/d\/120875-2\/DSCF7107.JPG'><img src=http:\/\/ski.inmontanis.info\/d\/120874-3\/DSCF7107.JPG \/><\/a><br \/>\n^ Zoom Chiemsee<\/p>\n<p><a href='http:\/\/ski.inmontanis.info\/d\/120879-2\/DSCF7109.JPG'><img src=http:\/\/ski.inmontanis.info\/d\/120878-3\/DSCF7109.JPG \/><\/a><br \/>\n^ Alter Plan inkl. Baujahre: Gipfel-SL 1972, PB BJ 1970, Materialbahn BJ 1951<\/p>\n<p><img src=http:\/\/ski.inmontanis.info\/d\/120883-2\/DSCF7110.JPG \/><br \/>\n^ Pano und Bergstation<\/p>\n<p><a href='http:\/\/ski.inmontanis.info\/d\/120887-3\/DSCF7111.JPG'><img src=http:\/\/ski.inmontanis.info\/d\/120886-4\/DSCF7111.JPG \/><\/a><br \/>\n^ Material-Seilbahn<\/p>\n<p><a href='http:\/\/ski.inmontanis.info\/d\/120891-3\/DSCF7112.JPG'><img src=http:\/\/ski.inmontanis.info\/d\/120890-4\/DSCF7112.JPG \/><\/a><br \/>\n^ Material-Seilbahn<\/p>\n<p><a href='http:\/\/ski.inmontanis.info\/d\/120895-3\/DSCF7114.JPG'><img src=http:\/\/ski.inmontanis.info\/d\/120894-4\/DSCF7114.JPG \/><\/a><br \/>\n^ Material-Seilbahn<\/p>\n<p><a href='http:\/\/ski.inmontanis.info\/d\/120899-3\/DSCF7116.JPG'><img src=http:\/\/ski.inmontanis.info\/d\/120898-4\/DSCF7116.JPG \/><\/a><br \/>\n^ Pano mit Chiemsee<\/p>\n<p><a href='http:\/\/ski.inmontanis.info\/d\/120903-3\/DSCF7122-25.jpg'><img src=http:\/\/ski.inmontanis.info\/d\/120902-4\/DSCF7122-25.jpg \/><\/a><br \/>\n^ Pano<\/p>\n<p><a href='http:\/\/ski.inmontanis.info\/d\/120907-3\/DSCF7127.JPG'><img src=http:\/\/ski.inmontanis.info\/d\/120906-4\/DSCF7127.JPG \/><\/a><br \/>\n^ Gipfel<\/p>\n<p><a href='http:\/\/ski.inmontanis.info\/d\/120912-3\/DSCF7128.JPG'><img src=http:\/\/ski.inmontanis.info\/d\/120911-4\/DSCF7128.JPG \/><\/a><br \/>\n^ Irgendwelche alten Fundamente<\/p>\n<p><img src=http:\/\/ski.inmontanis.info\/d\/120916-3\/DSCF7131.JPG \/><br \/>\n^ Gipfel-Pano<\/p>\n<p><img src=http:\/\/ski.inmontanis.info\/d\/120920-3\/DSCF7133-138.jpg \/><br \/>\n^ S\u00fcd-Pano<\/p>\n<p><a href='http:\/\/ski.inmontanis.info\/d\/120924-3\/DSCF7152.JPG'><img src=http:\/\/ski.inmontanis.info\/d\/120923-4\/DSCF7152.JPG \/><\/a><br \/>\n^ Gletscher-Zoom<\/p>\n<p><a href='http:\/\/ski.inmontanis.info\/d\/120928-3\/DSCF7159.JPG'><img src=http:\/\/ski.inmontanis.info\/d\/120927-4\/DSCF7159.JPG \/><\/a><br \/>\n^ Zoom Kitzb\u00fcheler Horn und Gletscher<\/p>\n<p><a href='http:\/\/ski.inmontanis.info\/d\/120932-3\/DSCF7162.JPG'><img src=http:\/\/ski.inmontanis.info\/d\/120931-4\/DSCF7162.JPG \/><\/a><br \/>\n^ Schaltschrank Gipfel-SL<\/p>\n<p><a href='http:\/\/ski.inmontanis.info\/d\/120936-3\/DSCF7163.JPG'><img src=http:\/\/ski.inmontanis.info\/d\/120935-4\/DSCF7163.JPG \/><\/a><br \/>\n^ Gipfel-SL<\/p>\n<p><a href='http:\/\/ski.inmontanis.info\/d\/120940-3\/DSCF7164.JPG'><img src=http:\/\/ski.inmontanis.info\/d\/120939-4\/DSCF7164.JPG \/><\/a><br \/>\n^ Pano samt PB-Bergstation<\/p>\n<p><a href='http:\/\/ski.inmontanis.info\/d\/120944-3\/DSCF7166.JPG'><img src=http:\/\/ski.inmontanis.info\/d\/120943-4\/DSCF7166.JPG \/><\/a><br \/>\n^ Bl\u00fcmchen<\/p>\n<p><a href='http:\/\/ski.inmontanis.info\/d\/120948-3\/DSCF7168.JPG'><img src=http:\/\/ski.inmontanis.info\/d\/120947-4\/DSCF7168.JPG \/><\/a><br \/>\n^ PB Sektion II<\/p>\n<p><a href='http:\/\/ski.inmontanis.info\/d\/120952-3\/DSCF7170.JPG'><img src=http:\/\/ski.inmontanis.info\/d\/120951-4\/DSCF7170.JPG \/><\/a><br \/>\n^ PB Sektion II<\/p>\n<p><a href='http:\/\/ski.inmontanis.info\/d\/120956-3\/DSCF7171.JPG'><img src=http:\/\/ski.inmontanis.info\/d\/120955-4\/DSCF7171.JPG \/><\/a><br \/>\n^ PB Sektion II<\/p>\n<p><a href='http:\/\/ski.inmontanis.info\/d\/120960-3\/DSCF7174.JPG'><img src=http:\/\/ski.inmontanis.info\/d\/120959-4\/DSCF7174.JPG \/><\/a><br \/>\n^ PB Sektion II<\/p>\n<p><a href='http:\/\/ski.inmontanis.info\/d\/120964-3\/DSCF7177.JPG'><img src=http:\/\/ski.inmontanis.info\/d\/120963-4\/DSCF7177.JPG \/><\/a><br \/>\n^ PB Sektion II und Abfahrten. Schaut aber nett aus!<\/p>\n<p><a href='http:\/\/ski.inmontanis.info\/d\/120968-3\/DSCF7186.JPG'><img src=http:\/\/ski.inmontanis.info\/d\/120967-4\/DSCF7186.JPG \/><\/a><br \/>\n^ Talstation<\/p>\n<p><a href='http:\/\/ski.inmontanis.info\/d\/120972-3\/DSCF7217.JPG'><img src=http:\/\/ski.inmontanis.info\/d\/120971-4\/DSCF7217.JPG \/><\/a><br \/>\n^ Zoom Hochfelln vom Rauschberg<\/p>\n<p>Drittes Ziel: <strong>Ruhpolding \/ Rauschberg<\/strong><\/p>\n<p>Kleine PB, oben ein ESL und ein SL und ein paar nette Talabfahrten. W\u00e4re genau mein Fall. F\u00fcr solche Skigebiete w\u00fcrd ich 100e km anreisen, aber was is? Stillgelegt &#038; abgebaut. &#8220;Die Liftanlagen waren nicht mehr zeitgem\u00e4\u00df&#8221;. Grummel. F\u00fcr Freerider sind die Talabfahrten aber wohl m\u00f6glich, Lawinenabsicherungen gibt&#8217;s aber wohl keine. F\u00e4hrt die PB im Winter? Wie schaut&#8217;s aus mit der Lawinengefahr dort im Allgemeinen? Wie viel fahren da, wie schnell verbuckelt die Piste?<\/p>\n<p><a href='http:\/\/ski.inmontanis.info\/d\/120978-3\/DSCF7144.JPG'><img src=http:\/\/ski.inmontanis.info\/d\/120976-4\/DSCF7144.JPG \/><\/a><br \/>\n^ Rauschberg vom Hochfelln gezoomt<\/p>\n<p><a href='http:\/\/ski.inmontanis.info\/d\/120982-3\/DSCF7098.JPG'><img src=http:\/\/ski.inmontanis.info\/d\/120981-4\/DSCF7098.JPG \/><\/a><br \/>\n^ Zoom DSB Unternberg vom Hochfelln<\/p>\n<p><img src=http:\/\/ski.inmontanis.info\/d\/120986-3\/P1560100.JPG \/><br \/>\n^ PB Rauschberg. Nette Strecke!<\/p>\n<p><a href='http:\/\/ski.inmontanis.info\/d\/120990-3\/DSCF7188.JPG'><img src=http:\/\/ski.inmontanis.info\/d\/120989-4\/DSCF7188.JPG \/><\/a><br \/>\n^ 3D-Plan (Lt. ADAC-Pre-Skiatlas 1956 gab&#8217;s fr\u00fcher sogar 3 Abfahrten &#8220;die in die N\u00e4he der Talstation f\u00fchren&#8221;)<\/p>\n<p><a href='http:\/\/ski.inmontanis.info\/d\/120994-3\/DSCF7189.JPG'><img src=http:\/\/ski.inmontanis.info\/d\/120993-4\/DSCF7189.JPG \/><\/a><br \/>\n^ ESL und SL sind inzwischen abgetragen :-(<\/p>\n<p><a href='http:\/\/ski.inmontanis.info\/d\/120998-3\/DSCF7193.JPG'><img src=http:\/\/ski.inmontanis.info\/d\/120997-4\/DSCF7193.JPG \/><\/a><br \/>\n^ PB Talstation und See<\/p>\n<p><a href='http:\/\/ski.inmontanis.info\/d\/121002-3\/DSCF7198.JPG'><img src=http:\/\/ski.inmontanis.info\/d\/121001-4\/DSCF7198.JPG \/><\/a><br \/>\n^ PB Gegenkabine<\/p>\n<p><a href='http:\/\/ski.inmontanis.info\/d\/121006-3\/DSCF7210.JPG'><img src=http:\/\/ski.inmontanis.info\/d\/121005-4\/DSCF7210.JPG \/><\/a><br \/>\n^ Alter Plan<\/p>\n<p><a href='http:\/\/ski.inmontanis.info\/d\/121010-3\/DSCF7208.JPG'><img src=http:\/\/ski.inmontanis.info\/d\/121009-4\/DSCF7208.JPG \/><\/a><br \/>\n^ Alte Fotos. Abfahrt schaut nett aus!<\/p>\n<p><a href='http:\/\/ski.inmontanis.info\/d\/121014-3\/DSCF7207.JPG'><img src=http:\/\/ski.inmontanis.info\/d\/121013-4\/DSCF7207.JPG \/><\/a><br \/>\n^ Alte Fotos<\/p>\n<p><a href='http:\/\/ski.inmontanis.info\/d\/121018-3\/DSCF7211.JPG'><img src=http:\/\/ski.inmontanis.info\/d\/121017-4\/DSCF7211.JPG \/><\/a><br \/>\n^ Alte Fotos<\/p>\n<p><a href='http:\/\/ski.inmontanis.info\/d\/121022-3\/DSCF7209.JPG'><img src=http:\/\/ski.inmontanis.info\/d\/121021-4\/DSCF7209.JPG \/><\/a><br \/>\n^ Alter Text. Lesenswert und leider nicht mehr aktuell &#8211; zumindest was das Skifahrn angeht :-(<\/p>\n<p><a href='http:\/\/ski.inmontanis.info\/d\/121026-3\/DSCF7251.JPG'><img src=http:\/\/ski.inmontanis.info\/d\/121025-4\/DSCF7251.JPG \/><\/a><br \/>\n^ Alter Text. Lesenswert und leider nicht mehr aktuell &#8211; zumindest was das Skifahrn angeht :-(<\/p>\n<p><a href='http:\/\/ski.inmontanis.info\/d\/121030-3\/DSCF7216.JPG'><img src=http:\/\/ski.inmontanis.info\/d\/121029-4\/DSCF7216.JPG \/><\/a><br \/>\n^ Pano richtung Chiemsee<\/p>\n<p><a href='http:\/\/ski.inmontanis.info\/d\/121034-3\/DSCF7218.JPG'><img src=http:\/\/ski.inmontanis.info\/d\/121033-4\/DSCF7218.JPG \/><\/a><br \/>\n^ Pano von der Bergstation richtung ehemaliges Skigebiet<\/p>\n<p><a href='http:\/\/ski.inmontanis.info\/d\/121038-3\/DSCF7220.JPG'><img src=http:\/\/ski.inmontanis.info\/d\/121037-4\/DSCF7220.JPG \/><\/a><br \/>\n^ Mal eine andere Form des Gipfelkreuzes &#8230;.<\/p>\n<p><a href='http:\/\/ski.inmontanis.info\/d\/121042-3\/DSCF7221.JPG'><img src=http:\/\/ski.inmontanis.info\/d\/121041-4\/DSCF7221.JPG \/><\/a><br \/>\n^ Drachenflieger<\/p>\n<p><a href='http:\/\/ski.inmontanis.info\/d\/121046-3\/DSCF7223.JPG'><img src=http:\/\/ski.inmontanis.info\/d\/121045-4\/DSCF7223.JPG \/><\/a><br \/>\n^ Ex-ESL-Bergstation<\/p>\n<p><a href='http:\/\/ski.inmontanis.info\/d\/121050-3\/DSCF7225-226.jpg'><img src=http:\/\/ski.inmontanis.info\/d\/121049-4\/DSCF7225-226.jpg \/><\/a><br \/>\n^ In der Senke m\u00fcsste lt. Plan irgendwo der SL gestanden sein &#8230;<\/p>\n<p><a href='http:\/\/ski.inmontanis.info\/d\/121054-3\/DSCF7237.JPG'><img src=http:\/\/ski.inmontanis.info\/d\/121053-4\/DSCF7237.JPG \/><\/a><br \/>\n^ Ex-ESL-Bergstation<\/p>\n<p><a href='http:\/\/ski.inmontanis.info\/d\/121058-3\/DSCF7230.JPG'><img src=http:\/\/ski.inmontanis.info\/d\/121057-4\/DSCF7230.JPG \/><\/a><br \/>\n^ Ex-ESL-Abfahrt<\/p>\n<p><a href='http:\/\/ski.inmontanis.info\/d\/121062-3\/DSCF7246.JPG'><img src=http:\/\/ski.inmontanis.info\/d\/121061-4\/DSCF7246.JPG \/><\/a><br \/>\n^ PB-Strecke (gesamt)<\/p>\n<p><a href='http:\/\/ski.inmontanis.info\/d\/121066-3\/DSCF7247.JPG'><img src=http:\/\/ski.inmontanis.info\/d\/121065-4\/DSCF7247.JPG \/><\/a><br \/>\n^ Zoom St\u00fctze<\/p>\n<p><a href='http:\/\/ski.inmontanis.info\/d\/121070-3\/DSCF7255.JPG'><img src=http:\/\/ski.inmontanis.info\/d\/121069-4\/DSCF7255.JPG \/><\/a><br \/>\n^ PB-Bergstation<\/p>\n<p><a href='http:\/\/ski.inmontanis.info\/d\/121074-3\/DSCF7266.JPG'><img src=http:\/\/ski.inmontanis.info\/d\/121073-4\/DSCF7266.JPG \/><\/a><br \/>\n^ PB-Talstation<\/p>\n<p><a href='http:\/\/ski.inmontanis.info\/d\/121079-3\/DSCF7270.JPG'><img src=http:\/\/ski.inmontanis.info\/d\/121078-4\/DSCF7270.JPG \/><\/a><br \/>\n^ Strecke PB<\/p>\n<p><a href='http:\/\/ski.inmontanis.info\/d\/121084-3\/DSCF7271.JPG'><img src=http:\/\/ski.inmontanis.info\/d\/121083-4\/DSCF7271.JPG \/><\/a><br \/>\n^ Zoom Bergstation<\/p>\n<p><a href='http:\/\/ski.inmontanis.info\/d\/121088-3\/DSCF7273.JPG'><img src=http:\/\/ski.inmontanis.info\/d\/121087-4\/DSCF7273.JPG \/><\/a><br \/>\n^ Talstation<\/p>\n<p>Fazit: Schade um das Skigebiet. W\u00fcrde die Talabfahrt aber im Winter gerne mal fahren, sofern die PB geht. Wenn jemand hinf\u00e4hrt -> bitte Bescheid geben ;-)<\/p>\n","protected":false},"excerpt":{"rendered":"<p>Den dritten Tag der Oberbayern-Card legte ich auf den 22.8.2010<\/p>\n<p>(Fotos anklicken zum Vergr\u00f6\u00dfern) Erstes Ziel &#8220;weils halt auf dem Weg lag&#8221;, Oberaudorf:<\/p>\n<p> <a href=\"http:\/\/blog.inmontanis.info\/?p=1397\">[&#8230;]<\/a><\/p>\n","protected":false},"author":1,"featured_media":0,"comment_status":"open","ping_status":"closed","sticky":false,"template":"","format":"standard","meta":{"footnotes":""},"categories":[12,24,263,274,30],"tags":[49,52,45,47],"class_list":["post-1397","post","type-post","status-publish","format-standard","hentry","category-germany","category-tagestour","category-hochfelln","category-oberaudorf","category-wandern","tag-4sb","tag-pb","tag-see","tag-sl","odd"],"_links":{"self":[{"href":"http:\/\/blog.inmontanis.info\/index.php?rest_route=\/wp\/v2\/posts\/1397","targetHints":{"allow":["GET"]}}],"collection":[{"href":"http:\/\/blog.inmontanis.info\/index.php?rest_route=\/wp\/v2\/posts"}],"about":[{"href":"http:\/\/blog.inmontanis.info\/index.php?rest_route=\/wp\/v2\/types\/post"}],"author":[{"embeddable":true,"href":"http:\/\/blog.inmontanis.info\/index.php?rest_route=\/wp\/v2\/users\/1"}],"replies":[{"embeddable":true,"href":"http:\/\/blog.inmontanis.info\/index.php?rest_route=%2Fwp%2Fv2%2Fcomments&post=1397"}],"version-history":[{"count":3,"href":"http:\/\/blog.inmontanis.info\/index.php?rest_route=\/wp\/v2\/posts\/1397\/revisions"}],"predecessor-version":[{"id":8889,"href":"http:\/\/blog.inmontanis.info\/index.php?rest_route=\/wp\/v2\/posts\/1397\/revisions\/8889"}],"wp:attachment":[{"href":"http:\/\/blog.inmontanis.info\/index.php?rest_route=%2Fwp%2Fv2%2Fmedia&parent=1397"}],"wp:term":[{"taxonomy":"category","embeddable":true,"href":"http:\/\/blog.inmontanis.info\/index.php?rest_route=%2Fwp%2Fv2%2Fcategories&post=1397"},{"taxonomy":"post_tag","embeddable":true,"href":"http:\/\/blog.inmontanis.info\/index.php?rest_route=%2Fwp%2Fv2%2Ftags&post=1397"}],"curies":[{"name":"wp","href":"https:\/\/api.w.org\/{rel}","templated":true}]}}