{"id":1394,"date":"2010-09-10T23:00:45","date_gmt":"2010-09-10T22:00:45","guid":{"rendered":"http:\/\/blog.inmontanis.info\/?p=1394"},"modified":"2010-11-21T13:54:22","modified_gmt":"2010-11-21T12:54:22","slug":"rapallo-montallegro-10-9-2010","status":"publish","type":"post","link":"http:\/\/blog.inmontanis.info\/?p=1394","title":{"rendered":"Rapallo &#8211; Montallegro, 10.9.2010"},"content":{"rendered":"<p><em>Funi&#8217;talia-Tour 2010, Tag 7, Fr, 10.9.2010, Teil 3: Rapallo &#8211; Montallegro<\/em><\/p>\n<p><img src=http:\/\/extra.inmontanis.info\/d\/4525-2\/funitalia2010b2.jpg \/><br \/>\n^ R Rapallo-Montallegro<\/p>\n<p>Dritte und letzte Seilbahn, nach kurzer Rast an einer Autobahnrastst\u00e4tte, war Rapallo n\u00e4he Genua. <!--more-->Hier geht eine PB zum Santuario Montallegro hoch. Meer-Pano oben ist aber teilweise sehr beschr\u00e4nkt, nach Genua konnte man auch nicht schauen. Aber immerhin r\u00fcber zur anderen K\u00fcstenseite&#8230;<\/p>\n<p>Fotos, anklicken zum Vergr\u00f6\u00dfern:<\/p>\n<p><a href='http:\/\/extra.inmontanis.info\/d\/6340-2\/DSCF9991.JPG'><img src=http:\/\/extra.inmontanis.info\/d\/6338-3\/DSCF9991.JPG \/><\/a><br \/>\n^ Talstation<\/p>\n<p><a href='http:\/\/extra.inmontanis.info\/d\/6344-2\/DSCF9993.JPG'><img src=http:\/\/extra.inmontanis.info\/d\/6343-3\/DSCF9993.JPG \/><\/a><br \/>\n^ Talstation<\/p>\n<p><a href='http:\/\/extra.inmontanis.info\/d\/6348-2\/DSCF9997.JPG'><img src=http:\/\/extra.inmontanis.info\/d\/6347-3\/DSCF9997.JPG \/><\/a><br \/>\n^ Strecke unterer Teil<\/p>\n<p><a href='http:\/\/extra.inmontanis.info\/d\/6352-2\/DSCF9999.JPG'><img src=http:\/\/extra.inmontanis.info\/d\/6351-3\/DSCF9999.JPG \/><\/a><br \/>\n^ Hersteller: Piemonte Funivie<\/p>\n<p><a href='http:\/\/extra.inmontanis.info\/d\/6356-2\/DSCF0001.JPG'><img src=http:\/\/extra.inmontanis.info\/d\/6355-3\/DSCF0001.JPG \/><\/a><br \/>\n^ Talstation<\/p>\n<p><a href='http:\/\/extra.inmontanis.info\/d\/6360-2\/DSCF0004.JPG'><img src=http:\/\/extra.inmontanis.info\/d\/6359-3\/DSCF0004.JPG \/><\/a><br \/>\n^ Talstation<\/p>\n<p><a href='http:\/\/extra.inmontanis.info\/d\/6364-2\/DSCF0005.JPG'><img src=http:\/\/extra.inmontanis.info\/d\/6363-3\/DSCF0005.JPG \/><\/a><br \/>\n^ Rapallo<\/p>\n<p><img src=http:\/\/extra.inmontanis.info\/d\/6368-2\/DSCF0008.JPG \/><br \/>\n^ Rapallo<\/p>\n<p><a href='http:\/\/extra.inmontanis.info\/d\/6372-2\/DSCF0020.JPG'><img src=http:\/\/extra.inmontanis.info\/d\/6371-3\/DSCF0020.JPG \/><\/a><br \/>\n^ Mittlerer Teil der Strecke, Meer, Autobahn<\/p>\n<p><a href='http:\/\/extra.inmontanis.info\/d\/6376-2\/DSCF0021.JPG'><img src=http:\/\/extra.inmontanis.info\/d\/6375-3\/DSCF0021.JPG \/><\/a><br \/>\n^ Kuriose St\u00fctze<\/p>\n<p><a href='http:\/\/extra.inmontanis.info\/d\/6380-2\/DSCF0024.JPG'><img src=http:\/\/extra.inmontanis.info\/d\/6379-3\/DSCF0024.JPG \/><\/a><br \/>\n^ Kurz vor der Bergstation<\/p>\n<p><a href='http:\/\/extra.inmontanis.info\/d\/6384-2\/DSCF0028.JPG'><img src=http:\/\/extra.inmontanis.info\/d\/6383-3\/DSCF0028.JPG \/><\/a><br \/>\n^ Bergstation<\/p>\n<p><a href='http:\/\/extra.inmontanis.info\/d\/6388-2\/DSCF0030.JPG'><img src=http:\/\/extra.inmontanis.info\/d\/6387-3\/DSCF0030.JPG \/><\/a><br \/>\n^ Bergstation<\/p>\n<p><a href='http:\/\/extra.inmontanis.info\/d\/6392-2\/DSCF0031.JPG'><img src=http:\/\/extra.inmontanis.info\/d\/6391-3\/DSCF0031.JPG \/><\/a><br \/>\n^ Bergstation<\/p>\n<p><a href='http:\/\/extra.inmontanis.info\/d\/6396-2\/DSCF0034.JPG'><img src=http:\/\/extra.inmontanis.info\/d\/6395-3\/DSCF0034.JPG \/><\/a><br \/>\n^ Dach der Bergstation. Aussicht k\u00f6nnte etwas besser sein &#8230;.<\/p>\n<p><a href='http:\/\/extra.inmontanis.info\/d\/6400-2\/DSCF0037.JPG'><img src=http:\/\/extra.inmontanis.info\/d\/6399-3\/DSCF0037.JPG \/><\/a><br \/>\n^ Aufgang zum Santuario<\/p>\n<p><a href='http:\/\/extra.inmontanis.info\/d\/6404-2\/DSCF0042.JPG'><img src=http:\/\/extra.inmontanis.info\/d\/6403-3\/DSCF0042.JPG \/><\/a><br \/>\n^ Santuario Montallegro<\/p>\n<p><img src=http:\/\/extra.inmontanis.info\/d\/6408-2\/DSCF0043.JPG \/><br \/>\n^ Santuario. Wurden einige Vorbereitungen getroffen, wird wohl irgendein Fest sein. <\/p>\n<p><img src=http:\/\/extra.inmontanis.info\/d\/6412-2\/DSCF0046.JPG \/><br \/>\n^ Am Santuario hat man doch noch einen sch\u00f6nen Blick aufs Meer<\/p>\n<p><a href='http:\/\/extra.inmontanis.info\/d\/6416-2\/DSCF0050.JPG'><img src=http:\/\/extra.inmontanis.info\/d\/6415-3\/DSCF0050.JPG \/><\/a><br \/>\n^ .. und in Infrarot<\/p>\n<p><a href='http:\/\/extra.inmontanis.info\/d\/6420-2\/DSCF0054.JPG'><img src=http:\/\/extra.inmontanis.info\/d\/6419-3\/DSCF0054.JPG \/><\/a><br \/>\n^ Zoom Autobahn und Hafen<\/p>\n<p><a href='http:\/\/extra.inmontanis.info\/d\/6424-2\/DSCF0055.JPG'><img src=http:\/\/extra.inmontanis.info\/d\/6423-3\/DSCF0055.JPG \/><\/a><br \/>\n^ Pano in ca. Nord-Richtung<\/p>\n<p><a href='http:\/\/extra.inmontanis.info\/d\/6428-2\/DSCF0059.JPG'><img src=http:\/\/extra.inmontanis.info\/d\/6427-3\/DSCF0059.JPG \/><\/a><br \/>\n^ Hinterm Santuario geht&#8217;s weiter &#8230; zu einem Albergo<\/p>\n<p><a href='http:\/\/extra.inmontanis.info\/d\/6432-2\/DSCF0062.JPG'><img src=http:\/\/extra.inmontanis.info\/d\/6431-3\/DSCF0062.JPG \/><\/a><br \/>\n^ Aussichtskanzel auf dem Weg zum Albergo. Ist nur mittlerweile so verwachsen, dass es keine Aussicht mehr gibt &#8230;.<\/p>\n<p><a href='http:\/\/extra.inmontanis.info\/d\/6436-2\/DSCF0074.JPG'><img src=http:\/\/extra.inmontanis.info\/d\/6435-3\/DSCF0074.JPG \/><\/a><br \/>\n^ Weg zum Albergo<\/p>\n<p><img src=http:\/\/extra.inmontanis.info\/d\/6440-2\/DSCF0064.JPG \/><br \/>\n^ Albergo mit Sonnenterrasse und vielen Schatten spendenen B\u00e4umen, getreu dem Motto: Sehen tut man nix, aber wenigstens schwitzt man nicht so :) <\/p>\n<p><img src=http:\/\/extra.inmontanis.info\/d\/6444-2\/DSCF0065.JPG \/><br \/>\n^ Zoom von der Albergo-Terrasse zur PB<\/p>\n<p><img src=http:\/\/extra.inmontanis.info\/d\/6448-2\/DSCF0071.JPG \/><br \/>\n^ Blick vom Albergo r\u00fcber zum Santuario, am Horizont erkennt man die andere Seite der K\u00fcste  mit ihren Bergen <\/p>\n<p><img src=http:\/\/extra.inmontanis.info\/d\/6452-2\/DSCF0067.JPG \/><br \/>\n^ .. und gezoomt<\/p>\n<p><a href='http:\/\/extra.inmontanis.info\/d\/6456-2\/DSCF0072.JPG'><img src=http:\/\/extra.inmontanis.info\/d\/6455-3\/DSCF0072.JPG \/><\/a><br \/>\n^ Meer-Zoom<\/p>\n<p><a href='http:\/\/extra.inmontanis.info\/d\/6460-2\/DSCF0079.JPG'><img src=http:\/\/extra.inmontanis.info\/d\/6459-3\/DSCF0079.JPG \/><\/a><br \/>\n^ PB-Geh\u00e4nge in der Bergstation<\/p>\n<p><a href='http:\/\/extra.inmontanis.info\/d\/6464-2\/DSCF0086.JPG'><img src=http:\/\/extra.inmontanis.info\/d\/6463-3\/DSCF0086.JPG \/><\/a><br \/>\n^ Bergstation und Santuario<\/p>\n<p><a href='http:\/\/extra.inmontanis.info\/d\/6468-2\/DSCF0090.JPG'><img src=http:\/\/extra.inmontanis.info\/d\/6467-3\/DSCF0090.JPG \/><\/a><br \/>\n^ Die etwas kuriose St\u00fctze, rechts der Albergo mit der Schattenbaum-Terrasse<\/p>\n<p><img src=http:\/\/extra.inmontanis.info\/d\/6472-2\/DSCF0094.JPG \/><br \/>\n^ Gegenkabine<\/p>\n<p><a href='http:\/\/extra.inmontanis.info\/d\/6476-2\/DSCF0096.JPG'><img src=http:\/\/extra.inmontanis.info\/d\/6475-3\/DSCF0096.JPG \/><\/a><br \/>\n^ Kabine 1<\/p>\n<p><a href='http:\/\/extra.inmontanis.info\/d\/6480-2\/DSCF0098.JPG'><img src=http:\/\/extra.inmontanis.info\/d\/6479-3\/DSCF0098.JPG \/><\/a><br \/>\n^ Pano in der Kabine<\/p>\n<p><a href='http:\/\/extra.inmontanis.info\/d\/6484-2\/DSCF0100.JPG'><img src=http:\/\/extra.inmontanis.info\/d\/6483-3\/DSCF0100.JPG \/><\/a><br \/>\n^ St\u00fctze<\/p>\n<p><img src=http:\/\/extra.inmontanis.info\/d\/6488-2\/DSCF0105.JPG \/><br \/>\n^ Unterer Streckenteil. Auch hier wieder ein vermutlicher \u00dcberrest der Vorg\u00e4nger-St\u00fctze<\/p>\n<p><a href='http:\/\/extra.inmontanis.info\/d\/6492-2\/DSCF0110.JPG'><img src=http:\/\/extra.inmontanis.info\/d\/6491-3\/DSCF0110.JPG \/><\/a><br \/>\n^ Das ist die mit Abstand niedrigste Br\u00fccke, durch die ich jemals mit meinem Auto durch gefahren bin. War schon ein kurioses Gef\u00fchl :-)<\/p>\n<p><a href='http:\/\/extra.inmontanis.info\/d\/6496-2\/DSCF0111.JPG'><img src=http:\/\/extra.inmontanis.info\/d\/6495-3\/DSCF0111.JPG \/><\/a><br \/>\n^ Typischer Verkehr mit typischen furchtlosen Mopedfahren in einer typischen italienischen Stadt am Meer.<\/p>\n<p>Zum Schluss des Tages ging&#8217;s noch direkt nach Lurisia zum Korblift, schauen ob ich Infos bzgl. Betriebszeiten finde &#8211; irgendwo war dann doch noch ein Zettel versteckt, dass an den ersten beiden WE im September noch Betrieb ist. Ok. \u00dcber den weiteren Verlauf der n\u00e4chsten beiden Tage muss ich mir noch Gedanken machen. Zeitm\u00e4\u00dfig k\u00f6nnte man nach Lurisia durchaus Oropa nachmittags machen, h\u00e4tte dann aber das Problem, wo schlafen und was am Sonntag? Oder Oropa und Stresa am Sonntag und am Samstag nach Lurisia noch was anderes? Aber was? Bzw. wenn Lurisia+Oropa, was dann am Sonntag mit Stresa kombinieren? In der Gegend grob gesagt Simplon-Bergamo gibt&#8217;s haufenweise Bahnen, da hatte ich keine Zeit mehr, durchzusehen, was das interessanteste ist bzw. m\u00fcsste man da mal ein paar verl\u00e4ngerte Wochenende investieren&#8230; (n\u00e4chstes Jahr, wenn ich mir wieder die Schweizer Autobahn-Vignette kaufe)<\/p>\n<p>Campingplatzm\u00e4\u00dfig war&#8217;s auch wieder eine Sucherei&#8230; War ja inzwischen 19h, wo ich an der Talstation war. Der eine Campingplatz bei Roccaforte sah mir sehr eng und voll aus, dann richtung Cusio ist einer, sah auch sehr eng und sehr voll und schr\u00e4g aus. Bei Roccaforte war aber noch mal ein Abzweig, Bellavita. Wird wohl von Vater+Sohn gef\u00fchrt, Sohn spricht englisch, 10,- oder so kostete die Nacht inkl. Duschmarken, er hatte mir dann noch eine Pizzeria in Lurisia empfohlen, und einen Tipp wo ich besser parken sollte, wenn es morgens nicht gar so nass sein soll. In Summe nett und hilfsbereit, solche Campingpl\u00e4tze mag ich. Klopapier gibt&#8217;s aber keins. Duschkammer war ohne Sitzplatz und Extra-Abteil, aber recht sauber, die Sanit\u00e4reinrichtungen im Allgemeinen. War allerdings recht k\u00fchl heute Abend, so dass ich recht bald mit Str\u00fcmpfen, Hose und T-Shirt in den Schlafsack kroch.<\/p>\n<p>HD-Video:<\/p>\n<p><object style=\"height: 500px; width: 900px\"><param name=\"movie\" value=\"http:\/\/www.youtube.com\/v\/O0lXQOEt8AA\"><\/param><param name=\"wmode\" value=\"transparent\"><\/param><embed src=\"http:\/\/www.youtube.com\/v\/O0lXQOEt8AA\" type=\"application\/x-shockwave-flash\" wmode=\"transparent\"  width=\"900\" height=\"480\"><\/embed><\/object><\/p>\n","protected":false},"excerpt":{"rendered":"<p>Funi&#8217;talia-Tour 2010, Tag 7, Fr, 10.9.2010, Teil 3: Rapallo &#8211; Montallegro<\/p>\n<p> ^ R Rapallo-Montallegro<\/p>\n<p>Dritte und letzte Seilbahn, nach kurzer Rast an einer Autobahnrastst\u00e4tte, war Rapallo n\u00e4he Genua. <\/p>\n<p> <a href=\"http:\/\/blog.inmontanis.info\/?p=1394\">[&#8230;]<\/a><\/p>\n","protected":false},"author":1,"featured_media":0,"comment_status":"open","ping_status":"closed","sticky":false,"template":"","format":"standard","meta":{"footnotes":""},"categories":[89,15],"tags":[37,52],"class_list":["post-1394","post","type-post","status-publish","format-standard","hentry","category-funitalia","category-italienitaly","tag-meer","tag-pb","odd"],"_links":{"self":[{"href":"http:\/\/blog.inmontanis.info\/index.php?rest_route=\/wp\/v2\/posts\/1394","targetHints":{"allow":["GET"]}}],"collection":[{"href":"http:\/\/blog.inmontanis.info\/index.php?rest_route=\/wp\/v2\/posts"}],"about":[{"href":"http:\/\/blog.inmontanis.info\/index.php?rest_route=\/wp\/v2\/types\/post"}],"author":[{"embeddable":true,"href":"http:\/\/blog.inmontanis.info\/index.php?rest_route=\/wp\/v2\/users\/1"}],"replies":[{"embeddable":true,"href":"http:\/\/blog.inmontanis.info\/index.php?rest_route=%2Fwp%2Fv2%2Fcomments&post=1394"}],"version-history":[{"count":2,"href":"http:\/\/blog.inmontanis.info\/index.php?rest_route=\/wp\/v2\/posts\/1394\/revisions"}],"predecessor-version":[{"id":1396,"href":"http:\/\/blog.inmontanis.info\/index.php?rest_route=\/wp\/v2\/posts\/1394\/revisions\/1396"}],"wp:attachment":[{"href":"http:\/\/blog.inmontanis.info\/index.php?rest_route=%2Fwp%2Fv2%2Fmedia&parent=1394"}],"wp:term":[{"taxonomy":"category","embeddable":true,"href":"http:\/\/blog.inmontanis.info\/index.php?rest_route=%2Fwp%2Fv2%2Fcategories&post=1394"},{"taxonomy":"post_tag","embeddable":true,"href":"http:\/\/blog.inmontanis.info\/index.php?rest_route=%2Fwp%2Fv2%2Ftags&post=1394"}],"curies":[{"name":"wp","href":"https:\/\/api.w.org\/{rel}","templated":true}]}}