{"id":1382,"date":"2010-09-09T23:00:07","date_gmt":"2010-09-09T22:00:07","guid":{"rendered":"http:\/\/blog.inmontanis.info\/?p=1382"},"modified":"2010-11-21T13:43:45","modified_gmt":"2010-11-21T12:43:45","slug":"catino-elba-9-9-2010","status":"publish","type":"post","link":"http:\/\/blog.inmontanis.info\/?p=1382","title":{"rendered":"Catino + Elba, 9.9.2010"},"content":{"rendered":"<p><em>Funi&#8217;talia-Tour 2010, Tag 6, Do, 9.9.2010<\/em><\/p>\n<p><img src=http:\/\/extra.inmontanis.info\/d\/4525-2\/funitalia2010b2.jpg \/><br \/>\n^ N Campo Catino<br \/>\n^ O Elba<\/p>\n<p>Irgendwann ist er ja immer da &#8211; der Tag, wo mich irgendwann alles ankotzt. Dass es der heutige sein wird, war allerdings nicht wirklich klar&#8230;.<!--more--><\/p>\n<p>Obwohl, erste Anzeichen gab es ja schon heute fr\u00fch&#8230;.. geschlafen hatte ich ja neben dem ANAS-Haus oben in Campo Catino. Bereits um 6 herrschte da jedoch schon reges Treiben! 2 Arbeiter waren unterwegs. Bl\u00f6d. Peinlich. Nervig. Als der eine dann ins Fenster reinschaute, hab ich ihn freundlich angewunken, dann war er wohl ziemlich verdutzt :) Bin auch gleich aufgestanden und weiter gefahren bzw. noch ein paar Fotos gemacht. (Anklicken zum Vergr\u00f6\u00dfern, soweit nicht vergr\u00f6\u00dfert gepostet.)<\/p>\n<p><a href='http:\/\/ski.inmontanis.info\/d\/121401-2\/DSCF9423.JPG'><img src=http:\/\/ski.inmontanis.info\/d\/121400-3\/DSCF9423.JPG \/><\/a><br \/>\n^ Das erste, was man hier oben sieht, mitten im Kreisverkehr: Eine Ruine. <\/p>\n<p><a href='http:\/\/ski.inmontanis.info\/d\/121405-2\/DSCF9438.JPG'><img src=http:\/\/ski.inmontanis.info\/d\/121404-3\/DSCF9438.JPG \/><\/a><br \/>\n^ Pistenplan. Mittig P ist der Parkplatz, rechts die beiden SL, die zu den h\u00f6chsten Punkten gehen, ganz links der Sessellift<\/p>\n<p><a href='http:\/\/ski.inmontanis.info\/d\/121409-2\/DSCF9435.JPG'><img src=http:\/\/ski.inmontanis.info\/d\/121408-3\/DSCF9435.JPG \/><\/a><br \/>\n^ Campo links, zu sehen im linken Teil zwei stillgelegte SL, evtl. stand weiter rechts auch noch einer?<\/p>\n<p><a href='http:\/\/ski.inmontanis.info\/d\/121413-2\/DSCF9426.JPG'><img src=http:\/\/ski.inmontanis.info\/d\/121412-3\/DSCF9426.JPG \/><\/a><br \/>\n^ Stillgelegter Doppel-SL<\/p>\n<p><a href='http:\/\/ski.inmontanis.info\/d\/121417-2\/DSCF9427.JPG'><img src=http:\/\/ski.inmontanis.info\/d\/121416-3\/DSCF9427.JPG \/><\/a><br \/>\n^ Der mittlere Teil des Plateaus<\/p>\n<p><a href='http:\/\/ski.inmontanis.info\/d\/121421-2\/DSCF9432.JPG'><img src=http:\/\/ski.inmontanis.info\/d\/121420-3\/DSCF9432.JPG \/><\/a><br \/>\n^ .. und der rechte Teil mit den beiden h\u00f6chsten SL<\/p>\n<p><a href='http:\/\/ski.inmontanis.info\/d\/121425-2\/DSCF9436.JPG'><img src=http:\/\/ski.inmontanis.info\/d\/121424-3\/DSCF9436.JPG \/><\/a><br \/>\n^ Der vordere Doppel-SL, rechts neben der Bergstation lugt die DSB(?)-Bergstation<\/p>\n<p><a href='http:\/\/ski.inmontanis.info\/d\/121429-2\/DSCF9441.JPG'><img src=http:\/\/ski.inmontanis.info\/d\/121428-3\/DSCF9441.JPG \/><\/a><br \/>\n^ Neue Pistenmodellierung<\/p>\n<p><a href='http:\/\/ski.inmontanis.info\/d\/121433-2\/DSCF9443.JPG'><img src=http:\/\/ski.inmontanis.info\/d\/121432-3\/DSCF9443.JPG \/><\/a><br \/>\n^ Nochmal die Ruine im Kreisverkehr, von der anderen Seite<\/p>\n<p><a href='http:\/\/ski.inmontanis.info\/d\/121437-2\/DSCF9444.JPG'><img src=http:\/\/ski.inmontanis.info\/d\/121436-3\/DSCF9444.JPG \/><\/a><br \/>\n^ Modellierte rote DSB-Abfahrt<\/p>\n<p><a href='http:\/\/ski.inmontanis.info\/d\/121441-2\/DSCF9445.JPG'><img src=http:\/\/ski.inmontanis.info\/d\/121440-3\/DSCF9445.JPG \/><\/a><br \/>\n^ Modellierte rote DSB-Abfahrt. Immerhin sch\u00f6n schmal hier.<\/p>\n<p><a href='http:\/\/ski.inmontanis.info\/d\/121445-2\/DSCF9422.JPG'><img src=http:\/\/ski.inmontanis.info\/d\/121444-3\/DSCF9422.JPG \/><\/a><br \/>\n^ Pano ins Tal<\/p>\n<p><a href='http:\/\/ski.inmontanis.info\/d\/121449-2\/DSCF9448.JPG'><img src=http:\/\/ski.inmontanis.info\/d\/121448-3\/DSCF9448.JPG \/><\/a><br \/>\n^ Pano ins (etwas vernebelte) Tal<\/p>\n<p>Weiter zu Piombino, \u00fcber Rom und dann an der K\u00fcste rauf. Tja&#8230; Autobahnring, Verkehr, Stop and go &#8230;.. (ganz kurios: Mitten im Stau interviewte da so ein Radio-Sender die Autofahrer im Stau und hielt den Verkehr so noch etwas mehr auf)<\/p>\n<p><a href='http:\/\/extra.inmontanis.info\/d\/5796-2\/DSCF9454.JPG'><img src=http:\/\/extra.inmontanis.info\/d\/5794-3\/DSCF9454.JPG \/><\/a><br \/>\n^ Stau auf der Autobahn bei Rom<\/p>\n<p><a href='http:\/\/extra.inmontanis.info\/d\/5800-2\/DSCF9456.JPG'><img src=http:\/\/extra.inmontanis.info\/d\/5798-3\/DSCF9456.JPG \/><\/a><br \/>\n^ Autobahn mit Blick zum Meer<\/p>\n<p>Die ganze Fahrerei hab ich hin und her \u00fcberlegt, ob ich jetzt mit dem Auto nach Elba fahre oder nicht &#8230;. ist n\u00e4mlich alles nicht so rosig: der Bus f\u00e4hrt nur alle Stunde, und ben\u00f6tigt auch eine Stunde von Portoferraio bis zum Korblift. Ist doch alles gr\u00f6\u00dfer und weiter entfernt als erwartet&#8230;.<\/p>\n<p>Also doch mit dem Auto r\u00fcber. Um 12h war ich am Hafen in Piombino, netterweise hatte ich so die F\u00e4hre um 12:30 noch geschafft. F\u00e4hrt eine Stunde, also Ankunft um 13:30. Kosten mit Auto \u20ac 40,16 &#8211; ohne w\u00e4r&#8217;s ca. 30,- g\u00fcnstiger gewesen. Bin dann gleich r\u00fcber zum Korblift, der auch schon fuhr (also Mittagspause beendet).<\/p>\n<p><a href='http:\/\/extra.inmontanis.info\/d\/5806-3\/DSCF9465.JPG'><img src=http:\/\/extra.inmontanis.info\/d\/5804-3\/DSCF9465.JPG \/><\/a><br \/>\n^ Warten auf die F\u00e4hre am Hafen in Piombino<\/p>\n<p><img src=http:\/\/extra.inmontanis.info\/d\/5810-3\/DSCF9468.JPG \/><br \/>\n^ R\u00fcckblick zum Festland (Piombino)<\/p>\n<p><img src=http:\/\/extra.inmontanis.info\/d\/5814-3\/DSCF9467.JPG \/><br \/>\n^ Fabrik am Meer<\/p>\n<p><img src=http:\/\/extra.inmontanis.info\/d\/5818-3\/DSCF9470.JPG \/><br \/>\n^ Bestes Seefahrerwetter<\/p>\n<p><a href='http:\/\/extra.inmontanis.info\/d\/5822-3\/DSCF9475.JPG'><img src=http:\/\/extra.inmontanis.info\/d\/5821-3\/DSCF9475.JPG \/><\/a><br \/>\n^ Volle Kraft voraus!<\/p>\n<p><img src=http:\/\/extra.inmontanis.info\/d\/5826-3\/DSCF9486.JPG \/><br \/>\n^ R\u00fcckblick<\/p>\n<p><img src=http:\/\/extra.inmontanis.info\/d\/5830-3\/DSCF9489.JPG \/><br \/>\n^ Weit und breit kein Schiff zu sehen, nur ein paar Wolken setzen sich in Szene.<\/p>\n<p><img src=http:\/\/extra.inmontanis.info\/d\/5834-3\/DSCF9491.JPG \/><br \/>\n^ Au\u00dfen-Deck und R\u00fcckblick<\/p>\n<p><img src=http:\/\/extra.inmontanis.info\/d\/5838-3\/DSCF9493.JPG \/><br \/>\n^ Inselchen mit Leuchtturm vor Elba<\/p>\n<p><a href='http:\/\/extra.inmontanis.info\/d\/5842-3\/DSCF9501.JPG'><img src=http:\/\/extra.inmontanis.info\/d\/5841-3\/DSCF9501.JPG \/><\/a><br \/>\n^ Elba<\/p>\n<p><a href='http:\/\/extra.inmontanis.info\/d\/5846-3\/DSCF9507.JPG'><img src=http:\/\/extra.inmontanis.info\/d\/5845-3\/DSCF9507.JPG \/><\/a><br \/>\n^ Zoom zu einem Segel-Boot<\/p>\n<p><img src=http:\/\/extra.inmontanis.info\/d\/5850-3\/DSCF9513.JPG \/><br \/>\n^ Farbenspiele<\/p>\n<p><a href='http:\/\/extra.inmontanis.info\/d\/5854-2\/DSCF9516.JPG'><img src=http:\/\/extra.inmontanis.info\/d\/5853-3\/DSCF9516.JPG \/><\/a><br \/>\n^ Elba und andere F\u00e4hre<\/p>\n<p><a href='http:\/\/extra.inmontanis.info\/d\/5858-2\/DSCF9518.JPG'><img src=http:\/\/extra.inmontanis.info\/d\/5857-3\/DSCF9518.JPG \/><\/a><br \/>\n^ Toremar-F\u00e4hre<\/p>\n<p><img src=http:\/\/extra.inmontanis.info\/d\/5862-2\/DSCF9520.JPG \/><br \/>\n^ Sonne-Wolken-Schiffs-Pano<\/p>\n<p><a href='http:\/\/extra.inmontanis.info\/d\/5866-2\/DSCF9526.JPG'><img src=http:\/\/extra.inmontanis.info\/d\/5865-3\/DSCF9526.JPG \/><\/a><br \/>\n^ Mini-Insel<\/p>\n<p><a href='http:\/\/extra.inmontanis.info\/d\/5870-2\/DSCF9529.JPG'><img src=http:\/\/extra.inmontanis.info\/d\/5869-3\/DSCF9529.JPG \/><\/a><br \/>\n^ Zielhafen auf Elba: Portoferraio<\/p>\n<p><a href='http:\/\/extra.inmontanis.info\/d\/5874-2\/DSCF9530.JPG'><img src=http:\/\/extra.inmontanis.info\/d\/5873-3\/DSCF9530.JPG \/><\/a><br \/>\n^ Leichter Zoom zum Monte Capanne, dort geht der Korblift hinauf<\/p>\n<p><img src=http:\/\/extra.inmontanis.info\/d\/5878-2\/DSCF9535.JPG \/><br \/>\n^ Portoferraio<\/p>\n<p><img src=http:\/\/extra.inmontanis.info\/d\/5882-2\/DSCF9547.JPG \/><br \/>\n^ Stra\u00dfe am Meer, vor Marciana<\/p>\n<p><img src=http:\/\/extra.inmontanis.info\/d\/5886-2\/DSCF9549.JPG \/><br \/>\n^ Stra\u00dfe am Meer, vor Marciana<\/p>\n<p><a href='http:\/\/extra.inmontanis.info\/d\/5890-2\/DSCF9553.JPG'><img src=http:\/\/extra.inmontanis.info\/d\/5889-3\/DSCF9553.JPG \/><\/a><br \/>\n^ Ich seh weit und breit kein Anzeichen von dem Korblift &#8211; au\u00dfer einem Schild.<\/p>\n<p><a href='http:\/\/extra.inmontanis.info\/d\/5894-2\/DSCF9555.JPG'><img src=http:\/\/extra.inmontanis.info\/d\/5893-3\/DSCF9555.JPG \/><\/a><br \/>\n^ Prospekt + Fahrkarte. H+R 18,- ist ein stolzer Preis f\u00fcr italienische Verh\u00e4ltnisse.<\/p>\n<p><a href='http:\/\/extra.inmontanis.info\/d\/5898-2\/DSCF9559.JPG'><img src=http:\/\/extra.inmontanis.info\/d\/5897-3\/DSCF9559.JPG \/><\/a><br \/>\n^ Technische Daten<\/p>\n<p><a href='http:\/\/extra.inmontanis.info\/d\/5902-2\/DSCF9561.JPG'><img src=http:\/\/extra.inmontanis.info\/d\/5901-3\/DSCF9561.JPG \/><\/a><br \/>\n^ Original von Marchisio. Evtl.liegt&#8217;s daran, dass wir hier so nah am Meer sind, dass die Tafel verwitterter ausschaut?<\/p>\n<p><a href='http:\/\/extra.inmontanis.info\/d\/5906-2\/DSCF9562.JPG'><img src=http:\/\/extra.inmontanis.info\/d\/5905-3\/DSCF9562.JPG \/><\/a><br \/>\n^ Talstation<\/p>\n<p><a href='http:\/\/extra.inmontanis.info\/d\/5910-2\/DSCF9577.JPG'><img src=http:\/\/extra.inmontanis.info\/d\/5909-3\/DSCF9577.JPG \/><\/a><br \/>\n^ Strecke<\/p>\n<p><a href='http:\/\/extra.inmontanis.info\/d\/5914-2\/DSCF9584.JPG'><img src=http:\/\/extra.inmontanis.info\/d\/5913-3\/DSCF9584.JPG \/><\/a><br \/>\n^ Hab ich heuer \u00f6fters gesehen &#8211; dass man zu dritt im Korb ist. Wobei man da beim Einsteigen schon schnell sein muss .. :)<\/p>\n<p><img src=http:\/\/extra.inmontanis.info\/d\/5918-2\/DSCF9588.JPG \/><br \/>\n^ Korblift mit Meer-Pano<\/p>\n<p><img src=http:\/\/extra.inmontanis.info\/d\/5922-2\/DSCF9589.JPG \/><br \/>\n^ Strecke unterer-mittlerer Teil<\/p>\n<p><img src=http:\/\/extra.inmontanis.info\/d\/5926-2\/DSCF9602.JPG \/><br \/>\n^ Korblift + Meer<\/p>\n<p><a href='http:\/\/extra.inmontanis.info\/d\/5930-2\/DSCF9617.JPG'><img src=http:\/\/extra.inmontanis.info\/d\/5929-3\/DSCF9617.JPG \/><\/a><br \/>\n^ Bergstation<\/p>\n<p><a href='http:\/\/extra.inmontanis.info\/d\/5934-2\/DSCF9621.JPG'><img src=http:\/\/extra.inmontanis.info\/d\/5933-3\/DSCF9621.JPG \/><\/a><br \/>\n^ Bergstation<\/p>\n<p>Wetterm\u00e4\u00dfig war&#8217;s ja leider nix besonders, die schwarze Wolke r\u00fchrte sich nicht vom Fleck und machte das Fotografieren so leider recht sinnlos. Bin zum Gipfel rauf und wieder runter.<\/p>\n<p><a href='http:\/\/extra.inmontanis.info\/d\/5938-2\/DSCF9629.JPG'><img src=http:\/\/extra.inmontanis.info\/d\/5937-3\/DSCF9629.JPG \/><\/a><br \/>\n^ Bergstation<\/p>\n<p><a href='http:\/\/extra.inmontanis.info\/d\/5942-2\/DSCF9634.JPG'><img src=http:\/\/extra.inmontanis.info\/d\/5941-3\/DSCF9634.JPG \/><\/a><br \/>\n^ Zoom \u00fcber&#8217;s Meer zum Festland<\/p>\n<p><a href='http:\/\/extra.inmontanis.info\/d\/5946-2\/DSCF9635.JPG'><img src=http:\/\/extra.inmontanis.info\/d\/5945-3\/DSCF9635.JPG \/><\/a><br \/>\n^ Aufstieg zum Gipfel<\/p>\n<p><img src=http:\/\/extra.inmontanis.info\/d\/5950-2\/DSCF9636.JPG \/><br \/>\n^ Bergstation und Meer-Pano (Richtung Flachland)<\/p>\n<p><a href='http:\/\/extra.inmontanis.info\/d\/5954-2\/DSCF9640.JPG'><img src=http:\/\/extra.inmontanis.info\/d\/5953-3\/DSCF9640.JPG \/><\/a><br \/>\n^ Meer-Pano (richtung S\u00fcden oder S\u00fcdosten)<\/p>\n<p><a href='http:\/\/extra.inmontanis.info\/d\/5958-2\/DSCF9642.JPG'><img src=http:\/\/extra.inmontanis.info\/d\/5957-3\/DSCF9642.JPG \/><\/a><br \/>\n^ Elba von oben (\u00f6stliche Seite)<\/p>\n<p><img src=http:\/\/extra.inmontanis.info\/d\/5962-2\/DSCF9649.JPG \/><br \/>\n^ Der Hubschrauber-Landeplatz gibt tolle Foto-Motive<\/p>\n<p><a href='http:\/\/extra.inmontanis.info\/d\/5966-2\/DSCF9651.JPG'><img src=http:\/\/extra.inmontanis.info\/d\/5965-3\/DSCF9651.JPG \/><\/a><br \/>\n^ &#8230; von mir aus schaut&#8217;s doch sicher noch extremer aus :)<\/p>\n<p><img src=http:\/\/extra.inmontanis.info\/d\/5970-2\/DSCF9655-65.jpg \/><br \/>\n^ Pano-Stitch (Ost-Pano)<\/p>\n<p><a href='http:\/\/extra.inmontanis.info\/d\/5974-2\/DSCF9666.JPG'><img src=http:\/\/extra.inmontanis.info\/d\/5973-3\/DSCF9666.JPG \/><\/a><br \/>\n^ Korblift-Strecke<\/p>\n<p><a href='http:\/\/extra.inmontanis.info\/d\/5978-2\/DSCF9682.JPG'><img src=http:\/\/extra.inmontanis.info\/d\/5977-3\/DSCF9682.JPG \/><\/a><br \/>\n^ Ausblick<\/p>\n<p><img src=http:\/\/extra.inmontanis.info\/d\/5982-2\/DSCF9685.JPG \/><br \/>\n^ Ost-Pano (Panorama-Funktion der Cam)<\/p>\n<p><a href='http:\/\/extra.inmontanis.info\/d\/5986-2\/DSCF9696.JPG'><img src=http:\/\/extra.inmontanis.info\/d\/5985-3\/DSCF9696.JPG \/><\/a><br \/>\n^ Bergstation Korblift<\/p>\n<p><a href='http:\/\/extra.inmontanis.info\/d\/5990-2\/DSCF9694.JPG'><img src=http:\/\/extra.inmontanis.info\/d\/5989-3\/DSCF9694.JPG \/><\/a><br \/>\n^ Gipfel<\/p>\n<p><a href='http:\/\/extra.inmontanis.info\/d\/5994-2\/DSCF9695.JPG'><img src=http:\/\/extra.inmontanis.info\/d\/5993-3\/DSCF9695.JPG \/><\/a><br \/>\n^ Genug los, trotz des Wetters&#8230;<\/p>\n<p><a href='http:\/\/extra.inmontanis.info\/d\/5998-2\/DSCF9700.JPG'><img src=http:\/\/extra.inmontanis.info\/d\/5997-3\/DSCF9700.JPG \/><\/a><br \/>\n^ Irgendwann entleerte sich die Wolke dann doch, allerdings nur im Zentrum.<\/p>\n<p><a href='http:\/\/extra.inmontanis.info\/d\/6002-2\/DSCF9701.JPG'><img src=http:\/\/extra.inmontanis.info\/d\/6001-3\/DSCF9701.JPG \/><\/a><br \/>\n^ Korblift + Blick in die andere Richtung<\/p>\n<p><a href='http:\/\/extra.inmontanis.info\/d\/6006-2\/DSCF9714.JPG'><img src=http:\/\/extra.inmontanis.info\/d\/6005-3\/DSCF9714.JPG \/><\/a><br \/>\n^ Korblift<\/p>\n<p><a href='http:\/\/extra.inmontanis.info\/d\/6010-2\/DSCF9721.JPG'><img src=http:\/\/extra.inmontanis.info\/d\/6009-3\/DSCF9721.JPG \/><\/a><br \/>\n^ Talstation<\/p>\n<p>Wenn ich schon mal mit dem Auto da bin, kann ich auch etwas auf der Insel rumfahren &#8211; aber wieder gemerkt, alles viel weiter entfernt als man meint. <\/p>\n<p><img src=http:\/\/extra.inmontanis.info\/d\/6014-2\/DSCF9729.JPG \/><br \/>\n^ K\u00fcsten-Stra\u00dfe<\/p>\n<p><img src=http:\/\/extra.inmontanis.info\/d\/6018-2\/DSCF9730.JPG \/><br \/>\n^ K\u00fcsten-Stra\u00dfe (West- oder S\u00fcdseite)<\/p>\n<p><a href='http:\/\/extra.inmontanis.info\/d\/6022-2\/DSCF9735.JPG'><img src=http:\/\/extra.inmontanis.info\/d\/6021-3\/DSCF9735.JPG \/><\/a><br \/>\n^ Monte Perone &#8211; Stra\u00dfe. Die Schilder \u00fcbertreiben aber etwas&#8230; <\/p>\n<p>So war es schnell an der Zeit, einen Campingplatz zu suchen. Wollte gem\u00fctlich um 17-19h einen Campingplatz haben, Essen gehen, evtl Sonnenuntergang anschauen &#8230;.<\/p>\n<p>&#8230; erster Campingplatz, 2 Sterne: Unsympathisch eng, 23,50 \u20ac wollte er von mir haben! Neeee&#8230;.. Weiter zum n\u00e4chsten. Die Dame am Empfang musste erst mal den Chef anrufen &#8230;. Nein, Leute die im Auto schlafen, wollen wir nicht. Zelt oder Wohnmobil gerne. Ab zum n\u00e4chsten. War bl\u00f6derweise direkt am Strand, alles voll, und keine Umkehrm\u00f6glichkeit, da auch noch 2 Autos entgegenkamen: Die lange Zufahrt langsam im R\u00fcckw\u00e4rtsgang retour &#8230; *Schnauze voll*<\/p>\n<p>Den letzten Campingplatz erreichte ich dann um 19:40, der hatte das B\u00fcro nur bis 19:30 besetzt. Na super, blo\u00df weil ich oben etwas den Sonnenuntergang fotografiert hatte!!<\/p>\n<p><img src=http:\/\/extra.inmontanis.info\/d\/6026-2\/DSCF9741.JPG \/><br \/>\n^ Kurz vor Sonnenuntergang, gesehen von der Stra\u00dfe nach Nisporto, zu sehen auch der Hafen von Portoferraio<\/p>\n<p><img src=http:\/\/extra.inmontanis.info\/d\/6030-2\/DSCF9742.JPG \/><br \/>\n^ .. da scheint&#8217;s wohl auch etwas zu regnen&#8230;<\/p>\n<p><img src=http:\/\/extra.inmontanis.info\/d\/6034-2\/DSCF9743.JPG \/><br \/>\n^ Kurz vor Sonnenuntergang. Die Sonne geht aber nicht ins Meer unter, da ist wohl Korsika davor.. (?)<\/p>\n<p><img src=http:\/\/extra.inmontanis.info\/d\/6038-2\/DSCF9748.JPG \/><br \/>\n^ Kurz vor Sonnenuntergang<\/p>\n<p><a href='http:\/\/extra.inmontanis.info\/d\/6042-2\/DSCF9754.JPG'><img src=http:\/\/extra.inmontanis.info\/d\/6041-3\/DSCF9754.JPG \/><\/a><br \/>\n^ Schotter-Stra\u00dfe zwischen Nisporto und Bagnaia<\/p>\n<p>Tja, was nun? Um die Zeit bekommt man eh keinen Platz mehr auf nem Campingplatz. Hotel? Ne, dann komm ich morgen nicht fr\u00fch genug weg. Also kann ich genauso gut wieder ans Festland. N\u00e4chste F\u00e4hre um 21 Uhr, wieder Toremar, wieder 40,16 \u20ac, war auch der einzige ge\u00f6ffnete Fahrkartenverkauf, der mir \u00fcber den Weg lief. Mordsm\u00e4\u00dfig ge\u00e4rgert, dass ich mit dem Auto hier war &#8211; 60,- Extrakosten, sinnloserweise. 98,- \u20ac f\u00fcr eine Korbliftfahrt!!! Da komm ich ja schon fast auf&#8217;s Jungfraujoch&#8230;<\/p>\n<p><a href='http:\/\/extra.inmontanis.info\/d\/6046-2\/DSCF9756.JPG'><img src=http:\/\/extra.inmontanis.info\/d\/6045-3\/DSCF9756.JPG \/><\/a><br \/>\n^ Portoferraio bei Nacht<\/p>\n<p><a href='http:\/\/extra.inmontanis.info\/d\/6050-2\/DSCF9761.JPG'><img src=http:\/\/extra.inmontanis.info\/d\/6049-3\/DSCF9761.JPG \/><\/a><br \/>\n^ Portoferraio bei Nacht<\/p>\n<p><a href='http:\/\/extra.inmontanis.info\/d\/6054-2\/DSCF9766.JPG'><img src=http:\/\/extra.inmontanis.info\/d\/6053-3\/DSCF9766.JPG \/><\/a><br \/>\n^ Nacht-Schiff<\/p>\n<p><a href='http:\/\/extra.inmontanis.info\/d\/6058-2\/DSCF9773.JPG'><img src=http:\/\/extra.inmontanis.info\/d\/6057-3\/DSCF9773.JPG \/><\/a><br \/>\n^ Ankunft in Piombino<\/p>\n<p>Am Festland angekommen.. ja wohin jetzt? Hab mir dann auf der Karte eine &#8220;sehenswerte&#8221; und kurvenreiche Bergstra\u00dfe ausgesucht, da gibt&#8217;s normalerweise eher was als auf im Flachland.. Naja, irgendwann bin ich einer Schotter\/Feldweg-Abzweigung gefolgt und ein gro\u00dfer Platz im Wald, da blieb ich dann stehen. War auch schon kurz vor Mitternacht und mit meiner halben Beleuchtung macht es absolut keinen Spass, in der Nacht zu fahren. Ok, so lang keiner kommt, mit Fernlicht passt&#8217;s scho&#8230;<\/p>\n<p><a href='http:\/\/extra.inmontanis.info\/d\/6062-2\/DSCF9782.JPG'><img src=http:\/\/extra.inmontanis.info\/d\/6061-3\/DSCF9782.JPG \/><\/a><br \/>\n^ In diesem Albergo bekommt man wohl kein Zimmer mehr &#8230;..<\/p>\n<p>Hier noch das HD-Video vom Korblift auf Elba. Bonus: Schiffs\u00fcberfahrt + Autofahren auf Elba<\/p>\n<p><object style=\"height: 500px; width: 900px\"><param name=\"movie\" value=\"http:\/\/www.youtube.com\/v\/oKFKHZSlScY\"><\/param><param name=\"wmode\" value=\"transparent\"><\/param><embed src=\"http:\/\/www.youtube.com\/v\/oKFKHZSlScY\" type=\"application\/x-shockwave-flash\" wmode=\"transparent\"  width=\"900\" height=\"480\"><\/embed><\/object><br \/>\n<!--more--><\/p>\n","protected":false},"excerpt":{"rendered":"<p>Funi&#8217;talia-Tour 2010, Tag 6, Do, 9.9.2010<\/p>\n<p> ^ N Campo Catino ^ O Elba<\/p>\n<p>Irgendwann ist er ja immer da &#8211; der Tag, wo mich irgendwann alles ankotzt. Dass es der heutige sein wird, war allerdings nicht wirklich klar&#8230;.<\/p>\n<p> <a href=\"http:\/\/blog.inmontanis.info\/?p=1382\">[&#8230;]<\/a><\/p>\n","protected":false},"author":1,"featured_media":0,"comment_status":"open","ping_status":"closed","sticky":false,"template":"","format":"standard","meta":{"footnotes":""},"categories":[89,15,32],"tags":[63,37,47],"class_list":["post-1382","post","type-post","status-publish","format-standard","hentry","category-funitalia","category-italienitaly","category-lostplaces","tag-korblift","tag-meer","tag-sl","odd"],"_links":{"self":[{"href":"http:\/\/blog.inmontanis.info\/index.php?rest_route=\/wp\/v2\/posts\/1382","targetHints":{"allow":["GET"]}}],"collection":[{"href":"http:\/\/blog.inmontanis.info\/index.php?rest_route=\/wp\/v2\/posts"}],"about":[{"href":"http:\/\/blog.inmontanis.info\/index.php?rest_route=\/wp\/v2\/types\/post"}],"author":[{"embeddable":true,"href":"http:\/\/blog.inmontanis.info\/index.php?rest_route=\/wp\/v2\/users\/1"}],"replies":[{"embeddable":true,"href":"http:\/\/blog.inmontanis.info\/index.php?rest_route=%2Fwp%2Fv2%2Fcomments&post=1382"}],"version-history":[{"count":4,"href":"http:\/\/blog.inmontanis.info\/index.php?rest_route=\/wp\/v2\/posts\/1382\/revisions"}],"predecessor-version":[{"id":1386,"href":"http:\/\/blog.inmontanis.info\/index.php?rest_route=\/wp\/v2\/posts\/1382\/revisions\/1386"}],"wp:attachment":[{"href":"http:\/\/blog.inmontanis.info\/index.php?rest_route=%2Fwp%2Fv2%2Fmedia&parent=1382"}],"wp:term":[{"taxonomy":"category","embeddable":true,"href":"http:\/\/blog.inmontanis.info\/index.php?rest_route=%2Fwp%2Fv2%2Fcategories&post=1382"},{"taxonomy":"post_tag","embeddable":true,"href":"http:\/\/blog.inmontanis.info\/index.php?rest_route=%2Fwp%2Fv2%2Ftags&post=1382"}],"curies":[{"name":"wp","href":"https:\/\/api.w.org\/{rel}","templated":true}]}}