{"id":1378,"date":"2010-09-08T23:00:13","date_gmt":"2010-09-08T22:00:13","guid":{"rendered":"http:\/\/blog.inmontanis.info\/?p=1378"},"modified":"2023-08-04T18:22:54","modified_gmt":"2023-08-04T16:22:54","slug":"kalabrien-retour-8-9-2010","status":"publish","type":"post","link":"http:\/\/blog.inmontanis.info\/?p=1378","title":{"rendered":"Kalabrien &#038; retour, 8.9.2010"},"content":{"rendered":"<p><em>Funi&#8217;talia-Tour 2010, Tag 5, Mi, 8.9.2010<\/em><br \/>\n<!--more--><br \/>\n<img src=http:\/\/extra.inmontanis.info\/d\/4525-2\/funitalia2010b2.jpg \/><\/p>\n<p><a href='http:\/\/extra.inmontanis.info\/d\/5768-2\/DSCF9297.JPG'><img src=http:\/\/extra.inmontanis.info\/d\/5766-3\/DSCF9297.JPG \/><\/a><br \/>\n^ 7 Minuten vor Mitternacht, das Bett ist fertig, ich geh jetzt schlafen.<\/p>\n<p><a href='http:\/\/extra.inmontanis.info\/d\/5772-2\/DSCF9298.JPG'><img src=http:\/\/extra.inmontanis.info\/d\/5770-3\/DSCF9298.JPG \/><\/a><br \/>\n^ Bin ich fr\u00fcher noch stets \u00fcber die Heckklappe ins Bett, schwing ich mich seit einiger Zeit immer direkt vom Fahrersitz hinauf. Hier sitze ich am Bett und hab die Beine noch am Fahrersitz, eine viertel Drehung nach links ist also noch n\u00f6tig&#8230;.<\/p>\n<p>(Manchmal hat es eben doch seine Vorteile, wenn man kleiner als 170cm ist :) )<\/p>\n<p>Hab mich um kurz nach 6 wecken lassen (viel vor!) und erst mal hier in Sirino die Lifte kurz fotografiert und r\u00fcber zu Conserva gefahren, das ja an Sirino angebunden sein sollte.<\/p>\n<p><a href='http:\/\/ski.inmontanis.info\/d\/95969-3\/P1360445.JPG'><img src=http:\/\/ski.inmontanis.info\/d\/95968-4\/P1360445.JPG \/><\/a><br \/>\n^ Zur Erinnerung<\/p>\n<p><a href='http:\/\/ski.inmontanis.info\/d\/121262-2\/DSCF9299.JPG'><img src=http:\/\/ski.inmontanis.info\/d\/121261-3\/DSCF9299.JPG \/><\/a><br \/>\n^ Talstation DSB Monte Sirino im Sommer. Falls da Sommerbetrieb war, heute ist keiner.<\/p>\n<p><img src=http:\/\/ski.inmontanis.info\/d\/121266-2\/DSCF9301.JPG \/><br \/>\n^ .. daf\u00fcr konnte man mal die komplette DSB-Strecke sehen.<\/p>\n<p><a href='http:\/\/ski.inmontanis.info\/d\/121270-2\/DSCF9306.JPG'><img src=http:\/\/ski.inmontanis.info\/d\/121269-3\/DSCF9306.JPG \/><\/a><br \/>\n^ Skibr\u00fccke mit Agudio-Logo im Beton ?!?!<\/p>\n<p><a href='http:\/\/ski.inmontanis.info\/d\/121274-2\/DSCF9308.JPG'><img src=http:\/\/ski.inmontanis.info\/d\/121273-3\/DSCF9308.JPG \/><\/a><br \/>\n^ Skibr\u00fccke vom rechten SL Sirino (hinter mir), gegen\u00fcber der linke SL Principianti<\/p>\n<p><a href='http:\/\/ski.inmontanis.info\/d\/121278-2\/DSCF9311.JPG'><img src=http:\/\/ski.inmontanis.info\/d\/121277-3\/DSCF9311.JPG \/><\/a><br \/>\n^ Unfertiger Bau eines Alpinecoasters am SL Sirino.<\/p>\n<p><a href='http:\/\/ski.inmontanis.info\/d\/121282-2\/DSCF9313.JPG'><img src=http:\/\/ski.inmontanis.info\/d\/121281-3\/DSCF9313.JPG \/><\/a><br \/>\n^ Der rechte SL Sirino<\/p>\n<p><img src=http:\/\/ski.inmontanis.info\/d\/121286-2\/DSCF9315.JPG \/><br \/>\n^ Zoom DSB. Wozu die Abfahrt da oben modelliert ist!?<\/p>\n<p><a href='http:\/\/ski.inmontanis.info\/d\/121290-2\/DSCF9316.JPG'><img src=http:\/\/ski.inmontanis.info\/d\/121289-3\/DSCF9316.JPG \/><\/a><br \/>\n^ SL Conserva I<\/p>\n<p><a href='http:\/\/ski.inmontanis.info\/d\/121294-2\/DSCF9317.JPG'><img src=http:\/\/ski.inmontanis.info\/d\/121293-3\/DSCF9317.JPG \/><\/a><br \/>\n^ Kurzer, aber relativ neuer Graffer-SL Conserva I. Lt. Plan m\u00fcsste es rechts noch einen zweiten SL geben, dessen Abfahrt zur DSB f\u00fchrt.<\/p>\n<p><a href='http:\/\/extra.inmontanis.info\/d\/5776-2\/DSCF9320.JPG'><img src=http:\/\/extra.inmontanis.info\/d\/5774-3\/DSCF9320.JPG \/><\/a><br \/>\n^ Neue und alte A3 bei Lauria.<\/p>\n<p>Dann gings nach Calabrien. Erst mal nach <strong>Palumbo Sila<\/strong>. Ankunft kurz vor 10 Uhr, in Betireb war nichts. Ob der Aushang noch aktuell war? Keine Ahnung. Und ob das auch f\u00fcr&#8217;s Mattenskifahren gegolten h\u00e4tte?! F\u00fcr die Flachheit der Piste und unberegnet (Neveplast hat das ja nicht n\u00f6tig) war das Gras m.E. schon zu hoch?!<\/p>\n<p><a href='http:\/\/ski.inmontanis.info\/d\/121298-3\/DSCF9333.JPG'><img src=http:\/\/ski.inmontanis.info\/d\/121297-3\/DSCF9333.JPG \/><\/a><br \/>\n^ SB-Talstationen<\/p>\n<p><a href='http:\/\/ski.inmontanis.info\/d\/121302-3\/DSCF9335.JPG'><img src=http:\/\/ski.inmontanis.info\/d\/121301-3\/DSCF9335.JPG \/><\/a><br \/>\n^ \u00d6ffnungszeiten<\/p>\n<p><a href='http:\/\/ski.inmontanis.info\/d\/121306-3\/DSCF9336.JPG'><img src=http:\/\/ski.inmontanis.info\/d\/121305-3\/DSCF9336.JPG \/><\/a><br \/>\n^ Mattensommerskipiste samt F\u00f6rderband<\/p>\n<p><a href='http:\/\/ski.inmontanis.info\/d\/121310-3\/DSCF9338.JPG'><img src=http:\/\/ski.inmontanis.info\/d\/121309-3\/DSCF9338.JPG \/><\/a><br \/>\n^ Sommerski-Matten-Piste<\/p>\n<p><a href='http:\/\/ski.inmontanis.info\/d\/121315-2\/DSCF9343.JPG'><img src=http:\/\/ski.inmontanis.info\/d\/121314-3\/DSCF9343.JPG \/><\/a><br \/>\n^ Saison scheint wohl schon beendet zu sein, so hoch wie das Gras in den Matten steht. Ob die Matten den Winter \u00fcber bleiben k\u00f6nnen? Ohne dass sie von den Pistenraupen besch\u00e4digt werden?<\/p>\n<p>Weiter nach <strong>Lorica<\/strong>. Hatte ja leider keine Info im Internet hinsichtlich \u00d6ffnungszeiten gefunden. Aber: K\u00f6rbe leider schon abgebaut&#8230;. also dann eben die Stra\u00dfe rauf zur Bergstation, h\u00e4tte ich heut eh noch fahren wollen.<\/p>\n<p><a href='http:\/\/ski.inmontanis.info\/d\/121319-2\/DSCF9346.JPG'><img src=http:\/\/ski.inmontanis.info\/d\/121318-3\/DSCF9346.JPG \/><\/a><br \/>\n^ K\u00f6rbe bereits abgeh\u00e4ngt, Sommersaison ist schon beendet.<\/p>\n<p><a href='http:\/\/ski.inmontanis.info\/d\/121323-2\/DSCF9347.JPG'><img src=http:\/\/ski.inmontanis.info\/d\/121322-3\/DSCF9347.JPG \/><\/a><br \/>\n^ .. also dann eben die Stra\u00dfe zum Monte Botte Donato hinauf.<\/p>\n<p><a href='http:\/\/ski.inmontanis.info\/d\/121327-2\/DSCF9352.JPG'><img src=http:\/\/ski.inmontanis.info\/d\/121326-3\/DSCF9352.JPG \/><\/a><br \/>\n^ Stra\u00dfe ist unproblematisch zu fahren, hier die riesige Abzweigung zum Rifugio und zur Korblift-Bergstation<\/p>\n<p><a href='http:\/\/ski.inmontanis.info\/d\/121331-2\/DSCF9354.JPG'><img src=http:\/\/ski.inmontanis.info\/d\/121330-3\/DSCF9354.JPG \/><\/a><br \/>\n^ War das schon immer eine Schaukel, oder etwa einst eine SL-St\u00fctze?<\/p>\n<p><a href='http:\/\/ski.inmontanis.info\/d\/121335-2\/DSCF9356.JPG'><img src=http:\/\/ski.inmontanis.info\/d\/121334-3\/DSCF9356.JPG \/><\/a><br \/>\n^ Bergstation Korblift, wozu waren die Arbeiten hier n\u00f6tig? Ok, ich h\u00e4tte fragen k\u00f6nnen &#8230;<\/p>\n<p><a href='http:\/\/ski.inmontanis.info\/d\/121339-2\/DSCF9358.JPG'><img src=http:\/\/ski.inmontanis.info\/d\/121338-3\/DSCF9358.JPG \/><\/a><br \/>\n^ Dass die SL-Abfahrten stark modelliert sind, war mir ja im Winter schon klar.<\/p>\n<p><a href='http:\/\/ski.inmontanis.info\/d\/121343-2\/DSCF9359.JPG'><img src=http:\/\/ski.inmontanis.info\/d\/121342-3\/DSCF9359.JPG \/><\/a><br \/>\n^ Korblift-Pano an der Bergstation<\/p>\n<p><a href='http:\/\/ski.inmontanis.info\/d\/121347-2\/DSCF9362.JPG'><img src=http:\/\/ski.inmontanis.info\/d\/121346-3\/DSCF9362.JPG \/><\/a><br \/>\n^ Korblift-Bergstation<\/p>\n<p><a href='http:\/\/ski.inmontanis.info\/d\/121351-2\/DSCF9363.JPG'><img src=http:\/\/ski.inmontanis.info\/d\/121350-3\/DSCF9363.JPG \/><\/a><br \/>\n^ Bergstation SL<\/p>\n<p><a href='http:\/\/ski.inmontanis.info\/d\/121355-2\/DSCF9366.JPG'><img src=http:\/\/ski.inmontanis.info\/d\/121354-3\/DSCF9366.JPG \/><\/a><br \/>\n^ Doppel-SL<\/p>\n<p><a href='http:\/\/ski.inmontanis.info\/d\/121359-2\/DSCF9367.JPG'><img src=http:\/\/ski.inmontanis.info\/d\/121358-3\/DSCF9367.JPG \/><\/a><br \/>\n^ SL-Strecke<\/p>\n<p><a href='http:\/\/ski.inmontanis.info\/d\/121363-2\/DSCF9372.JPG'><img src=http:\/\/ski.inmontanis.info\/d\/121362-3\/DSCF9372.JPG \/><\/a><br \/>\n^ Die beiden Nascivera-SL scheinen ein unterschiedliches Baujahr zu haben.<\/p>\n<p><a href='http:\/\/ski.inmontanis.info\/d\/121367-2\/DSCF9373.JPG'><img src=http:\/\/ski.inmontanis.info\/d\/121366-3\/DSCF9373.JPG \/><\/a><br \/>\n^ Pano<\/p>\n<p><a href='http:\/\/ski.inmontanis.info\/d\/121371-2\/DSCF9378.JPG'><img src=http:\/\/ski.inmontanis.info\/d\/121370-3\/DSCF9378.JPG \/><\/a><br \/>\n^ Ex-SL auf dem Hochplateau, vmtl. die stillgelegte S\u00fcdseite vom Skigebiet Camigliatello Silano<\/p>\n<p><a href='http:\/\/ski.inmontanis.info\/d\/121375-2\/DSCF9380.JPG'><img src=http:\/\/ski.inmontanis.info\/d\/121374-3\/DSCF9380.JPG \/><\/a><br \/>\n^ Ex-SL<\/p>\n<p>Winterbericht Lorica &#038; Palumbo Sila:<br \/>\n<a href=\"http:\/\/www.sommerschi.com\/forum\/viewtopic.php?f=8&#038;t=1726&#038;p=21598#p21598\">http:\/\/www.sommerschi.com\/forum\/viewtopic.php?f=8&#038;t=1726&#038;p=21598#p21598<\/a><\/p>\n<p>Tja, leider also umsonst nach Kalabrien runter gefahren. Und was nun? Wieder retour. Mal die auf der Karte eingezeichnete PB in <strong>Viggiano<\/strong> suchen.<\/p>\n<p><a href='http:\/\/extra.inmontanis.info\/d\/5780-2\/DSCF9390.JPG'><img src=http:\/\/extra.inmontanis.info\/d\/5778-3\/DSCF9390.JPG \/><\/a><br \/>\n^ Viggiano, auf dem rechten Gipfel muss wohl die PB? oder so gegangen sein, zumindest lt. Karte&#8230;<\/p>\n<p><a href='http:\/\/extra.inmontanis.info\/d\/5784-2\/DSCF9399.JPG'><img src=http:\/\/extra.inmontanis.info\/d\/5782-3\/DSCF9399.JPG \/><\/a><br \/>\n^ Die auf der Karte eingezeichnete PB bei Viggiano &#8211; leider nichts gefunden.<\/p>\n<p>Ja, also dort wo sie auf der Karte eingezeichnet war, hatte ich nichts gesehen, was auf eine PB-Talstation hingedeutet h\u00e4tte. Ob die \u00fcberhaupt \u00f6ffentlich war, ist auch fraglich, da auf der Ostseite des Berges hier haufenweise Eni-Agip-Wegweiser waren, keine Ahnung was genau hier abgeht, k\u00f6nnte also auch eine Werksbahn gewesen sein.<\/p>\n<p><a href='http:\/\/extra.inmontanis.info\/d\/5788-2\/DSCF9401.JPG'><img src=http:\/\/extra.inmontanis.info\/d\/5786-3\/DSCF9401.JPG \/><\/a><br \/>\n^ Manchmal frag ich mich schon, wer manchmal so schwachsinnige POIs in die Navi einbaut: Hier war garantiert nie eine Bank oder ein Bankomat!<\/p>\n<p><a href='http:\/\/extra.inmontanis.info\/d\/5792-2\/DSCF9402.JPG'><img src=http:\/\/extra.inmontanis.info\/d\/5790-3\/DSCF9402.JPG \/><\/a><br \/>\n^ Nettes Stra\u00dfen-Pano n\u00e4he Laurenzana<\/p>\n<p>Danach wollte ich bei einem Ford H\u00e4ndler vorbei, leider war der dort, wo der POI eingetragen war, nicht oder nicht mehr. Also weiterhin ein\u00e4ugig fahren &#8230; daf\u00fcr war gleich danach ein McDonalds :) Ja, da bin ich den ganzen Tag unterwegs und komm nicht mal dazu, irgendwo richtig Essen zu gehen. Schon traurig&#8230;.<\/p>\n<p>\u00dcberhaupt stellte sich mal wieder die Frage: Was und wohin morgen? Hier in der Gegend hab ich mir zu wenig POIs markiert, als dass ich morgen einen ganzen Tag verbringen m\u00f6chte. Also doch schon morgen nach Elba? Dann sollte ich heute noch etwas weiter rauf fahren. Aber wo \u00fcbernachten? Laceno? Ist sehr bewohnt. Campo Staffi? Sind auch einige H\u00e4user am Parkplatz, gut, vmtl. nix los. Campo Catino? Da war ich noch nie, k\u00f6nnte aber eine bessere Aussicht ins Tal bieten und etwas schneller als Campo Staffi anzufahren sein.<\/p>\n<p>Winterbericht Laceno mit meinem Auto-Unfall:<br \/>\nhttp:\/\/www.sommerschi.com\/forum\/viewtopic.php?f=8&#038;t=1726&#038;p=21551&#038;hilit=laceno#p21551<\/p>\n<p>Winterbericht Campo Staffi mit der kuriosen LSAP-Zemella-DSB:<br \/>\nhttp:\/\/www.sommerschi.com\/forum\/viewtopic.php?f=8&#038;t=1093<\/p>\n<p>Nun, wenn man so den ganzen Tag im Auto sitzt, kann man auch viel nachdenken. Und wenn man sieht, wieviel Steuergelder in den Neubau der (bisher fast ausschlie\u00dflich mautfreien) A3 gepumpt werden, praktisch alle Tunnel und alle Br\u00fccken werden erneuert. Die Bauarbeiten dauern anscheinend schon seit 1997 und sollen noch mindestens bis 2013 andauern. Bei dem jetzigen Zustand glaub ich das noch nicht. Auch darf bef\u00fcrchtet werden, dass mit dem Neubau die Mautfreiheit vorbei sein wird&#8230;<\/p>\n<p>Was ich mir dabei so gedacht hab: So ein Autobahnbau verschlingt Unsummen an Geld und dauert ewig. Andererseits bringt&#8217;s auch viele Arbeitspl\u00e4tze. Macht also Sinn? ! Statt Arbeitslosengeld doch lieber die Leute sinnvoll besch\u00e4ftigen! Oder anders gesagt, wieso kann man von denjenigen, die Arbeitslosengeld\/Sozialhilfe\/HartzIV bekommen, nicht eine Gegenleistung in Form von Arbeit verlangen? Es gibt ja nicht nur Autobahnen zu bauen und Stra\u00dfen Instand zu setzen, es gibt ja sicher gen\u00fcgend Arbeit in \u00f6ffentlichen Unternehmen. Statt die Jugend mit Zivildienst zu strafen, lieber die Arbeitslosen f\u00fcr ihr Arbeitslosengeld auf Zivi-\u00e4hnliche, gemeinn\u00fctzige Jobs unterbringen! Schlagt man doch 2 Fliegen mit einer Klappe? Die Arbeitslosen haben was zu tun und tun etwas f\u00fcr die Gesellschaft. Ich bin mir ja fast sicher, man w\u00fcrde es machen, wenn es funktionieren w\u00fcrde, aber was spricht denn bitte dagegen?<\/p>\n<p>Ankunft in <strong>Campo Catino<\/strong> um 22: 30 Uhr.<\/p>\n<p>Somit den ganzen Tag fast ausschlie\u00dflich im Auto verbracht. Sinnloser Tag. In Catino war ich allerdings schwer \u00fcberrascht, einerseits starker Nebel, andererseits stark beleuchtet, viele H\u00e4user, 2, 3 Autos, sonst nichts. Gespenstische Stimmung. Wenigstens hab ich noch etwas weiter unten gehalten und ein Foto ins Tal gemacht. Bei dem eisigen Sturm hier oben wollte ich allerdings auch gar nicht lange aus dem Auto gehen&#8230;.<\/p>\n<p><a href='http:\/\/ski.inmontanis.info\/d\/121381-2\/DSCF9409.JPG'><img src=http:\/\/ski.inmontanis.info\/d\/121379-3\/DSCF9409.JPG \/><\/a><br \/>\n^ N\u00e4chtliches Talpano von der Stra\u00dfe hinauf zu Campo Catino<\/p>\n<p><a href='http:\/\/ski.inmontanis.info\/d\/121385-2\/DSCF9411.JPG'><img src=http:\/\/ski.inmontanis.info\/d\/121384-3\/DSCF9411.JPG \/><\/a><br \/>\n^ .. oben war&#8217;s dann leider ziemlich neblig.<\/p>\n<p><a href='http:\/\/ski.inmontanis.info\/d\/121389-2\/DSCF9413.JPG'><img src=http:\/\/ski.inmontanis.info\/d\/121388-3\/DSCF9413.JPG \/><\/a><br \/>\n^ .. aber stark beleuchtet. <\/p>\n<p><a href='http:\/\/ski.inmontanis.info\/d\/121393-2\/DSCF9414.JPG'><img src=http:\/\/ski.inmontanis.info\/d\/121392-3\/DSCF9414.JPG \/><\/a><br \/>\n^ Parkplatz. Gespenstische Stimmung, Nebel, die helle Beleuchtung, die leeren H\u00e4user.<\/p>\n<p><a href='http:\/\/ski.inmontanis.info\/d\/121397-2\/DSCF9416.JPG'><img src=http:\/\/ski.inmontanis.info\/d\/121396-3\/DSCF9416.JPG \/><\/a><br \/>\n^ .. stellenweise war es extrem neblig und es war ein eiskalter, starker Wind. Und so hell beleuchtet! Wo soll ich jetzt da schlafen?<\/p>\n<p>Schlussendlich hab ich mich hinters ANAS-Haus gestellt, da war&#8217;s immerhin einigerma\u00dfen dunkel und nicht ganz so st\u00fcrmisch. Ich konnte ja nicht ahnen, was mich da morgen fr\u00fch erwartete&#8230;..<\/p>\n","protected":false},"excerpt":{"rendered":"<p>Funi&#8217;talia-Tour 2010, Tag 5, Mi, 8.9.2010<\/p>\n<p> <a href=\"http:\/\/blog.inmontanis.info\/?p=1378\">[&#8230;]<\/a><\/p>\n","protected":false},"author":1,"featured_media":0,"comment_status":"open","ping_status":"closed","sticky":false,"template":"","format":"standard","meta":{"footnotes":""},"categories":[89,518,15,467,33,32,30],"tags":[38,63,47],"class_list":["post-1378","post","type-post","status-publish","format-standard","hentry","category-funitalia","category-camigliatello-silano","category-italienitaly","category-lorica","category-skifahren-mattenskiing-dry-slopes","category-lostplaces","category-wandern","tag-dsb","tag-korblift","tag-sl","odd"],"_links":{"self":[{"href":"http:\/\/blog.inmontanis.info\/index.php?rest_route=\/wp\/v2\/posts\/1378","targetHints":{"allow":["GET"]}}],"collection":[{"href":"http:\/\/blog.inmontanis.info\/index.php?rest_route=\/wp\/v2\/posts"}],"about":[{"href":"http:\/\/blog.inmontanis.info\/index.php?rest_route=\/wp\/v2\/types\/post"}],"author":[{"embeddable":true,"href":"http:\/\/blog.inmontanis.info\/index.php?rest_route=\/wp\/v2\/users\/1"}],"replies":[{"embeddable":true,"href":"http:\/\/blog.inmontanis.info\/index.php?rest_route=%2Fwp%2Fv2%2Fcomments&post=1378"}],"version-history":[{"count":5,"href":"http:\/\/blog.inmontanis.info\/index.php?rest_route=\/wp\/v2\/posts\/1378\/revisions"}],"predecessor-version":[{"id":9011,"href":"http:\/\/blog.inmontanis.info\/index.php?rest_route=\/wp\/v2\/posts\/1378\/revisions\/9011"}],"wp:attachment":[{"href":"http:\/\/blog.inmontanis.info\/index.php?rest_route=%2Fwp%2Fv2%2Fmedia&parent=1378"}],"wp:term":[{"taxonomy":"category","embeddable":true,"href":"http:\/\/blog.inmontanis.info\/index.php?rest_route=%2Fwp%2Fv2%2Fcategories&post=1378"},{"taxonomy":"post_tag","embeddable":true,"href":"http:\/\/blog.inmontanis.info\/index.php?rest_route=%2Fwp%2Fv2%2Ftags&post=1378"}],"curies":[{"name":"wp","href":"https:\/\/api.w.org\/{rel}","templated":true}]}}