{"id":1374,"date":"2010-09-07T23:00:20","date_gmt":"2010-09-07T22:00:20","guid":{"rendered":"http:\/\/blog.inmontanis.info\/?p=1374"},"modified":"2010-11-21T13:33:44","modified_gmt":"2010-11-21T12:33:44","slug":"castellammare-di-stabia-vulture-7-9-2010","status":"publish","type":"post","link":"http:\/\/blog.inmontanis.info\/?p=1374","title":{"rendered":"Castellammare di Stabia + Vulture, 7.9.2010"},"content":{"rendered":"<p><em>Funi&#8217;talia-Tour 2010, Tag 4, Di, 7.9.2010, Teil 2<\/em><\/p>\n<p><img src=http:\/\/extra.inmontanis.info\/d\/4525-2\/funitalia2010b2.jpg \/><br \/>\n^K  Castellammare di Stabia<\/p>\n<p>N\u00e4chstes Ziel also die PB in Castellammare. Bl\u00f6derweise direkt im Zentrum beim Bahnhof und nicht so wirklich viel Parkh\u00e4user angeschrieben&#8230;. Zum Gl\u00fcck hab ich eins auf der &#8220;Uferpromenade&#8221; gesehen &#8211; hatte was von Blackpool, aber die Stra\u00dfenbahn hier war schon stillgelegt und <!--more-->auch der Rest nat\u00fcrlich viel heruntergekommener :)<\/p>\n<p>Um 14:25 ging&#8217;s mit der PB nach oben (7,60 H+R). Die Auffahrt war cool, aber oben komplett zu vergessen. Als die Bahn vor 50 Jahren gebaut wurde, hatte man vmtl. noch eine tolle Aussicht, mittlerweile sieht man vor lauter B\u00e4umen praktisch nix. Kein Aussichtsturm, keine Plattform. Bissl rumgegangen und ein paar Stellen gefunden, wo man wenigstens etwas sehen konnte, aber berauschend war das nicht gerade, nach S\u00fcden z.B. ging gar nix. Um 15:35 wieder runter und 2,- f\u00fcr die 2h Parken bezahlt.<\/p>\n<p><em>Fotos, anklicken zum Vergr\u00f6\u00dfern, soweit nicht vergr\u00f6\u00dfert gepostet:<\/em><\/p>\n<p><a href='http:\/\/extra.inmontanis.info\/d\/5528-2\/DSCF9069.JPG'><img src=http:\/\/extra.inmontanis.info\/d\/5526-3\/DSCF9069.JPG \/><\/a><br \/>\n^ Stra\u00dfe sch\u00f6n am Meer, vor Castellammare<\/p>\n<p><img src=http:\/\/extra.inmontanis.info\/d\/5532-2\/DSCF9074.JPG \/><br \/>\n^ Typisch italienisches Ortsbild<\/p>\n<p><a href='http:\/\/extra.inmontanis.info\/d\/5536-2\/DSCF9079.JPG'><img src=http:\/\/extra.inmontanis.info\/d\/5535-3\/DSCF9079.JPG \/><\/a><br \/>\n^ Da fuhr wohl mal eine Stra\u00dfenbahn an der Strandpromenade entlang &#8230; na, wir sind halt nicht in Blackpool&#8230;.<\/p>\n<p><a href='http:\/\/extra.inmontanis.info\/d\/5540-2\/DSCF9081.JPG'><img src=http:\/\/extra.inmontanis.info\/d\/5539-3\/DSCF9081.JPG \/><\/a><br \/>\n^ Fu\u00dfg\u00e4ngerzone<\/p>\n<p><a href='http:\/\/extra.inmontanis.info\/d\/5544-2\/DSCF9087.JPG'><img src=http:\/\/extra.inmontanis.info\/d\/5543-3\/DSCF9087.JPG \/><\/a><br \/>\n^ Talstation der PB direkt am Bahnhof. Fahrkarten gibt&#8217;s am Fahrkartenschalter am Bahnhof!<\/p>\n<p><a href='http:\/\/extra.inmontanis.info\/d\/5548-2\/DSCF9088.JPG'><img src=http:\/\/extra.inmontanis.info\/d\/5547-3\/DSCF9088.JPG \/><\/a><br \/>\n^ PB-Talstation mit altmodischem Treppeneinstieg<\/p>\n<p><a href='http:\/\/extra.inmontanis.info\/d\/5552-2\/DSCF9090.JPG'><img src=http:\/\/extra.inmontanis.info\/d\/5551-3\/DSCF9090.JPG \/><\/a><br \/>\n^ Hersteller: Ceretti e Tanfani<\/p>\n<p><img src=http:\/\/extra.inmontanis.info\/d\/5556-2\/DSCF9092.JPG \/><br \/>\n^ PB-Talstation und Bahnhof, Meer und Vesuv.<\/p>\n<p><img src=http:\/\/extra.inmontanis.info\/d\/5560-2\/DSCF9094.JPG \/><br \/>\n^ Talstation und St\u00fctze 1<\/p>\n<p><a href='http:\/\/extra.inmontanis.info\/d\/5564-2\/DSCF9097.JPG'><img src=http:\/\/extra.inmontanis.info\/d\/5563-3\/DSCF9097.JPG \/><\/a><br \/>\n^ Strecke<\/p>\n<p><a href='http:\/\/extra.inmontanis.info\/d\/5568-2\/DSCF9100.JPG'><img src=http:\/\/extra.inmontanis.info\/d\/5567-3\/DSCF9100.JPG \/><\/a><br \/>\n^ Blick nach Osten<\/p>\n<p><img src=http:\/\/extra.inmontanis.info\/d\/5572-2\/DSCF9101.JPG \/><br \/>\n^ Zwischen St\u00fctze 1 und 2<\/p>\n<p><a href='http:\/\/extra.inmontanis.info\/d\/5576-2\/DSCF9105.JPG'><img src=http:\/\/extra.inmontanis.info\/d\/5575-3\/DSCF9105.JPG \/><\/a><br \/>\n^ Vesuv im Zoom<\/p>\n<p><a href='http:\/\/extra.inmontanis.info\/d\/5580-2\/DSCF9109.JPG'><img src=http:\/\/extra.inmontanis.info\/d\/5579-3\/DSCF9109.JPG \/><\/a><br \/>\n^ Kabine 2<\/p>\n<p><img src=http:\/\/extra.inmontanis.info\/d\/5584-2\/DSCF9113.JPG \/><br \/>\n^ Kurz nach St\u00fctze 2<\/p>\n<p><a href='http:\/\/extra.inmontanis.info\/d\/5588-2\/DSCF9117.JPG'><img src=http:\/\/extra.inmontanis.info\/d\/5587-3\/DSCF9117.JPG \/><\/a><br \/>\n^ Zoom nach Neapel bzw. zu einem Teil von Neapel und umliegenden Orten<\/p>\n<p><img src=http:\/\/extra.inmontanis.info\/d\/5592-2\/DSCF9118.JPG \/><br \/>\n^ Zwischen St\u00fctze 2 und 3<\/p>\n<p><a href='http:\/\/extra.inmontanis.info\/d\/5596-2\/DSCF9119.JPG'><img src=http:\/\/extra.inmontanis.info\/d\/5595-3\/DSCF9119.JPG \/><\/a><br \/>\n^ St\u00fctze 3<\/p>\n<p><a href='http:\/\/extra.inmontanis.info\/d\/5600-2\/DSCF9122.JPG'><img src=http:\/\/extra.inmontanis.info\/d\/5599-3\/DSCF9122.JPG \/><\/a><br \/>\n^ Bergstation<\/p>\n<p><a href='http:\/\/extra.inmontanis.info\/d\/5604-2\/DSCF9124.JPG'><img src=http:\/\/extra.inmontanis.info\/d\/5603-3\/DSCF9124.JPG \/><\/a><br \/>\n^ Bergstation. Die beiden gr\u00fcnen  Plattformen &#8230; wozu? Dachte erst, die w\u00e4ren von einer Vorg\u00e4nger-PB, aber bei der Anordnung macht das ja auch keinen Sinn&#8230;<\/p>\n<p><a href='http:\/\/extra.inmontanis.info\/d\/5608-2\/DSCF9127.JPG'><img src=http:\/\/extra.inmontanis.info\/d\/5607-3\/DSCF9127.JPG \/><\/a><br \/>\n^ Bergstation<\/p>\n<p><img src=http:\/\/extra.inmontanis.info\/d\/5612-2\/DSCF9131.JPG \/><br \/>\n^ St\u00fctze 4 mitten in der Bergstation &#8211; sieht man auch nicht h\u00e4ufig.,,,<\/p>\n<p><a href='http:\/\/extra.inmontanis.info\/d\/5616-2\/DSCF9137.JPG'><img src=http:\/\/extra.inmontanis.info\/d\/5615-3\/DSCF9137.JPG \/><\/a><br \/>\n^ Bergstation<\/p>\n<p><a href='http:\/\/extra.inmontanis.info\/d\/5620-2\/DSCF9144.JPG'><img src=http:\/\/extra.inmontanis.info\/d\/5619-3\/DSCF9144.JPG \/><\/a><br \/>\n^ Leider gibt&#8217;s oben praktisch keine  Aussichtspunkte &#8211; alles verwachsen.<\/p>\n<p><a href='http:\/\/extra.inmontanis.info\/d\/5624-2\/DSCF9156.JPG'><img src=http:\/\/extra.inmontanis.info\/d\/5623-3\/DSCF9156.JPG \/><\/a><br \/>\n^ Stra\u00dfen und H\u00e4user gibt&#8217;s hier oben auch, als das hier gebaut wurde, hatte es sicher ein sch\u00f6nes Panorama. Jetzt sieht man nur noch B\u00e4ume&#8230;.<\/p>\n<p><a href='http:\/\/extra.inmontanis.info\/d\/5628-2\/DSCF9157.JPG'><img src=http:\/\/extra.inmontanis.info\/d\/5627-3\/DSCF9157.JPG \/><\/a><br \/>\n^ Gedenktafel von 1959<\/p>\n<p><img src=http:\/\/extra.inmontanis.info\/d\/5632-2\/DSCF9177.JPG \/><br \/>\n^ Auf der anderen Seite von der PB gibt&#8217;s dann doch noch ein einigerma\u00dfen ungest\u00f6rtes Pano zumindest nach Norden&#8230;<\/p>\n<p><a href='http:\/\/extra.inmontanis.info\/d\/5636-2\/DSCF9172.JPG'><img src=http:\/\/extra.inmontanis.info\/d\/5635-3\/DSCF9172.JPG \/><\/a><br \/>\n^ .. nach Westen richtung Capri ist&#8217;s schon nicht mehr so sch\u00f6n, nach S\u00fcden gibt&#8217;s praktisch null Sicht :-( FAILED!<\/p>\n<p><img src=http:\/\/extra.inmontanis.info\/d\/5640-2\/DSCF9183.JPG \/><br \/>\n^ Kabine kommt<\/p>\n<p><a href='http:\/\/extra.inmontanis.info\/d\/5644-2\/DSCF9185.JPG'><img src=http:\/\/extra.inmontanis.info\/d\/5643-3\/DSCF9185.JPG \/><\/a><br \/>\n^ Eine der beiden unteren Plattformen<\/p>\n<p><a href='http:\/\/extra.inmontanis.info\/d\/5648-2\/DSCF9190.JPG'><img src=http:\/\/extra.inmontanis.info\/d\/5647-3\/DSCF9190.JPG \/><\/a><br \/>\n^ Seitlicher Zugang und alles m\u00f6gliche, was auch immer das alles sein mag&#8230;<\/p>\n<p><a href='http:\/\/extra.inmontanis.info\/d\/5652-2\/DSCF9193.JPG'><img src=http:\/\/extra.inmontanis.info\/d\/5651-3\/DSCF9193.JPG \/><\/a><br \/>\n^ .. der seitliche Zugang ins Untergeschoss<\/p>\n<p><a href='http:\/\/extra.inmontanis.info\/d\/5656-2\/DSCF9196.JPG'><img src=http:\/\/extra.inmontanis.info\/d\/5655-3\/DSCF9196.JPG \/><\/a><br \/>\n^ Daten<\/p>\n<p><img src=http:\/\/extra.inmontanis.info\/d\/5660-2\/DSCF9198.JPG \/><br \/>\n^ Schaut einfach besser aus als ein Schild.<\/p>\n<p><img src=http:\/\/extra.inmontanis.info\/d\/5664-2\/DSCF9206.JPG \/><br \/>\n^ PB-Strecke von der Bergstation samt St\u00fctze 4<\/p>\n<p><img src=http:\/\/extra.inmontanis.info\/d\/5668-2\/DSCF9207.JPG \/><br \/>\n^ Zoom von der Bergstation zu den St\u00fctzen 1-3 und zur Talstation (Bildmitte)<\/p>\n<p><a href='http:\/\/extra.inmontanis.info\/d\/5672-2\/DSCF9210.JPG'><img src=http:\/\/extra.inmontanis.info\/d\/5671-3\/DSCF9210.JPG \/><\/a><br \/>\n^ Laufwerk samt 2-poligem Stromkabel zum Laden der Batterie<\/p>\n<p><a href='http:\/\/extra.inmontanis.info\/d\/5676-2\/DSCF9211.JPG'><img src=http:\/\/extra.inmontanis.info\/d\/5675-3\/DSCF9211.JPG \/><\/a><br \/>\n^ Plattform. Evtl. f\u00fcr die Rettungsseilbahn?<\/p>\n<p><a href='http:\/\/extra.inmontanis.info\/d\/5680-2\/DSCF9225.JPG'><img src=http:\/\/extra.inmontanis.info\/d\/5679-3\/DSCF9225.JPG \/><\/a><br \/>\n^ \u00c4hja. Entweder gab&#8217;s hier mal Stromkabel oder eine Zugstrecke unter der PB, momentan schaut&#8217;s etwas nutzlos aus.<\/p>\n<p><img src=http:\/\/extra.inmontanis.info\/d\/5684-2\/DSCF9233.JPG \/><br \/>\n^ Talstation<\/p>\n<p><a href='http:\/\/extra.inmontanis.info\/d\/5688-2\/DSCF9235.JPG'><img src=http:\/\/extra.inmontanis.info\/d\/5687-3\/DSCF9235.JPG \/><\/a><br \/>\n^ Ausgang<\/p>\n<p><a href='http:\/\/extra.inmontanis.info\/d\/5692-2\/DSCF9238.JPG'><img src=http:\/\/extra.inmontanis.info\/d\/5691-3\/DSCF9238.JPG \/><\/a><br \/>\n^ Wartehalle in der Talstation<\/p>\n<p><a href='http:\/\/extra.inmontanis.info\/d\/5696-2\/DSCF9239.JPG'><img src=http:\/\/extra.inmontanis.info\/d\/5695-3\/DSCF9239.JPG \/><\/a><br \/>\n^ .. da ist die Sesselbahn auf dem Vesuv noch eingezeichnet, die es ja leider nicht mehr gibt&#8230;<\/p>\n<p><a href='http:\/\/extra.inmontanis.info\/d\/5700-2\/DSCF9240.JPG'><img src=http:\/\/extra.inmontanis.info\/d\/5699-3\/DSCF9240.JPG \/><\/a><br \/>\n^ Alte PB-Teile, zwischen 1952 und 1987 in Verwendung<\/p>\n<p><a href='http:\/\/extra.inmontanis.info\/d\/5704-2\/DSCF9243.JPG'><img src=http:\/\/extra.inmontanis.info\/d\/5703-3\/DSCF9243.JPG \/><\/a><br \/>\n^ Alte PB-Teile<\/p>\n<p><a href='http:\/\/extra.inmontanis.info\/d\/5708-2\/DSCF9244.JPG'><img src=http:\/\/extra.inmontanis.info\/d\/5707-3\/DSCF9244.JPG \/><\/a><br \/>\n^ Technikraum, ungew\u00f6hnlich sauber, aufger\u00e4umt und mit  Aquarium&#8230;<\/p>\n<p><a href='http:\/\/extra.inmontanis.info\/d\/5712-2\/DSCF9248.JPG'><img src=http:\/\/extra.inmontanis.info\/d\/5711-3\/DSCF9248.JPG \/><\/a><br \/>\n^ Warteraum Talstation und Aufgang. Recht protzig gebaut.<\/p>\n<p><a href='http:\/\/extra.inmontanis.info\/d\/5716-2\/DSCF9252.JPG'><img src=http:\/\/extra.inmontanis.info\/d\/5715-3\/DSCF9252.JPG \/><\/a><br \/>\n^ Bahnhof<\/p>\n<p>Fazit: Bahn ist cool, Pano w\u00e4hren der Auf- und Abfahrt ebenso, oben am Berg sollte man eher die K\u00fchle des Waldes genie\u00dfen wollen und weniger die Aussicht&#8230;.<\/p>\n<p>Hier noch das Full-HD-Video von der PB in Castellammare di Stabia:<\/p>\n<p><object style=\"height: 500px; width: 900px\"><param name=\"movie\" value=\"http:\/\/www.youtube.com\/v\/YHlDBzy0RCc\"><\/param><param name=\"wmode\" value=\"transparent\"><\/param><embed src=\"http:\/\/www.youtube.com\/v\/YHlDBzy0RCc\" type=\"application\/x-shockwave-flash\" wmode=\"transparent\"  width=\"900\" height=\"480\"><\/embed><\/object><\/p>\n<p>N\u00e4chstes und damit letztes Ziel f\u00fcr heute h\u00e4tte die vor einigen Jahren stillgelegte PB Laghi Monticchio &#8211; Monte Vulture werden sollen. 2008 wollten&#8217;s lt. Recherche im Internet mal wieder eine bauen, ging aber wohl nix weiter.<\/p>\n<p>Zwischendrin gab&#8217;s aber erst noch eine Pause auf einer Rastst\u00e4tte. Dass es Pizzas mit Pommes in Italien gibt, ist ja nichts au\u00dfergew\u00f6hnliches. Aber Semmeln, belegt mit W\u00fcrstl UND POMMES, das ist mir selbst in Italien noch nicht \u00fcber den Weg gelaufen. Grund genug, eins zu kaufen und zu fotografieren und nat\u00fcrlich auch zu essen, mit franz\u00f6sischem McDonalds-Ketchup verfeinert :)<\/p>\n<p><a href='http:\/\/extra.inmontanis.info\/d\/5740-2\/DSCF9262.JPG'><img src=http:\/\/extra.inmontanis.info\/d\/5738-3\/DSCF9262.JPG \/><\/a><br \/>\n^ Eine Semmel mit W\u00fcrstl und Pommes (!) gibt&#8217;s vermutlich auch nur in Italien &#8230;. <\/p>\n<p>Tja, also die PB&#8230; Das, was ich mir lt. GE bzw. Funivie.org-Map als Talstation notiert h\u00e4tte, hatte sich als verlassener Campingplatz rausgestellt:<\/p>\n<p><a href='http:\/\/extra.inmontanis.info\/d\/5744-2\/DSCF9268.JPG'><img src=http:\/\/extra.inmontanis.info\/d\/5742-3\/DSCF9268.JPG \/><\/a><br \/>\n^ Ehemaliger Campingplatz<\/p>\n<p>Bin bissl rumgefahren, hab dann auch eine PB-St\u00fctze gefunden, aber keine PB-Talstation. <\/p>\n<p><a href='http:\/\/extra.inmontanis.info\/d\/5748-2\/DSCF9272.JPG'><img src=http:\/\/extra.inmontanis.info\/d\/5746-3\/DSCF9272.JPG \/><\/a><br \/>\n^ St\u00fctze ehemalige PB Laghi di Monticchio &#8211; Monte Vulture<\/p>\n<p><a href='http:\/\/extra.inmontanis.info\/d\/5752-2\/DSCF9271.JPG'><img src=http:\/\/extra.inmontanis.info\/d\/5750-3\/DSCF9271.JPG \/><\/a><br \/>\n^ St\u00fctze Ex-PB Laghi di Monticchio &#8211; Monte Vulture<\/p>\n<p><a href='http:\/\/extra.inmontanis.info\/d\/5756-2\/DSCF9274.JPG'><img src=http:\/\/extra.inmontanis.info\/d\/5754-3\/DSCF9274.JPG \/><\/a><br \/>\n^ Nicht nur die PB und der Campingplatz ist aufgelassen, auch andere Geb\u00e4ude&#8230;<\/p>\n<p><a href='http:\/\/extra.inmontanis.info\/d\/5760-2\/DSCF9276.JPG'><img src=http:\/\/extra.inmontanis.info\/d\/5758-3\/DSCF9276.JPG \/><\/a><br \/>\n^ Verlassen &#038; Verfallen. Daf\u00fcr werden an anderer Stelle wieder neue H\u00e4user gebaut&#8230;<\/p>\n<p>Und die Stra\u00dfe, die es lt. Stra\u00dfenatlas auf den Gipfel geben sollte, kannte mein Navi auch nicht und in Rionero war auch nix angeschrieben :( <\/p>\n<p>Hier ein nettes Topic im funiforum mit etlichen alten Fotos der PB:<br \/>\n<a href='http:\/\/www.funiforum.org\/funiforum\/showthread.php?t=947&#038;page=1'>http:\/\/www.funiforum.org\/funiforum\/showthread.php?t=947&#038;page=1<\/a><\/p>\n<p>H\u00e4tte ich da mal im Vorfeld genauer aufgepasst. Die Fotos angeschaut, und gesehen, dass die Talstation nahe des kleineren Sees war. Oder in GE, da sieht man dass die Stra\u00dfe geteert ausschaut und von Rionero aus mit &#8220;via M. Vulture&#8221; oder so angeschrieben sein sollte. An der bin ich ja durchaus vorbei gefahren. Ok, schlussendlich war&#8217;s eh schon zu dunkel, um noch bis zum Gipfel rauf zu fahren.<\/p>\n<p>Aus der urspr\u00fcnglichen Idee, am Parkplatz an der Talstation zu \u00fcbernachten, wurde somit jedenfalls auch nichts &#8230;.<\/p>\n<p>Wo k\u00f6nnte man also jetzt n\u00e4chtigen? Kurz die Skigebiete in der Gegend durch den Kopft gehen lassen &#8230; am ehesten gefiel mir der Parkplatz am Monte Sirino (also dem unteren L in der Karte :) ), breit, leer, keine H\u00e4user in der Gegend au\u00dfer dem Rifugio in der N\u00e4he des unteren Parkplatzes &#8211; also gut, dorthin.<\/p>\n<p>Dass ich mich etwas ge\u00e4rgert hab, diesen Umweg \u00fcber Vulture gefahren zu sein, v.a. zu so sp\u00e4ter Stunde, versteht sich von selbst? Zudem ich ja noch einige Zeit bis dort hin zu fahren hatte und somit die Autobahn vorzog anstatt wie geplant &#8220;diagonal durch&#8217;s Land&#8221; zu fahren ..<\/p>\n<p><a href='http:\/\/extra.inmontanis.info\/d\/5764-2\/DSCF9281.JPG'><img src=http:\/\/extra.inmontanis.info\/d\/5762-3\/DSCF9281.JPG \/><\/a><br \/>\n^ Die A3 von Neapel nach Kalabrien wird ja komplett erneuert, z.B. mit neuen Tunnel mit durchgehendem Pannenstreifen.<\/p>\n<p>Nochmal zur Erinnerung die Map, der magenta-farbene Umweg zum L. Mist, da gibt&#8217;s ja zwei L auf der Karte, dass mir das auch jedes Mal passieren muss&#8230; also zum oberen L, dann die Autobahn = t\u00fcrkis nach links und runter zum unteren L: <\/p>\n<p><img src=http:\/\/extra.inmontanis.info\/d\/4525-3\/funitalia2010b2.jpg \/><\/p>\n<p>.. wo ich um 22:30 an kam. Und w\u00e4hrend ich gestern in Sorrento am Camping Platz schwitzte, war es hier ein paar hundert Meter weiter oben entschieden k\u00e4lter und windiger, so dass ich mir die Decke \u00fcber den Schlafsack legte und den Wecker abermals auf kurz nach 6 gestellt hab &#8230;<\/p>\n","protected":false},"excerpt":{"rendered":"<p>Funi&#8217;talia-Tour 2010, Tag 4, Di, 7.9.2010, Teil 2<\/p>\n<p> ^K Castellammare di Stabia<\/p>\n<p>N\u00e4chstes Ziel also die PB in Castellammare. Bl\u00f6derweise direkt im Zentrum beim Bahnhof und nicht so wirklich viel Parkh\u00e4user angeschrieben&#8230;. Zum Gl\u00fcck hab ich eins auf der &#8220;Uferpromenade&#8221; gesehen &#8211; hatte was von Blackpool, aber die Stra\u00dfenbahn hier war schon stillgelegt und <a href=\"http:\/\/blog.inmontanis.info\/?p=1374\">[&#8230;]<\/a><\/p>\n","protected":false},"author":1,"featured_media":0,"comment_status":"open","ping_status":"closed","sticky":false,"template":"","format":"standard","meta":{"footnotes":""},"categories":[89,15,32],"tags":[37,52],"class_list":["post-1374","post","type-post","status-publish","format-standard","hentry","category-funitalia","category-italienitaly","category-lostplaces","tag-meer","tag-pb","odd"],"_links":{"self":[{"href":"http:\/\/blog.inmontanis.info\/index.php?rest_route=\/wp\/v2\/posts\/1374","targetHints":{"allow":["GET"]}}],"collection":[{"href":"http:\/\/blog.inmontanis.info\/index.php?rest_route=\/wp\/v2\/posts"}],"about":[{"href":"http:\/\/blog.inmontanis.info\/index.php?rest_route=\/wp\/v2\/types\/post"}],"author":[{"embeddable":true,"href":"http:\/\/blog.inmontanis.info\/index.php?rest_route=\/wp\/v2\/users\/1"}],"replies":[{"embeddable":true,"href":"http:\/\/blog.inmontanis.info\/index.php?rest_route=%2Fwp%2Fv2%2Fcomments&post=1374"}],"version-history":[{"count":3,"href":"http:\/\/blog.inmontanis.info\/index.php?rest_route=\/wp\/v2\/posts\/1374\/revisions"}],"predecessor-version":[{"id":1377,"href":"http:\/\/blog.inmontanis.info\/index.php?rest_route=\/wp\/v2\/posts\/1374\/revisions\/1377"}],"wp:attachment":[{"href":"http:\/\/blog.inmontanis.info\/index.php?rest_route=%2Fwp%2Fv2%2Fmedia&parent=1374"}],"wp:term":[{"taxonomy":"category","embeddable":true,"href":"http:\/\/blog.inmontanis.info\/index.php?rest_route=%2Fwp%2Fv2%2Fcategories&post=1374"},{"taxonomy":"post_tag","embeddable":true,"href":"http:\/\/blog.inmontanis.info\/index.php?rest_route=%2Fwp%2Fv2%2Ftags&post=1374"}],"curies":[{"name":"wp","href":"https:\/\/api.w.org\/{rel}","templated":true}]}}