{"id":1357,"date":"2010-09-06T12:00:59","date_gmt":"2010-09-06T11:00:59","guid":{"rendered":"http:\/\/blog.inmontanis.info\/?p=1357"},"modified":"2023-08-03T21:31:04","modified_gmt":"2023-08-03T19:31:04","slug":"majelletta-6-9-2010","status":"publish","type":"post","link":"http:\/\/blog.inmontanis.info\/?p=1357","title":{"rendered":"Majelletta, 6.9.2010"},"content":{"rendered":"<p><em>Funi&#8217;talia-Tour 2010, Tag 3, Mo, 6.9.2010, Teil 1<\/em><\/p>\n<p><img src=http:\/\/extra.inmontanis.info\/d\/4525-2\/funitalia2010b2.jpg \/><br \/>\n^H Majelletta<br \/>\n<!--more--><br \/>\n<a href='http:\/\/ski.inmontanis.info\/d\/120536-2\/DSCF8353.JPG'><img src=http:\/\/ski.inmontanis.info\/d\/120535-3\/DSCF8353.JPG \/><\/a><br \/>\n^ Mitternachts-Pano. Mit Langzeitbelichtung und nachtr\u00e4glicher Aufhellung sieht man sogar das Meer&#8230;.<\/p>\n<p>Knapp 7 Stunden sp\u00e4ter klingelte auch schon wieder der Wecker. Erst mal ging es hier an der <strong>Majelletta<\/strong> hinauf zum Ende der erlaubt fahrbaren Stra\u00dfe &#8211; um ein paar nette Fotos zu machen&#8230;<\/p>\n<p><img src=http:\/\/ski.inmontanis.info\/d\/120540-2\/DSCF8356-7.jpg \/><br \/>\n^ Pano<\/p>\n<p><a href='http:\/\/ski.inmontanis.info\/d\/120544-2\/DSCF8359.JPG'><img src=http:\/\/ski.inmontanis.info\/d\/120543-3\/DSCF8359.JPG \/><\/a><br \/>\n^ Stra\u00dfenverengung, bis hier hin ist die Stra\u00dfe im Winter ge\u00f6ffnet.<\/p>\n<p><img src=http:\/\/ski.inmontanis.info\/d\/120548-2\/DSCF8362.JPG \/><br \/>\n^ Majelletta-Stra\u00dfe<\/p>\n<p><img src=http:\/\/ski.inmontanis.info\/d\/120552-2\/DSCF8363.JPG \/><br \/>\n^ Morgen-Pano<\/p>\n<p><img src=http:\/\/ski.inmontanis.info\/d\/120556-2\/DSCF8370.JPG \/><br \/>\n^ IR-Pano<\/p>\n<p><a href='http:\/\/ski.inmontanis.info\/d\/120560-2\/DSCF8366.JPG'><img src=http:\/\/ski.inmontanis.info\/d\/120559-3\/DSCF8366.JPG \/><\/a><br \/>\n^ IR-Foto zu den SL<\/p>\n<p><a href='http:\/\/ski.inmontanis.info\/d\/120565-2\/DSCF8381.JPG'><img src=http:\/\/ski.inmontanis.info\/d\/120564-3\/DSCF8381.JPG \/><\/a><br \/>\n^ IR-Zoom<\/p>\n<p><a href='http:\/\/ski.inmontanis.info\/d\/120569-2\/DSCF8383.JPG'><img src=http:\/\/ski.inmontanis.info\/d\/120568-3\/DSCF8383.JPG \/><\/a><br \/>\n^ Gipfel-Gegend<\/p>\n<p><img src=http:\/\/ski.inmontanis.info\/d\/120573-2\/DSCF8385.JPG \/><br \/>\n^ Lt. meinem Navi w\u00fcrde die Stra\u00dfe ja noch weiter gehen, aber hier ist (offiziell) Endstation.<\/p>\n<p><img src=http:\/\/ski.inmontanis.info\/d\/120577-2\/DSCF8386.JPG \/><br \/>\n^ Blick zum Gipfel (das ist der Graffer-SL, der bei meinem Winterbesuch nicht lief)<\/p>\n<p><img src=http:\/\/ski.inmontanis.info\/d\/120581-2\/DSCF8387.JPG \/><br \/>\n^ Meer-Pano <\/p>\n<p><a href='http:\/\/ski.inmontanis.info\/d\/120585-2\/DSCF8388.JPG'><img src=http:\/\/ski.inmontanis.info\/d\/120584-3\/DSCF8388.JPG \/><\/a><br \/>\n^ Zoom zum Meer (Adria)<\/p>\n<p><img src=http:\/\/ski.inmontanis.info\/d\/120589-2\/DSCF8389.JPG \/><br \/>\n^ Blick zu den umliegenden Gipfeln des Majella-Massifs<\/p>\n<p><a href='http:\/\/ski.inmontanis.info\/d\/120593-2\/DSCF8394.JPG'><img src=http:\/\/ski.inmontanis.info\/d\/120592-3\/DSCF8394.JPG \/><\/a><br \/>\n^ IR-Testfoto (850nm Filter)<\/p>\n<p><img src=http:\/\/ski.inmontanis.info\/d\/120597-2\/DSCF8398.JPG \/><br \/>\n^ Pano<\/p>\n<p><img src=http:\/\/ski.inmontanis.info\/d\/120601-2\/DSCF8399.JPG \/><br \/>\n^ Stra\u00dfe mit Meer-Pano<\/p>\n<p><img src=http:\/\/ski.inmontanis.info\/d\/120605-2\/DSCF8403.JPG \/><br \/>\n^ Einer der abgebauten SL<\/p>\n<p>PS: Winterbericht: <a href='http:\/\/www.sommerschi.com\/forum\/viewtopic.php?f=8&#038;t=1091'>http:\/\/www.sommerschi.com\/forum\/viewtopic.php?f=8&#038;t=1091<\/a><\/p>\n","protected":false},"excerpt":{"rendered":"<p>Funi&#8217;talia-Tour 2010, Tag 3, Mo, 6.9.2010, Teil 1<\/p>\n<p> ^H Majelletta<\/p>\n<p> <a href=\"http:\/\/blog.inmontanis.info\/?p=1357\">[&#8230;]<\/a><\/p>\n","protected":false},"author":1,"featured_media":0,"comment_status":"open","ping_status":"closed","sticky":false,"template":"","format":"standard","meta":{"footnotes":""},"categories":[89,15,472,32,30],"tags":[37,47],"class_list":["post-1357","post","type-post","status-publish","format-standard","hentry","category-funitalia","category-italienitaly","category-majelletta-p-lanciano","category-lostplaces","category-wandern","tag-meer","tag-sl","odd"],"_links":{"self":[{"href":"http:\/\/blog.inmontanis.info\/index.php?rest_route=\/wp\/v2\/posts\/1357","targetHints":{"allow":["GET"]}}],"collection":[{"href":"http:\/\/blog.inmontanis.info\/index.php?rest_route=\/wp\/v2\/posts"}],"about":[{"href":"http:\/\/blog.inmontanis.info\/index.php?rest_route=\/wp\/v2\/types\/post"}],"author":[{"embeddable":true,"href":"http:\/\/blog.inmontanis.info\/index.php?rest_route=\/wp\/v2\/users\/1"}],"replies":[{"embeddable":true,"href":"http:\/\/blog.inmontanis.info\/index.php?rest_route=%2Fwp%2Fv2%2Fcomments&post=1357"}],"version-history":[{"count":4,"href":"http:\/\/blog.inmontanis.info\/index.php?rest_route=\/wp\/v2\/posts\/1357\/revisions"}],"predecessor-version":[{"id":9014,"href":"http:\/\/blog.inmontanis.info\/index.php?rest_route=\/wp\/v2\/posts\/1357\/revisions\/9014"}],"wp:attachment":[{"href":"http:\/\/blog.inmontanis.info\/index.php?rest_route=%2Fwp%2Fv2%2Fmedia&parent=1357"}],"wp:term":[{"taxonomy":"category","embeddable":true,"href":"http:\/\/blog.inmontanis.info\/index.php?rest_route=%2Fwp%2Fv2%2Fcategories&post=1357"},{"taxonomy":"post_tag","embeddable":true,"href":"http:\/\/blog.inmontanis.info\/index.php?rest_route=%2Fwp%2Fv2%2Ftags&post=1357"}],"curies":[{"name":"wp","href":"https:\/\/api.w.org\/{rel}","templated":true}]}}