{"id":1354,"date":"2010-09-05T23:00:34","date_gmt":"2010-09-05T22:00:34","guid":{"rendered":"http:\/\/blog.inmontanis.info\/?p=1354"},"modified":"2023-08-04T18:29:12","modified_gmt":"2023-08-04T16:29:12","slug":"bolognolamonte-amandola-5-9-2010","status":"publish","type":"post","link":"http:\/\/blog.inmontanis.info\/?p=1354","title":{"rendered":"Bolognola\/Monte Amandola, 5.9.2010"},"content":{"rendered":"<p><em>Funi&#8217;talia-Tour 2010, Tag 2, So, 5.9.2010, Teil 4<\/em><\/p>\n<p><img src=http:\/\/extra.inmontanis.info\/d\/4525-2\/funitalia2010b2.jpg \/><br \/>\n^G Monte Am\u00e0ndola<\/p>\n<p>Auf der Karte n\u00e4he Bolognola, also n\u00e4he Sarnano, ist am Monte Amandola ein Lift eingezeichnet&#8230; wo mag der wohl weg gegangen sein? <!--more-->Bin im Winter ja schon mind. 2x hier vorbei gefahren, immer schlechtes Wetter, SL in Bolognola nicht in Betrieb, aber der Lift ist ja irgendwo anders eingezeichnet.<\/p>\n<p>Im Vorfeld hab ich mir das in GE mal n\u00e4her angesehen. Leider ist die eine Seite stark bew\u00f6lkt im GE-Bild, die Stra\u00dfen sind aber ja eingezeichnet, und im Vgl. mit dem Stra\u00dfenatlas hab ich mir am wahrscheinlichsten Standpunkt einen POI gesetzt, und den hab ich dann angefahren &#8230;.<\/p>\n<p><a href='http:\/\/ski.inmontanis.info\/d\/120444-2\/DSCF8298.JPG'><img src=http:\/\/ski.inmontanis.info\/d\/120442-3\/DSCF8298.JPG \/><\/a><br \/>\n^ Schmales Str\u00e4sschen von Bisio nach Garulla<\/p>\n<p><a href='http:\/\/ski.inmontanis.info\/d\/120448-2\/DSCF8303.JPG'><img src=http:\/\/ski.inmontanis.info\/d\/120447-3\/DSCF8303.JPG \/><\/a><br \/>\n^ Schmales Str\u00e4sschen vor Garulla<\/p>\n<p><a href='http:\/\/ski.inmontanis.info\/d\/120452-2\/DSCF8306.JPG'><img src=http:\/\/ski.inmontanis.info\/d\/120451-3\/DSCF8306.JPG \/><\/a><br \/>\n^ Auffahrt von Garulla nach Pintura di Bolognola, teilweise noch geteert<\/p>\n<p>Dass das fr\u00fcher mal geteert war, wertete ich durchaus als Anzeichen, dass es da oben einst einen Lift gegeben haben k\u00f6nnte.<\/p>\n<p><a href='http:\/\/ski.inmontanis.info\/d\/120456-2\/DSCF8309.JPG'><img src=http:\/\/ski.inmontanis.info\/d\/120455-3\/DSCF8309.JPG \/><\/a><br \/>\n^ Auffahrt von Garulla nach Pintura di Bolognola, teilweise ist von der Teerschicht nicht mehr viel \u00fcbrig &#8230;<\/p>\n<p><a href='http:\/\/ski.inmontanis.info\/d\/120460-2\/DSCF8310.JPG'><img src=http:\/\/ski.inmontanis.info\/d\/120459-3\/DSCF8310.JPG \/><\/a><br \/>\n^ Mittlerweile ist alles geschottert, riesige Abzweigung. Geradeaus gehts weiter zur Pintura di Bolognola, links geht&#8217;s zur vermuteteten Talstation.<\/p>\n<p>Auch diese riesige Abzweigung und die nun breite Stra\u00dfe machten Hoffnung, auf \u00dcberreste eines Sessel?lifts zu sto\u00dfen.<\/p>\n<p><a href='http:\/\/ski.inmontanis.info\/d\/120464-2\/DSCF8313.JPG'><img src=http:\/\/ski.inmontanis.info\/d\/120463-3\/DSCF8313.JPG \/><\/a><br \/>\n^ Schilder an der Abzweigung<\/p>\n<p><a href='http:\/\/ski.inmontanis.info\/d\/120468-2\/DSCF8314.JPG'><img src=http:\/\/ski.inmontanis.info\/d\/120467-3\/DSCF8314.JPG \/><\/a><br \/>\n^ Fein geschottert, problemlos zu fahren (angenehmer als diese teilgeteerte Stra\u00dfe) geht&#8217;s nun weiter &#8230;<\/p>\n<p><a href='http:\/\/ski.inmontanis.info\/d\/120472-2\/DSCF8316.JPG'><img src=http:\/\/ski.inmontanis.info\/d\/120471-3\/DSCF8316.JPG \/><\/a><br \/>\n^ Leider wird&#8217;s langsam nebelig&#8230;<\/p>\n<p><a href='http:\/\/ski.inmontanis.info\/d\/120476-2\/DSCF8318.JPG'><img src=http:\/\/ski.inmontanis.info\/d\/120475-3\/DSCF8318.JPG \/><\/a><br \/>\n^ Hier ist ein kleiner Parkplatz und am Ende der Stra\u00dfe steht ein gr\u00fcnes Haus &#8230;. die Hoffnung steigt.<\/p>\n<p><a href='http:\/\/ski.inmontanis.info\/d\/120480-2\/DSCF8319.JPG'><img src=http:\/\/ski.inmontanis.info\/d\/120479-3\/DSCF8319.JPG \/><\/a><br \/>\n^ Angeschrieben mit Rifugio schaut diese Seite doch sehr nach ehemaliger Biglietteria (Kassa) aus.<\/p>\n<p><a href='http:\/\/ski.inmontanis.info\/d\/120484-2\/DSCF8320.JPG'><img src=http:\/\/ski.inmontanis.info\/d\/120483-3\/DSCF8320.JPG \/><\/a><br \/>\n^ Andere Seite des Geb\u00e4udes. Ja, doch, schaut doch irgendwie sehr nach ehemaligen Liftgeb\u00e4ude aus .. <\/p>\n<p><a href='http:\/\/ski.inmontanis.info\/d\/120488-2\/DSCF8321.JPG'><img src=http:\/\/ski.inmontanis.info\/d\/120487-3\/DSCF8321.JPG \/><\/a><br \/>\n^ .. oder doch nicht? So schaut&#8217;s n\u00e4mlich in die andere Richtung aus. Riesige B\u00e4ume, kein Anzeichen von einer Lifttrasse&#8230;.. Leider hatte das Rifugio nicht mehr offen, evtl. h\u00e4tte man innen ein paar alte Fotos oder Einrichtungen gesehen &#8230;<\/p>\n<p><a href='http:\/\/ski.inmontanis.info\/d\/120492-2\/DSCF8322.JPG'><img src=http:\/\/ski.inmontanis.info\/d\/120491-3\/DSCF8322.JPG \/><\/a><br \/>\n^ Aber dann! Finaler Beweis, dass hier mal ein Lift stand: 2 Fundamente einer Portalst\u00fctze. Yes!!<\/p>\n<p><a href='http:\/\/ski.inmontanis.info\/d\/120496-2\/DSCF8324.JPG'><img src=http:\/\/ski.inmontanis.info\/d\/120495-3\/DSCF8324.JPG \/><\/a><br \/>\n^ Diese Matten deuten ja eigentlich sogar darauf hin, dass hier einst Skibetrieb war!<\/p>\n<p><a href='http:\/\/ski.inmontanis.info\/d\/120500-2\/DSCF8325.JPG'><img src=http:\/\/ski.inmontanis.info\/d\/120499-3\/DSCF8325.JPG \/><\/a><br \/>\n^ Die beiden Talstations-Portalst\u00fctzen-Fundamente<\/p>\n<p>So! Zur\u00fcck zum Auto, Rucksack geholt, mal schauen, ob ich noch ein paar weitere Fundamente oder evtl. noch St\u00fctzen sehe. <\/p>\n<p><a href='http:\/\/ski.inmontanis.info\/d\/120504-2\/DSCF8326.JPG'><img src=http:\/\/ski.inmontanis.info\/d\/120503-3\/DSCF8326.JPG \/><\/a><br \/>\n^ Das Fundament der 2. St\u00fctze ist besser zu erkennen, die Lifttrasse leider \u00fcberhaupt nicht. Muss wohl schon minimum 20 Jahre stillgelegt sein.<\/p>\n<p><a href='http:\/\/ski.inmontanis.info\/d\/120508-2\/DSCF8327.JPG'><img src=http:\/\/ski.inmontanis.info\/d\/120507-3\/DSCF8327.JPG \/><\/a><br \/>\n^ Fundament der 2. St\u00fctze richtung Talstation, die von hier aus schon kaum mehr zu sehen ist. <\/p>\n<p><a href='http:\/\/ski.inmontanis.info\/d\/120512-2\/DSCF8328.JPG'><img src=http:\/\/ski.inmontanis.info\/d\/120511-3\/DSCF8328.JPG \/><\/a><br \/>\n^ Lifttrasse. (Dachte eigentlich, ich w\u00e4re in die richtung weiter gegangen &#8230; wohl get\u00e4uscht&#8230;)<\/p>\n<p>Bin dann also in die von mir vermutete Richtung weitergegangen, wobei ich nicht in den dichten Wald wollte, und demnach erst mal davor blieb &#8211; was sich sp\u00e4ter leider als Fehler feststellte.<\/p>\n<p><a href='http:\/\/ski.inmontanis.info\/d\/120516-2\/DSCF8330.JPG'><img src=http:\/\/ski.inmontanis.info\/d\/120515-3\/DSCF8330.JPG \/><\/a><br \/>\n^ .. bin dann etwas rumgegangen und hab nach Fundamenten gesucht, aber nichts mehr gefunden. Der Nebel und die sp\u00e4te Stunde machte die Sache nat\u00fcrlich nicht einfacher&#8230;<\/p>\n<p>Sp\u00e4ter bin ich doch noch in den Wald, wo ich aber auch absolut nichts erkennen konte. Nach einer knappen halben Stunde (es war inzwischen kurz vor 19:30) beschloss ich, umzukehren. Hatte ja keinen Sinn mehr, es wurde langsam dunkel. <\/p>\n<p><a href='http:\/\/ski.inmontanis.info\/d\/120520-2\/DSCF8334.JPG'><img src=http:\/\/ski.inmontanis.info\/d\/120519-3\/DSCF8334.JPG \/><\/a><\/p>\n<p>Nur, wie komm ich jetzt retour? Bin ja komplett planlos durch die Gegend gelaufen, Wege gab&#8217;s keine&#8230;..Bissl im inzwischen fast stockdusteren Wald retour und dann versucht, hinunter aus dem Wald rauszugehen. Im Wald geht mein GPS nicht, und im Zweifelsfall geh ich einfach geradeaus den Berg runter bis zur Schotterstra\u00dfe und folge dieser wieder zum Parkplatz.<\/p>\n<p>Kaum aus dem Wald heraus, merkte ich dank GPS, dass ich bereits auf der H\u00f6he der Talstation bin und die komplett falsche Richtung eingeschlagen hatte. Ich machte mich also wieder in den Wald und ging den von mir vermuteten direkten Weg, ab &#038; zu schaute ich aus dem Wald hinaus und korrigierte die Richtung. Der starke Nebel, die einsetzende Dunkelheit, der h\u00f6rbare Donner, der langsam einsetzende Nieselregen, all das machte es mir unm\u00f6glich, Talstation oder Parkplatz oder Stra\u00dfe erkennen zu k\u00f6nnen und erh\u00f6hte so langsam die Panik. War ich wirklich so weit dr\u00fcben? Vielleicht bin ich nun zu weit oben und schon l\u00e4ngst an der Talstation vorbei? Wie komm ich jetzt wieder zum Auto?? <\/p>\n<p>Auch der Blick auf&#8217;s GPS beruhigte mich nur noch halb. Was, wenn der Empfang in der N\u00e4he des Parkplatzes so schlecht war, dass ich dort, wo ich auf dem GPS mein Auto vermutete, gar nicht der kleine Parkplatz ist??<\/p>\n<p>Schlussendlich kam ich aber doch wieder zum Ausgangspunkt meiner kleinen Suchaktion.<\/p>\n<p><img src=http:\/\/ski.inmontanis.info\/d\/120524-2\/DSCF8338-9.jpg \/><br \/>\n^ Wieder an der Talstation. Man tut sich schwer, von hier aus einzusch\u00e4tzen, wo der Lift genau hinging&#8230;.<\/p>\n<p><a href='http:\/\/ski.inmontanis.info\/d\/120528-2\/DSCF8341.JPG'><img src=http:\/\/ski.inmontanis.info\/d\/120527-3\/DSCF8341.JPG \/><\/a><br \/>\n^ Direkt hinterm Geb\u00e4ude, der Lift ging also genau in Fotorichtung den Berg hinauf.<\/p>\n<p><img src=http:\/\/ski.inmontanis.info\/d\/120532-2\/sat_amandola2.jpg \/><br \/>\n^ Im Nachhinein sieht man recht gut, dass ich einen komplett falschen Weg eingeschlagen hatte (blau meine Wanderung) und mich auf dem Weg retour (der rechte blaue) ziemlich verirrt hatte. Orange die vmtl. Lifttrasse, die Schotterfl\u00e4che oben k\u00f6nnte die Bergstation gewesen sein (vielleicht auch nicht)<\/p>\n<p>Wieder am Auto, die Sichtweiten im Nebel betrug auf dem Schotterweg nur wenige Meter, dunkel war es auch schon, es donnerte weiter. Irgendwann (noch vor der Autobahn) setzte der Regen ein. Und mit dem Regen die Blitze. So viel Blitze wie heute hab ich vielleicht auch noch nie gesehen, oft mehrmals pro Sekunde hellte sich der Himmel auf. Und kurioserweise: Mit Regen und Blitzen gab es keinen einzigen Donner mehr zu h\u00f6ren.<\/p>\n<p>Als potentielle \u00dcbernachtungsm\u00f6glichkeit h\u00e4tte ich mir heute Passo Lanciano bzw. die Stra\u00dfe auf die Majelletta ausgesucht, hier wusste ich vom Winter, dass es gro\u00dfe Parkpl\u00e4tze an den Liften gab bzw. eine Stra\u00dfe gibt, die im Winter nicht ge\u00f6ffnet ist. Au\u00dferdem meldete der Wetterbericht f\u00fcr die Nacht und Morgen hier keinen Regen &#8230;.<\/p>\n<p>Kurze Pause an einer Autobahnrastst\u00e4tte, 3 Hendlfiletstreifen mit fettigen Pommes, die aber durch das Grillgew\u00fcrz trotzdem gut schmeckten. Oder wie auch gestern, wenn man den ganzen Tag nichts anst\u00e4ndiges zu bei\u00dfen hat, schmeckt um 22 Uhr alles umso besser :)<\/p>\n<p>Weniger sch\u00f6n war, dass danach mein linkes Abblendlicht nicht mehr ging. Als &#8220;Ein\u00e4ugiger&#8221; nachts zu fahren, ist doch etwas anstrengend. Au\u00dfer es ist nichts los und man kann das Fernlicht anlassen. Irgendwann kam ich am Zielpunkt an, leider sind die Parkpl\u00e4tze doch alle sehr an der Stra\u00dfe, so dass es keinen soooo geeigneten Parkplatz gab, es regnete nur noch leicht, stellenweise waren schon ein paar Sterne zu sehen, ein eisiger Sturm hinderte mich aber, die Stra\u00dfe bis zum Gipfel zu fahren und dort nach einem besseren Parkplatz zu sehen, es war 23:15 Uhr, ich will ins Bett. Ein kleiner Schotterplatz hinter der einen Fahrbahnverengung war mir heute gut genug.<\/p>\n","protected":false},"excerpt":{"rendered":"<p>Funi&#8217;talia-Tour 2010, Tag 2, So, 5.9.2010, Teil 4<\/p>\n<p> ^G Monte Am\u00e0ndola<\/p>\n<p>Auf der Karte n\u00e4he Bolognola, also n\u00e4he Sarnano, ist am Monte Amandola ein Lift eingezeichnet&#8230; wo mag der wohl weg gegangen sein? <\/p>\n<p> <a href=\"http:\/\/blog.inmontanis.info\/?p=1354\">[&#8230;]<\/a><\/p>\n","protected":false},"author":1,"featured_media":0,"comment_status":"open","ping_status":"closed","sticky":false,"template":"","format":"standard","meta":{"footnotes":""},"categories":[89,523,15,32,30],"tags":[],"class_list":["post-1354","post","type-post","status-publish","format-standard","hentry","category-funitalia","category-bolognola","category-italienitaly","category-lostplaces","category-wandern","odd"],"_links":{"self":[{"href":"http:\/\/blog.inmontanis.info\/index.php?rest_route=\/wp\/v2\/posts\/1354","targetHints":{"allow":["GET"]}}],"collection":[{"href":"http:\/\/blog.inmontanis.info\/index.php?rest_route=\/wp\/v2\/posts"}],"about":[{"href":"http:\/\/blog.inmontanis.info\/index.php?rest_route=\/wp\/v2\/types\/post"}],"author":[{"embeddable":true,"href":"http:\/\/blog.inmontanis.info\/index.php?rest_route=\/wp\/v2\/users\/1"}],"replies":[{"embeddable":true,"href":"http:\/\/blog.inmontanis.info\/index.php?rest_route=%2Fwp%2Fv2%2Fcomments&post=1354"}],"version-history":[{"count":2,"href":"http:\/\/blog.inmontanis.info\/index.php?rest_route=\/wp\/v2\/posts\/1354\/revisions"}],"predecessor-version":[{"id":1356,"href":"http:\/\/blog.inmontanis.info\/index.php?rest_route=\/wp\/v2\/posts\/1354\/revisions\/1356"}],"wp:attachment":[{"href":"http:\/\/blog.inmontanis.info\/index.php?rest_route=%2Fwp%2Fv2%2Fmedia&parent=1354"}],"wp:term":[{"taxonomy":"category","embeddable":true,"href":"http:\/\/blog.inmontanis.info\/index.php?rest_route=%2Fwp%2Fv2%2Fcategories&post=1354"},{"taxonomy":"post_tag","embeddable":true,"href":"http:\/\/blog.inmontanis.info\/index.php?rest_route=%2Fwp%2Fv2%2Ftags&post=1354"}],"curies":[{"name":"wp","href":"https:\/\/api.w.org\/{rel}","templated":true}]}}