{"id":1340,"date":"2010-09-04T23:00:45","date_gmt":"2010-09-04T22:00:45","guid":{"rendered":"http:\/\/blog.inmontanis.info\/?p=1340"},"modified":"2023-08-01T21:33:15","modified_gmt":"2023-08-01T19:33:15","slug":"prada-costabella-4-9-2010","status":"publish","type":"post","link":"http:\/\/blog.inmontanis.info\/?p=1340","title":{"rendered":"Prada-Costabella, 4.9.2010"},"content":{"rendered":"<p><em>Funi&#8217;talia-Tour 2010, Tag 1, Sa, 4.9.2010, Teil 3<\/em><\/p>\n<p><img src=http:\/\/extra.inmontanis.info\/d\/4525-2\/funitalia2010b2.jpg \/><br \/>\n^C Prada-Costabella \/ Monte Baldo<\/p>\n<p>Nach dem Fedaia ging&#8217;s quer r\u00fcber nach <strong>Prada<\/strong> am Gardasee. Korblift+ESL bin ich zwar schon \u00f6fters gefahren, auch schon im Sommer, aber ich wollte noch ein paar HD-Videos machen, und da der Wetterbericht f\u00fcr n\u00e4chstes WE schlecht meldete und das zumindest das Ende der Saison hier w\u00e4re&#8230;<!--more--><\/p>\n<p>Diverse Langsamfahrer (d.h. in Italien Autofahrer, die meist nur mit 50-60 km\/h auf der Landstra\u00dfe fahren, wo 70-90 erlaubt w\u00e4re), sowie Staus (Samstag!) machten mir das Leben etwas schwer &#8211; um 16:40 kam ich schlie\u00dflich an. Zum Gl\u00fcck liefen sie nach Sonntags-Fahrplan oder Pre-September-Fahrplan, so dass sich eine Berg&#038;Talfahrt mit beiden Sektionen noch ausging (letzte Talfahrt von ganz oben 17:30) &#8211; leider war die Sicht zu vergessen, daher auch kaum Fotos gemacht, da hatte ich im Winter und Sommer schon besseres&#8230;:<\/p>\n<p><a href='http:\/\/ski.inmontanis.info\/d\/119834-2\/DSCF7901.JPG'><img src=http:\/\/ski.inmontanis.info\/d\/119833-3\/DSCF7901.JPG \/><\/a><br \/>\n^ Talstation<\/p>\n<p><a href='http:\/\/ski.inmontanis.info\/d\/119838-2\/DSCF7919.JPG'><img src=http:\/\/ski.inmontanis.info\/d\/119837-3\/DSCF7919.JPG \/><\/a><br \/>\n^ N\u00e4he Mittelstation, weiter oben war dann sichtm\u00e4\u00dfig gar nix mehr &#8230;<\/p>\n<p><a href='http:\/\/ski.inmontanis.info\/d\/119842-2\/DSCF7940.JPG'><img src=http:\/\/ski.inmontanis.info\/d\/119841-3\/DSCF7940.JPG \/><\/a><br \/>\n^ Bergstation ESL<\/p>\n<p><a href='http:\/\/ski.inmontanis.info\/d\/119846-2\/DSCF7962.JPG'><img src=http:\/\/ski.inmontanis.info\/d\/119845-3\/DSCF7962.JPG \/><\/a><br \/>\n^ Der Gardasee war heute leider kaum zu sehen&#8230;<\/p>\n<p>Der Film ist aber dann doch ganz nett geworden &#8211; bis auf die letzte Szene in Full HD:<\/p>\n<p><object style=\"height: 500px; width: 900px\"><param name=\"movie\" value=\"http:\/\/www.youtube.com\/v\/XpCY_QbjOks\"><\/param><param name=\"wmode\" value=\"transparent\"><\/param><embed src=\"http:\/\/www.youtube.com\/v\/XpCY_QbjOks\" type=\"application\/x-shockwave-flash\" wmode=\"transparent\"  width=\"900\" height=\"480\"><\/embed><\/object><\/p>\n<p>Hatte dann an der Talstation den einen Bediensteten noch (auf italienisch) gefragt, ob die Lifte im Winter wieder in Betrieb seien, was er verneinte. Auch nicht in den Weihnachtsferien? N\u00f6, der Lift f\u00e4hrt im Winter nicht. Aber vor 2 Jahren war das so, da war ich doch da. Was? Vor 2 Jahren? Ne neee&#8230; Sicher???   &#8230;<\/p>\n<p>.. hab&#8217;s dann gelassen, weiter zu fragen, hatte ja keinen Sinn. Ob der Lift also &#8211; im Gegensatz zum letzten Jahr &#8211; wieder zwischen den Jahren l\u00e4uft, bleibt fraglich.<\/p>\n<p>Um 18h sah ich mir (am Parkplatz des Korblifts) noch schnell den Wetterbericht f\u00fcr morgen an &#8211; Biella\/Oropa soll recht verregnet werden, das hat also keinen Sinn &#8211; also zum Korblift Monte Catria\/Acuto, wo ich nach langer Autobahnfahrt und kurzer &#8220;Schnipo&#8221;-Pause an einer Rastst\u00e4tte (die Pommes lagen wohl schon &#8216;ne Stunde unter der W\u00e4rmelampe, haben aber komischerweise recht gut geschmeckt, was auch daran liegen k\u00f6nnte, dass ich sonst ja noch nichts gegegessen hatte..) um 23 Uhr ankam. Da ich ja hier schon im Winter war, wusste ich ob der einsamen Lage des Parkplatzes am Korblift, und dass ich hier problemlos schlafen werde k\u00f6nnen. <\/p>\n<p><img src=http:\/\/extra.inmontanis.info\/d\/4275-2\/DSCF8004.JPG \/><br \/>\n^ Sternenhimmel, war hier und heute sehr gut sichtbar, f\u00fcr vern\u00fcnftige Langzeitfotos fehlte mir dann aber die Lust und Zeit (800km Autofahrt, 3 Lift-Stationen, seit 5:30 auf&#8230;)<\/p>\n<p>Viel Bock hatte ich auch nicht mehr auf Berichtschreiben und SD-Karten leeren (mit den ganzen Full-HD-Videos und den vielen Fotos hab ich heut alle meine 3 Karten mit insg. 7 GB voll gemacht), hab ich auf morgen fr\u00fch verschoben, daher gleich ins Bett und Wecker auf 6:45 gestellt (7h Schlaf muss reichen). Wei\u00df zwar nicht, ab wann der Korblift f\u00e4hrt, aber ich muss ja noch schauen, was morgen noch alles in Reichweite ist und was ich nach dem Monte Catria\/Acuto noch mitnehmen k\u00f6nnte&#8230;<\/p>\n","protected":false},"excerpt":{"rendered":"<p>Funi&#8217;talia-Tour 2010, Tag 1, Sa, 4.9.2010, Teil 3<\/p>\n<p> ^C Prada-Costabella \/ Monte Baldo<\/p>\n<p>Nach dem Fedaia ging&#8217;s quer r\u00fcber nach Prada am Gardasee. Korblift+ESL bin ich zwar schon \u00f6fters gefahren, auch schon im Sommer, aber ich wollte noch ein paar HD-Videos machen, und da der Wetterbericht f\u00fcr n\u00e4chstes WE schlecht meldete und das zumindest <a href=\"http:\/\/blog.inmontanis.info\/?p=1340\">[&#8230;]<\/a><\/p>\n","protected":false},"author":1,"featured_media":0,"comment_status":"open","ping_status":"closed","sticky":false,"template":"","format":"standard","meta":{"footnotes":""},"categories":[89,15,420,30],"tags":[35,63],"class_list":["post-1340","post","type-post","status-publish","format-standard","hentry","category-funitalia","category-italienitaly","category-prada-costabella","category-wandern","tag-esl","tag-korblift","odd"],"_links":{"self":[{"href":"http:\/\/blog.inmontanis.info\/index.php?rest_route=\/wp\/v2\/posts\/1340","targetHints":{"allow":["GET"]}}],"collection":[{"href":"http:\/\/blog.inmontanis.info\/index.php?rest_route=\/wp\/v2\/posts"}],"about":[{"href":"http:\/\/blog.inmontanis.info\/index.php?rest_route=\/wp\/v2\/types\/post"}],"author":[{"embeddable":true,"href":"http:\/\/blog.inmontanis.info\/index.php?rest_route=\/wp\/v2\/users\/1"}],"replies":[{"embeddable":true,"href":"http:\/\/blog.inmontanis.info\/index.php?rest_route=%2Fwp%2Fv2%2Fcomments&post=1340"}],"version-history":[{"count":4,"href":"http:\/\/blog.inmontanis.info\/index.php?rest_route=\/wp\/v2\/posts\/1340\/revisions"}],"predecessor-version":[{"id":8987,"href":"http:\/\/blog.inmontanis.info\/index.php?rest_route=\/wp\/v2\/posts\/1340\/revisions\/8987"}],"wp:attachment":[{"href":"http:\/\/blog.inmontanis.info\/index.php?rest_route=%2Fwp%2Fv2%2Fmedia&parent=1340"}],"wp:term":[{"taxonomy":"category","embeddable":true,"href":"http:\/\/blog.inmontanis.info\/index.php?rest_route=%2Fwp%2Fv2%2Fcategories&post=1340"},{"taxonomy":"post_tag","embeddable":true,"href":"http:\/\/blog.inmontanis.info\/index.php?rest_route=%2Fwp%2Fv2%2Ftags&post=1340"}],"curies":[{"name":"wp","href":"https:\/\/api.w.org\/{rel}","templated":true}]}}