{"id":1333,"date":"2010-09-04T10:00:27","date_gmt":"2010-09-04T09:00:27","guid":{"rendered":"http:\/\/blog.inmontanis.info\/?p=1333"},"modified":"2023-08-03T22:18:05","modified_gmt":"2023-08-03T20:18:05","slug":"cortinaforcella-staunies-4-9-2010","status":"publish","type":"post","link":"http:\/\/blog.inmontanis.info\/?p=1333","title":{"rendered":"Cortina\/Forcella Staunies, 4.9.2010"},"content":{"rendered":"<p><em>Funi&#8217;talia-Tour 2010, Tag 1, Teil 1<\/em><\/p>\n<p>Lange hatte ich mir \u00fcberlegt, wo ich diesen Sommer hinfahre, worauf ich Lust h\u00e4tte. Pyren\u00e4en, Spanien? Im Hochsommer? Zu hei\u00df. Skandinavien? Darauf h\u00e4tte ich Lust, aber ehe ich mich versah, waren die Sommerskigebete mangels Schnee wieder zu&#8230;<\/p>\n<p>Irgendwann kamen dann einige Beitr\u00e4ge im Forum, zwecks evtl. schlie\u00dfender Korblifte. Au\u00dferdem fehlen mir doch noch ein paar Korblifte im Appennin&#8230; na gut, dann eben nur eine Woche Italien, und mal nachschauen, was es da sonst noch an Sommerbahnen gibt&#8230;.<!--more--><\/p>\n<p>Vorabend, 3.9.2010<\/p>\n<p>Irgendwann war mir endlich klar, was ich am Samstag machen m\u00f6chte: 3 Korblifte, 1 ESL, 800 km Autofahrt &#8230; Hammerprogramm. Um 22 Uhr fing ich endlich an, Koffer und Sachen zusammen zu packen, nach eineinhalb Stunden war ich zwar soweit fertig, aber bis ich ins Bett kam, dauerte es doch noch ein Weilchen&#8230; Immerhin war ich so m\u00fcde, dass ich diesmal problemlos einschlief :)<\/p>\n<p><strong>Samstag, 4.9.2010<\/strong><\/p>\n<p>Daf\u00fcr klingelte um 5:30 auch schon der Wecker. Wah. Kam aber leider nicht p\u00fcnktlich um 6:30 weg, und durch starken Verkehr im Pustertal (und haufenweise Langsamfahrer, die mich noch den Rest des Tages zur Verzweiflung bringen sollten, konnte ich doch kaum 5 Minuten &#8220;frei&#8221; fahren, war schon wieder einer vor mir) kam ich erst um 9 Uhr am Passo Tre Croci bzw. Rio Gere oberhalb von Cortina d&#8217;Ampezzo an. <\/p>\n<p>Als erstes stand n\u00e4mlich der Korb- bzw. Gondellift <strong>Forcella Staunies<\/strong> an. 2004 bin ich bisher das einzige Mal damit gefahren, aber aktuell ist es ja der altmodischste Korb\/Gondellift, wer wei\u00df wie lang der noch f\u00e4hrt. Berg&#038;Talfahrt kostete heftige 21,- allerdings samt Skydancer als Zubringer. Aber der Gondellift oben ist ja jeden Cent wert!<\/p>\n<p>Fotos, anklicken zum Vergr\u00f6\u00dfern, soweit nicht vergr\u00f6\u00dfert gepostet:<\/p>\n<p><img src=http:\/\/extra.inmontanis.info\/d\/4525-2\/funitalia2010b2.jpg \/><br \/>\n^ A. Forcella Staunies<\/p>\n<p><a href='http:\/\/ski.inmontanis.info\/d\/119548-2\/DSCF7617.JPG'><img src=http:\/\/ski.inmontanis.info\/d\/119547-3\/DSCF7617.JPG \/><\/a><br \/>\n^ 4KSB Son Forca<\/p>\n<p><a href='http:\/\/ski.inmontanis.info\/d\/119553-2\/DSCF7620.JPG'><img src=http:\/\/ski.inmontanis.info\/d\/119552-3\/DSCF7620.JPG \/><\/a><br \/>\n^ Talstation Kombilift Forcella Staunies (Winter DSB, Sommer Stehgondellift)<\/p>\n<p><a href='http:\/\/ski.inmontanis.info\/d\/119557-2\/DSCF7622.JPG'><img src=http:\/\/ski.inmontanis.info\/d\/119556-3\/DSCF7622.JPG \/><\/a><br \/>\n^ Talstation Forcella Staunies<\/p>\n<p><img src=http:\/\/ski.inmontanis.info\/d\/119561-2\/DSCF7623.JPG \/><br \/>\n^ Strecke Forcella Staunies<\/p>\n<p><a href='http:\/\/ski.inmontanis.info\/d\/119565-2\/DSCF7627.JPG'><img src=http:\/\/ski.inmontanis.info\/d\/119564-3\/DSCF7627.JPG \/><\/a><br \/>\n^ An der St\u00fctze 3<\/p>\n<p><img src=http:\/\/ski.inmontanis.info\/d\/119569-2\/DSCF7630.JPG \/><br \/>\n^ Mittlerer und oberer Teil<\/p>\n<p><a href='http:\/\/ski.inmontanis.info\/d\/119573-2\/DSCF7633.JPG'><img src=http:\/\/ski.inmontanis.info\/d\/119572-3\/DSCF7633.JPG \/><\/a><br \/>\n^ Obwohl kein Wind, schaukelten die talw\u00e4rtsfahrenden Gondel doch ziemlich stark. Rechts die leider sehr stark modellierte Piste&#8230;<\/p>\n<p><img src=http:\/\/ski.inmontanis.info\/d\/119577-2\/DSCF7642.JPG \/><br \/>\n^ Zwischenausstieg im Winter, wenn der Lift als DSB f\u00e4hrt<\/p>\n<p><img src=http:\/\/ski.inmontanis.info\/d\/119581-2\/DSCF7646.JPG \/><br \/>\n^ In der Scharte<\/p>\n<p><img src=http:\/\/ski.inmontanis.info\/d\/119585-2\/DSCF7647.JPG \/><br \/>\n^ St\u00fctze 11, davor ein Fundament des Vorg\u00e4ngerlifts<\/p>\n<p><a href='http:\/\/ski.inmontanis.info\/d\/119589-2\/DSCF7648.JPG'><img src=http:\/\/ski.inmontanis.info\/d\/119588-3\/DSCF7648.JPG \/><\/a><br \/>\n^ <\/p>\n<p><a href='http:\/\/ski.inmontanis.info\/d\/119593-2\/DSCF7650.JPG'><img src=http:\/\/ski.inmontanis.info\/d\/119592-3\/DSCF7650.JPG \/><\/a><br \/>\n^ Hier in der Scharte liegt sogar ein kleiner Gletscher, unter dem Schutt, wie man hier gut sehen kann<\/p>\n<p><img src=http:\/\/ski.inmontanis.info\/d\/119597-2\/DSCF7654.JPG \/><br \/>\n^ Bergstation Forcella Staunies<\/p>\n<p><a href='http:\/\/ski.inmontanis.info\/d\/119601-2\/DSCF7659.JPG'><img src=http:\/\/ski.inmontanis.info\/d\/119600-3\/DSCF7659.JPG \/><\/a><br \/>\n^ Kurze Materialseilbahn zum Rifugio<\/p>\n<p><a href='http:\/\/ski.inmontanis.info\/d\/119605-2\/DSCF7660-65.jpg'><img src=http:\/\/ski.inmontanis.info\/d\/119604-3\/DSCF7660-65.jpg \/><\/a><br \/>\n^ Bergstation<\/p>\n<p><img src=http:\/\/ski.inmontanis.info\/d\/119609-2\/DSCF7667.JPG \/><br \/>\n^ 4-Fach St\u00fctze 15<\/p>\n<p><img src=http:\/\/ski.inmontanis.info\/d\/119613-2\/DSCF7668.JPG \/><br \/>\n^ Blick auf die komplette Strecke<\/p>\n<p><img src=http:\/\/ski.inmontanis.info\/d\/119617-2\/DSCF7669.JPG \/><br \/>\n^ Bergstation<\/p>\n<p><img src=http:\/\/ski.inmontanis.info\/d\/119621-2\/DSCF7671-74.jpg \/><br \/>\n^ Bergstation<\/p>\n<p><img src=http:\/\/ski.inmontanis.info\/d\/119625-2\/DSCF7678-81.jpg \/><br \/>\n^ Steil abw\u00e4rts geht&#8217;s auch auf der R\u00fcckseite des Lifts&#8230;<\/p>\n<p><a href='http:\/\/ski.inmontanis.info\/d\/119629-2\/DSCF7682.JPG'><img src=http:\/\/ski.inmontanis.info\/d\/119628-3\/DSCF7682.JPG \/><\/a><br \/>\n^ Aufstieg am Fels von der Bergstation<\/p>\n<p><a href='http:\/\/ski.inmontanis.info\/d\/119633-2\/DSCF7683-84.jpg'><img src=http:\/\/ski.inmontanis.info\/d\/119632-3\/DSCF7683-84.jpg \/><\/a><br \/>\n^ .. hier ist aber bald Endstation. Links geht eine krasse Leiter rauf, geradeaus ging fr\u00fcher der Steig hinab zum Sommerskilift<\/p>\n<p><a href='http:\/\/ski.inmontanis.info\/d\/119637-2\/DSCF7688.JPG'><img src=http:\/\/ski.inmontanis.info\/d\/119636-3\/DSCF7688.JPG \/><\/a><br \/>\n^ Verfallener, ehemaliger Abstieg zum Sommerskilft<\/p>\n<p><a href='http:\/\/ski.inmontanis.info\/d\/119641-2\/09050071.JPG'><img src=http:\/\/ski.inmontanis.info\/d\/119640-3\/09050071.JPG \/><\/a><br \/>\n^ Ehemaliger Abstieg zum Sommerskigebiet (Foto vom 5.9.2004)<\/p>\n<p><a href='http:\/\/ski.inmontanis.info\/d\/119645-2\/09050072.JPG'><img src=http:\/\/ski.inmontanis.info\/d\/119644-3\/09050072.JPG \/><\/a><br \/>\n^ Ehemaliger Abstieg zum Sommerskigebiet bzw. dr\u00fcber die Leiter, mit der man weiter nach rechts kommt (Foto vom 5.9.2004)<\/p>\n<p><img src=http:\/\/ski.inmontanis.info\/d\/119649-2\/09050075.JPG \/><br \/>\n^ Abstieg und Blick ins ehemalige Sommerskigebiet (Foto vom 5.9.2004)<\/p>\n<p><img src=http:\/\/ski.inmontanis.info\/d\/119653-2\/DSCF7702.JPG \/><br \/>\n^ Nochmal die 4-Fach St\u00fctze 15<\/p>\n<p><a href='http:\/\/ski.inmontanis.info\/d\/119657-2\/DSCF7705.JPG'><img src=http:\/\/ski.inmontanis.info\/d\/119656-3\/DSCF7705.JPG \/><\/a><br \/>\n^ Zugang zur Talfahrt<\/p>\n<p><img src=http:\/\/ski.inmontanis.info\/d\/119661-2\/DSCF7716.JPG \/><br \/>\n^ Fenster-Mechanismus<\/p>\n<p><a href='http:\/\/ski.inmontanis.info\/d\/119665-2\/DSCF7717.JPG'><img src=http:\/\/ski.inmontanis.info\/d\/119664-3\/DSCF7717.JPG \/><\/a><br \/>\n^ St\u00fctze-Rollenbatterie<\/p>\n<p><a href='http:\/\/ski.inmontanis.info\/d\/119669-2\/DSCF7724.JPG'><img src=http:\/\/ski.inmontanis.info\/d\/119668-3\/DSCF7724.JPG \/><\/a><br \/>\n^ Zwischenausstieg<\/p>\n<p><a href='http:\/\/ski.inmontanis.info\/d\/119673-2\/DSCF7728.JPG'><img src=http:\/\/ski.inmontanis.info\/d\/119672-3\/DSCF7728.JPG \/><\/a><br \/>\n^ Zwischenausstieg<\/p>\n<p><img src=http:\/\/ski.inmontanis.info\/d\/119677-2\/DSCF7743.JPG \/><br \/>\n^ Die modellierte Piste st\u00f6rt leider &#8230;<\/p>\n<p><img src=http:\/\/ski.inmontanis.info\/d\/119681-2\/DSCF7745.JPG \/><br \/>\n^ In der Gondelkabine, es gibt sogar 2 kleine Sitzpl\u00e4tze.<\/p>\n<p><a href='http:\/\/ski.inmontanis.info\/d\/119685-2\/DSCF7752.JPG'><img src=http:\/\/ski.inmontanis.info\/d\/119684-3\/DSCF7752.JPG \/><\/a><br \/>\n^ Talstation<\/p>\n<p><img src=http:\/\/ski.inmontanis.info\/d\/119689-2\/DSCF7756.JPG \/><br \/>\n^ Niederhalterst\u00fctze 1<\/p>\n<p><img src=http:\/\/ski.inmontanis.info\/d\/119693-2\/DSCF7757.JPG \/><br \/>\n^ Strecke Forcella Staunies<\/p>\n<p><a href='http:\/\/ski.inmontanis.info\/d\/119697-2\/DSCF7758.JPG'><img src=http:\/\/ski.inmontanis.info\/d\/119696-3\/DSCF7758.JPG \/><\/a><br \/>\n^ 4KSB zu Rio Gere mit Abfahrt, gegen\u00fcber das Faloria-Gebiet<\/p>\n<p><a href='http:\/\/ski.inmontanis.info\/d\/119701-2\/DSCF7759.JPG'><img src=http:\/\/ski.inmontanis.info\/d\/119700-3\/DSCF7759.JPG \/><\/a><br \/>\n^ Zoom ins Faloria-Gebiet<\/p>\n<p><a href='http:\/\/ski.inmontanis.info\/d\/119705-2\/DSCF7765.JPG'><img src=http:\/\/ski.inmontanis.info\/d\/119704-3\/DSCF7765.JPG \/><\/a><br \/>\n^ 4KSB  und Abfahrt<\/p>\n<p><a href='http:\/\/ski.inmontanis.info\/d\/119709-2\/DSCF7768.JPG'><img src=http:\/\/ski.inmontanis.info\/d\/119708-3\/DSCF7768.JPG \/><\/a><br \/>\n^ Pistenplan<\/p>\n<p>Weiter gings zum Passo Fedaia, den bin ich im Sommer noch nie gefahren&#8230;<\/p>\n<p><a href='http:\/\/ski.inmontanis.info\/d\/119713-2\/DSCF7770.JPG'><img src=http:\/\/ski.inmontanis.info\/d\/119712-3\/DSCF7770.JPG \/><\/a><br \/>\n^ Auffahrt zum Passo Giau<\/p>\n<p><a href='http:\/\/ski.inmontanis.info\/d\/119717-2\/DSCF7774.JPG'><img src=http:\/\/ski.inmontanis.info\/d\/119716-3\/DSCF7774.JPG \/><\/a><br \/>\n^ Am Passo Giau<\/p>\n<p><a href='http:\/\/ski.inmontanis.info\/d\/119721-2\/DSCF7779.JPG'><img src=http:\/\/ski.inmontanis.info\/d\/119720-3\/DSCF7779.JPG \/><\/a><br \/>\n^ Ex-Talstation SL Passo Giau, sind ja leider einige stillgelegt hier &#8230;<\/p>\n<p>Korblift\/Gondellift Forcella Staunies, Full-HD:<\/p>\n<p><object style=\"height: 500px; width: 900px\"><param name=\"movie\" value=\"http:\/\/www.youtube.com\/v\/Ld3zuK87Srg\"><\/param><param name=\"wmode\" value=\"transparent\"><\/param><embed src=\"http:\/\/www.youtube.com\/v\/Ld3zuK87Srg\" type=\"application\/x-shockwave-flash\" wmode=\"transparent\"  width=\"900\" height=\"480\"><\/embed><\/object><br \/>\n<a href='http:\/\/www.youtube.com\/watch?v=Ld3zuK87Srg'>http:\/\/www.youtube.com\/watch?v=Ld3zuK87Srg<\/a><\/p>\n<p>Hoffe es ist nicht zu langweilig und auch nicht zu kurz &#8211; dass es verwackelt ist, liegt halt am fahrenden Lift :)<\/p>\n","protected":false},"excerpt":{"rendered":"<p>Funi&#8217;talia-Tour 2010, Tag 1, Teil 1<\/p>\n<p>Lange hatte ich mir \u00fcberlegt, wo ich diesen Sommer hinfahre, worauf ich Lust h\u00e4tte. Pyren\u00e4en, Spanien? Im Hochsommer? Zu hei\u00df. Skandinavien? Darauf h\u00e4tte ich Lust, aber ehe ich mich versah, waren die Sommerskigebete mangels Schnee wieder zu&#8230;<\/p>\n<p>Irgendwann kamen dann einige Beitr\u00e4ge im Forum, zwecks evtl. schlie\u00dfender Korblifte. Au\u00dferdem <a href=\"http:\/\/blog.inmontanis.info\/?p=1333\">[&#8230;]<\/a><\/p>\n","protected":false},"author":1,"featured_media":0,"comment_status":"open","ping_status":"closed","sticky":false,"template":"","format":"standard","meta":{"footnotes":""},"categories":[89,500,15,59,30],"tags":[49,63],"class_list":["post-1333","post","type-post","status-publish","format-standard","hentry","category-funitalia","category-cortina-dampezzo","category-italienitaly","category-nostalgie","category-wandern","tag-4sb","tag-korblift","odd"],"_links":{"self":[{"href":"http:\/\/blog.inmontanis.info\/index.php?rest_route=\/wp\/v2\/posts\/1333","targetHints":{"allow":["GET"]}}],"collection":[{"href":"http:\/\/blog.inmontanis.info\/index.php?rest_route=\/wp\/v2\/posts"}],"about":[{"href":"http:\/\/blog.inmontanis.info\/index.php?rest_route=\/wp\/v2\/types\/post"}],"author":[{"embeddable":true,"href":"http:\/\/blog.inmontanis.info\/index.php?rest_route=\/wp\/v2\/users\/1"}],"replies":[{"embeddable":true,"href":"http:\/\/blog.inmontanis.info\/index.php?rest_route=%2Fwp%2Fv2%2Fcomments&post=1333"}],"version-history":[{"count":3,"href":"http:\/\/blog.inmontanis.info\/index.php?rest_route=\/wp\/v2\/posts\/1333\/revisions"}],"predecessor-version":[{"id":9039,"href":"http:\/\/blog.inmontanis.info\/index.php?rest_route=\/wp\/v2\/posts\/1333\/revisions\/9039"}],"wp:attachment":[{"href":"http:\/\/blog.inmontanis.info\/index.php?rest_route=%2Fwp%2Fv2%2Fmedia&parent=1333"}],"wp:term":[{"taxonomy":"category","embeddable":true,"href":"http:\/\/blog.inmontanis.info\/index.php?rest_route=%2Fwp%2Fv2%2Fcategories&post=1333"},{"taxonomy":"post_tag","embeddable":true,"href":"http:\/\/blog.inmontanis.info\/index.php?rest_route=%2Fwp%2Fv2%2Ftags&post=1333"}],"curies":[{"name":"wp","href":"https:\/\/api.w.org\/{rel}","templated":true}]}}