{"id":1330,"date":"2001-07-28T22:00:19","date_gmt":"2001-07-28T20:00:19","guid":{"rendered":"http:\/\/blog.inmontanis.info\/?p=1330"},"modified":"2023-08-04T18:54:30","modified_gmt":"2023-08-04T16:54:30","slug":"marmolada-28-7-2001","status":"publish","type":"post","link":"http:\/\/blog.inmontanis.info\/?p=1330","title":{"rendered":"Marmolada, 28.7.2001 &#8211; Sommerski"},"content":{"rendered":"<p><em>Diese Fotos waren bereits in der &#8220;alten Alpengallery&#8221; online, daher gab&#8217;s bisher keinen &#8220;offiziellen&#8221; Bericht, was ich hiermit endlich nachholen m\u00f6chte.<\/em><!--more--><em> Leider konnte ich die Original-Fotos nicht mehr finden. Wobei ich auch nicht mehr wei\u00df, ob ich damals \u00fcberhaupt in einer h\u00f6heren Aufl\u00f6sung als 1024&#215;768 fotografiert hatte. Speicherplatz war anno 2001 teuer, die Cams hatten nur 2 MP und ich war noch irgendwie &#8220;analog&#8221; gepolt und machte kaum Fotos&#8230; wesentlich mehr als zu Analog-Zeiten, aber es war eben noch vor dem Alpinforum und vor Terrabyte gro\u00dfen Festplatten ;)<\/p>\n<p>Dass das eins der letzten Jahre sein wird, wo es an der Marmolada Sommerski geben wird, war mir 2001 nicht bewusst. R\u00fcckgang der Gletscher? Geschlossene Sommerskigebiete? Von all dem wusste ich damals noch nichts&#8230;.<br \/>\n<\/em><\/p>\n<p>Samstag, 28.7.2001<\/p>\n<p>Das Wetter passt, Sommerskibetrieb sollte lt. Homepage m\u00f6glich sein. Fr\u00fch ging es von Innsbruck weg, \u00fcber den Brenner, das Gr\u00f6dner Tal, \u00fcber&#8217;s Sellajoch.<\/p>\n<p><img src=http:\/\/ski.inmontanis.info\/d\/118811-2\/marmolada20010728_sellajoch_Panorama_Nord.jpg \/><br \/>\n^ Nordpanorama vom Sellajoch<\/p>\n<p><img src=http:\/\/ski.inmontanis.info\/d\/118815-2\/marmolada20010728_sellajoch_suedanorama.jpg \/><br \/>\n^ S\u00fcdpanorama vom Sellajoch<\/p>\n<p><img src=http:\/\/ski.inmontanis.info\/d\/118819-2\/marmolada20010728_sellajoch_sueden_marmolada_zoom.jpg \/><br \/>\n^ Gezoomter Blick vom Sellajoch zur Marmolada. Schaut ja nicht wirklich nach Skibetrieb aus&#8230;.<\/p>\n<p>So wirklich genaue, tagesaktuelle Informationen findet man auf der Marmolada-Homepage ja nicht, gibt&#8217;s Sommerski oder nicht, sind die Lifte offen oder nicht, darf man fahren oder nicht &#8211; es ist ein gewisser Unsicherheitsfaktor. Um 8:45 war ich an der Kasse und bestellte eine Tageskarte, gespannt, ob ich sie wohl bekommen sollte.<\/p>\n<p><img src=http:\/\/ski.inmontanis.info\/d\/118823-2\/marmolada20010728_talstation.jpg \/><br \/>\n^ Die Pendelbahn zur Marmolada, 1. Sektion. Imposantes Teil&#8230;<\/p>\n<p><img src=http:\/\/ski.inmontanis.info\/d\/118855-2\/P1560710.JPG \/><br \/>\n^ Pistenplan und Skipass. Preis: 50.000 Lire<\/p>\n<p><img src=http:\/\/ski.inmontanis.info\/d\/118859-2\/P1560721.JPG \/><br \/>\n^ Plan \/ Prospekt anno 2001<\/p>\n<p>Steil und schnell ging es die 1. Sektion hinauf, schnell weiter zur 2. Sektion, man will ja keine Gondel verpassen.<\/p>\n<p><img src=http:\/\/ski.inmontanis.info\/d\/118827-2\/marmolada20010728_mittelstation.jpg \/><br \/>\n^ Die Pendelbahn zur Marmolada, 2. Sektion<\/p>\n<p>Und dann: 2. Mittelstation, Serauta. Ein riesiger h\u00e4sslicher Betonklotz. Ist da ein Hotel? Die Sektion 2 f\u00e4hrt in einen der unteren Geschosse ein. \u00dcberraschenderweise kommt man zu zwei (?) alten gro\u00dfen Aufz\u00fcgen, mit denen geht&#8217;s erst mal ein paar Stockwerke hinauf. Aufzugfahren mit Ski und Skischuhe? Auch eine Premiere f\u00fcr mich. Weiter den Schildern zur 3. Sektion, das Restaurant und das Museum, das sich hier befindet, kann ich ja sp\u00e4ter auch noch anschauen.<\/p>\n<p>Der Zugang zur 3. Sektion war ebenfalls recht urig, ein schmaler Eingang, ein paar Holz?Metall?-Treppen zum Skidata-Leser kurz vor der T\u00fcr zum Einstieg. <em>Seit dem Umbau 2004\/2005 muss man keinen Aufzug mehr fahren, es geht alles modern und ebenerdig, im Vgl. zu 2001 langweilig :-(<\/em><\/p>\n<p>Oben an der Bergstation angekommen der n\u00e4chste &#8220;Schock&#8221; &#8211; was f\u00fcr ein h\u00e4ssliches Geb\u00e4ude Teil 2. Beim Ausstieg muss man sich durch Tische qu\u00e4len von dem kleinen Restaurant- und Souvenirshop hier oben. \u00dcberall h\u00e4ngt irgend &#8216;was rum, wie am Flohmarkt. Einen Stock tiefer, kurz vor&#8217;m Ausstieg, die \u00dcberraschung: Trotz Italien, trotz dieses alten Geb\u00e4udes &#8211; Sitz-WC! Damit h\u00e4tte ich hier nun wirklich nicht gerechnet&#8230;.<\/p>\n<p><em>Wenige Jahre sp\u00e4ter nun pr\u00e4sentiert sich auch dieses Geb\u00e4ude noch eine spur trostloser, die Bar in der Bergstation ist verschwunden, eine neue Treppe ist eingezogen. Man kann zwar nun auf die R\u00fcckseite richtung S\u00fcden schauen, aber der ganze Stock ist eben trostlos geworden. Das Flair, das ich 2001 als altmodisch und kurios empfand, w\u00fcrde ich mir gerne zur\u00fcckw\u00fcnschen.<\/em><\/p>\n<p><img src=http:\/\/ski.inmontanis.info\/d\/118831-2\/marmolada20010728_langkofel_mit_riesenwolke.jpg \/><br \/>\n^ Riesenwolke am Langkofel<\/p>\n<p><img src=http:\/\/ski.inmontanis.info\/d\/118835-2\/marmolada20010728_nordpanorama.jpg \/><br \/>\n^ Marmolada-Nordpanorama <\/p>\n<p>Die Abfahrt von der PB zu den SL war cool, der Schnee sch\u00f6n firnig, angenehme Steilheit und L\u00e4nge &#8211; w\u00fcrde man gern \u00f6fters fahren. Leider muss man da immer durch den langen Tunnel zu Fu\u00df zur\u00fcck und bis man an der PB ist, in Summe mehrere Stockwerke bergauf gehen. Da ich wohl wusste, dass der SL nur bis Mittag f\u00e4hrt, bin ich die Abfahrt an der PB wohl vormittags nur ca. 2x gefahren, k\u00f6nnte ich ja nachmittags noch fahren.<\/p>\n<p><img src=http:\/\/ski.inmontanis.info\/d\/118843-2\/marmolada20010728_verbindung_gondel.jpg \/><br \/>\n^ Sommerskipiste, hier sieht man auch den Weg zum Tunnel bzw. Fu\u00dfweg durch den Tunnel zur Talstation Sektion 3&#8230;<\/p>\n<p>Der SL war ebenfalls ein Novum f\u00fcr mich &#8211; Dreiecks-St\u00fctzen? So &#8216;was hatte ich bis dato noch nie gesehen. <em>Dass das ein Kurvenlift ist, hatte ich damals \u00fcbrigens gar nicht bemerkt ;)<\/em><\/p>\n<p>Entt\u00e4uscht war ich, dass der SL nicht in ganzer L\u00e4nge ge\u00f6ffnet war, sondern einen Zwischeneinstieg hatte.  Die beiden Abfahrten am SL waren dann doch etwas kurz.<\/p>\n<p>Bin mir nicht mehr sicher, wann der SL eingestellt wurde, vmtl. so gegen 12\/12:30\/13:00. Kurz nach der Einstellung bin ich jedenfalls wieder mit der PB hinauf und wollte die Abfahrt an der PB noch ein paar Mal fahren, weil sie so gut ging. Da ja die PB den Nachmittag \u00fcber f\u00e4hrt, dachte ich, das w\u00e4re kein Problem. Leider aber schon, da sie bereits begonnen hatten, die Abfahrt von der PB mit Winde zu pr\u00e4parieren. Wenigstens konnte ich mich noch durchsetzen, dass ich die Abfahrt noch ein letztes Mal fahren durfte, nat\u00fcrlich auf&#8217;s Seil der Windenpr\u00e4paration aufpassend und im unpr\u00e4parierten Teil.<\/p>\n<p><img src=http:\/\/ski.inmontanis.info\/d\/118839-2\/marmolada20010728_skigebiet.jpg \/><br \/>\n^ Das Sommerskigebiet an der Marmolada, 1SL, 1 PB. Die Abfahrt wird bereits kurz nach Mittag frisch f\u00fcr  morgen pr\u00e4pariert.<\/p>\n<p>An der Serauta-Station besuchte ich dann noch das Kriegsmuseum und a\u00df etwas im Restaurant. <em>Die Verwinkeltheit der Station, auch wenn man ja nur einen kleinen Teil besuchen konnte, faszinierte mich damals schon, ebenso dieses &#8211; wie wir es heute nennen &#8211; &#8220;morbide&#8221; Flair.<\/em><\/p>\n<p>Zur\u00fcck ging&#8217;s dann irgendwie durch&#8217;s Alta Badia &#8230;..<\/p>\n<p><img src=http:\/\/ski.inmontanis.info\/d\/118847-2\/marmolada20010728_marmolada.jpg \/><br \/>\n^ Blick zur Marmolada vom Heimweg<\/p>\n<p><img src=http:\/\/ski.inmontanis.info\/d\/118851-2\/marmolada20010728_gletscher_zoom.jpg \/><br \/>\n^ Zoom Marmolada-Sommerskigebiet, man sieht die zwei Abfahrten am SL (nicht in ganzer L\u00e4nge ge\u00f6ffnet) und die ansprechendere Abfahrt von der PB aus<\/p>\n<p>.. und dann \u00fcber den W\u00fcrzpass, und von dort \u00fcber eine kleine Seitenstra\u00dfe, die ich in der Karte entdeckt hatte, \u00fcber L\u00fcsen nach Brixen, also die Plose n\u00f6rdlich anstatt s\u00fcdlich umrunden. Angeschrieben ist der Abzweig der Stra\u00dfe nicht, die Stra\u00dfe schl\u00e4ngelt sich einspurig in einem engen Tal dem Wasser entlang, Ausweichm\u00f6glichkeiten gibt&#8217;s nur wenige. F\u00fcr mein damals erst kurzes Autofahrerleben ein echtes Erlebnis.<\/p>\n","protected":false},"excerpt":{"rendered":"<p>Diese Fotos waren bereits in der &#8220;alten Alpengallery&#8221; online, daher gab&#8217;s bisher keinen &#8220;offiziellen&#8221; Bericht, was ich hiermit endlich nachholen m\u00f6chte.<\/p>\n<p> <a href=\"http:\/\/blog.inmontanis.info\/?p=1330\">[&#8230;]<\/a><\/p>\n","protected":false},"author":1,"featured_media":0,"comment_status":"open","ping_status":"closed","sticky":false,"template":"","format":"standard","meta":{"footnotes":""},"categories":[24,15,534,59,28],"tags":[52,47],"class_list":["post-1330","post","type-post","status-publish","format-standard","hentry","category-tagestour","category-italienitaly","category-marmolada","category-nostalgie","category-skifahren-sommer","tag-pb","tag-sl","odd"],"_links":{"self":[{"href":"http:\/\/blog.inmontanis.info\/index.php?rest_route=\/wp\/v2\/posts\/1330","targetHints":{"allow":["GET"]}}],"collection":[{"href":"http:\/\/blog.inmontanis.info\/index.php?rest_route=\/wp\/v2\/posts"}],"about":[{"href":"http:\/\/blog.inmontanis.info\/index.php?rest_route=\/wp\/v2\/types\/post"}],"author":[{"embeddable":true,"href":"http:\/\/blog.inmontanis.info\/index.php?rest_route=\/wp\/v2\/users\/1"}],"replies":[{"embeddable":true,"href":"http:\/\/blog.inmontanis.info\/index.php?rest_route=%2Fwp%2Fv2%2Fcomments&post=1330"}],"version-history":[{"count":3,"href":"http:\/\/blog.inmontanis.info\/index.php?rest_route=\/wp\/v2\/posts\/1330\/revisions"}],"predecessor-version":[{"id":9006,"href":"http:\/\/blog.inmontanis.info\/index.php?rest_route=\/wp\/v2\/posts\/1330\/revisions\/9006"}],"wp:attachment":[{"href":"http:\/\/blog.inmontanis.info\/index.php?rest_route=%2Fwp%2Fv2%2Fmedia&parent=1330"}],"wp:term":[{"taxonomy":"category","embeddable":true,"href":"http:\/\/blog.inmontanis.info\/index.php?rest_route=%2Fwp%2Fv2%2Fcategories&post=1330"},{"taxonomy":"post_tag","embeddable":true,"href":"http:\/\/blog.inmontanis.info\/index.php?rest_route=%2Fwp%2Fv2%2Ftags&post=1330"}],"curies":[{"name":"wp","href":"https:\/\/api.w.org\/{rel}","templated":true}]}}