{"id":1327,"date":"2010-08-21T22:00:09","date_gmt":"2010-08-21T20:00:09","guid":{"rendered":"http:\/\/blog.inmontanis.info\/?p=1327"},"modified":"2023-07-01T20:57:34","modified_gmt":"2023-07-01T18:57:34","slug":"hintertux-21-8-2010","status":"publish","type":"post","link":"http:\/\/blog.inmontanis.info\/?p=1327","title":{"rendered":"Hintertux, 21.8.2010"},"content":{"rendered":"<p>Ja, endlich Gletscher! Es musste der 21.8. werden, bis ich heuer endlich mal auf Eis skifahren durfte, bl\u00f6der pappiger Neuschnee da vor 2 Wochen :)<!--more--><\/p>\n<p>Erst mal war ich doch etwas \u00fcberrascht, mit so viel Gletschereis h\u00e4tte ich eigentlich noch nicht gerechnet. V.a. Teile der GW-H\u00e4nge haben tw. kein sch\u00f6nes Firneis mehr, sondern hartes Gletschereis, ebenso auf dem Flachteil der TFH-Abfahrt. Da sp\u00fcrt man die Knochen &#8211; bzw. Muskeln am Ende des Tages. Aber ihr kennt mich ja, je dreckiger der Schnee desto mehr Spa\u00df macht&#8217;s, zumindest im Fr\u00fchjahr und Sommer :)<\/p>\n<p>Spa\u00df machte auch die Wasserschlacht an der DSB-Abfahrt, da gabs in der Mitte eine 1-2 Raupenbreite Spur mit Matsch bzw. eher einige cm tiefes Wasser und darunter der Matsch, da bin ich nachmittags paar mal drin gewesen, das Wasser hat mir bis auf die Sonnenbrille gespritzt.<\/p>\n<p>Auch die Olperer-Abfahrten waren heute durchwegs unpappig, wenn auch fast etwas zu tief aufgefahren f\u00fcr meinen Geschmack.  Achja, der &#8220;neuere&#8221; Teil des Funparks ist inzwischen wieder ge\u00f6ffnet.<\/p>\n<p>Um 15:35 wurde die DSB etwas fr\u00fcher als \u00fcblich eingestellt, ok, bei 2-4 Skifahrern &#8230; h\u00e4tte ja nochmal mit dem GB3 raufk\u00f6nnen, hab&#8217;s dann aber doch gelassen.<\/p>\n<p>Ob die TFH-Abfahrt nun den Sommer \u00fcberleben wird, bin ich mir inzwischen \u00fcbrigens nicht mehr so sicher. Einerseits kann das Mittelst\u00fcck nicht mehr schlechter werden, weil&#8217;s gr\u00f6\u00dftenteils eh nur hartes, verschmutztes, steiniges Blankeis ist. Andererseits kann&#8217;s evtl. noch einige Wochen sehr warm werden bis zum Herbst&#8230;.<\/p>\n<p>Wetterm\u00e4\u00dfig war&#8217;s la-la, Fernsicht konnte man aber vergessen.<\/p>\n<p>Fotos, ggf. anklicken zum Vergr\u00f6\u00dfern:<\/p>\n<p><img src=http:\/\/ski.inmontanis.info\/d\/119129-2\/DSCF7034.JPG \/><br \/>\n^ Standard-Vergleichsfoto TFH-Hang im 7. Jahr. Rechts der Abfahrt ist inzwischen auch beinahe alles weg&#8230;<\/p>\n<p><img src=http:\/\/ski.inmontanis.info\/d\/119133-2\/DSCF7040.JPG \/><br \/>\n^ Blick zur TFH-Abfahrt vom GB3<\/p>\n<p><img src=http:\/\/ski.inmontanis.info\/d\/119137-2\/DSCF7046_2.JPG \/><br \/>\n^ Morgens sehr hart gewesen: Abfahrten an der GW<\/p>\n<p><img src=http:\/\/ski.inmontanis.info\/d\/119141-2\/DSCF7055.JPG \/><br \/>\n^ GW-Vergleichsfoto<\/p>\n<p><a href='http:\/\/ski.inmontanis.info\/d\/119145-2\/DSCF7058.JPG'><img src=http:\/\/ski.inmontanis.info\/d\/119143-3\/DSCF7058.JPG \/><\/a><br \/>\n^ Auf der TFH-Abfahrt abgehend von den Olperer-SL apert hier langsam &#8230;<\/p>\n<p><a href='http:\/\/ski.inmontanis.info\/d\/119149-2\/DSCF7059.JPG'><img src=http:\/\/ski.inmontanis.info\/d\/119147-3\/DSCF7059.JPG \/><\/a><br \/>\n^ Hier apert langsam ein altes Stahlseil aus dem Gletscher raus. Mitten auf der Piste etwas suboptimal &#8211; wo das mal im Einsatz war?<\/p>\n<p><a href='http:\/\/ski.inmontanis.info\/d\/119153-2\/DSCF7062.JPG'><img src=http:\/\/ski.inmontanis.info\/d\/119151-3\/DSCF7062.JPG \/><\/a><br \/>\n^ TFH-Abfahrt<\/p>\n<p><img src=http:\/\/ski.inmontanis.info\/d\/119157-2\/DSCF7065.JPG \/><br \/>\n^ TFH-Abfahrt<\/p>\n<p><img src=http:\/\/ski.inmontanis.info\/d\/119161-2\/DSCF7090.JPG \/><br \/>\n^ TFH-Abfahrt. Das Eis-St\u00fcck noch, dann geht&#8217;s auf Schnee weiter.<\/p>\n<p><a href='http:\/\/ski.inmontanis.info\/d\/119165-2\/DSCF7091.JPG'><img src=http:\/\/ski.inmontanis.info\/d\/119163-3\/DSCF7091.JPG \/><\/a><br \/>\n^ TFH-Abfahrt \/ Felsen \/ Erweiterung Beschneiung<\/p>\n<p><img src=http:\/\/ski.inmontanis.info\/d\/119170-3\/DSCF7120.JPG \/><br \/>\n^ TFH-Abfahrt, ab hier wieder mit Schnee<\/p>\n<p><img src=http:\/\/ski.inmontanis.info\/d\/119174-2\/DSCF7066.JPG \/><br \/>\n^ TFH-Abfahrt<\/p>\n<p><a href='http:\/\/ski.inmontanis.info\/d\/119178-2\/DSCF7076.JPG'><img src=http:\/\/ski.inmontanis.info\/d\/119176-3\/DSCF7076.JPG \/><\/a><br \/>\n^ Neben der Abfahrt ist am Gletscher heute ebenfalls einiges los, was auch immer &#8230;<\/p>\n<p><a href='http:\/\/ski.inmontanis.info\/d\/119182-2\/DSCF7078.JPG'><img src=http:\/\/ski.inmontanis.info\/d\/119180-3\/DSCF7078.JPG \/><\/a><br \/>\n^ Felsriegel an der schwarzen Abfahrt vom Kaserer-SL, k\u00f6nnte sich langsam nach links ausweiten, oder es ist nur eine Spalte&#8230;<\/p>\n<p><img src=http:\/\/ski.inmontanis.info\/d\/119186-2\/DSCF7082.JPG \/><br \/>\n^ Massenandrang auch heute am Olperer &#8211; und das bei der schlechten Sicht heute? Versteh ich nicht &#8230; Da links zoom ich gleich mal rauf ..<\/p>\n<p><img src=http:\/\/ski.inmontanis.info\/d\/119190-2\/DSCF7083.JPG \/><br \/>\n^ Zoom Olperer-Besteiger<\/p>\n<p><img src=http:\/\/ski.inmontanis.info\/d\/119198-2\/DSCF7086.JPG \/><br \/>\n^ Blick von der DSB-Mittelstation zur TFH-Abfahrt<\/p>\n<p><img src=http:\/\/ski.inmontanis.info\/d\/119194-2\/DSCF7087.JPG \/><br \/>\n^ Blick von der DSB-Mittelstation zur TFH-Abfahrt<\/p>\n<p><img src=http:\/\/ski.inmontanis.info\/d\/119202-2\/DSCF7093.JPG \/><br \/>\n^ Skiweg zur DSB (seit 2003 ist der Gletscher hier ja weg), da der Weg arg schmal wurde, wurden heute nachmittag die Matten teilweise entfernt.<\/p>\n<p><img src=http:\/\/ski.inmontanis.info\/d\/119206-2\/DSCF7095.JPG \/><br \/>\n^ Die letzte St\u00fctze am Ausstieg des seit Jahren stillgelegten SL Sektion IV wurde jetzt entfernt!<\/p>\n<p><a href='http:\/\/ski.inmontanis.info\/d\/119210-2\/DSCF7100.JPG'><img src=http:\/\/ski.inmontanis.info\/d\/119208-3\/DSCF7100.JPG \/><\/a><br \/>\n^ Nachmittags gab&#8217;s dann endlich mal brauchbar sonnige Sicht auf die Olperer-H\u00e4nge &#8230;<\/p>\n<p><img src=http:\/\/ski.inmontanis.info\/d\/119214-2\/DSCF7101.JPG \/><br \/>\n^ Die Gletscherverbindung hier wird auch nicht mehr lange \u00fcberleben. Man sieht au\u00dferdem 2 Stecken, evtl. f\u00fcr die neue 8EUB?<\/p>\n<p><img src=http:\/\/ski.inmontanis.info\/d\/119218-2\/DSCF7103.JPG \/><br \/>\n^ .. und in die andere Richtung, Stecken und Felsmalereien. Strecke der neuen 8EUB?<\/p>\n<p><img src=http:\/\/ski.inmontanis.info\/d\/119222-2\/DSCF7104.JPG \/><br \/>\n^ Nachmittags war dann nicht mehr viel los :)<\/p>\n<p><img src=http:\/\/ski.inmontanis.info\/d\/119226-2\/DSCF7106.JPG \/><br \/>\n^ DSB-Abfahrt. Auch Nachmittags durchaus noch ganz OK gewesen. In der Mitte die Wasserrinne.<\/p>\n<p><img src=http:\/\/ski.inmontanis.info\/d\/119230-2\/DSCF7108.JPG \/><br \/>\n^ Diesmal nicht ganz vom Standard-Platz: Vergleichsfoto zu den Olperer-SL. In Summe und v.a. im Vergleich zu den anderen \u00f6sterreichischen Gletscherskigebieten noch sehr gut eingeschneit, aber bei solchen warmen Tagen wie heute wird das von Tag zu Tag sichtbar weniger.<\/p>\n<p><img src=http:\/\/ski.inmontanis.info\/d\/119246-3\/DSCF7116.JPG \/><br \/>\n^ Mitten im Schmelzwasser &#8230; Macht aber Spa\u00df, da drin zu fahren, dass es nur so spritzt :)<\/p>\n<p><img src=http:\/\/ski.inmontanis.info\/d\/119254-3\/DSCF7123.JPG \/><br \/>\n^ Zoom Sommerbergalm von der TFH-Abfahrt<\/p>\n<p><a href='http:\/\/ski.inmontanis.info\/d\/119250-3\/DSCF7124.JPG'><img src=http:\/\/ski.inmontanis.info\/d\/119248-3\/DSCF7124.JPG \/><\/a><br \/>\n^ Dieses Endst\u00fcck der TFH-Abfahrt immer wieder mit Schnee zu versorgen, ist schon irgendwie Luxus &#8211; n\u00f6tig w\u00e4re das eigentlich nicht.<\/p>\n<p>Fazit: H\u00e4tte f\u00fcr Mitte August kaum besser sein k\u00f6nnen.<\/p>\n<p><a href='http:\/\/ski.inmontanis.info\/d\/119234-2\/DSCF7110.JPG'><img src=http:\/\/ski.inmontanis.info\/d\/119232-3\/DSCF7110.JPG \/><\/a><br \/>\n^ Zum Thema Zoom bzw. Weitwinkel: 24mm. Geradeaus in der Mitte, da Zoom ich gleich mal hin &#8230;<\/p>\n<p><a href='http:\/\/ski.inmontanis.info\/d\/119238-2\/DSCF7111.JPG'><img src=http:\/\/ski.inmontanis.info\/d\/119236-3\/DSCF7111.JPG \/><\/a><br \/>\n^ .. gezoomt (720mm, unbeschnitten)<\/p>\n<p><a href='http:\/\/ski.inmontanis.info\/d\/119242-3\/DSCF7111_2.JPG'><img src=http:\/\/ski.inmontanis.info\/d\/119240-3\/DSCF7111_2.JPG \/><\/a><br \/>\n^ 720mm &#8211; 100% crop<\/p>\n","protected":false},"excerpt":{"rendered":"<p>Ja, endlich Gletscher! Es musste der 21.8. werden, bis ich heuer endlich mal auf Eis skifahren durfte, bl\u00f6der pappiger Neuschnee da vor 2 Wochen :)<\/p>\n<p> <a href=\"http:\/\/blog.inmontanis.info\/?p=1327\">[&#8230;]<\/a><\/p>\n","protected":false},"author":1,"featured_media":0,"comment_status":"open","ping_status":"closed","sticky":false,"template":"","format":"standard","meta":{"footnotes":""},"categories":[24,246,13,28],"tags":[38,47],"class_list":["post-1327","post","type-post","status-publish","format-standard","hentry","category-tagestour","category-hintertux","category-austria","category-skifahren-sommer","tag-dsb","tag-sl","odd"],"_links":{"self":[{"href":"http:\/\/blog.inmontanis.info\/index.php?rest_route=\/wp\/v2\/posts\/1327","targetHints":{"allow":["GET"]}}],"collection":[{"href":"http:\/\/blog.inmontanis.info\/index.php?rest_route=\/wp\/v2\/posts"}],"about":[{"href":"http:\/\/blog.inmontanis.info\/index.php?rest_route=\/wp\/v2\/types\/post"}],"author":[{"embeddable":true,"href":"http:\/\/blog.inmontanis.info\/index.php?rest_route=\/wp\/v2\/users\/1"}],"replies":[{"embeddable":true,"href":"http:\/\/blog.inmontanis.info\/index.php?rest_route=%2Fwp%2Fv2%2Fcomments&post=1327"}],"version-history":[{"count":2,"href":"http:\/\/blog.inmontanis.info\/index.php?rest_route=\/wp\/v2\/posts\/1327\/revisions"}],"predecessor-version":[{"id":1329,"href":"http:\/\/blog.inmontanis.info\/index.php?rest_route=\/wp\/v2\/posts\/1327\/revisions\/1329"}],"wp:attachment":[{"href":"http:\/\/blog.inmontanis.info\/index.php?rest_route=%2Fwp%2Fv2%2Fmedia&parent=1327"}],"wp:term":[{"taxonomy":"category","embeddable":true,"href":"http:\/\/blog.inmontanis.info\/index.php?rest_route=%2Fwp%2Fv2%2Fcategories&post=1327"},{"taxonomy":"post_tag","embeddable":true,"href":"http:\/\/blog.inmontanis.info\/index.php?rest_route=%2Fwp%2Fv2%2Ftags&post=1327"}],"curies":[{"name":"wp","href":"https:\/\/api.w.org\/{rel}","templated":true}]}}