{"id":1320,"date":"2010-08-07T23:00:30","date_gmt":"2010-08-07T21:00:30","guid":{"rendered":"http:\/\/blog.inmontanis.info\/?p=1320"},"modified":"2023-07-31T19:57:20","modified_gmt":"2023-07-31T17:57:20","slug":"stilfserjoch-bozen-7-8-2010","status":"publish","type":"post","link":"http:\/\/blog.inmontanis.info\/?p=1320","title":{"rendered":"Stilfserjoch + Bozen 7.8.2010"},"content":{"rendered":"<p>Freitag, 6.8.2010, kurz vor Ende meiner Arbeitszeit erreicht mich eine SMS von Trincerone: &#8220;<em>Hast du Zeit und Lust wegen Sommerschi am WE?<\/em>&#8220;. Ufz. Mir war zwar klar, dass ich am WE skifahren gehen wollte, <!--more-->hatte aber meine Zweifel, wo Trinc mit mir hingehen m\u00f6chte. Zumal ich ja erst am Stelvio war und eigentlich keine Lust hatte, heuer nochmal  36,- f\u00fcr die Tageskarte auszugeben, wenn ich in Hintertux viel g\u00fcnstiger fahren kann und es viel mehr Abwechslung gibt und es dort letztes WE so geil war.<\/p>\n<p>Nach Feierabend (Freitags 15:30) checken, wie wir uns da am kosteng\u00fcnstigsten unterhalten k\u00f6nnen. Hast Skype? So testeten wir es mit Skype, wobei ich noch nie von Skype nach Skype angerufen hatte und verwundert war, wieso DTMF-T\u00f6ne kamen, als ich Trinc Anrufen angeklickt hatte und hab gleich wieder aufgelegt. Witzigerweise h\u00f6rte mich Trinc trotzdem, ich ihn aber nicht, so hatte ich \u00fcber das iPhone eine Sprechverbindung von mir zu Trinc und auf dem Mac eine Chat-Verbindung zwischen mir und Trinc und Trinc und mir. Ich sprach also einige Zeit lang ins iPhone, und Trinc antworte mir geschrieben im Chat-Fenster am Monitor!<\/p>\n<p>Extrem ungewohnte Art der Unterhaltung :) Sp\u00e4ter rief er mich dann noch an und wir einigten uns auf Stelvio und Hintertux, weil mir die Westalpen doch etwas weit weg waren f\u00fcr zwei Tage, zumal ich schlecht im Auto schlafen kann, wenn ich fahren muss und keine Lust auf die teure Autobahnmaut hatte, nur um 2h schneller dort zu sein.<\/p>\n<p>Trinc \u00fcberlegte noch einige Zeit, er haderte ob der Zugverbindungen, ich konnte ihn dann aber \u00fcberzeugen, dass sie doch gar nicht so schlecht seien und suchte ihm noch einen alternativen Zug raus. 40 Minuten vor Abfahrt des Zuges dann das finale &#8220;ich versuch das jetzt&#8221;. 40 Minuten? Um alle Sachen zusammenzupacken und zum Bahnhof zu kommen, das Ticket zu kaufen &#8230;? In 40 Minuten? So klein ist Hannover ja auch wieder nicht. Und wenn Verkehr ist? &#8220;Gib Bescheid, wennst im Zug sitzt&#8221;, werf ich ihm noch hinterher.<\/p>\n<p>Um 5 Uhr holte ich ihn dann am Bahnhof in Innsbruck ab &#8211; nicht ohne zuvor zu fragen, wo er denn jetzt sei, da er auch einen Zug h\u00e4tte fr\u00fcher nehmen k\u00f6nnen und bereits vor meiner T\u00fcr stehen k\u00f6nnte.<\/p>\n<p>Ich mach ja auch so meine verr\u00fcckten Sachen, aber Anfang August mit Ski um 18:30 in Hannover mit dem Zug los zu fahren, um am n\u00e4chsten Tag um 4:45 in Innsbruck am Hauptbahnhof anzukommen um dann zum Sommerskifahren am Stilfserjoch zu fahren und dort &#8211; mit Versp\u00e4tung dank Stra\u00dfensperre &#8211; gegen 8:15 anzukommen, das ist schon noch eine Spur verr\u00fcckter :)<\/p>\n<p>Danach ging Trinc den Tag aber eher gem\u00fctlich an. Erst mal Koffein und Nikotinsucht stillen :) und viele Fotos machen, und so blieb es den Vormittag \u00fcber. 1h Skifahren, 15-30 Minuten Pause. Seh ich f\u00fcr mich Skifahren schon nicht wirklich als Sport an, so muss das f\u00fcr Trinc wohl in noch geringerem Ma\u00dfe gelten. Und daf\u00fcr der ganze Aufwand, die Nacht im Zug, das viele Geld ausgegeben? Das hatte mich doch etwas erstaunt. Nachmittags hatte es ihm dann besser gefallen und er ben\u00f6tigte weniger Pausen :) <\/p>\n<p>Schwer erstaunt war ich, dass der Schnee nachmittags nicht wirklich pappig wurde. Neuschnee + warme Temepraturen = Papp. Eine Formel, die man vor allem im Mai verflucht. Es gab einige Stellen, an der linken Geister-Abfahrt, wenn man dann zur Mittelstation r\u00fcberquert, oder die Trincerone-Abfahrt zu Mittag, dort bremste es stark. Auch an der rechten Geister-SL-Abfahrt stockte es nachmittags hier und da, aber die weiter rechts liegende Abfahrt war bis zum Schluss super zu fahren und auch die Trincerone-Abfahrt wurde zum Schluss wieder besser. Wenn nur der anstrengende Aufstieg zur PB nicht w\u00e4re&#8230;<\/p>\n<p>Obwohl ich ja erst  2 Monate zuvor am Stelvio war, hab ich mich aufgrund des sch\u00f6nen Wetters und des Neuschnees hinreisen lassen, hunderte Fotos zu machen. Einige davon sind online, die kleinen Anklicken zum Vergr\u00f6\u00dfern.<\/p>\n<p><img src=http:\/\/ski.inmontanis.info\/d\/118951-2\/P1560338-341.jpg \/><br \/>\n^ Umbrailpassstra\u00dfe mit Blick zum Stelvio. Ordentlich weit runter geschneit!<\/p>\n<p><img src=http:\/\/ski.inmontanis.info\/d\/118955-2\/P1560344.JPG \/><br \/>\n^ Stilfserjoch, dahinter Umbrailpass-Stra\u00dfe, dazwischen ein St\u00fcck stillgelegte Stra\u00dfe. <\/p>\n<p><a href='http:\/\/ski.inmontanis.info\/d\/118959-2\/P1560345.JPG'><img src=http:\/\/ski.inmontanis.info\/d\/118958-3\/P1560345.JPG \/><\/a><br \/>\n^ Raum zwischen Ortlerhaus und PB-Bergstation. Hier war wohl einst die Korblift-Bergstation, die Treppen zeugen evtl. noch davon.<\/p>\n<p><img src=http:\/\/ski.inmontanis.info\/d\/118963-2\/P1560346.JPG \/><br \/>\n^ Anscheinend gab&#8217;s so viel Neuschnee, dass man sich sogar entschied, die Abfahrt bis Trincerone zu pr\u00e4parieren! Sehr vorbildhaft. Auch wenn immer wieder mal kleine Spalten in der Piste aufgetaucht sind und man den letzten Weg nicht mehr pr\u00e4parieren konnte &#8230;<\/p>\n<p><a href='http:\/\/ski.inmontanis.info\/d\/118967-2\/P1560353.JPG'><img src=http:\/\/ski.inmontanis.info\/d\/118966-3\/P1560353.JPG \/><\/a><br \/>\n^ Aufgrund einiger Lawinenabg\u00e4nge war die Auffahrt von der S\u00fcdtiroler Seite bis nach Mittag gesperrt.<\/p>\n<p><img src=http:\/\/ski.inmontanis.info\/d\/118971-2\/P1560354.JPG \/><br \/>\n^ .. die Stra\u00dfe muss erst mal wieder frei geschaufelt werden ..<\/p>\n<p><img src=http:\/\/ski.inmontanis.info\/d\/118975-2\/P1560356-357.jpg \/><br \/>\n^ Standard-Vergleichsfoto Geister-SL von der Terrasse der PB aus<\/p>\n<p><a href='http:\/\/ski.inmontanis.info\/d\/118979-2\/P1560358.JPG'><img src=http:\/\/ski.inmontanis.info\/d\/118978-3\/P1560358.JPG \/><\/a><br \/>\n^ Zoom Nagler, oberhalb der beiden ehemaligen Bergstationen gibt es hier ein weiteres Plateau und &#8211; eine H\u00f6hle im Fels ?!<\/p>\n<p><em>(Am Joch oberhalb des Cristallo-SL)<\/em><\/p>\n<p><a href='http:\/\/ski.inmontanis.info\/d\/118983-2\/P1560359.JPG'><img src=http:\/\/ski.inmontanis.info\/d\/118982-3\/P1560359.JPG \/><\/a><br \/>\n^ Leichter Zoom zum Cevedale<\/p>\n<p><img src=http:\/\/ski.inmontanis.info\/d\/118987-3\/P1560363.JPG \/><br \/>\n^ Zoom Cevedale &#8211; f\u00fcr Vergleichszwecke :) Eine gr\u00f6\u00dfere Gruppe Menschen sieht man im Mittelteil den Gletscher aufsteigen.<\/p>\n<p><a href='http:\/\/ski.inmontanis.info\/d\/118991-3\/P1560368.JPG'><img src=http:\/\/ski.inmontanis.info\/d\/118990-4\/P1560368.JPG \/><\/a><br \/>\n^ Irgendein Gletscher im Zoom, glaub da hinten auf dem Fels steht &#8216;ne H\u00fctte<\/p>\n<p><a href='http:\/\/ski.inmontanis.info\/d\/118995-3\/P1560370.JPG'><img src=http:\/\/ski.inmontanis.info\/d\/118994-4\/P1560370.JPG \/><\/a><br \/>\n^ Zoom zu den Gletschern am Adamello<\/p>\n<p><img src=http:\/\/ski.inmontanis.info\/d\/118903-2\/P1560369.JPG \/><br \/>\n^ Zoom Presena-Gletscherskigebiet am Passo Tonale vom Stelvio\/Cristallo aus. Aktuell der vmtl. kleinste Gletscher, der bis Mitte Juni noch Skibetrieb anbietet und inzwischen fast vollst\u00e4ndig vermattet.<\/p>\n<p>Zum Vergleich:<\/p>\n<blockquote><p><img src=http:\/\/ski.inmontanis.info\/d\/66902-3\/P1300242.JPG \/><br \/>\n^ Zoom Tonale-Gletscher vom Stelvio aus (24.8.2008)\n<\/p><\/blockquote>\n<p>Und jetzt schaut euch das Bild mal nochmal genau an, insbesondere die Vermattung an der &#8220;Kante&#8221;, die es 2008 schon gab, und die Felsen dort &#8211; die sind dank der schneereichen Winter und der Vermattung nun wieder komplett &#8220;Schnee unter&#8221; !<\/p>\n<p><a href='http:\/\/ski.inmontanis.info\/d\/118999-3\/P1560371.JPG'><img src=http:\/\/ski.inmontanis.info\/d\/118998-4\/P1560371.JPG \/><\/a><br \/>\n^ Leichter Zoom zur Bernina<\/p>\n<p><a href='http:\/\/ski.inmontanis.info\/d\/119004-3\/P1560373.JPG'><img src=http:\/\/ski.inmontanis.info\/d\/119003-4\/P1560373.JPG \/><\/a><br \/>\n^ Zoom Bernina vom Stelvio\/Cristallo<\/p>\n<p><a href='http:\/\/ski.inmontanis.info\/d\/119008-3\/P1560375.JPG'><img src=http:\/\/ski.inmontanis.info\/d\/119007-4\/P1560375.JPG \/><\/a><br \/>\n^ Zoom Bernina vom Stelvio\/Cristallo<\/p>\n<p><img src=http:\/\/ski.inmontanis.info\/d\/118907-2\/P1560377.JPG \/><br \/>\n^ Zoom Corvatsch vom Stelvio\/Cristallo.<\/p>\n<p><img src=http:\/\/ski.inmontanis.info\/d\/118911-2\/P1560378.JPG \/><br \/>\n^ Zoom Piz Murtel \/ Bergstation Corvatsch-PB vom Stelvio \/ Cristallo aus, man kann sogar irgendweile Seile erkennen&#8230; (Entfernung: 50km)<\/p>\n<p><img src=http:\/\/ski.inmontanis.info\/d\/119013-3\/P1560393.JPG \/><br \/>\n^  Trinc richtung Cevedale<\/p>\n<p><img src=http:\/\/ski.inmontanis.info\/d\/119017-3\/P1560367.JPG \/><br \/>\n^ Zoom ins Tal. Neuschnee im Sommer ist einfach immer wieder fotogen :)<\/p>\n<p><img src=http:\/\/ski.inmontanis.info\/d\/119025-3\/P1560395.JPG \/><br \/>\n^ Spiegelbrille mit Cevedale.<\/p>\n<p><a href='http:\/\/ski.inmontanis.info\/d\/118915-2\/P1560382.JPG'><img src=http:\/\/ski.inmontanis.info\/d\/118914-3\/P1560382.JPG \/><\/a><br \/>\n^ Zoom zu Oga vom Stelvio\/Cristallo aus. Den Lift von Oga aus gibt&#8217;s ja nicht mehr, die Talabfahrt war ja glaub ich nicht offiziell &#8211; im unteren Bereich schaut sie stark aufgeforstet und nicht mehr fahrbar aus.<\/p>\n<p><a href='http:\/\/ski.inmontanis.info\/d\/118919-2\/P1560386.JPG'><img src=http:\/\/ski.inmontanis.info\/d\/118918-3\/P1560386.JPG \/><\/a><br \/>\n^ Zoom ins Skigebiet Oga-Isolaccia vom Stelvio\/Cristallo aus.<\/p>\n<p><a href='http:\/\/ski.inmontanis.info\/d\/118923-2\/P1560387.JPG'><img src=http:\/\/ski.inmontanis.info\/d\/118922-3\/P1560387.JPG \/><\/a><br \/>\n^ Zoom ins Skigebiet Oga-Isolaccia vom Stelvio\/Cristallo aus.<br \/>\nN\u00e4chsten Winter muss ich da endlich mal hin!<\/p>\n<p><img src=http:\/\/ski.inmontanis.info\/d\/118927-3\/P1560400.JPG \/><br \/>\n^ Tal Zoom nach San Nicolo (Bormio &#8211; Valfurva)<\/p>\n<p><a href='http:\/\/ski.inmontanis.info\/d\/118931-3\/P1560389.JPG'><img src=http:\/\/ski.inmontanis.info\/d\/118930-4\/P1560389.JPG \/><\/a><br \/>\n^ PB Cima Bianca in Bormio im Zoom vom Stelvio\/Cristallo<\/p>\n<p><img src=http:\/\/ski.inmontanis.info\/d\/118935-3\/P1560390.JPG \/><br \/>\n^ PB Cima Bianca in Bormio im Zoom vom Stelvio\/Cristallo<\/p>\n<p><img src=http:\/\/ski.inmontanis.info\/d\/118939-3\/P1560392.JPG \/><br \/>\n^ PB Cima Bianca in Bormio im Zoom vom Stelvio\/Cristallo<\/p>\n<p><a href='http:\/\/ski.inmontanis.info\/d\/119033-3\/P1560401.JPG'><img src=http:\/\/ski.inmontanis.info\/d\/119032-4\/P1560401.JPG \/><\/a><br \/>\n^ Komisches Ger\u00fcst an der Geisterspitze. Wof\u00fcr das wohl da ist?<\/p>\n<p><img src=http:\/\/ski.inmontanis.info\/d\/119037-3\/P1560406.JPG \/><br \/>\n^ Trincerone, das letzte St\u00fcck der Abfahrt muss man etwas bl\u00f6d queren. Auch gut sichtbar, der enorme Gletscherr\u00fcckgang hier in den letzten ca. 20 Jahren &#8230;<\/p>\n<p><img src=http:\/\/ski.inmontanis.info\/d\/119041-3\/P1560412-420.jpg \/><br \/>\n^ Ost-Pano von der oberen Livrio-Terrasse zum Gletscherbereich links der Geister-SL<\/p>\n<p><img src=http:\/\/ski.inmontanis.info\/d\/119045-3\/P1560424.JPG \/><br \/>\n^ Zoom Livrio, rechts steht eine undefinierbare Holzh\u00fctte, der Platz dazwischen ist eigentlich flach (oder?), sind aber meterhohe Schneeverwehungen dort. Warum schiebt man den Schnee von dort oben nicht einfach zum SL-Einstieg??<\/p>\n<p><img src=http:\/\/ski.inmontanis.info\/d\/119049-3\/P1560425.JPG \/><br \/>\n^ Zoom Livrio. Offizielle Ausg\u00e4nge vom Hotel gibt&#8217;s auf diese Seite keine, nur Notausg\u00e4nge.<\/p>\n<p><a href='http:\/\/ski.inmontanis.info\/d\/119053-3\/P1560426.JPG'><img src=http:\/\/ski.inmontanis.info\/d\/119052-4\/P1560426.JPG \/><\/a><br \/>\n^ Holzh\u00fctte am Livrio. F\u00fcr was die wohl mal da war? Hatte ja versucht, hinzugehen, war aber ohne Skier und Stecken leider nicht m\u00f6glich, da man meterhoch einsank bzw. es auf der anderen Seite steil bergab ging. <\/p>\n<p><img src=http:\/\/ski.inmontanis.info\/d\/119057-3\/P1560427.JPG \/><br \/>\n^ Interessante alte Luftaufnahme im Ortlerhaus aus besseren Zeiten &#8230; Interessant auch die Serpentinen-Spur, die links vom Livrio in den nicht erschlossenen Gletscherbereich geht&#8230;?!<\/p>\n<p><img src=http:\/\/ski.inmontanis.info\/d\/119061-3\/P1560428.JPG \/><br \/>\n^ Interessante alte Luftaufnahme im Ortlerhaus aus besseren Zeiten &#8230; Damals wurde die Abfahrt zum Pass wohl l\u00e4nger aufgehalten&#8230;<\/p>\n<p><a href='http:\/\/ski.inmontanis.info\/d\/119065-3\/P1560439.JPG'><img src=http:\/\/ski.inmontanis.info\/d\/119064-4\/P1560439.JPG \/><\/a><br \/>\n^ Altes Foto vom Livrio<\/p>\n<p><img src=http:\/\/ski.inmontanis.info\/d\/119069-3\/P1560441-446.jpg \/><br \/>\n^ Pano vom offiziell nicht erreichbaren Teil s\u00fcdlich des Livrio-Komplexes nach Norden\/Osten<\/p>\n<p><img src=http:\/\/ski.inmontanis.info\/d\/119073-3\/P1560451.JPG \/><br \/>\n^ Pano von der Livrio-R\u00fcckseite zum Trincerone und Stilfserjoch bzw. Umbrail. Mal eine andere Perspektive :)<\/p>\n<p><a href='http:\/\/ski.inmontanis.info\/d\/119077-3\/P1560452.JPG'><img src=http:\/\/ski.inmontanis.info\/d\/119076-4\/P1560452.JPG \/><\/a><br \/>\n^ Alte Gondel im Skigebiet. Am Pirovano steht ja auch eine alte, dort steht allerdings Bormio 2000 drauf, hier steht nix, hinten steht ein Bagger&#8230;<\/p>\n<p><a href='http:\/\/ski.inmontanis.info\/d\/29751-2\/P1170471.jpg'><img src=http:\/\/ski.inmontanis.info\/d\/29751-2\/P1170471.jpg \/><\/a><br \/>\n^ (2007 fotografiert)<\/p>\n<p><img src=http:\/\/ski.inmontanis.info\/d\/119081-3\/P1560453.JPG \/><br \/>\n^ .. und der Bagger im Zoom<\/p>\n<p><img src=http:\/\/ski.inmontanis.info\/d\/119085-3\/P1560455.JPG \/><br \/>\n^ Zoom zur Payerh\u00fctte (?) auf dem Weg zum Ortler. Vorne der SL Geister<\/p>\n<p><img src=http:\/\/ski.inmontanis.info\/d\/119089-3\/P1560461.JPG \/><br \/>\n^ Altes Versorgungsschiff<\/p>\n<p><img src=http:\/\/ski.inmontanis.info\/d\/119093-3\/P1560464.JPG \/><br \/>\n^ .. da wird wohl Diesel zum Generator am Cristallo-SL gebracht ..<\/p>\n<p><a href='http:\/\/ski.inmontanis.info\/d\/118943-3\/P1560470.JPG'><img src=http:\/\/ski.inmontanis.info\/d\/118942-4\/P1560470.JPG \/><\/a><br \/>\n^ Zoom Skigebiet Trafoi vom Stelvio aus<\/p>\n<p><a href='http:\/\/ski.inmontanis.info\/d\/118947-3\/P1560472.JPG'><img src=http:\/\/ski.inmontanis.info\/d\/118946-4\/P1560472.JPG \/><\/a><br \/>\n^ Zoom Skigebiet Trafoi vom Stelvio aus<\/p>\n<p><img src=http:\/\/ski.inmontanis.info\/d\/119097-3\/P1560475.JPG \/><br \/>\n^ Geister-SL am Nachmittag. Obwohl die linke Piste erst viel sp\u00e4ter pr\u00e4pariert wurde und sogar noch ein Renntrainingsparcours abgesteckt war, durften wir selbst um 14 Uhr nicht mehr fahren. Zum Gl\u00fcck bin ich sie um 12:30 Uhr noch zweimal gefahren :)<\/p>\n<p><img src=http:\/\/ski.inmontanis.info\/d\/119101-3\/P1560476.JPG \/><br \/>\n^ Im Inneren Blau leuchtenden Schnee &#8211; hab ich auch noch nie gesehen.<\/p>\n<p><img src=http:\/\/ski.inmontanis.info\/d\/119105-3\/P1560479.JPG \/><br \/>\n^ Der blau leuchtende Schnee kontrastverst\u00e4rkt (die obere Schnee-Schicht war \u00fcbrigens wei\u00df, nicht dunkelgrau wie es hier ausschaut :) ) <\/p>\n<p><img src=http:\/\/ski.inmontanis.info\/d\/119109-3\/P1560481.JPG \/><br \/>\n^ Einige sind im Neuschnee durchaus bis zum Pass gefahren. Mit Touren\/Freeride-ski h\u00e4tte ich&#8217;s probiert, aber die hatte ich nicht dabei.<\/p>\n<p><img src=http:\/\/ski.inmontanis.info\/d\/119113-3\/P1560482-485.jpg \/><br \/>\n^ Irgendwo in dem Bereich ist ja die KL &#8211; Strecke eingezeichnet. Ich frag mich, wof\u00fcr die zwei k\u00fcnstlichen? Seen da rechts sind, und was das Haus dazwischen soll&#8230;<\/p>\n<p><a href='http:\/\/ski.inmontanis.info\/d\/119117-3\/P1560486.JPG'><img src=http:\/\/ski.inmontanis.info\/d\/119116-4\/P1560486.JPG \/><\/a><br \/>\n^ .. besagtes Haus im Zoom schaut n\u00e4mlich aus wie ein SL-Haus!<\/p>\n<p><img src=http:\/\/ski.inmontanis.info\/d\/119121-3\/P1560490.JPG \/><br \/>\n^ Hauptsaison am Stilfserjoch<\/p>\n<p><img src=http:\/\/ski.inmontanis.info\/d\/119125-3\/P1560489.JPG \/><br \/>\n^ Zoom Livrio vom Stilfserjoch<\/p>\n<p>Nachmittags war noch nicht ganz klar, wo wir nach dem Stelvio hinfahren. Eigentlich hatten wir ja nicht damit gerechnet, nachmittags noch skifahren zu k\u00f6nnen, Trincerone hatte dann die Idee, Korblift + ESL in Vellau zu fahren. War ich zwar schon 2x, erst letztes Jahr, aber ESL+Korblift, warum nicht.<\/p>\n<p>Allerdings wussten wir die Betriebszeiten nicht und nach der W\u00fcrstelpause war&#8217;s doch schon recht sp\u00e4t. Zuf\u00e4llig hatte ich die Betriebszeiten der Seilbahnen um Bozen am iPhone, weil ich da letzte Woche schon hinwollte, und so wusste ich, dass die Kohlern-PB am l\u00e4ngsten offen hatte. Die m\u00fcsste sich noch ausgehen.<\/p>\n<p>Dort angekommen die erste Entt\u00e4uschung, dass die Bahn neue Kabinen hatte. Oben die zweite Entt\u00e4uschung, dass das Panorama gleich Null ist, weil einem die B\u00e4ume s\u00e4mtliche Sicht versperren. Und als dritte Entt\u00e4uschung war auch noch der Aussichtsturm wg. Bauf\u00e4lligkeit gesperrt :(<\/p>\n<p>So gings alsbald wieder abw\u00e4rts und zur alten Jenesier Stra\u00dfe, die ich schon l\u00e4nger mal fahren wollte. Teilweise schon krass steil, und schmal und an einigen steilen Stellen m\u00f6chte ich nicht wirklich stehenbleiben m\u00fcssen. <\/p>\n<p>Zum Schluss ging es noch \u00fcbers Penserjoch, da es erstens auf dem Weg liegt und zweitens mir es ganz gut gef\u00e4llt (allerdings war es doch schon fast zu dunkel). Bei der Einfahrt ins Sarntal mussten wir leider feststellen, dass die bereits sehr gut ausgebaute und teils vertunnelte Stra\u00dfe nochmal neu gebaut wird und somit fast ausschlie\u00dflich durch den Tunnel f\u00fchren wird :-(<\/p>\n<p>Fotos, anklicken zum Vergr\u00f6\u00dfern:<\/p>\n<p><a href='http:\/\/extra.inmontanis.info\/d\/4133-2\/P1560492.JPG'><img src=http:\/\/extra.inmontanis.info\/d\/4131-3\/P1560492.JPG \/><\/a><br \/>\n^ Wartebereich<\/p>\n<p><a href='http:\/\/extra.inmontanis.info\/d\/4137-2\/P1560493.JPG'><img src=http:\/\/extra.inmontanis.info\/d\/4136-3\/P1560493.JPG \/><\/a><br \/>\n^ Alte Bahnen<\/p>\n<p><a href='http:\/\/extra.inmontanis.info\/d\/4141-2\/P1560495.JPG'><img src=http:\/\/extra.inmontanis.info\/d\/4140-3\/P1560495.JPG \/><\/a><br \/>\n^ Alte Seilbahnen bei Bozen<\/p>\n<p><a href='http:\/\/extra.inmontanis.info\/d\/4145-2\/P1560498.JPG'><img src=http:\/\/extra.inmontanis.info\/d\/4144-3\/P1560498.JPG \/><\/a><br \/>\n^ Alte Kohlernbahn<\/p>\n<p><a href='http:\/\/extra.inmontanis.info\/d\/4149-2\/P1560587-590.jpg'><img src=http:\/\/extra.inmontanis.info\/d\/4148-3\/P1560587-590.jpg \/><\/a><br \/>\n^ Talstation<\/p>\n<p><a href='http:\/\/extra.inmontanis.info\/d\/4153-2\/P1560510.JPG'><img src=http:\/\/extra.inmontanis.info\/d\/4152-3\/P1560510.JPG \/><\/a><br \/>\n^ PB unter Strom<\/p>\n<p><a href='http:\/\/extra.inmontanis.info\/d\/4157-2\/P1560514.JPG'><img src=http:\/\/extra.inmontanis.info\/d\/4156-3\/P1560514.JPG \/><\/a><br \/>\n^ St\u00fctze 1 und 2<\/p>\n<p><a href='http:\/\/extra.inmontanis.info\/d\/4161-2\/P1560515.JPG'><img src=http:\/\/extra.inmontanis.info\/d\/4160-3\/P1560515.JPG \/><\/a><br \/>\n^ St\u00fctze 2<\/p>\n<p><a href='http:\/\/extra.inmontanis.info\/d\/4165-2\/P1560517.JPG'><img src=http:\/\/extra.inmontanis.info\/d\/4164-3\/P1560517.JPG \/><\/a><br \/>\n^ Coole Beton-St\u00fctze 2<\/p>\n<p><a href='http:\/\/extra.inmontanis.info\/d\/4169-2\/P1560519.JPG'><img src=http:\/\/extra.inmontanis.info\/d\/4168-3\/P1560519.JPG \/><\/a><br \/>\n^ Oberer Teil<\/p>\n<p><a href='http:\/\/extra.inmontanis.info\/d\/4173-2\/P1560526-532_fused.jpg'><img src=http:\/\/extra.inmontanis.info\/d\/4172-3\/P1560526-532_fused.jpg \/><\/a><br \/>\n^ Bergstation<\/p>\n<p><a href='http:\/\/extra.inmontanis.info\/d\/4177-2\/P1560544-546.jpg'><img src=http:\/\/extra.inmontanis.info\/d\/4176-3\/P1560544-546.jpg \/><\/a><br \/>\n^ Bergstation<\/p>\n<p><a href='http:\/\/extra.inmontanis.info\/d\/4181-2\/P1560548.JPG'><img src=http:\/\/extra.inmontanis.info\/d\/4180-3\/P1560548.JPG \/><\/a><br \/>\n^ Alte PB-Kabine. Coool. Schade dass die nimmer f\u00e4hrt &#8230;<\/p>\n<p><a href='http:\/\/extra.inmontanis.info\/d\/4185-2\/P1560555.JPG'><img src=http:\/\/extra.inmontanis.info\/d\/4184-3\/P1560555.JPG \/><\/a><br \/>\n^ &#8230; aber leider nur eine Replik.<\/p>\n<p><a href='http:\/\/extra.inmontanis.info\/d\/4189-2\/P1560533.JPG'><img src=http:\/\/extra.inmontanis.info\/d\/4188-3\/P1560533.JPG \/><\/a><br \/>\n^ Aussichtsturm<\/p>\n<p><img src=http:\/\/extra.inmontanis.info\/d\/4193-2\/P1560534-537.jpg \/><br \/>\n^ Aussichtsturm. Einzige M\u00f6glichkeit, dass man ein Panorama gehabt h\u00e4tte. Riesiges Holzteil, so ein Riesenholzturm hab ich noch nie gesehen, gut 6-8 Stockwerke hoch! Leider gesperrt, weil &#8230;<\/p>\n<p><a href='http:\/\/extra.inmontanis.info\/d\/4197-2\/P1560541.JPG'><img src=http:\/\/extra.inmontanis.info\/d\/4196-3\/P1560541.JPG \/><\/a><br \/>\n^ Leider gesperrt, weil ein paar Holzbalken etwas morsch sind. <\/p>\n<p><a href='http:\/\/extra.inmontanis.info\/d\/4201-2\/P1560556.JPG'><img src=http:\/\/extra.inmontanis.info\/d\/4200-3\/P1560556.JPG \/><\/a><br \/>\n^ Vorg\u00e4ngerkabinen der aktuellen. So alt w\u00e4ren die noch noch nicht gewesen? Wieso musste man die jetzt austauschen? So ein Krampf.<\/p>\n<p><a href='http:\/\/extra.inmontanis.info\/d\/4205-2\/P1560558.JPG'><img src=http:\/\/extra.inmontanis.info\/d\/4204-3\/P1560558.JPG \/><\/a><br \/>\n^ Die alte Bahn hatte sogar Holzst\u00fctzen!<\/p>\n<p><a href='http:\/\/extra.inmontanis.info\/d\/4209-2\/P1560562.JPG'><img src=http:\/\/extra.inmontanis.info\/d\/4208-3\/P1560562.JPG \/><\/a><br \/>\n^ Alte Karte, es sind 3 SL eingezeichnet, leider hatten wir die Karte zu sp\u00e4t entdeckt. <\/p>\n<p><a href='http:\/\/extra.inmontanis.info\/d\/4213-2\/P1560573.JPG'><img src=http:\/\/extra.inmontanis.info\/d\/4212-3\/P1560573.JPG \/><\/a><br \/>\n^ PB-Strecke unterer Teil<\/p>\n<p><a href='http:\/\/extra.inmontanis.info\/d\/4217-2\/P1560577.JPG'><img src=http:\/\/extra.inmontanis.info\/d\/4216-3\/P1560577.JPG \/><\/a><br \/>\n^ Bozen<\/p>\n<p><a href='http:\/\/extra.inmontanis.info\/d\/4221-2\/P1560591.JPG'><img src=http:\/\/extra.inmontanis.info\/d\/4220-3\/P1560591.JPG \/><\/a><br \/>\n^ Alte Jenesierstra\u00dfe<\/p>\n<p><a href='http:\/\/extra.inmontanis.info\/d\/4225-2\/P1560596.JPG'><img src=http:\/\/extra.inmontanis.info\/d\/4224-3\/P1560596.JPG \/><\/a><br \/>\n^ Alte Jenesierstra\u00dfe. Das war eigentlich so ziemlich die steilste Kehre, und zwar echt krass steil im Auto, schaut aber mal wieder gar nicht so steil aus :-(<\/p>\n<p><a href='http:\/\/extra.inmontanis.info\/d\/4229-2\/P1560602.JPG'><img src=http:\/\/extra.inmontanis.info\/d\/4228-3\/P1560602.JPG \/><\/a><br \/>\n^ Strecke Kohlern-PB von gegen\u00fcber<\/p>\n<p><a href='http:\/\/extra.inmontanis.info\/d\/4233-2\/P1560605.JPG'><img src=http:\/\/extra.inmontanis.info\/d\/4232-3\/P1560605.JPG \/><\/a><br \/>\n^ Zoom Betonst\u00fctze<\/p>\n<p><img src=http:\/\/extra.inmontanis.info\/d\/4237-2\/P1560597-601.jpg \/><br \/>\n^ Pano Bozen von der alten Jenesier Stra\u00dfe aus<\/p>\n<p><a href='http:\/\/extra.inmontanis.info\/d\/4241-2\/P1560614.JPG'><img src=http:\/\/extra.inmontanis.info\/d\/4240-3\/P1560614.JPG \/><\/a><br \/>\n^ Bozen<\/p>\n<p><img src=http:\/\/extra.inmontanis.info\/d\/4245-2\/P1560617.JPG \/><br \/>\n^ Zoom Latemar, von der alten Jenesier Stra\u00dfe aus<\/p>\n<p><img src=http:\/\/extra.inmontanis.info\/d\/4249-2\/P1560606.JPG \/><br \/>\n^ Zoom zu einer Seilbahn in Obereggen, von der alten Jenesier Stra\u00dfe aus<\/p>\n<p><a href='http:\/\/extra.inmontanis.info\/d\/4253-2\/P1560618.JPG'><img src=http:\/\/extra.inmontanis.info\/d\/4252-3\/P1560618.JPG \/><\/a><br \/>\n^ PB Jenesien<\/p>\n<p><a href='http:\/\/extra.inmontanis.info\/d\/4257-2\/P1560621-624_fused.jpg'><img src=http:\/\/extra.inmontanis.info\/d\/4256-3\/P1560621-624_fused.jpg \/><\/a><br \/>\n^ PB Jenesien<\/p>\n<p><a href='http:\/\/extra.inmontanis.info\/d\/4261-2\/P1560619_20_hydra.jpg'><img src=http:\/\/extra.inmontanis.info\/d\/4260-3\/P1560619_20_hydra.jpg \/><\/a><br \/>\n^ PB Jenesien<\/p>\n<p><a href='http:\/\/extra.inmontanis.info\/d\/4267-2\/P1560626.JPG'><img src=http:\/\/extra.inmontanis.info\/d\/4265-3\/P1560626.JPG \/><\/a><br \/>\n^ Am Penserjoch, leider inzwischen sehr dunkel<\/p>\n<p><a href='http:\/\/extra.inmontanis.info\/d\/4271-2\/P1560637.JPG'><img src=http:\/\/extra.inmontanis.info\/d\/4270-3\/P1560637.JPG \/><\/a><br \/>\n^ Am Penserjoch<\/p>\n","protected":false},"excerpt":{"rendered":"<p>Freitag, 6.8.2010, kurz vor Ende meiner Arbeitszeit erreicht mich eine SMS von Trincerone: &#8220;Hast du Zeit und Lust wegen Sommerschi am WE?&#8220;. Ufz. Mir war zwar klar, dass ich am WE skifahren gehen wollte, <\/p>\n<p> <a href=\"http:\/\/blog.inmontanis.info\/?p=1320\">[&#8230;]<\/a><\/p>\n","protected":false},"author":1,"featured_media":0,"comment_status":"open","ping_status":"closed","sticky":false,"template":"","format":"standard","meta":{"footnotes":""},"categories":[24,15,59,28,387,30],"tags":[54,52,47],"class_list":["post-1320","post","type-post","status-publish","format-standard","hentry","category-tagestour","category-italienitaly","category-nostalgie","category-skifahren-sommer","category-stilfser-joch","category-wandern","tag-gletschervergleich","tag-pb","tag-sl","odd"],"_links":{"self":[{"href":"http:\/\/blog.inmontanis.info\/index.php?rest_route=\/wp\/v2\/posts\/1320","targetHints":{"allow":["GET"]}}],"collection":[{"href":"http:\/\/blog.inmontanis.info\/index.php?rest_route=\/wp\/v2\/posts"}],"about":[{"href":"http:\/\/blog.inmontanis.info\/index.php?rest_route=\/wp\/v2\/types\/post"}],"author":[{"embeddable":true,"href":"http:\/\/blog.inmontanis.info\/index.php?rest_route=\/wp\/v2\/users\/1"}],"replies":[{"embeddable":true,"href":"http:\/\/blog.inmontanis.info\/index.php?rest_route=%2Fwp%2Fv2%2Fcomments&post=1320"}],"version-history":[{"count":3,"href":"http:\/\/blog.inmontanis.info\/index.php?rest_route=\/wp\/v2\/posts\/1320\/revisions"}],"predecessor-version":[{"id":8972,"href":"http:\/\/blog.inmontanis.info\/index.php?rest_route=\/wp\/v2\/posts\/1320\/revisions\/8972"}],"wp:attachment":[{"href":"http:\/\/blog.inmontanis.info\/index.php?rest_route=%2Fwp%2Fv2%2Fmedia&parent=1320"}],"wp:term":[{"taxonomy":"category","embeddable":true,"href":"http:\/\/blog.inmontanis.info\/index.php?rest_route=%2Fwp%2Fv2%2Fcategories&post=1320"},{"taxonomy":"post_tag","embeddable":true,"href":"http:\/\/blog.inmontanis.info\/index.php?rest_route=%2Fwp%2Fv2%2Ftags&post=1320"}],"curies":[{"name":"wp","href":"https:\/\/api.w.org\/{rel}","templated":true}]}}