{"id":1311,"date":"2010-07-31T22:00:34","date_gmt":"2010-07-31T20:00:34","guid":{"rendered":"http:\/\/blog.inmontanis.info\/?p=1311"},"modified":"2023-07-01T20:57:35","modified_gmt":"2023-07-01T18:57:35","slug":"hintertux-31-7-2010","status":"publish","type":"post","link":"http:\/\/blog.inmontanis.info\/?p=1311","title":{"rendered":"Hintertux, 31.7.2010"},"content":{"rendered":"<p>Nach 3 Wochen ging&#8217;s wieder einmal nach Hintertux (Dachstein hatte ja leider schon zu, sonst w\u00e4re ich dort dieses WE hin). Paar cm Neuschnee, gr\u00f6\u00dftenteils super Pistenverh\u00e4ltnisse <!--more-->(stellenweise gab&#8217;s extremen Papp), nirgends Blankeis, und vmtl. die zur Zeit gr\u00f6\u00dfte Abfahrts-H\u00f6hendifferenz aller ge\u00f6ffneten Skigebiete n\u00f6rdlich des \u00c4quators (oder ist Trockener Steg noch offiziell offen?) &#8230;<\/p>\n<p>Ja, die TFH-Abfahrt is back! Ab sofort geh ich davon aus, dass sie wieder ganzj\u00e4hrig ge\u00f6ffnet sein wird, und wenn nicht heuer, dann sp\u00e4testens ab n\u00e4chstem Jahr, wenn bis dahin die Erweiterung der Beschneiung l\u00e4uft. Und kein Vergleich zu 2003, wo man auf einer steilen, schmalen Crunch-Eis-Spur runtergerutscht ist, nein, die Abfahrt ist ja  nun wesentlich leichter dank der S-Kurve, und dank Kunstschnee im unteren Teil viel &#8220;firniger&#8221; zu fahren. Ok, manche m\u00f6gen &#8220;Sulzbuckel&#8221; dazu sagen, im Vgl. zu den Sulzbuckel in Winterskigebieten am Ende der Saison waren diese hier heute aber wesentlich angenehmer zu fahren.<\/p>\n<p>.. so bin ich dann auch non-stop bis 16 Uhr durchgefahren, h\u00e4tte um 15:55 zwar nochmal mit der DSB rauf k\u00f6nnen, hab aus H\u00f6flichkeitsgr\u00fcnden aber verzichtet.<\/p>\n<p><a href='http:\/\/ski.inmontanis.info\/d\/118678-2\/P1540932.JPG'><img src=http:\/\/ski.inmontanis.info\/d\/118676-3\/P1540932.JPG \/><\/a><br \/>\n^ Standard-Vergleichs-Foto aus der 8EUB<\/p>\n<p><img src=http:\/\/ski.inmontanis.info\/d\/118682-2\/P1540938-9.jpg \/><br \/>\n^ Standard-Foto TFH-Hang<\/p>\n<p><img src=http:\/\/ski.inmontanis.info\/d\/118686-2\/P1540941.JPG \/><br \/>\n^ TFH-Abfahrt, noch ordentlich Schnee hier<\/p>\n<p><img src=http:\/\/ski.inmontanis.info\/d\/118690-2\/P1540942-960a.jpg \/><br \/>\n^ Ost-Pano von der Terrasse des GB3<\/p>\n<p><img src=http:\/\/ski.inmontanis.info\/d\/118694-2\/P1540977.JPG \/><br \/>\n^ Standard-Foto zu den Olperer-SL<\/p>\n<p><img src=http:\/\/ski.inmontanis.info\/d\/118698-2\/P1540988.JPG \/><br \/>\n^ Standard-Foto zur Geforenen Wand<\/p>\n<p><a href='http:\/\/ski.inmontanis.info\/d\/118702-2\/P1540990.JPG'><img src=http:\/\/ski.inmontanis.info\/d\/118700-3\/P1540990.JPG \/><\/a><br \/>\n^ Arbeiten an der Talstation rechter GW-SL, gro\u00dfr\u00e4umig abgesperrt, anscheinend ist der Lift komplett neu positioniert worden, da auch s\u00e4mtliche St\u00fctzen neu gesetzt wurden<\/p>\n<p><img src=http:\/\/ski.inmontanis.info\/d\/118706-2\/P1540991.JPG \/><br \/>\n^ Abfahrt DSB IV teilt sich nun auf, rechts zur DSB, links zum TFH<\/p>\n<p><a href='http:\/\/ski.inmontanis.info\/d\/118710-2\/P1540996.JPG'><img src=http:\/\/ski.inmontanis.info\/d\/118708-3\/P1540996.JPG \/><\/a><br \/>\n^ Skiweg zur DSB, dank Vermattung wird das den Sommer \u00fcber fahrbar sein<\/p>\n<p><img src=http:\/\/ski.inmontanis.info\/d\/118714-2\/P1540997.JPG \/><br \/>\n^ TFH-Abfahrt im Flachteil, wurde ganz sch\u00f6n verengt und d\u00fcrfte ohne den Neuschnee der vergangenen Tage schon sehr schwarz gewesen sein<\/p>\n<p><img src=http:\/\/ski.inmontanis.info\/d\/118718-2\/P1560003-012sp.jpg \/><br \/>\n^ Pano Bergstation Olperer zum Olperer und nach Westen<\/p>\n<p><img src=http:\/\/ski.inmontanis.info\/d\/118722-2\/P1560003-012z.jpg \/><br \/>\n^ West-Pano (Bergstation Olperer-SL), in die Richtung leider etliche Quellwolken seit der Fr\u00fch<\/p>\n<p><img src=http:\/\/ski.inmontanis.info\/d\/118726-2\/P1560040.JPG \/><br \/>\n^ GW-Bergstationen im Zoom. Die St\u00fctzen beider GW-SL sind neuerdings weit oberhalb des Abfahrt-Niveaus aufgestellt, was ich nicht ganz nachvollziehen kann. Unsch\u00f6n zu fahren<\/p>\n<p><a href='http:\/\/ski.inmontanis.info\/d\/118730-2\/P1560051.JPG'><img src=http:\/\/ski.inmontanis.info\/d\/118728-3\/P1560051.JPG \/><\/a><br \/>\n^ Zoom zum Schneedepot an der Schlegeis-3SB<\/p>\n<p><img src=http:\/\/ski.inmontanis.info\/d\/118734-3\/P1560063-074z.jpg \/><br \/>\n^ TFH-Pano-Foto von der TFH-Terrasse<\/p>\n<p><img src=http:\/\/ski.inmontanis.info\/d\/118738-3\/P1560075.JPG \/><br \/>\n^ Nochmal der dicke Schneebuckel an der TFH-Abfahrt. Nach 7 Jahren Sommerschlie\u00dfung, ca. 3 (?) Jahre Schneedepot und 1 (?) Jahr Beschneiung kann man evtl. die Abfahrt nun wieder ganzj\u00e4hrig \u00f6ffnen.<\/p>\n<p><img src=http:\/\/ski.inmontanis.info\/d\/118742-3\/P1560077.JPG \/><br \/>\n^ Die Beschneiung geht nun bis zur DSB-Mittelstation<\/p>\n<p><img src=http:\/\/ski.inmontanis.info\/d\/118746-3\/P1560078.JPG \/><br \/>\n^ Neue Beschneiung, wenn die l\u00e4uft, wird man in Zukunft auch im Hochsommer kein Blankeis mehr auf der ganzen TFH-Abfahrt haben!<\/p>\n<p><a href='http:\/\/ski.inmontanis.info\/d\/118750-3\/P1560080.JPG'><img src=http:\/\/ski.inmontanis.info\/d\/118748-3\/P1560080.JPG \/><\/a><br \/>\n^ TFH-Abfahrt, hier sieht man genau, wie weit die Beschneiung und Schneeverschubarbeiten gingen, ab dort bis unten war&#8217;s auch wesentlich besser zu fahren<\/p>\n<p>Fazit: Sommerski, wie er in den Westalpen nicht besser sein kann. Hintertux h\u00e4lt als einziger der Tiroler Gletscher noch zum Sommerski. Wenn nur die nervige Anfahrt durch&#8217;s Ziller- und Tuxertal nicht w\u00e4re&#8230; <\/p>\n<p>Ein paar Fotos hab ich noch, weil es gar so eine tolle Fernsicht gab:<\/p>\n<p><img src=http:\/\/ski.inmontanis.info\/d\/118774-2\/P1540963.JPG \/><br \/>\n^ Leichter Gipfel-Zoom auf die Ostseite<\/p>\n<p><img src=http:\/\/ski.inmontanis.info\/d\/118778-2\/P1540973.JPG \/><br \/>\n^ Gipfel-Zoom auf die Ostseite<\/p>\n<p><a href='http:\/\/ski.inmontanis.info\/d\/118782-2\/P1540974.JPG'><img src=http:\/\/ski.inmontanis.info\/d\/118780-3\/P1540974.JPG \/><\/a><br \/>\n^ Gipfel-Zoom. Die dunkle Felsformation da hinten schaut ja aus wie eine Katze samt Ohren, Buckel und Schwanz&#8230;.<\/p>\n<p><img src=http:\/\/ski.inmontanis.info\/d\/118786-2\/P1540976.JPG \/><br \/>\n^ Gletscher-Zoom<\/p>\n<p><a href='http:\/\/ski.inmontanis.info\/d\/118766-2\/P1540989.JPG'><img src=http:\/\/ski.inmontanis.info\/d\/118764-3\/P1540989.JPG \/><\/a><br \/>\n^ Die Felsen an der Gefrorenen Wand werden anscheinend beidseitig nicht mehr vermattet.<\/p>\n<p><img src=http:\/\/ski.inmontanis.info\/d\/118794-3\/P1540999.JPG \/><br \/>\n^ Dolomiten-Zoom zu Lang\/Plattkofel (rechts, 60km), links hinten mit den Schneeflecken sollte der Cimon della Pala oberhalb von San Martino sein (87km)<\/p>\n<p><img src=http:\/\/ski.inmontanis.info\/d\/118790-3\/P1560028.JPG \/><br \/>\n^ West-Zoom, oben rechts d\u00fcrfte die Wildspitze sein (70km), direkt in der Bildmitte meint man irgendein Haus in Form einer Seilbahnstation zu erkennen?! Die markante Spitze in Bildmitte k\u00f6nnte der Pflerscher Tribulaun sein.<\/p>\n<p><img src=http:\/\/ski.inmontanis.info\/d\/118754-2\/P1540983.JPG \/><br \/>\n^ Zugspitze samt Platt im Zoom vom Hintertuxer aus<\/p>\n<p><img src=http:\/\/ski.inmontanis.info\/d\/118758-2\/P1540998.JPG \/><br \/>\n^ Sogar die Paganella (zwischen Bozen und Trient) sieht man heute, ja, man kann sogar die Antennen am Gipfel erkennen! (immerhin 113km entfernt!)<\/p>\n<p><img src=http:\/\/ski.inmontanis.info\/d\/118762-2\/P1560076.JPG \/><br \/>\n^ Zoom Marmolada vom Hintertuxer Gletscher (71km) , das Sichtfenster ist doch recht beschr\u00e4nkt, hier im Zoom von der Bergstation der DSB Sektion IV, Ausstieg, d.h. umgekehrt von der Marmolada aus sollte man die DSB-Bergstation sehen k\u00f6nnen, viel mehr aber nicht.<\/p>\n<p><img src=http:\/\/ski.inmontanis.info\/d\/118770-3\/P1560041.JPG \/><br \/>\n^ Gefrorene Wand Spitze mit GB3, knapp am Felsen vorbei :-)<\/p>\n<p><img src=http:\/\/ski.inmontanis.info\/d\/118802-3\/P1560081-085.jpg \/><br \/>\n^ Pano-Fot von den Sommerbergalm-Stationen  (Bereich zwischen Sektion I + II)<\/p>\n<p><a href='http:\/\/ski.inmontanis.info\/d\/118798-3\/P1560086.JPG'><img src=http:\/\/ski.inmontanis.info\/d\/118796-3\/P1560086.JPG \/><\/a><br \/>\n^ 4EUB Sektion II<\/p>\n<p><a href='http:\/\/ski.inmontanis.info\/d\/118806-2\/P1560090.JPG'><img src=http:\/\/ski.inmontanis.info\/d\/118804-3\/P1560090.JPG \/><\/a><br \/>\n^ Blick Sommerbergalm richtung Tuxerjoch<\/p>\n<p>.. und dann waren da noch zwei lebensm\u00fcde Radfahrer auf der Tuxer Landesstra\u00dfe:<\/p>\n<p><a href='http:\/\/extra.inmontanis.info\/d\/3976-2\/P1560091.JPG'><img src=http:\/\/extra.inmontanis.info\/d\/3974-3\/P1560091.JPG \/><\/a><br \/>\n^ Zwei extrem lebensm\u00fcde, verr\u00fcckte Biker fuhren im Tuxertal die ganze Zeit mit minimalen Sicherheitsabstand hinter den Autos her (meist bei 50-60 km\/h, weil laufend irgendwelche Schnarchnasen unterwegs waren)<\/p>\n<p><a href='http:\/\/extra.inmontanis.info\/d\/3980-2\/P1560093.JPG'><img src=http:\/\/extra.inmontanis.info\/d\/3978-3\/P1560093.JPG \/><\/a><br \/>\n^ Die beiden crazy Biker. Abstand? Vermutlich unter 1m. Denen sollte gleich der F\u00fchrerschein entzogen werden.<\/p>\n<p>.. und ein Video von ihrer Fahrweise:<\/p>\n<p><object style=\"height: 500px; width: 900px\"><param name=\"movie\" value=\"http:\/\/www.youtube.com\/v\/uszGjqujqZk\"><\/param><param name=\"wmode\" value=\"transparent\"><\/param><embed src=\"http:\/\/www.youtube.com\/v\/uszGjqujqZk\" type=\"application\/x-shockwave-flash\" wmode=\"transparent\"  width=\"900\" height=\"480\"><\/embed><\/object><\/p>\n","protected":false},"excerpt":{"rendered":"<p>Nach 3 Wochen ging&#8217;s wieder einmal nach Hintertux (Dachstein hatte ja leider schon zu, sonst w\u00e4re ich dort dieses WE hin). Paar cm Neuschnee, gr\u00f6\u00dftenteils super Pistenverh\u00e4ltnisse <\/p>\n<p> <a href=\"http:\/\/blog.inmontanis.info\/?p=1311\">[&#8230;]<\/a><\/p>\n","protected":false},"author":1,"featured_media":0,"comment_status":"open","ping_status":"closed","sticky":false,"template":"","format":"standard","meta":{"footnotes":""},"categories":[24,246,13,28],"tags":[42,38,47],"class_list":["post-1311","post","type-post","status-publish","format-standard","hentry","category-tagestour","category-hintertux","category-austria","category-skifahren-sommer","tag-4eub","tag-dsb","tag-sl","odd"],"_links":{"self":[{"href":"http:\/\/blog.inmontanis.info\/index.php?rest_route=\/wp\/v2\/posts\/1311","targetHints":{"allow":["GET"]}}],"collection":[{"href":"http:\/\/blog.inmontanis.info\/index.php?rest_route=\/wp\/v2\/posts"}],"about":[{"href":"http:\/\/blog.inmontanis.info\/index.php?rest_route=\/wp\/v2\/types\/post"}],"author":[{"embeddable":true,"href":"http:\/\/blog.inmontanis.info\/index.php?rest_route=\/wp\/v2\/users\/1"}],"replies":[{"embeddable":true,"href":"http:\/\/blog.inmontanis.info\/index.php?rest_route=%2Fwp%2Fv2%2Fcomments&post=1311"}],"version-history":[{"count":4,"href":"http:\/\/blog.inmontanis.info\/index.php?rest_route=\/wp\/v2\/posts\/1311\/revisions"}],"predecessor-version":[{"id":1315,"href":"http:\/\/blog.inmontanis.info\/index.php?rest_route=\/wp\/v2\/posts\/1311\/revisions\/1315"}],"wp:attachment":[{"href":"http:\/\/blog.inmontanis.info\/index.php?rest_route=%2Fwp%2Fv2%2Fmedia&parent=1311"}],"wp:term":[{"taxonomy":"category","embeddable":true,"href":"http:\/\/blog.inmontanis.info\/index.php?rest_route=%2Fwp%2Fv2%2Fcategories&post=1311"},{"taxonomy":"post_tag","embeddable":true,"href":"http:\/\/blog.inmontanis.info\/index.php?rest_route=%2Fwp%2Fv2%2Ftags&post=1311"}],"curies":[{"name":"wp","href":"https:\/\/api.w.org\/{rel}","templated":true}]}}