{"id":1302,"date":"2010-07-10T23:00:20","date_gmt":"2010-07-10T21:00:20","guid":{"rendered":"http:\/\/blog.inmontanis.info\/?p=1302"},"modified":"2023-07-01T20:57:34","modified_gmt":"2023-07-01T18:57:34","slug":"hintertux-10-7-2010","status":"publish","type":"post","link":"http:\/\/blog.inmontanis.info\/?p=1302","title":{"rendered":"Hintertux, 10.7.2010"},"content":{"rendered":"<p>Paar Fotos von einem der hei\u00dfesten Tage des Jahres vom Sommerskiing am Hintertuxer. Schnee war leider gr\u00f6\u00dftenteils sehr nass und pappig, au\u00dfer die Spuren, die im Laufe des Tages pr\u00e4pariert wurden.<!--more--><\/p>\n<p>(Fotos anklicken zum Vergr\u00f6\u00dfern, soweit nicht vergr\u00f6\u00dfert gepostet)<\/p>\n<p><img src=http:\/\/ski.inmontanis.info\/d\/117995-2\/P1540447.JPG \/><br \/>\n^ Zoom Kaserer SL, beinahe noch komplett mit Schnee bedeckt, gut so.<\/p>\n<p><img src=http:\/\/ski.inmontanis.info\/d\/117999-2\/P1540449.JPG \/><br \/>\n^ Zoom Sektion 2\/3\/4 \/ TFH<\/p>\n<p><img src=http:\/\/ski.inmontanis.info\/d\/118004-2\/P1540451-457.jpg \/><br \/>\n^ TFH-Hang<\/p>\n<p><img src=http:\/\/ski.inmontanis.info\/d\/118008-2\/P1540462.JPG \/><br \/>\n^ Standard-Vergleichs-Foto zu den Olperer-SL<\/p>\n<p><img src=http:\/\/ski.inmontanis.info\/d\/118012-2\/P1540470-475.jpg \/><br \/>\n^ Pano-Foto zur GW<\/p>\n<p><img src=http:\/\/ski.inmontanis.info\/d\/118016-2\/P1540470.JPG \/><br \/>\n^ Standard-Vergleichsfoto zur GW<\/p>\n<p><a href='http:\/\/ski.inmontanis.info\/d\/118020-2\/P1540489.JPG'><img src=http:\/\/ski.inmontanis.info\/d\/118018-3\/P1540489.JPG \/><\/a><br \/>\n^ TFH-Abfahrt, auf diesem Weg und drunter wird der Schnee den Sommer \u00fcber reichen, aber im flachen Gletscherteil weiter oben k\u00f6nnts eng werden&#8230;.<\/p>\n<p><a href='http:\/\/ski.inmontanis.info\/d\/118024-2\/P1540491-494.jpg'><img src=http:\/\/ski.inmontanis.info\/d\/118022-3\/P1540491-494.jpg \/><\/a><br \/>\n^ Sogar die schwarze Abfahrt an den GW-SL war noch recht breit ge\u00f6ffnet, die Felsen gut \u00fcberdeckt.<\/p>\n<p><a href='http:\/\/ski.inmontanis.info\/d\/118028-2\/P1540495.JPG'><img src=http:\/\/ski.inmontanis.info\/d\/118026-3\/P1540495.JPG \/><\/a><br \/>\n^ Zoom zu den Kaserer-SL, an der Zufahrt zum SL wird wohl noch Schnee verschoben, entweder auf den Gletscher oder als Depot<\/p>\n<p><img src=http:\/\/ski.inmontanis.info\/d\/118032-2\/P1540506.JPG \/><br \/>\n^ Auch der Weg zur DSB hat heuer so viel Depotschnee wie nie und wird den Sommer \u00fcber ge\u00f6ffnet bleiben k\u00f6nnen<\/p>\n<p><img src=http:\/\/ski.inmontanis.info\/d\/118036-2\/P1540545-561.jpg \/><br \/>\n^ Pano Bergstation DSB zum Olperer<\/p>\n<p><img src=http:\/\/ski.inmontanis.info\/d\/118040-2\/P1540578.JPG \/><br \/>\n^ TFH-Hang mit extrem dicken Schneepolster heuer! Weiter oben sieht man, wo heute neue Matten aufgelegt wurden.<\/p>\n<p><a href='http:\/\/ski.inmontanis.info\/d\/118044-2\/P1540580.JPG'><img src=http:\/\/ski.inmontanis.info\/d\/118042-3\/P1540580.JPG \/><\/a><br \/>\n^ Zoom Olperer mit Bergsteiger<\/p>\n<p><img src=http:\/\/ski.inmontanis.info\/d\/118048-2\/P1540588-596.jpg \/><br \/>\n^ Fettes Loch samt Gletscherspalte auf der TFH-Abfahrt (rechts oben der Olperer-SL).<br \/>\nSchaut nur, wie unschuldig der Bagger da hinten steht und seinen Kopf senkt. JA, brav, sch\u00f6nes Loch hast du da gebuddelt!<br \/>\n:-)<\/p>\n<p><a href='http:\/\/ski.inmontanis.info\/d\/118052-3\/P1540604.JPG'><img src=http:\/\/ski.inmontanis.info\/d\/118050-3\/P1540604.JPG \/><\/a><br \/>\n^ Wartungsseilbahn am GW-SL :)<\/p>\n<p>Die Bauvorbereitungen an der &#8220;Mittelstation&#8221; haben bereits gestartet.<\/p>\n<p>Den Sinn der Bauseilbahn von der alten Mittelstation \u00fcber die Spannstation der Olperer-SL r\u00fcber zur Gletscherh\u00fctte versteh ich allerdings nicht ?!<\/p>\n<p>(Fotos anklicken zum Vergr\u00f6\u00dfern)<\/p>\n<p><a href='http:\/\/ski.inmontanis.info\/d\/118056-2\/P1540480.JPG'><img src=http:\/\/ski.inmontanis.info\/d\/118054-3\/P1540480.JPG \/><\/a><br \/>\n^ Bauarbeiten<\/p>\n<p><a href='http:\/\/ski.inmontanis.info\/d\/118060-2\/P1540483.JPG'><img src=http:\/\/ski.inmontanis.info\/d\/118058-3\/P1540483.JPG \/><\/a><br \/>\n^ Bauarbeiten (Bauweg zur neuen Mittelstation Sektion 3-4)<\/p>\n<p><a href='http:\/\/ski.inmontanis.info\/d\/118064-2\/P1540567.JPG'><img src=http:\/\/ski.inmontanis.info\/d\/118062-3\/P1540567.JPG \/><\/a><br \/>\n^ Oberhalb und unterhalb des Wegs zur DSB wurden die Felsen vom Schnee befreit<\/p>\n<p><a href='http:\/\/ski.inmontanis.info\/d\/118068-2\/P1540499.JPG'><img src=http:\/\/ski.inmontanis.info\/d\/118066-3\/P1540499.JPG \/><\/a><br \/>\n^ Quadratisch freigeschaufelt &#8211; kommt hier eine Station hin?<\/p>\n<p><a href='http:\/\/ski.inmontanis.info\/d\/118085-2\/P1540501.JPG'><img src=http:\/\/ski.inmontanis.info\/d\/118083-3\/P1540501.JPG \/><\/a><br \/>\n^ Bauweg unterhalb der Mittelstation<\/p>\n<p><a href='http:\/\/ski.inmontanis.info\/d\/118072-2\/P1540517.JPG'><img src=http:\/\/ski.inmontanis.info\/d\/118070-3\/P1540517.JPG \/><\/a><br \/>\n^ Die Bauarbeiten von oben<\/p>\n<p><a href='http:\/\/ski.inmontanis.info\/d\/118077-2\/P1540519.JPG'><img src=http:\/\/ski.inmontanis.info\/d\/118075-3\/P1540519.JPG \/><\/a><br \/>\n^ Die Bauarbeiten von oben. Die Bauseilbahn ging zur Spannstation der Olperer-SL und dann weiter zur Gletscherh\u00fctte &#8211; keine Ahnung wof\u00fcr die dort ben\u00f6tigt wird&#8230;<\/p>\n<p><a href='http:\/\/ski.inmontanis.info\/d\/118081-2\/P1540530.JPG'><img src=http:\/\/ski.inmontanis.info\/d\/118079-3\/P1540530.JPG \/><\/a><br \/>\n^ Gletscherh\u00fctte, Schlegeis 3SB, Vermattung &#8211; und Bauseilbahn?  Wieso hier?<\/p>\n","protected":false},"excerpt":{"rendered":"<p>Paar Fotos von einem der hei\u00dfesten Tage des Jahres vom Sommerskiing am Hintertuxer. Schnee war leider gr\u00f6\u00dftenteils sehr nass und pappig, au\u00dfer die Spuren, die im Laufe des Tages pr\u00e4pariert wurden.<\/p>\n<p> <a href=\"http:\/\/blog.inmontanis.info\/?p=1302\">[&#8230;]<\/a><\/p>\n","protected":false},"author":1,"featured_media":0,"comment_status":"open","ping_status":"closed","sticky":false,"template":"","format":"standard","meta":{"footnotes":""},"categories":[24,246,13,28],"tags":[38,47],"class_list":["post-1302","post","type-post","status-publish","format-standard","hentry","category-tagestour","category-hintertux","category-austria","category-skifahren-sommer","tag-dsb","tag-sl","odd"],"_links":{"self":[{"href":"http:\/\/blog.inmontanis.info\/index.php?rest_route=\/wp\/v2\/posts\/1302","targetHints":{"allow":["GET"]}}],"collection":[{"href":"http:\/\/blog.inmontanis.info\/index.php?rest_route=\/wp\/v2\/posts"}],"about":[{"href":"http:\/\/blog.inmontanis.info\/index.php?rest_route=\/wp\/v2\/types\/post"}],"author":[{"embeddable":true,"href":"http:\/\/blog.inmontanis.info\/index.php?rest_route=\/wp\/v2\/users\/1"}],"replies":[{"embeddable":true,"href":"http:\/\/blog.inmontanis.info\/index.php?rest_route=%2Fwp%2Fv2%2Fcomments&post=1302"}],"version-history":[{"count":2,"href":"http:\/\/blog.inmontanis.info\/index.php?rest_route=\/wp\/v2\/posts\/1302\/revisions"}],"predecessor-version":[{"id":1304,"href":"http:\/\/blog.inmontanis.info\/index.php?rest_route=\/wp\/v2\/posts\/1302\/revisions\/1304"}],"wp:attachment":[{"href":"http:\/\/blog.inmontanis.info\/index.php?rest_route=%2Fwp%2Fv2%2Fmedia&parent=1302"}],"wp:term":[{"taxonomy":"category","embeddable":true,"href":"http:\/\/blog.inmontanis.info\/index.php?rest_route=%2Fwp%2Fv2%2Fcategories&post=1302"},{"taxonomy":"post_tag","embeddable":true,"href":"http:\/\/blog.inmontanis.info\/index.php?rest_route=%2Fwp%2Fv2%2Ftags&post=1302"}],"curies":[{"name":"wp","href":"https:\/\/api.w.org\/{rel}","templated":true}]}}