{"id":1299,"date":"2010-06-27T23:00:26","date_gmt":"2010-06-27T21:00:26","guid":{"rendered":"http:\/\/blog.inmontanis.info\/?p=1299"},"modified":"2023-08-02T22:10:28","modified_gmt":"2023-08-02T20:10:28","slug":"macugnaga-27-6-2010","status":"publish","type":"post","link":"http:\/\/blog.inmontanis.info\/?p=1299","title":{"rendered":"Macugnaga, 27.6.2010"},"content":{"rendered":"<p>4. und letztes Skigebiet meiner 4,5-t\u00e4gigen Westalpensommerskitour war Macugnaga. W\u00e4hrend in Tirol die Gletscher immer fr\u00fcher geschlossen werden, gab&#8217;s in Macugnaga und heuer nach \u00fcber 10 oder gar \u00fcber 20 Jahren wieder Sommerski, das muss doch ausgenutzt werden.<!--more--> Auch wenn der SL nur sehr kurz ist, besser als Matten oder Halle ist&#8217;s allemal :)<\/p>\n<p>Wobei es heute auch sehr warm war, hatte \u00e4hnlich geschwitzt wie beim Mattenski letztes Jahr in GB.<\/p>\n<p>Um 8:30 war ich an der Talstation, um 8:40 durfte ich bereits rauffahren. Skipass kostete 20,-. <\/p>\n<p>F\u00fcr einmal rauf- und runter beim SL ben\u00f6tigt man ca. 3-4 Minuten, also &#8230; es ist schon kurz. Waren ca. 25 Skifahrer da (gez\u00e4hlt), was an so einem kurzen Teller-SL schon ganz sch\u00f6n viel war, tw. waren fast alle Geh\u00e4nge besetzt.<\/p>\n<p>Neben der einen Abfahrt gab&#8217;s mit etwas Aufstieg eine kurze Variante, und dort ebenfalls ein bissl Off-Piste zwischen den Felsen. <\/p>\n<p>Nach 2h hatte ich dann genug und bin wie die meisten anderen um kurz nach 11 Uhr wieder abgefahren. Schnee w\u00e4re eigentlich noch OK gewesen (ist ja ein Westhang).<\/p>\n<p>Fotos, anklicken zum Vergr\u00f6\u00dfern, soweit nicht vergr\u00f6\u00dfert gepostet:<\/p>\n<p><img src=http:\/\/ski.inmontanis.info\/d\/92956-4\/P1340580.JPG \/><\/p>\n<p><a href='http:\/\/ski.inmontanis.info\/d\/117705-2\/P1540415.JPG'><img src=http:\/\/ski.inmontanis.info\/d\/117704-3\/P1540415.JPG \/><\/a><br \/>\n^ Sommerschi-Flyer an der Kasse<\/p>\n<p><a href='http:\/\/ski.inmontanis.info\/d\/117709-2\/P1540416.JPG'><img src=http:\/\/ski.inmontanis.info\/d\/117708-3\/P1540416.JPG \/><\/a><br \/>\n^ Skipass<\/p>\n<p><a href='http:\/\/ski.inmontanis.info\/d\/117713-2\/ge_macugnaga20100627.jpg'><img src=http:\/\/ski.inmontanis.info\/d\/117712-3\/ge_macugnaga20100627.jpg \/><\/a><br \/>\n^ GPS-Track 27.6.2010<\/p>\n<p><a href='http:\/\/ski.inmontanis.info\/d\/117717-2\/P1540293.JPG'><img src=http:\/\/ski.inmontanis.info\/d\/117716-3\/P1540293.JPG \/><\/a><br \/>\n^ PB Sektion 1 zur Alpe Bill<\/p>\n<p><a href='http:\/\/ski.inmontanis.info\/d\/117721-2\/P1540295.JPG'><img src=http:\/\/ski.inmontanis.info\/d\/117720-3\/P1540295.JPG \/><\/a><br \/>\n^ PB Sektion 2<\/p>\n<p><a href='http:\/\/ski.inmontanis.info\/d\/117725-2\/P1540296-303_fused.jpg'><img src=http:\/\/ski.inmontanis.info\/d\/117724-3\/P1540296-303_fused.jpg \/><\/a><br \/>\n^ Talstation PB Sektion 2<\/p>\n<p><a href='http:\/\/ski.inmontanis.info\/d\/117730-2\/P1540305.JPG'><img src=http:\/\/ski.inmontanis.info\/d\/117729-3\/P1540305.JPG \/><\/a><br \/>\n^ PB und DSB Ruppenstein<\/p>\n<p><img src=http:\/\/ski.inmontanis.info\/d\/117734-2\/P1540308.JPG \/><br \/>\n^ Talstation SL Joder. Viel h\u00e4tte nicht gefehlt, und der h\u00e4tte auch noch in Betrieb gehen k\u00f6nnen ;-)<\/p>\n<p><img src=http:\/\/ski.inmontanis.info\/d\/117738-2\/P1540311-335-albers.jpg \/><br \/>\n^ 360\u00b0-Pano nahe der Bergstation<\/p>\n<p><img src=http:\/\/ski.inmontanis.info\/d\/117742-2\/P1540311-335-zyl.jpg \/><br \/>\n^ 360\u00b0-Pano nahe der PB-Bergstation<\/p>\n<p><img src=http:\/\/ski.inmontanis.info\/d\/117746-2\/P1540311-335-zyl_2.jpg \/><br \/>\n^ Ausschnitt aus dem Pano mit Blick zum Sommerski SL San Pietro samt Abfahrt<\/p>\n<p><a href='http:\/\/ski.inmontanis.info\/d\/117750-2\/P1540336.JPG'><img src=http:\/\/ski.inmontanis.info\/d\/117749-3\/P1540336.JPG \/><\/a><br \/>\n^ Oberer Bereich des SL, hier gibt&#8217;s ja 2 Varianten<\/p>\n<p><img src=http:\/\/ski.inmontanis.info\/d\/117754-2\/P1540337.JPG \/><br \/>\n^ Sommerski im kurzen Hemd ;-)<\/p>\n<p><img src=http:\/\/ski.inmontanis.info\/d\/117758-3\/P1540339-345.jpg \/><br \/>\n^ Pano von der SL-Bergstation aus<\/p>\n<p><img src=http:\/\/ski.inmontanis.info\/d\/117762-3\/P1540346-363.jpg \/><br \/>\n^ Noch mehr Pano (180\u00b0) nahe SL-Bergstation<\/p>\n<p><img src=http:\/\/ski.inmontanis.info\/d\/117766-3\/P1540339.JPG \/><br \/>\n^ SL samt Abfahrt<\/p>\n<p><img src=http:\/\/ski.inmontanis.info\/d\/117770-3\/P1540352.JPG \/><br \/>\n^ Hier am Passo Moro, neben der 2. Variante gab&#8217;s zwischen den Felsen einige Off-Piste-Varianten<\/p>\n<p><img src=http:\/\/ski.inmontanis.info\/d\/117774-3\/P1540360-363.jpg \/><br \/>\n^ Langlaufloipe. Oder Erweiterung des Skigebiets. Bin mal aufgestiegen. W\u00e4r ja haufen Platz f\u00fcr einen Seillift hier ;-) Vielleicht stand ja auch mal einer da!<\/p>\n<p><a href='http:\/\/ski.inmontanis.info\/d\/117778-3\/P1540369.JPG'><img src=http:\/\/ski.inmontanis.info\/d\/117777-3\/P1540369.JPG \/><\/a><br \/>\n^ Hier im Schnee gibt&#8217;s etliche schwarze Flecken. Stechm\u00fccken? Schneefl\u00f6he? Ekelig.<\/p>\n<p><img src=http:\/\/ski.inmontanis.info\/d\/117782-2\/P1540371-377.jpg \/><br \/>\n^ Pano am obersten Punkt der Langlaufloipe mit Monte Rosa<\/p>\n<p><a href='http:\/\/ski.inmontanis.info\/d\/117786-2\/P1540377.JPG'><img src=http:\/\/ski.inmontanis.info\/d\/117785-3\/P1540377.JPG \/><\/a><br \/>\n^ Blick ins Tal richtung Saas Fee<\/p>\n<p><a href='http:\/\/ski.inmontanis.info\/d\/117790-2\/P1540384.JPG'><img src=http:\/\/ski.inmontanis.info\/d\/117789-3\/P1540384.JPG \/><\/a><br \/>\n^ Ein St\u00fcck Holz und Metall gammelt hier rum &#8230;<\/p>\n<p><a href='http:\/\/ski.inmontanis.info\/d\/117794-2\/P1540385.JPG'><img src=http:\/\/ski.inmontanis.info\/d\/117793-3\/P1540385.JPG \/><\/a><br \/>\n^ .. was mag das wohl gewesen sein? Irgendetwas vom fr\u00fcheren Sommerskibetrieb?<\/p>\n<p>Da hier stellenweise wieder so ein nerviger Sink-Schnee war, hab ich nicht weiter nach \u00dcberresten gesucht. <\/p>\n<p><img src=http:\/\/ski.inmontanis.info\/d\/117798-2\/P1540386-391.jpg \/><br \/>\n^ Pano richtung Gletscher oder das, was davon \u00fcbrig ist &#8230;<\/p>\n<p><a href='http:\/\/ski.inmontanis.info\/d\/117802-2\/P1540398.JPG'><img src=http:\/\/ski.inmontanis.info\/d\/117801-3\/P1540398.JPG \/><\/a><br \/>\n^ Im SL San Pietro<\/p>\n<p><img src=http:\/\/ski.inmontanis.info\/d\/117806-2\/P1540400-403.jpg \/><br \/>\n^ Bergstation SL San Pietro<\/p>\n<p><img src=http:\/\/ski.inmontanis.info\/d\/117810-2\/P1540405.JPG \/><br \/>\n^ Off-Piste<\/p>\n<p><img src=http:\/\/ski.inmontanis.info\/d\/117814-2\/P1540409-413_fused.jpg \/><br \/>\n^ Pano zur Mittelstation Alpe Bill und Belvedere<\/p>\n<p>Mangels schweizer AB-Vignette heuer bin ich \u00fcber das Centovalli ins Tessin, dann \u00fcber den Bernardino (Pass), weiter nach Davos und \u00fcber den Fl\u00fcela wieder ins Engadin. Autobahnlos bis Landeck also, aber so ziemlich die k\u00fcrzeste Strecke.<\/p>\n<p>Zwischendrin gab&#8217;s an der Roffla-Schlucht etwas zu essen, eigentlich hab ich mir ja ein Restaurant suchen wollen, wo ich mein Standard-Gericht (\u00c4lplermakkaroni) bekomme &#8211; h\u00e4tte es auch gegeben, aber da die hier auch R\u00f6sti-Pizza hatten und ich das schon immer mal essen wollte&#8230; wei\u00df aber nicht, ob ich das dann bekommen hab, weil von der Tomatensauce hat man nix gesp\u00fcrt (ok, die Kartoffeln waren etwas dunkler, vielleicht ist die Sauce so eingezogen?) und den Speck hab ich auch nicht gefunden &#8211; also ganz der Karte entsprach das wohl nicht, war auch etwas g\u00fcnstiger. Vielleicht hab ich nur das &#8220;Standard-R\u00f6sti&#8221; erhalten und nicht die R\u00f6sti-Pizza&#8230;. ? Lecker war&#8217;s trotzdem.<\/p>\n<p>Manche Motorradfahrer, so meint man, wollen wohl \u00fcberfahren werden? Oder wie sonst soll man sich erkl\u00e4ren dass sie \u00fcberholen, sich in die L\u00fccke <5m quetschen, 1-2m Abstand vor mir? Und dann bremsen, weil sie die Kurve nicht so schnell fahren wollen oder k\u00f6nnen wie ich im Auto?! Nerv!\n\n<a href='http:\/\/extra.inmontanis.info\/d\/3672-3\/P1540418.JPG'><img src=http:\/\/extra.inmontanis.info\/d\/3669-3\/P1540418.JPG \/><\/a><br \/>\n^ Luftspiegelung. Gab&#8217;s auf der Heimfahrt massenweise. So viel und so stark hab ich das noch nie erlebt. Also die Stra\u00dfe hier ist brottrocken! Fata Morgana eben.<\/p>\n<p><img src=http:\/\/extra.inmontanis.info\/d\/3676-2\/P1540429-434.jpg \/><br \/>\n^ Fl\u00fcelapass West-Pano<\/p>\n<p><img src=http:\/\/extra.inmontanis.info\/d\/3680-2\/P1540435-443.jpg \/><br \/>\n^ Fl\u00fcelapass Ost-Pano<\/p>\n<p><img src=http:\/\/extra.inmontanis.info\/d\/3684-2\/P1540444.JPG \/><br \/>\n^ Fl\u00fcelapass, der See hier ist noch tw. gefroren, und das Ende Juni!<\/p>\n<p>Um 20:40 Uhr war ich wieder daheim (nach ca. 8 Stunden Autofahrt also), die gesamte Autostrecke dieser 4,5 Tage betrug ziemlich genau 1.800km.<\/p>\n","protected":false},"excerpt":{"rendered":"<p>4. und letztes Skigebiet meiner 4,5-t\u00e4gigen Westalpensommerskitour war Macugnaga. W\u00e4hrend in Tirol die Gletscher immer fr\u00fcher geschlossen werden, gab&#8217;s in Macugnaga und heuer nach \u00fcber 10 oder gar \u00fcber 20 Jahren wieder Sommerski, das muss doch ausgenutzt werden.<\/p>\n<p> <a href=\"http:\/\/blog.inmontanis.info\/?p=1299\">[&#8230;]<\/a><\/p>\n","protected":false},"author":1,"featured_media":0,"comment_status":"open","ping_status":"closed","sticky":false,"template":"","format":"standard","meta":{"footnotes":""},"categories":[84,15,465,14,28],"tags":[52,45,47],"class_list":["post-1299","post","type-post","status-publish","format-standard","hentry","category-westalpensommerskitour201006","category-italienitaly","category-macugnaga","category-swiss","category-skifahren-sommer","tag-pb","tag-see","tag-sl","odd"],"_links":{"self":[{"href":"http:\/\/blog.inmontanis.info\/index.php?rest_route=\/wp\/v2\/posts\/1299","targetHints":{"allow":["GET"]}}],"collection":[{"href":"http:\/\/blog.inmontanis.info\/index.php?rest_route=\/wp\/v2\/posts"}],"about":[{"href":"http:\/\/blog.inmontanis.info\/index.php?rest_route=\/wp\/v2\/types\/post"}],"author":[{"embeddable":true,"href":"http:\/\/blog.inmontanis.info\/index.php?rest_route=\/wp\/v2\/users\/1"}],"replies":[{"embeddable":true,"href":"http:\/\/blog.inmontanis.info\/index.php?rest_route=%2Fwp%2Fv2%2Fcomments&post=1299"}],"version-history":[{"count":2,"href":"http:\/\/blog.inmontanis.info\/index.php?rest_route=\/wp\/v2\/posts\/1299\/revisions"}],"predecessor-version":[{"id":1301,"href":"http:\/\/blog.inmontanis.info\/index.php?rest_route=\/wp\/v2\/posts\/1299\/revisions\/1301"}],"wp:attachment":[{"href":"http:\/\/blog.inmontanis.info\/index.php?rest_route=%2Fwp%2Fv2%2Fmedia&parent=1299"}],"wp:term":[{"taxonomy":"category","embeddable":true,"href":"http:\/\/blog.inmontanis.info\/index.php?rest_route=%2Fwp%2Fv2%2Fcategories&post=1299"},{"taxonomy":"post_tag","embeddable":true,"href":"http:\/\/blog.inmontanis.info\/index.php?rest_route=%2Fwp%2Fv2%2Ftags&post=1299"}],"curies":[{"name":"wp","href":"https:\/\/api.w.org\/{rel}","templated":true}]}}