{"id":1287,"date":"2010-06-24T23:00:33","date_gmt":"2010-06-24T21:00:33","guid":{"rendered":"http:\/\/blog.inmontanis.info\/?p=1287"},"modified":"2023-07-31T18:30:36","modified_gmt":"2023-07-31T16:30:36","slug":"kleinere-skigebiete-maurienne-col-de-liseran-24-6-2010","status":"publish","type":"post","link":"http:\/\/blog.inmontanis.info\/?p=1287","title":{"rendered":"Kleinere Skigebiete Maurienne-Col de l&#8217;Iseran, 24.6.2010"},"content":{"rendered":"<p>Nach dem hervorragenden Sommerskivormittag in Les 2 Alpes ging&#8217;s richtung Tignes, und auf dem Weg an einigen Skigebieten vorbei, die ich mir mal etwas n\u00e4her ansehen wollte, ob sie f\u00fcr Winter was sind.<!--more--><\/p>\n<p>Als erstes sah ich mich im Skigebiet von Albiez-Montrand um:<br \/>\n&#8211; es fehlt das Gipfelerlebnis<br \/>\n&#8211; es ist recht \u00fcberschaubar<br \/>\n&#8211; der rechte steile KSSL macht mich hei\u00df :)<br \/>\n&#8211; es gibt kaum Pistenmodellierungen<br \/>\n=> w\u00e4re durchaus m\u00f6glich, dass ich da mal vorbei schau.<\/p>\n<p><a href='http:\/\/lesalbiez.com\/fr\/hiver\/glisse-loisirs\/ski\/ski.html'>http:\/\/lesalbiez.com\/fr\/hiver\/glisse-loisirs\/ski\/ski.html<\/a><\/p>\n<p>Plan: <a href='http:\/\/lesalbiez.com\/download\/plan-pistes-albiez.JPG'>http:\/\/lesalbiez.com\/download\/plan-pistes-albiez.JPG<\/a><\/p>\n<p><em>(Fotos anklicken zum Vergr\u00f6\u00dfern)<\/em><\/p>\n<p><a href='http:\/\/ski.inmontanis.info\/d\/117080-2\/P1530556.JPG'><img src=http:\/\/ski.inmontanis.info\/d\/117078-3\/P1530556.JPG \/><\/a><br \/>\n^ Albiez-Montrond<\/p>\n<p><img src=http:\/\/ski.inmontanis.info\/d\/117084-2\/P1530563-568.jpg \/><br \/>\n^ (Fast) das komplette Skigebiet<\/p>\n<p><a href='http:\/\/ski.inmontanis.info\/d\/117088-2\/P1530574.JPG'><img src=http:\/\/ski.inmontanis.info\/d\/117087-3\/P1530574.JPG \/><\/a><br \/>\n^ 4SB Grand Loup von GMM<\/p>\n<p><a href='http:\/\/ski.inmontanis.info\/d\/117092-2\/P1530573.JPG'><img src=http:\/\/ski.inmontanis.info\/d\/117091-3\/P1530573.JPG \/><\/a><br \/>\n^ Gibt doch mehr Anlagen, als man auf den ersten Blick vermutet h\u00e4tte.<\/p>\n<p><a href='http:\/\/ski.inmontanis.info\/d\/117096-2\/P1530561.JPG'><img src=http:\/\/ski.inmontanis.info\/d\/117095-3\/P1530561.JPG \/><\/a><br \/>\n^ KSSL rechts der 4SB von eben<\/p>\n<p><a href='http:\/\/ski.inmontanis.info\/d\/117100-2\/P1530562.JPG'><img src=http:\/\/ski.inmontanis.info\/d\/117099-3\/P1530562.JPG \/><\/a><br \/>\n^ Die ganz linke SB im Gesamten. Keine Pistenmodellierung, sch\u00f6n.<\/p>\n<p><a href='http:\/\/ski.inmontanis.info\/d\/117104-2\/P1530575.JPG'><img src=http:\/\/ski.inmontanis.info\/d\/117103-3\/P1530575.JPG \/><\/a><br \/>\n^ Die 2. SB von links, dient auch als Verbindung, dahinter der linke Kurven-KSSL<\/p>\n<p><a href='http:\/\/ski.inmontanis.info\/d\/117108-2\/P1530581.JPG'><img src=http:\/\/ski.inmontanis.info\/d\/117107-3\/P1530581.JPG \/><\/a><br \/>\n^ Die 2. SB von links. Auch hier unmodelliertes Gel\u00e4nde.<\/p>\n<p><a href='http:\/\/ski.inmontanis.info\/d\/117112-2\/P1530577.JPG'><img src=http:\/\/ski.inmontanis.info\/d\/117111-3\/P1530577.JPG \/><\/a><br \/>\n^ Der ganz rechte KSSL. Nett steil.<\/p>\n<p><a href='http:\/\/ski.inmontanis.info\/d\/117117-2\/P1530579.JPG'><img src=http:\/\/ski.inmontanis.info\/d\/117116-3\/P1530579.JPG \/><\/a><br \/>\n^ Der ganz rechte KSSL. Der weckt jetzt aber mein Interesse!<\/p>\n<p><a href='http:\/\/ski.inmontanis.info\/d\/117121-2\/P1530589.JPG'><img src=http:\/\/ski.inmontanis.info\/d\/117120-3\/P1530589.JPG \/><\/a><br \/>\n^ Extrem viele Kehren hintereinander zwischen Albiez und Villargondran. Auf 650hm \u00fcber 40 Kehren! (Stelvio Nord im Vgl. sind 40 Kehren ca. 1000hm!) <\/p>\n<p><a href='http:\/\/ski.inmontanis.info\/d\/117125-2\/P1530593.JPG'><img src=http:\/\/ski.inmontanis.info\/d\/117124-3\/P1530593.JPG \/><\/a><br \/>\n^ So kurz ist hier manchmal der Weg zwischen 3 Kehren :)<\/p>\n<p>&#8212;<\/p>\n<p>Als 2. ging&#8217;s auf die R\u00fcckseite des Berges, und zwar nach Les Karellis. Soweit ich das gesehen hab, macht das einen recht interessanten Eindruck, da komm ich im Winter sicher mal vorbei:<\/p>\n<p><img src=http:\/\/ski.inmontanis.info\/d\/117131-2\/P1530608.JPG \/><br \/>\n^ Les Karellis Pistenplan<\/p>\n<p><a href='http:\/\/ski.inmontanis.info\/d\/117135-2\/P1530594.JPG'><img src=http:\/\/ski.inmontanis.info\/d\/117134-3\/P1530594.JPG \/><\/a><br \/>\n^ TS de Granges (Zubringer vom Parkplatz zu den Liften, gratis)<\/p>\n<p><a href='http:\/\/ski.inmontanis.info\/d\/117139-2\/P1530599.JPG'><img src=http:\/\/ski.inmontanis.info\/d\/117138-3\/P1530599.JPG \/><\/a><br \/>\n^ Fontagnoux \/ Casse-Massion (im Plan fast ganz rechts)<\/p>\n<p><a href='http:\/\/ski.inmontanis.info\/d\/117143-2\/P1530601.JPG'><img src=http:\/\/ski.inmontanis.info\/d\/117142-3\/P1530601.JPG \/><\/a><br \/>\n^ KSSL Tete d&#8217;Albiez<\/p>\n<p><a href='http:\/\/ski.inmontanis.info\/d\/117147-2\/P1530606.JPG'><img src=http:\/\/ski.inmontanis.info\/d\/117146-3\/P1530606.JPG \/><\/a><br \/>\n^ 6KSB Vinouve, Zubringer in den linken Skigebietsteil<\/p>\n<p><a href='http:\/\/ski.inmontanis.info\/d\/117151-2\/P1530605.JPG'><img src=http:\/\/ski.inmontanis.info\/d\/117150-3\/P1530605.JPG \/><\/a><br \/>\n^ Talstationen Vinouve \/ Plan du Four. Quasi die beiden Zubringer in die Skigebietsteile <\/p>\n<p><a href='http:\/\/ski.inmontanis.info\/d\/117155-2\/P1530603.JPG'><img src=http:\/\/ski.inmontanis.info\/d\/117154-3\/P1530603.JPG \/><\/a><br \/>\n^ Talstationsbereich<\/p>\n<p><a href='http:\/\/ski.inmontanis.info\/d\/117159-2\/P1530623.JPG'><img src=http:\/\/ski.inmontanis.info\/d\/117158-3\/P1530623.JPG \/><\/a><br \/>\n^ KSSL in Albanne<\/p>\n<p><a href='http:\/\/ski.inmontanis.info\/d\/117163-2\/P1530614.JPG'><img src=http:\/\/ski.inmontanis.info\/d\/117162-3\/P1530614.JPG \/><\/a><br \/>\n^ Zoom zu einem Gipfel mit Sendemast :)<\/p>\n<p><a href='http:\/\/ski.inmontanis.info\/d\/117167-2\/P1530615.JPG'><img src=http:\/\/ski.inmontanis.info\/d\/117166-3\/P1530615.JPG \/><\/a><br \/>\n^ Blick ins Skigebiet von Valmeinier.<\/p>\n<p><a href='http:\/\/ski.inmontanis.info\/d\/117171-2\/P1530616.JPG'><img src=http:\/\/ski.inmontanis.info\/d\/117170-3\/P1530616.JPG \/><\/a><br \/>\n^ Zoom ins Skigebiet von Valmeinier. Doch eher modelliert dort..<\/p>\n<p><a href='http:\/\/ski.inmontanis.info\/d\/117175-2\/P1530620.JPG'><img src=http:\/\/ski.inmontanis.info\/d\/117174-3\/P1530620.JPG \/><\/a><br \/>\n^ Zoom ins Skigebiet von Valloire. St\u00e4rker modelliert.<\/p>\n<p><a href='http:\/\/ski.inmontanis.info\/d\/117180-2\/P1530621.JPG'><img src=http:\/\/ski.inmontanis.info\/d\/117179-3\/P1530621.JPG \/><\/a><br \/>\n^ Zoom ins Skigebiet von Valloire. <\/p>\n<p><img src=http:\/\/ski.inmontanis.info\/d\/117184-2\/P1530624-634.jpg \/><br \/>\n^ Steiler Berg im Pano, unten die Ortschaft Saint-Julien-Mont-Denis<\/p>\n<p>&#8212;<\/p>\n<p>Weiter ging&#8217;s nach &#8220;La Norma&#8221;. Leider sah man nur den rechten Teil, der mich nicht wirklich \u00fcberzeugt h\u00e4tte.<\/p>\n<p>Plan:<br \/>\nhttp:\/\/www.la-norma.com\/images\/plan-pistes904.jpg<\/p>\n<p>http:\/\/www.la-norma.com\/anglais\/winter\/uk_plan_pistes.htm<\/p>\n<p><a href='http:\/\/ski.inmontanis.info\/d\/117190-2\/P1530636.JPG'><img src=http:\/\/ski.inmontanis.info\/d\/117188-3\/P1530636.JPG \/><\/a><br \/>\n^ Rechter Skigebietsteil von La Norma<\/p>\n<p><a href='http:\/\/ski.inmontanis.info\/d\/117194-2\/P1530639.JPG'><img src=http:\/\/ski.inmontanis.info\/d\/117193-3\/P1530639.JPG \/><\/a><br \/>\n^ Rechter Skigebietsteil von La Norma<\/p>\n<p><a href='http:\/\/ski.inmontanis.info\/d\/117198-2\/P1530643.JPG'><img src=http:\/\/ski.inmontanis.info\/d\/117197-3\/P1530643.JPG \/><\/a><br \/>\n^ EUB-Zubringer zum rechten Skigebietsteil (mit stark modellierter Talabfahrt)<\/p>\n<p><a href='http:\/\/ski.inmontanis.info\/d\/117202-2\/P1530647.JPG'><img src=http:\/\/ski.inmontanis.info\/d\/117201-3\/P1530647.JPG \/><\/a><br \/>\n^ Talstation EUB Melezet \/ SB Repose (Zubringer in die linke Skigebietsh\u00e4lfte)<\/p>\n<p>&#8212;<\/p>\n<p>Und schlie\u00dflich ging&#8217;s noch nach Aussois:<\/p>\n<p>http:\/\/www.aussois.com\/liste.php?id=184<\/p>\n<p><a href='http:\/\/ski.inmontanis.info\/d\/117208-2\/P1530649.JPG'><img src=http:\/\/ski.inmontanis.info\/d\/117206-3\/P1530649.JPG \/><\/a><br \/>\n^ Nette Stra\u00dfe hinauf nach Aussois<\/p>\n<p><a href='http:\/\/ski.inmontanis.info\/d\/117212-2\/P1530657.JPG'><img src=http:\/\/ski.inmontanis.info\/d\/117211-3\/P1530657.JPG \/><\/a><br \/>\n^ Aussois<\/p>\n<p><img src=http:\/\/ski.inmontanis.info\/d\/117216-2\/P1530665.JPG \/><br \/>\n^ Leichter Zoom Richtung Gipfel<\/p>\n<p><a href='http:\/\/ski.inmontanis.info\/d\/117220-2\/P1530667.JPG'><img src=http:\/\/ski.inmontanis.info\/d\/117219-3\/P1530667.JPG \/><\/a><br \/>\n^ Zoom zu den Zubringer-SBs<\/p>\n<p><a href='http:\/\/ski.inmontanis.info\/d\/117224-2\/P1530656.JPG'><img src=http:\/\/ski.inmontanis.info\/d\/117223-3\/P1530656.JPG \/><\/a><br \/>\n^ Die beiden Sektionen der linken SB-Kette<\/p>\n<p><a href='http:\/\/ski.inmontanis.info\/d\/117228-2\/P1530655.JPG'><img src=http:\/\/ski.inmontanis.info\/d\/117227-3\/P1530655.JPG \/><\/a><br \/>\n^ Oberster Bereich<\/p>\n<p>&#8212;<\/p>\n<p>Finalerweise kam ich zum Col de l&#8217;Iseran, wo ich, abends um 20 Uhr, noch eine kurze Skitour machen wollte &#8211; allerdings die Skier nur am Rucksack montiert und zu Fu\u00df rauf, hatte keine gro\u00dfen Ambitionen, einfach ein bissl verr\u00fcckt sein :) Au\u00dferdem war heute kein WC mehr in Sicht, so dass ich meinen Kreislauf nach dem langen Tag auch nicht mehr so strapazieren wollte.<\/p>\n<p>Der ganze Ausflug hat ca. 1 Stunde gedauert, bin bis zur H\u00e4lfte des Steilhangs aufgestiegen (da wo die Pisten zusammen kommen), Schnee war extrem weich.<\/p>\n<p><img src=http:\/\/ski.inmontanis.info\/d\/117232-2\/P1530679.JPG \/><br \/>\n^ Sommerskigebiet Pissaillas \/ Col de l&#8217;Iseran<\/p>\n<p><img src=http:\/\/ski.inmontanis.info\/d\/117236-2\/P1530681.JPG \/><br \/>\n^ Blick zum Col de l&#8217;Iseran nach kurzem, abendlichen Aufstieg &#8211; abw\u00e4rts ging&#8217;s auf Skiern, versteht sich :)<\/p>\n<p>\u00dcbernachtet hab ich &#8211; wie letztes Jahr &#8211; am Parkplatz an der einen Kurve der Col de l&#8217;Iseran &#8211; Stra\u00dfe, gegessen hatte ich heute &#8211; abgesehen von ein paar Naschereien und Chips &#8211; auch nichts &#8220;richtiges&#8221;. Aber ich bin ja auch nicht zum Essen und Faulenzen hier ;)<\/p>\n","protected":false},"excerpt":{"rendered":"<p>Nach dem hervorragenden Sommerskivormittag in Les 2 Alpes ging&#8217;s richtung Tignes, und auf dem Weg an einigen Skigebieten vorbei, die ich mir mal etwas n\u00e4her ansehen wollte, ob sie f\u00fcr Winter was sind.<\/p>\n<p> <a href=\"http:\/\/blog.inmontanis.info\/?p=1287\">[&#8230;]<\/a><\/p>\n","protected":false},"author":1,"featured_media":0,"comment_status":"open","ping_status":"closed","sticky":false,"template":"","format":"standard","meta":{"footnotes":""},"categories":[84,222,16,223,29,341,30],"tags":[49,56,48],"class_list":["post-1287","post","type-post","status-publish","format-standard","hentry","category-westalpensommerskitour201006","category-albiezmontrond","category-france","category-karellis","category-skitourenwalk-ski","category-val-disere","category-wandern","tag-4sb","tag-6sb","tag-kssl","odd"],"_links":{"self":[{"href":"http:\/\/blog.inmontanis.info\/index.php?rest_route=\/wp\/v2\/posts\/1287","targetHints":{"allow":["GET"]}}],"collection":[{"href":"http:\/\/blog.inmontanis.info\/index.php?rest_route=\/wp\/v2\/posts"}],"about":[{"href":"http:\/\/blog.inmontanis.info\/index.php?rest_route=\/wp\/v2\/types\/post"}],"author":[{"embeddable":true,"href":"http:\/\/blog.inmontanis.info\/index.php?rest_route=\/wp\/v2\/users\/1"}],"replies":[{"embeddable":true,"href":"http:\/\/blog.inmontanis.info\/index.php?rest_route=%2Fwp%2Fv2%2Fcomments&post=1287"}],"version-history":[{"count":3,"href":"http:\/\/blog.inmontanis.info\/index.php?rest_route=\/wp\/v2\/posts\/1287\/revisions"}],"predecessor-version":[{"id":1290,"href":"http:\/\/blog.inmontanis.info\/index.php?rest_route=\/wp\/v2\/posts\/1287\/revisions\/1290"}],"wp:attachment":[{"href":"http:\/\/blog.inmontanis.info\/index.php?rest_route=%2Fwp%2Fv2%2Fmedia&parent=1287"}],"wp:term":[{"taxonomy":"category","embeddable":true,"href":"http:\/\/blog.inmontanis.info\/index.php?rest_route=%2Fwp%2Fv2%2Fcategories&post=1287"},{"taxonomy":"post_tag","embeddable":true,"href":"http:\/\/blog.inmontanis.info\/index.php?rest_route=%2Fwp%2Fv2%2Ftags&post=1287"}],"curies":[{"name":"wp","href":"https:\/\/api.w.org\/{rel}","templated":true}]}}