{"id":1283,"date":"2010-06-24T12:00:27","date_gmt":"2010-06-24T10:00:27","guid":{"rendered":"http:\/\/blog.inmontanis.info\/?p=1283"},"modified":"2023-07-30T21:52:14","modified_gmt":"2023-07-30T19:52:14","slug":"les-deux-alpes-24-6-2010","status":"publish","type":"post","link":"http:\/\/blog.inmontanis.info\/?p=1283","title":{"rendered":"Les Deux Alpes, 24.6.2010"},"content":{"rendered":"<p>Vom 24.-27.6.2010 &#8220;musste&#8221; ich zum Sommerskifahren in die Westalpen. Ein k\u00fchles, schneereiches Fr\u00fchjahr sorgte f\u00fcr Schneemassen Ende Juni, die in den letzten 20 Jahren Seltenheitswert hatten. L2A, Tignes, Cervinia und Macugnaga lockten mit Abfahrten, die sonst nicht m\u00f6glich waren.<!--more--><\/p>\n<p>Am Mittwoch, 23.6., um 13:15 Uhr, ging&#8217;s direkt von der Arbeit aus los. Via St. Moritz nach Lecco und dort erst mal 1 Stunde Zeitverlust, da Stau im Tunnel dank paar hundert Meter Baustelle und Verengung auf 1 Spur. Na Danke. Weiter \u00fcber Milano, bereits zum dritten Mal im heurigen Jahr an Susa vorbei, \u00fcber den Montgenevre-Pass, durch Brian\u00e7on mit kurzem Tankstopp auf den Col du Lautaret, wo ich nach fast 10 Stunden Fahrzeit ankam und mich um 23:30 Uhr in den Schlafsack kuschelte.<\/p>\n<p>Um 6:15 klingelte ja bereits der Wecker, waren ja noch ein paar km nach Les 2 Alpes. Um 7:25 war ich mit Skipass (33,50 \u20ac) an der Talstation des Jandri Express und wartete erst mal 12 Minuten. Weil gerade zu der Zeit alle rauf wollten&#8230;. Und dann wartete ich in der Kabine noch mal 15 Minuten, weil die Bahn wg. eines technischen Defekts still stand&#8230;.<\/p>\n<p>Endlich oben angekommen das gewohnte Bild &#8211; Wartezeiten an den SL (- 5 Minuten), 80% der Pisten an den SL mit Renntrainings gesperrt. Aber man kann ja derzeit noch ausweichen. 4KSB und 3SB sind in Betrieb, und als Zusatz-Bonus ist heuer sogar die Abfahrt zur Station Toura offen, was noch mal ca. 600hm Abfahrt bedeutet!<\/p>\n<p>Auch Abseits der Piste konnte man wunderbar fahren, Firnschnee, weicher Schnee, aber kein Sinkschnee.<\/p>\n<p>Leider sind die Lifte in L2A nur bis 12:30 Uhr in Betrieb, und um 12:25 mogelte ich mich an die Pisten-Secourit\u00e9 vorbei und ignorierte ihre Schreie :) Da ich direkt von der Signal-Bergstation  off-piste gen Toura abgefahren bin. <\/p>\n<p>Da ich ja 2005, 2007 und 2008 den Gletscherbereich ausf\u00fchrlich fotografiert hab, war der Schwerpunkt diesmal Pano-Fotos und die Abfahrt zur Station Toura.<\/p>\n<p>Fotos, anklicken zum Vergr\u00f6\u00dfern (soweit nicht vergr\u00f6\u00dfert gepostet):<\/p>\n<p><a href='http:\/\/ski.inmontanis.info\/d\/116933-2\/ge_l2a_20100624.jpg'><img src=http:\/\/ski.inmontanis.info\/d\/116932-3\/ge_l2a_20100624.jpg \/><\/a><br \/>\n^ GPS-Track 24.6.2010, die beiden SL im Funpark-Bereich bin ich nicht gefahren, wie man sieht war ich vermehrt auf dem gletscherfreien Bereich unterwegs :)<\/p>\n<p><img src=http:\/\/ski.inmontanis.info\/d\/116941-2\/P1530389.JPG \/><br \/>\n^ Im SL Puy Sali\u00e9 (unterer Teil)<\/p>\n<p><img src=http:\/\/ski.inmontanis.info\/d\/116945-2\/P1530390.JPG \/><br \/>\n^ Im SL Puy Sali\u00e9 (unterer Teil)<\/p>\n<p><a href='http:\/\/ski.inmontanis.info\/d\/116937-2\/P1530391.JPG'><img src=http:\/\/ski.inmontanis.info\/d\/116936-3\/P1530391.JPG \/><\/a><br \/>\n^ Glacier \/ 3SB Roche Mantel, 4KSB Signal und \u00fcberall noch viel Schnee<\/p>\n<p><img src=http:\/\/ski.inmontanis.info\/d\/116949-2\/P1530392-406.jpg \/><br \/>\n^ (F\u00fcr mich) neuer \u00dcbungs-Seillift (Bildmitte), dahinter der SL Lauze, rechts Bergstation SL Puy Sali\u00e9 und der U-Bahn<\/p>\n<p><img src=http:\/\/ski.inmontanis.info\/d\/116953-2\/P1530407-413.jpg \/><br \/>\n^ Abfahrt und Renntrainings<\/p>\n<p><img src=http:\/\/ski.inmontanis.info\/d\/116957-2\/P1530414-417.jpg \/><br \/>\n^ Abfahrt zur 4KSB Signal<\/p>\n<p><a href='http:\/\/ski.inmontanis.info\/d\/116962-2\/P1530418-421.jpg'><img src=http:\/\/ski.inmontanis.info\/d\/116961-3\/P1530418-421.jpg \/><\/a><br \/>\n^ 4KSB Signal mit Abfahrt<\/p>\n<p><img src=http:\/\/ski.inmontanis.info\/d\/116966-2\/P1530423.JPG \/><br \/>\n^ Abfahrt Signal \/ Roche Mantel samt 3SB<\/p>\n<p><a href='http:\/\/ski.inmontanis.info\/d\/116970-2\/P1530425.JPG'><img src=http:\/\/ski.inmontanis.info\/d\/116969-3\/P1530425.JPG \/><\/a><br \/>\n^ Unterhalb der Station Glacier wird ein eigener kleiner Funpark geshaped&#8230;.<\/p>\n<p><img src=http:\/\/ski.inmontanis.info\/d\/116974-2\/P1530426-433.jpg \/><br \/>\n^ Tal-Pano von der Bergstation 4KSB Signal<\/p>\n<p><img src=http:\/\/ski.inmontanis.info\/d\/116978-2\/P1530434-447.jpg \/><br \/>\n^ Pano von der 4KSB Signal Bergstation zum Gletscher, vorne zu sehen die 3SB Roche Mantel, dahinter die D\u00f4me-Abfahrt<\/p>\n<p><a href='http:\/\/ski.inmontanis.info\/d\/117050-2\/P1530449.JPG'><img src=http:\/\/ski.inmontanis.info\/d\/117049-3\/P1530449.JPG \/><\/a><br \/>\n^ Gipfel-Zoom<\/p>\n<p><a href='http:\/\/ski.inmontanis.info\/d\/117054-2\/P1530450.JPG'><img src=http:\/\/ski.inmontanis.info\/d\/117053-3\/P1530450.JPG \/><\/a><br \/>\n^ Gipfel-Zoom<\/p>\n<p><a href='http:\/\/ski.inmontanis.info\/d\/117058-2\/P1530454.JPG'><img src=http:\/\/ski.inmontanis.info\/d\/117057-3\/P1530454.JPG \/><\/a><br \/>\n^ Gipfel-Zoom<\/p>\n<p><a href='http:\/\/ski.inmontanis.info\/d\/117062-2\/P1530457.JPG'><img src=http:\/\/ski.inmontanis.info\/d\/117061-3\/P1530457.JPG \/><\/a><br \/>\n^ Gipfel-Zoom (Cime Caron)<\/p>\n<p><img src=http:\/\/ski.inmontanis.info\/d\/116982-2\/P1530461-468.jpg \/><br \/>\n^ Pano unterhalb der Station Glacier  mit der kurzen Verbindungs-SSB zur Talstation der U-SSB, der Jandri 4 DSB-Talstation usw.<\/p>\n<p>Nur mal so zum Vergleich, am 30.6.2005 sah es dort so aus, und das ist auch eher &#8220;normal&#8221; f\u00fcr Ende Juni:<\/p>\n<p><a href='http:\/\/ski.inmontanis.info\/d\/35644-2\/06300011_G.jpg'><img src=http:\/\/ski.inmontanis.info\/d\/35644-2\/06300011_G.jpg \/><\/a><\/p>\n<p><a href='http:\/\/ski.inmontanis.info\/d\/116986-2\/P1530469.JPG'><img src=http:\/\/ski.inmontanis.info\/d\/116985-3\/P1530469.JPG \/><\/a><br \/>\n^ Ausnahmsweise ge\u00f6ffnet: Jandri-Abfahrt zur Station Toura<\/p>\n<p><img src=http:\/\/ski.inmontanis.info\/d\/116990-2\/P1530471.JPG \/><br \/>\n^ Jandri-Abfahrt<\/p>\n<p><a href='http:\/\/ski.inmontanis.info\/d\/116994-2\/P1530472.JPG'><img src=http:\/\/ski.inmontanis.info\/d\/116993-3\/P1530472.JPG \/><\/a><br \/>\n^ Mittelstation 8KSB<\/p>\n<p><img src=http:\/\/ski.inmontanis.info\/d\/116998-2\/P1530474-477.jpg \/><br \/>\n^ Jandri-Abfahrt<\/p>\n<p><img src=http:\/\/ski.inmontanis.info\/d\/117002-2\/P1530478.JPG \/><br \/>\n^ Station Toura, Ende der Abfahrt, den Rest muss man zu Fu\u00df gehen<\/p>\n<p><img src=http:\/\/ski.inmontanis.info\/d\/117006-2\/P1530479-483.jpg \/><br \/>\n^ Blick von Toura zu Jandri Express II, dem Ende der ge\u00f6ffneten Jandri-Abfahrt und den SBs Lac Noir und Toura<\/p>\n<p><a href='http:\/\/ski.inmontanis.info\/d\/117018-2\/P1530486.JPG'><img src=http:\/\/ski.inmontanis.info\/d\/117017-3\/P1530486.JPG \/><\/a><br \/>\n^ Sogar der Steilhang an der 4KSB Signal war noch ge\u00f6ffnet und pr\u00e4pariert<\/p>\n<p><img src=http:\/\/ski.inmontanis.info\/d\/117046-2\/P1530490.JPG \/><br \/>\n^ Gipfel-Zoom (Mont Blanc)<\/p>\n<p><a href='http:\/\/ski.inmontanis.info\/d\/117066-2\/P1530495.JPG'><img src=http:\/\/ski.inmontanis.info\/d\/117065-3\/P1530495.JPG \/><\/a><br \/>\n^ Gipfel-Zoom<\/p>\n<p><a href='http:\/\/ski.inmontanis.info\/d\/117070-2\/P1530503.JPG'><img src=http:\/\/ski.inmontanis.info\/d\/117069-3\/P1530503.JPG \/><\/a><br \/>\n^ Gipfel-Zoom<\/p>\n<p><img src=http:\/\/ski.inmontanis.info\/d\/117022-2\/P1530508-513.jpg \/><br \/>\n^ Pano Bergstation SL Lauze richtung Skigebiet La Grave<\/p>\n<p><img src=http:\/\/ski.inmontanis.info\/d\/117026-2\/P1530514-521.jpg \/><br \/>\n^ Tal-Pano vom SL Lauze aus<\/p>\n<p><a href='http:\/\/ski.inmontanis.info\/d\/117074-2\/P1530522.JPG'><img src=http:\/\/ski.inmontanis.info\/d\/117073-3\/P1530522.JPG \/><\/a><br \/>\n^ Gipfel-Zoom (in Bildmitte sieht man irgendeine SB, DSB Bouchet lt. Hinweisen im Alpinforum)<\/p>\n<p><img src=http:\/\/ski.inmontanis.info\/d\/116925-2\/P1530489.JPG \/><br \/>\n^ Zoom ins Skigebiet Alpe d&#8217;Huez von L2A aus<\/p>\n<p><img src=http:\/\/ski.inmontanis.info\/d\/116929-2\/P1530488.JPG \/><br \/>\n^ Zoom ins Skigebiet Alpe d&#8217;Huez von L2A aus, wie man sieht, h\u00e4tte man heuer an beiden SBs Sommerskibetrieb anbieten k\u00f6nnen..<\/p>\n<p><a href='http:\/\/ski.inmontanis.info\/d\/117030-2\/P1530524.JPG'><img src=http:\/\/ski.inmontanis.info\/d\/117029-3\/P1530524.JPG \/><\/a><br \/>\n^ Off-Piste zwischen 4KSB und 3SB<\/p>\n<p><img src=http:\/\/ski.inmontanis.info\/d\/117010-2\/P1530525.JPG \/><br \/>\n^ SBs Lac Noir und Toura. H\u00e4tten vom Schnee her noch problemlos in Betrieb gehen k\u00f6nnen!<\/p>\n<p><a href='http:\/\/ski.inmontanis.info\/d\/117014-2\/P1530527.JPG'><img src=http:\/\/ski.inmontanis.info\/d\/117013-3\/P1530527.JPG \/><\/a><br \/>\n^ Am Einstieg 4SB Toura scheint sogar Schnee hingeschoben worden zu sein?!<\/p>\n<p><a href='http:\/\/ski.inmontanis.info\/d\/117034-2\/P1530529.JPG'><img src=http:\/\/ski.inmontanis.info\/d\/117033-3\/P1530529.JPG \/><\/a><br \/>\n^ 2 Snowboarder fuhren zum Schluss die Route Chalance ?! Keine Ahnung wie weit da der Schnee runter ging, aber das h\u00f6rt sich nach langem Fu\u00dfmarsch an &#8230;.<\/p>\n<p><img src=http:\/\/ski.inmontanis.info\/d\/117038-2\/P1530537-542.jpg \/><br \/>\n^ Jandri Express II, 4KSB und offiziell geschlossene Abfahrt Serre Pallas Signal (4KSB Signal Bergstation links der Bildmitte zu erkennen)<\/p>\n<p><img src=http:\/\/ski.inmontanis.info\/d\/117042-2\/P1530545-548.jpg \/><br \/>\n^ Blick von der Br\u00eache-Abfahrt zur Station Toura<\/p>\n<p>Fazit: Wenn soviel offen ist wie heute, ist L2A tats\u00e4chlich das abwechslungsreichste und interessanteste Sommerskigebiet, hat mir diesmal sogar besser als Tignes gefallen. Die meisten H\u00e4nge sind ja hier westlich geneigt, so dass die Pisten bis zum Schluss griffig hart waren. Weicher wurde es nur an der Signal-4KSB. Allerdings auch das Sommerskigebiet mit den gr\u00f6\u00dften Wartezeiten an den Liften.<\/p>\n","protected":false},"excerpt":{"rendered":"<p>Vom 24.-27.6.2010 &#8220;musste&#8221; ich zum Sommerskifahren in die Westalpen. Ein k\u00fchles, schneereiches Fr\u00fchjahr sorgte f\u00fcr Schneemassen Ende Juni, die in den letzten 20 Jahren Seltenheitswert hatten. L2A, Tignes, Cervinia und Macugnaga lockten mit Abfahrten, die sonst nicht m\u00f6glich waren.<\/p>\n<p> <a href=\"http:\/\/blog.inmontanis.info\/?p=1283\">[&#8230;]<\/a><\/p>\n","protected":false},"author":1,"featured_media":0,"comment_status":"open","ping_status":"closed","sticky":false,"template":"","format":"standard","meta":{"footnotes":""},"categories":[84,16,317,28],"tags":[49,47],"class_list":["post-1283","post","type-post","status-publish","format-standard","hentry","category-westalpensommerskitour201006","category-france","category-les-deux-alpes","category-skifahren-sommer","tag-4sb","tag-sl","odd"],"_links":{"self":[{"href":"http:\/\/blog.inmontanis.info\/index.php?rest_route=\/wp\/v2\/posts\/1283","targetHints":{"allow":["GET"]}}],"collection":[{"href":"http:\/\/blog.inmontanis.info\/index.php?rest_route=\/wp\/v2\/posts"}],"about":[{"href":"http:\/\/blog.inmontanis.info\/index.php?rest_route=\/wp\/v2\/types\/post"}],"author":[{"embeddable":true,"href":"http:\/\/blog.inmontanis.info\/index.php?rest_route=\/wp\/v2\/users\/1"}],"replies":[{"embeddable":true,"href":"http:\/\/blog.inmontanis.info\/index.php?rest_route=%2Fwp%2Fv2%2Fcomments&post=1283"}],"version-history":[{"count":4,"href":"http:\/\/blog.inmontanis.info\/index.php?rest_route=\/wp\/v2\/posts\/1283\/revisions"}],"predecessor-version":[{"id":8928,"href":"http:\/\/blog.inmontanis.info\/index.php?rest_route=\/wp\/v2\/posts\/1283\/revisions\/8928"}],"wp:attachment":[{"href":"http:\/\/blog.inmontanis.info\/index.php?rest_route=%2Fwp%2Fv2%2Fmedia&parent=1283"}],"wp:term":[{"taxonomy":"category","embeddable":true,"href":"http:\/\/blog.inmontanis.info\/index.php?rest_route=%2Fwp%2Fv2%2Fcategories&post=1283"},{"taxonomy":"post_tag","embeddable":true,"href":"http:\/\/blog.inmontanis.info\/index.php?rest_route=%2Fwp%2Fv2%2Ftags&post=1283"}],"curies":[{"name":"wp","href":"https:\/\/api.w.org\/{rel}","templated":true}]}}