{"id":1268,"date":"2010-05-24T12:00:24","date_gmt":"2010-05-24T10:00:24","guid":{"rendered":"http:\/\/blog.inmontanis.info\/?p=1268"},"modified":"2010-07-20T19:26:42","modified_gmt":"2010-07-20T17:26:42","slug":"pfingsten-2010-monte-bisbino-val-dintelvi-comer-luganer-see-24-5-2010","status":"publish","type":"post","link":"http:\/\/blog.inmontanis.info\/?p=1268","title":{"rendered":"Pfingsten 2010: Monte Bisbino + Val d&#8217;Intelvi (Comer &#038; Luganer See), 24.5.2010"},"content":{"rendered":"<p>Nach dem tollen Skitag am Pfingstsonntag in Prali ging&#8217;s wieder retour. Angepeilt f\u00fcr Pfingstmontag w\u00e4re (zu nachmitt\u00e4glichen Preisen) die Diavolezza. Auf dem Weg wollte ich mir irgendwo ein Parkpl\u00e4tzchen um den Comer See suchen, um morgen noch ein paar ehemalige Skigebiete oder Seilbahnen abzuklappern.<!--more--><\/p>\n<p>Zuf\u00e4llig entdeckte ich auf meiner Karte den Monte Bisibino, direkt bei Como, und dass dort eine Stra\u00dfe rauff\u00fchrt und es dort oben eine nette Aussicht geben sollte. Also sollte ja auch ein Parkplatz oben sein, wo ich evtl. \u00fcbernachten k\u00f6nnte?<\/p>\n<p>Leider hatte ich diesmal einiges an Stau. Baustellenm\u00e4\u00dfig auf der Autobahn richtung Mailand vor der Kreuzung zur Autobahn richtung Simplon. Sp\u00e4ter gab&#8217;s dann auch noch Stau bzw. bin ich glaub ich schlussendlich \u00fcber Varese nach Como gefahren, jedenfalls war es schon relativ sp\u00e4t.<\/p>\n<p>In Como hab ich mir noch einen McDonalds geschnappt, eigentlich weil ich auf&#8217;s Klo wollte, hatte aber nur noch der Drive-In offen. Die weitere Fahrerei auf den Monte Bisbino war dann etwas &#8230; m\u00fc\u00dfig. Einspurig, in den ersten ca. 300hm haufenweise Kehren und alles mit H\u00e4usern zugebaut, und wenn die Stra\u00dfe mal breiter war, gab&#8217;s nat\u00fcrlich gleich Parkpl\u00e4tze. Nach jeder Kehre ging&#8217;s so weiter, H\u00e4user, Autos, H\u00e4user &#8211; also hier m\u00f6cht ich nicht wohnen und jeden Tag rauf- und runterfahren m\u00fcssen!<\/p>\n<p>Irgendwann kam ich endlich aus dem Ort raus und die Stra\u00dfe f\u00fchrte noch einige Kilometer weiter den Berg hinauf, weiterhin sehr schmal &#8211; und wenn man solche Stra\u00dfen nachts das erste Mal f\u00e4hrt, kommen sie einem noch l\u00e4nger und krasser vor.<\/p>\n<p>Gegen 22:30 Uhr kam ich endlich oben an. Der Ausblick hatte die Auffahrt dann doch egalisiert, und, naja, wenn man schon mal hier oben ist&#8230; Wecker auf 5:15 Uhr gestellt, damit ich den Sonnenaufgang fotografieren kann. <\/p>\n<p>Hat sich dann auch tats\u00e4chlich gelohnt. Nach dem tollen Pano gestern am Lago Maggiore (Laveno) also heute ein tolles Pano am Lago di Como!<\/p>\n<p><em>Fotos, anklicken zum Vergr\u00f6\u00dfern, soweit ich sie nicht vergr\u00f6\u00dfert gepostet hab:<\/em><\/p>\n<p><img src=http:\/\/extra.inmontanis.info\/d\/3692-2\/P1520531-3.jpg \/><br \/>\n^ N\u00e4chtliches Pano in die Po-Ebene (5 sek., 3 Einzelbilder)<\/p>\n<p><img src=http:\/\/extra.inmontanis.info\/d\/3696-2\/P1520540-43.jpg \/><br \/>\n^ N\u00e4chtliches Pano in die Po-Ebene. Das Helle da in der linken H\u00e4lfte d\u00fcrfte Mailand sein<\/p>\n<p><a href='http:\/\/extra.inmontanis.info\/d\/3700-2\/P1520544.JPG'><img src=http:\/\/extra.inmontanis.info\/d\/3699-3\/P1520544.JPG \/><\/a><br \/>\n^ Ein rotes Licht flackerte auf diesem dunklen Gipfel, mir zeigend, dass in diesen alten Gem\u00e4uern jemand haust&#8230;..<\/p>\n<p><img src=http:\/\/extra.inmontanis.info\/d\/3704-2\/P1520547.JPG \/><br \/>\n^ 5:21 Uhr, es d\u00e4mmert bereits. Nordpano, Links der Monte Generoso, mittig hinten u.a. Cima dell&#8217;Uomo, rechts die letzte gro\u00dfe Spitze ggf. Pizzo di Gino)<\/p>\n<p><a href='http:\/\/extra.inmontanis.info\/d\/3708-2\/P1520554.JPG'><img src=http:\/\/extra.inmontanis.info\/d\/3707-3\/P1520554.JPG \/><\/a><br \/>\n^ Pano ins Flachland mit Pano-Parkplatz, rechts das Santuario<\/p>\n<p><a href='http:\/\/extra.inmontanis.info\/d\/3712-2\/P1520563.JPG'><img src=http:\/\/extra.inmontanis.info\/d\/3711-3\/P1520563.JPG \/><\/a><br \/>\n^ Da oben am Flieger ist die Sonne bereits aufgegangen &#8230;.<\/p>\n<p><img src=http:\/\/extra.inmontanis.info\/d\/3716-2\/P1520564.JPG \/><br \/>\n^ .. der von der Sonne rot angestrahlte Flieger ist doch ein nettes Motiv. Mal ein bissl reinzoomen&#8230;.<\/p>\n<p><img src=http:\/\/extra.inmontanis.info\/d\/3720-2\/P1520567.JPG \/><br \/>\n^ Und im Maxi-Zoom. Glaub mein bestes Flugzeugbild ever :)<\/p>\n<p><a href='http:\/\/extra.inmontanis.info\/d\/3724-2\/P1520587.JPG'><img src=http:\/\/extra.inmontanis.info\/d\/3723-3\/P1520587.JPG \/><\/a><br \/>\n^ West-Pano &#8230; zoom ich gleich mal rein<\/p>\n<p><img src=http:\/\/extra.inmontanis.info\/d\/3728-2\/P1520589.JPG \/><br \/>\n^ Leichter Zoom zum Monte Rosa &#8211; da ist die Sonne auch schon aufgegangen &#8230;<\/p>\n<p><img src=http:\/\/extra.inmontanis.info\/d\/3732-2\/P1520573.JPG \/><br \/>\n^ Wenn ich das richtig zuordne, mittig der flache Gipfel in der mittleren Reihe: Monte San Primo (11km), rechts dahinter der gro\u00dfe symetrische: Grigna Settentrionale (26km)<\/p>\n<p><a href='http:\/\/extra.inmontanis.info\/d\/3736-2\/P1520574.JPG'><img src=http:\/\/extra.inmontanis.info\/d\/3735-3\/P1520574.JPG \/><\/a><br \/>\n^ In Bildmitte der Monte Rotondo, etwas links davon wird in 15 Minuten die Sonne aufgehen <\/p>\n<p><img src=http:\/\/extra.inmontanis.info\/d\/3740-2\/P1520588.JPG \/><br \/>\n^ 4 Minuten vor Sonnenaufgang<\/p>\n<p><img src=http:\/\/extra.inmontanis.info\/d\/3744-2\/P1520593.JPG \/><br \/>\n^ 3 Minuten vor Sonnenaufgang<\/p>\n<p><img src=http:\/\/extra.inmontanis.info\/d\/3748-2\/P1520600.JPG \/><br \/>\n^ 0,5 Minuten vor Sonnenaufgang<\/p>\n<p><img src=http:\/\/extra.inmontanis.info\/d\/3752-2\/P1520603.JPG \/><br \/>\n^ Sonnenaufgang<\/p>\n<p><a href='http:\/\/extra.inmontanis.info\/d\/3756-2\/P1520614-15.jpg'><img src=http:\/\/extra.inmontanis.info\/d\/3755-3\/P1520614-15.jpg \/><\/a><br \/>\n^ Santuario della Beata Vergine. Bissl schief gebaut, das Dach da links ;)<\/p>\n<p><img src=http:\/\/extra.inmontanis.info\/d\/3760-2\/P1520616-17.jpg \/><br \/>\n^ West-Pano zum Monte Rosa und den Gipfeln des Wallis.<\/p>\n<p><img src=http:\/\/extra.inmontanis.info\/d\/3764-2\/P1520622.JPG \/><br \/>\n^ Im Zoom: Der Monte Rosa (90km entfernt) macht seinem Namen alle ehre &#8211; und rechts in der L\u00fccke spitzt das Matterhorn (107km entfernt)<\/p>\n<p><a href='http:\/\/extra.inmontanis.info\/d\/3768-2\/P1520656.JPG'><img src=http:\/\/extra.inmontanis.info\/d\/3767-3\/P1520656.JPG \/><\/a><br \/>\n^ Gipfel-Zoom ins Wallis (links Strahlhorn, Mitte Allalin, jeweils ca. 90km entfernt)<\/p>\n<p><a href='http:\/\/extra.inmontanis.info\/d\/3772-2\/P1520635.JPG'><img src=http:\/\/extra.inmontanis.info\/d\/3771-3\/P1520635.JPG \/><\/a><br \/>\n^ Gipfelzoom ins Wallis (Alphubel-Dom)<\/p>\n<p><a href='http:\/\/extra.inmontanis.info\/d\/3776-2\/P1520627.JPG'><img src=http:\/\/extra.inmontanis.info\/d\/3775-3\/P1520627.JPG \/><\/a><br \/>\n^ Como (Viel vom See sieht man leider nicht von hier oben)<\/p>\n<p><a href='http:\/\/extra.inmontanis.info\/d\/3780-2\/P1520629.JPG'><img src=http:\/\/extra.inmontanis.info\/d\/3779-3\/P1520629.JPG \/><\/a><br \/>\n^ Italien-Fahne, rechts daneben im Hintergrund spitzt der Monte Rosa<\/p>\n<p><a href='http:\/\/extra.inmontanis.info\/d\/3784-2\/P1520637.JPG'><img src=http:\/\/extra.inmontanis.info\/d\/3783-3\/P1520637.JPG \/><\/a><br \/>\n^ Ost-Pano mit Santuario<\/p>\n<p><img src=http:\/\/extra.inmontanis.info\/d\/3788-2\/P1520638-39.jpg \/><br \/>\n^ Pano in die Poebene, rechts sieht man noch leicht den Monte Rosa<\/p>\n<p><a href='http:\/\/extra.inmontanis.info\/d\/3792-2\/P1520640.JPG'><img src=http:\/\/extra.inmontanis.info\/d\/3791-3\/P1520640.JPG \/><\/a><br \/>\n^ Zoom Varese mit Lago<\/p>\n<p><a href='http:\/\/extra.inmontanis.info\/d\/3796-2\/P1520643.JPG'><img src=http:\/\/extra.inmontanis.info\/d\/3795-3\/P1520643.JPG \/><\/a><br \/>\n^ Turm, der leider kein Aussichtsturm ist. W\u00e4re n\u00f6tig, weil die B\u00e4ume hier tw. die sch\u00f6ne Aussicht st\u00f6ren.<\/p>\n<p><img src=http:\/\/extra.inmontanis.info\/d\/3800-2\/P1520644.JPG \/><br \/>\n^ Gipfel Monte Bisbino samt Santuario<\/p>\n<p><a href='http:\/\/extra.inmontanis.info\/d\/3804-2\/P1520651.JPG'><img src=http:\/\/extra.inmontanis.info\/d\/3803-3\/P1520651.JPG \/><\/a><br \/>\n^ Zoom zum Monte Generoso. Muss ich auch mal rauf.<\/p>\n<p><a href='http:\/\/extra.inmontanis.info\/d\/3808-2\/P1520659.JPG'><img src=http:\/\/extra.inmontanis.info\/d\/3807-3\/P1520659.JPG \/><\/a><br \/>\n^ Gipfelzoom (Weissmies, Lagginhorn) (85km)<\/p>\n<p><a href='http:\/\/extra.inmontanis.info\/d\/3812-2\/P1520664.JPG'><img src=http:\/\/extra.inmontanis.info\/d\/3811-3\/P1520664.JPG \/><\/a><br \/>\n^ Gipfelzoom (vmtl. mittig Gro\u00df Wannenhorn)<\/p>\n<p><a href='http:\/\/extra.inmontanis.info\/d\/3816-2\/P1520665.JPG'><img src=http:\/\/extra.inmontanis.info\/d\/3815-3\/P1520665.JPG \/><\/a><br \/>\n^ Gipfelzoom (Finsteraarhorn, 103km entfernt)<\/p>\n<p><a href='http:\/\/extra.inmontanis.info\/d\/3820-2\/P1520675.JPG'><img src=http:\/\/extra.inmontanis.info\/d\/3819-3\/P1520675.JPG \/><\/a><br \/>\n^ Schmale Stra\u00dfe, enge Kehren<\/p>\n<p><a href='http:\/\/extra.inmontanis.info\/d\/3824-2\/P1520676.JPG'><img src=http:\/\/extra.inmontanis.info\/d\/3823-3\/P1520676.JPG \/><\/a><br \/>\n^ Durch enge Gassen muss man hier rauffahren &#8230;<\/p>\n<p>Fazit: Toller Panorama-Gipfel!<\/p>\n<p>Weiter ging&#8217;s dem Comer See Richtung Norden entlang, nach Argegno. Hier bin ich schon 1 oder 2 mal vorbeigefahren und hab gesehen, dass da eine PB rauf geht. Dass sie jetzt so fr\u00fch noch nicht fahren w\u00fcrde, war mir fast klar, leider f\u00e4hrt sie momentan gar nicht mehr &#8211; die &#8220;vita tecnica&#8221; hat zugeschlagen und der Bahn nach 40 Jahren den vorl\u00e4ufigen Todessto\u00df versetzt, so dass der letzte Betriebstag gerade mal vor 4 Tagen war. <\/p>\n<p>Ein paar Fotos von der Talstation hab ich dennoch gemacht, zur Bergstation (geht eine Stra\u00dfe rauf) bin ich aus Zeitgr\u00fcnden jedoch nicht hinauf.<\/p>\n<p>Fotos, anklicken zum Vergr\u00f6\u00dfern:<br \/>\n<a href='http:\/\/extra.inmontanis.info\/d\/3830-3\/P1520725.JPG'><img src=http:\/\/extra.inmontanis.info\/d\/3828-3\/P1520725.JPG \/><\/a><br \/>\n^ Blick vom See zur PB<\/p>\n<p><a href='http:\/\/extra.inmontanis.info\/d\/3834-2\/P1520681.JPG'><img src=http:\/\/extra.inmontanis.info\/d\/3833-3\/P1520681.JPG \/><\/a><br \/>\n^ Zoom St\u00fctze 2 und Bergstation<\/p>\n<p><a href='http:\/\/extra.inmontanis.info\/d\/3838-2\/P1520715-718.jpg'><img src=http:\/\/extra.inmontanis.info\/d\/3837-3\/P1520715-718.jpg \/><\/a><br \/>\n^ Talstation<\/p>\n<p><a href='http:\/\/extra.inmontanis.info\/d\/3842-2\/P1520714.JPG'><img src=http:\/\/extra.inmontanis.info\/d\/3841-3\/P1520714.JPG \/><\/a><br \/>\n^ Schild<\/p>\n<p><a href='http:\/\/extra.inmontanis.info\/d\/3846-2\/P1520719.JPG'><img src=http:\/\/extra.inmontanis.info\/d\/3845-3\/P1520719.JPG \/><\/a><br \/>\n^ Zoom St\u00fctze 1+2<\/p>\n<p><a href='http:\/\/extra.inmontanis.info\/d\/3850-2\/P1520687.JPG'><img src=http:\/\/extra.inmontanis.info\/d\/3849-3\/P1520687.JPG \/><\/a><br \/>\n^ Letzte Fahrt 20.5.2010 &#8211; vor 4 Tagen &#8211; leider knapp verpasst. Aufgrund der 40 Jahre derzeit stillgelegt. Mal gespannt, ob sie wirklich renoviert werden wird, geht ja auch eine Stra\u00dfe rauf, gibt nun einen Busverkehr.<\/p>\n<p><a href='http:\/\/extra.inmontanis.info\/d\/3854-2\/P1520690.JPG'><img src=http:\/\/extra.inmontanis.info\/d\/3853-3\/P1520690.JPG \/><\/a><br \/>\n^ Blick in die Halle<\/p>\n<p><img src=http:\/\/extra.inmontanis.info\/d\/3858-2\/P1520694-703_fused.jpg \/><br \/>\n^ Da es ziemlich steil ist und man kaum M\u00f6glichkeiten zum Fotografieren der Station hat, musste mal wieder gebastelt werden &#8230;.<\/p>\n<p><img src=http:\/\/extra.inmontanis.info\/d\/3862-2\/P1520704-713_fused.jpg \/><br \/>\n^ Talstation, etwas andere Perspektive<\/p>\n<p><a href='http:\/\/extra.inmontanis.info\/d\/3866-2\/P1520695.JPG'><img src=http:\/\/extra.inmontanis.info\/d\/3865-3\/P1520695.JPG \/><\/a><br \/>\n^ Talstation. Ist das in der Mitte das Kopierwerk? Wieso hat das 4 Linien?<\/p>\n<p><a href='http:\/\/extra.inmontanis.info\/d\/3870-2\/P1520704.JPG'><img src=http:\/\/extra.inmontanis.info\/d\/3869-3\/P1520704.JPG \/><\/a><br \/>\n^ Kabine. Leider nicht besser zu fotografieren.<\/p>\n<p><img src=http:\/\/extra.inmontanis.info\/d\/3874-2\/P1520723-724.jpg \/><br \/>\n^ Lago di Como gen Osten<\/p>\n<p><a href='http:\/\/extra.inmontanis.info\/d\/3878-2\/P1520722.JPG'><img src=http:\/\/extra.inmontanis.info\/d\/3877-3\/P1520722.JPG \/><\/a><br \/>\n^ Lago di Como gen S\u00fcden<\/p>\n<p>Weiter ging&#8217;s ins Valle d&#8217;Intelvi, eigentlich wollte ich mir die \u00dcberreste am Monte Crocione ansehen, hatte dann aber doch keine Lust mehr, nachdem ich im Zoom nicht mehr wirklich viel gesehen hab und nicht genau wusste, wo ich die Talstationen suchen soll &#8230;.<\/p>\n<p><em>(Fotos anklicken zum Vergr\u00f6\u00dfern, soweit nicht vergr\u00f6\u00dfert gepostet)<\/em><\/p>\n<p><a href='http:\/\/ski.inmontanis.info\/d\/118091-2\/P1520727.JPG'><img src=http:\/\/ski.inmontanis.info\/d\/118089-3\/P1520727.JPG \/><\/a><br \/>\n^ Monte Crocione. Wollt ich mir eigentlich heute n\u00e4her anschauen, irgendwie hatte ich dann doch keine Lust mehr &#8211; nachdem man von hier aus keine \u00dcberreste mehr sah&#8230;<\/p>\n<p><a href='http:\/\/ski.inmontanis.info\/d\/118095-2\/P1520728.JPG'><img src=http:\/\/ski.inmontanis.info\/d\/118094-3\/P1520728.JPG \/><\/a><br \/>\n^ Zoom Monte Crocione<\/p>\n<p>Sodenn ging es zur Vetta Sighignola, il Balcone d&#8217;Italia, oberhalb von Lanzo d&#8217;Intelvi, wo die nie fertig gestellte PB-Station und ein kleines Skigebiet wartete&#8230;. (und ein Dixi-Klo, netterweise)<\/p>\n<p><a href='http:\/\/ski.inmontanis.info\/d\/118099-2\/P1520784.JPG'><img src=http:\/\/ski.inmontanis.info\/d\/118098-3\/P1520784.JPG \/><\/a><br \/>\n^ Lanzo d&#8217;Intelvi \/ Vette Sighignola, Balcone d&#8217;Italia. Links sind die 3 Lifte eingezeichnet, wobei der l\u00e4ngste leider nicht mehr in Betrieb ist.<\/p>\n<p><img src=http:\/\/ski.inmontanis.info\/d\/118103-2\/P1520741.JPG \/><br \/>\n^ Aufgelassene Rohbau-PB-Bergstation mit Blick auf den Lago di Lugano gen S\u00fcdwesten<\/p>\n<p><img src=http:\/\/ski.inmontanis.info\/d\/118107-2\/P1520742.JPG \/><br \/>\n^ West-Pano mit Lago di Lugano und Lago Maggiore, hinten gl\u00e4nzt wei\u00df der Monte Rosa<\/p>\n<p><img src=http:\/\/ski.inmontanis.info\/d\/118111-2\/P1520745-765_sphpa.jpg \/><br \/>\n^ Pano, gleich nochmal in 2 Teile geteilt<\/p>\n<p><img src=http:\/\/ski.inmontanis.info\/d\/118115-2\/P1520745-765_zyl.jpg \/><br \/>\n^ West-Pano<\/p>\n<p><img src=http:\/\/ski.inmontanis.info\/d\/118119-2\/P1520745-765_tripl.jpg \/><br \/>\n^ Nord-Pano mit Lugano<\/p>\n<p><a href='http:\/\/ski.inmontanis.info\/d\/118123-2\/P1520768.JPG'><img src=http:\/\/ski.inmontanis.info\/d\/118122-3\/P1520768.JPG \/><\/a><br \/>\n^ Gipfel-Zoom<\/p>\n<p><img src=http:\/\/ski.inmontanis.info\/d\/118127-2\/P1520766.JPG \/><br \/>\n^ Lugano<\/p>\n<p><img src=http:\/\/ski.inmontanis.info\/d\/118131-2\/P1520772.JPG \/><br \/>\n^ Zoom Lugano, besteht anscheinend fast ausschlie\u00dflich aus Hochh\u00e4usern?!<\/p>\n<p><img src=http:\/\/ski.inmontanis.info\/d\/118135-2\/P1520771.JPG \/><br \/>\n^ Zoom Lugano<\/p>\n<p><img src=http:\/\/ski.inmontanis.info\/d\/118139-2\/P1520777-782.jpg \/><br \/>\n^ Nie vollendete PB-Bergstation und Lago di Lugano S\u00fcd<\/p>\n<p><a href='http:\/\/ski.inmontanis.info\/d\/118143-2\/P1520783.JPG'><img src=http:\/\/ski.inmontanis.info\/d\/118142-3\/P1520783.JPG \/><\/a><br \/>\n^ Parkplatz, im Wald versteckt sich dann der Gipfel<\/p>\n<p><a href='http:\/\/ski.inmontanis.info\/d\/118147-2\/P1520786.JPG'><img src=http:\/\/ski.inmontanis.info\/d\/118146-3\/P1520786.JPG \/><\/a><br \/>\n^ .. und auf dem Gipfel ist eine kleine Kapelle. Aussicht hat man hier aber keine, der Wald ist zu dicht. Auch nach Osten keine Sichtm\u00f6glichkeit. Bl\u00f6d.<\/p>\n<p><img src=http:\/\/ski.inmontanis.info\/d\/118151-2\/P1520788.JPG \/><br \/>\n^ Zoom Bissone-Melide<\/p>\n<p><a href='http:\/\/ski.inmontanis.info\/d\/118155-2\/P1520789.JPG'><img src=http:\/\/ski.inmontanis.info\/d\/118154-3\/P1520789.JPG \/><\/a><br \/>\n^ Ging leider nie in Betrieb<\/p>\n<p><a href='http:\/\/ski.inmontanis.info\/d\/118159-2\/P1520792.JPG'><img src=http:\/\/ski.inmontanis.info\/d\/118158-3\/P1520792.JPG \/><\/a><br \/>\n^ Zoom Lago Maggiore<\/p>\n<p><a href='http:\/\/ski.inmontanis.info\/d\/118163-2\/P1520793.JPG'><img src=http:\/\/ski.inmontanis.info\/d\/118162-3\/P1520793.JPG \/><\/a><br \/>\n^ Zoom Gaggio. Schaut so aus, als ob da mal ein Skilift und 2 Abfahrten waren?? Dahinter k\u00f6nnte die Bahn auf den Monte Lema sein<\/p>\n<p><img src=http:\/\/ski.inmontanis.info\/d\/118167-2\/P1520797.JPG \/><br \/>\n^ Zoom PB-Plattform, Campione und See<\/p>\n<p><a href='http:\/\/ski.inmontanis.info\/d\/118171-2\/P1520799.JPG'><img src=http:\/\/ski.inmontanis.info\/d\/118170-3\/P1520799.JPG \/><\/a><br \/>\n^ Rohbau<\/p>\n<p><a href='http:\/\/ski.inmontanis.info\/d\/118175-2\/P1520802.JPG'><img src=http:\/\/ski.inmontanis.info\/d\/118174-3\/P1520802.JPG \/><\/a><br \/>\n^ PB-Einfahrt<\/p>\n<p><img src=http:\/\/ski.inmontanis.info\/d\/118179-2\/P1520787.JPG \/><br \/>\n^ Lago di Lugano S\u00fcd<\/p>\n<p><a href='http:\/\/ski.inmontanis.info\/d\/118183-2\/P1520809.JPG'><img src=http:\/\/ski.inmontanis.info\/d\/118182-3\/P1520809.JPG \/><\/a><br \/>\n^ F\u00f6rderband<\/p>\n<p><a href='http:\/\/ski.inmontanis.info\/d\/118187-2\/P1520810.JPG'><img src=http:\/\/ski.inmontanis.info\/d\/118186-3\/P1520810.JPG \/><\/a><br \/>\n^ Pistenraupe<\/p>\n<p><a href='http:\/\/ski.inmontanis.info\/d\/118191-2\/P1520825.JPG'><img src=http:\/\/ski.inmontanis.info\/d\/118190-3\/P1520825.JPG \/><\/a><br \/>\n^ F\u00f6rderband-Hang von unten, evtl. war da links mal ein richtiger SL<\/p>\n<p><a href='http:\/\/ski.inmontanis.info\/d\/118195-2\/P1520814.JPG'><img src=http:\/\/ski.inmontanis.info\/d\/118194-3\/P1520814.JPG \/><\/a><br \/>\n^ Bergstation des noch in Betrieb befindlichen SL<\/p>\n<p><a href='http:\/\/ski.inmontanis.info\/d\/118200-2\/P1520817.JPG'><img src=http:\/\/ski.inmontanis.info\/d\/118199-3\/P1520817.JPG \/><\/a><br \/>\n^ Strecke SL und Abfahrten<\/p>\n<p><a href='http:\/\/ski.inmontanis.info\/d\/118204-2\/P1520826.JPG'><img src=http:\/\/ski.inmontanis.info\/d\/118203-3\/P1520826.JPG \/><\/a><br \/>\n^ SL-Bergstation<\/p>\n<p>Weiter ging&#8217;s wieder zum Comer See bis nach Chiavenna. Hier wollte ich der Seilbahn bei Mese auf dem Grund gehen, die in meiner Stra\u00dfenkarte eingezeichnet ist:<\/p>\n<p><a href='http:\/\/extra.inmontanis.info\/d\/3948-2\/P1520837.JPG'><img src=http:\/\/extra.inmontanis.info\/d\/3946-3\/P1520837.JPG \/><\/a><br \/>\n^ Auf meiner Stra\u00dfenkarte ist bei Mese \/ San Vittore eine Seilbahn eingezeichnet. <\/p>\n<p><a href='http:\/\/extra.inmontanis.info\/d\/3952-2\/P1520829.JPG'><img src=http:\/\/extra.inmontanis.info\/d\/3951-3\/P1520829.JPG \/><\/a><br \/>\n^ Lt. Karte m\u00fcsste es auf den rechten Berg eine Seilbahn gegeben haben. Nunja, eine Schneise sieht man, da ist aktuell aber eher ein Stromkabel drin.<\/p>\n<p><a href='http:\/\/extra.inmontanis.info\/d\/3956-2\/P1520840.JPG'><img src=http:\/\/extra.inmontanis.info\/d\/3955-3\/P1520840.JPG \/><\/a><br \/>\n^ Zoom<\/p>\n<p><a href='http:\/\/extra.inmontanis.info\/d\/3960-2\/P1520833.JPG'><img src=http:\/\/extra.inmontanis.info\/d\/3959-3\/P1520833.JPG \/><\/a><br \/>\n^ Zoom. Gen\u00fcgend Zeug st\u00fcnde hier ja rum, dass eine Seilbahn fr\u00fcher mal existiert haben k\u00f6nnte<\/p>\n<p><a href='http:\/\/extra.inmontanis.info\/d\/3964-2\/P1520838.JPG'><img src=http:\/\/extra.inmontanis.info\/d\/3963-3\/P1520838.JPG \/><\/a><br \/>\n^ Nunja, die Beleuchtung hier ist nicht mehr gerade die modernste .. ;)<\/p>\n<p><a href='http:\/\/extra.inmontanis.info\/d\/3968-2\/P1520844.JPG'><img src=http:\/\/extra.inmontanis.info\/d\/3967-3\/P1520844.JPG \/><\/a><br \/>\n^ Von einer anderen Seite aus betrachtet, direkt am Berg gibt&#8217;s \u00fcbrigens ein Kraft- oder Umspannwerk von Enel<\/p>\n<p><img src=http:\/\/extra.inmontanis.info\/d\/3972-2\/P1520849.JPG \/><br \/>\n^ Seilbahnm\u00e4\u00dfiges hatte ich leider nichts gefunden, aber 2 Kletterer hab ich im Zoom ;)<\/p>\n<p>Keine Ahnung also, ob die existiert hatte, aber von Gordona nach Bodengo gab&#8217;s wohl mal einige Seilbahnen:<\/p>\n<p><a href='http:\/\/www.funiforum.org\/funiforum\/showthread.php?t=6513&#038;page=1'>http:\/\/www.funiforum.org\/funiforum\/showthread.php?t=6513&#038;page=1<\/a><\/p>\n<p><a href='http:\/\/www.flashearth.com\/?lat=46.284027&#038;lon=9.349839&#038;z=16.9&#038;r=0&#038;src=msa'>http:\/\/www.flashearth.com\/?lat=46.284027&#038;lon=9.349839&#038;z=16.9&#038;r=0&#038;src=msa<\/a><\/p>\n<p>Lt. dieser Seite<br \/>\n<a href='http:\/\/www.comune.gordona.so.it\/delibereconsiglio\/anno1996\/cc062-1996.htm'>http:\/\/www.comune.gordona.so.it\/delibereconsiglio\/anno1996\/cc062-1996.htm<\/a><br \/>\ngab es 4 Seilbahnen:<br \/>\n GORDONA \u2013 ALPE ORLO<br \/>\n ALPE ORLO \u2013 BEDOLINA<br \/>\n BEDOLINA \u2013 BODENGO<br \/>\n ALPE ORLO \u2013 PILOTERA<\/p>\n<p>Wurde wohl schon in den 80ern abgebaut, aber lt. dem obigen Sat-Bild stehen ja noch ein paar Stationen rum&#8230;<\/p>\n","protected":false},"excerpt":{"rendered":"<p>Nach dem tollen Skitag am Pfingstsonntag in Prali ging&#8217;s wieder retour. Angepeilt f\u00fcr Pfingstmontag w\u00e4re (zu nachmitt\u00e4glichen Preisen) die Diavolezza. Auf dem Weg wollte ich mir irgendwo ein Parkpl\u00e4tzchen um den Comer See suchen, um morgen noch ein paar ehemalige Skigebiete oder Seilbahnen abzuklappern.<\/p>\n<p> <a href=\"http:\/\/blog.inmontanis.info\/?p=1268\">[&#8230;]<\/a><\/p>\n","protected":false},"author":1,"featured_media":0,"comment_status":"open","ping_status":"closed","sticky":false,"template":"","format":"standard","meta":{"footnotes":""},"categories":[82,15,14,32],"tags":[52,45,47],"class_list":["post-1268","post","type-post","status-publish","format-standard","hentry","category-201005pfingsten","category-italienitaly","category-swiss","category-lostplaces","tag-pb","tag-see","tag-sl","odd"],"_links":{"self":[{"href":"http:\/\/blog.inmontanis.info\/index.php?rest_route=\/wp\/v2\/posts\/1268","targetHints":{"allow":["GET"]}}],"collection":[{"href":"http:\/\/blog.inmontanis.info\/index.php?rest_route=\/wp\/v2\/posts"}],"about":[{"href":"http:\/\/blog.inmontanis.info\/index.php?rest_route=\/wp\/v2\/types\/post"}],"author":[{"embeddable":true,"href":"http:\/\/blog.inmontanis.info\/index.php?rest_route=\/wp\/v2\/users\/1"}],"replies":[{"embeddable":true,"href":"http:\/\/blog.inmontanis.info\/index.php?rest_route=%2Fwp%2Fv2%2Fcomments&post=1268"}],"version-history":[{"count":2,"href":"http:\/\/blog.inmontanis.info\/index.php?rest_route=\/wp\/v2\/posts\/1268\/revisions"}],"predecessor-version":[{"id":1270,"href":"http:\/\/blog.inmontanis.info\/index.php?rest_route=\/wp\/v2\/posts\/1268\/revisions\/1270"}],"wp:attachment":[{"href":"http:\/\/blog.inmontanis.info\/index.php?rest_route=%2Fwp%2Fv2%2Fmedia&parent=1268"}],"wp:term":[{"taxonomy":"category","embeddable":true,"href":"http:\/\/blog.inmontanis.info\/index.php?rest_route=%2Fwp%2Fv2%2Fcategories&post=1268"},{"taxonomy":"post_tag","embeddable":true,"href":"http:\/\/blog.inmontanis.info\/index.php?rest_route=%2Fwp%2Fv2%2Ftags&post=1268"}],"curies":[{"name":"wp","href":"https:\/\/api.w.org\/{rel}","templated":true}]}}