{"id":1263,"date":"2010-05-23T23:00:27","date_gmt":"2010-05-23T21:00:27","guid":{"rendered":"http:\/\/blog.inmontanis.info\/?p=1263"},"modified":"2023-02-12T21:02:16","modified_gmt":"2023-02-12T20:02:16","slug":"pfingsten-2010-prali-23-5-2010-ski-vollbetrieb","status":"publish","type":"post","link":"http:\/\/blog.inmontanis.info\/?p=1263","title":{"rendered":"Pfingsten 2010: Prali, 23.5.2010 Ski-Vollbetrieb"},"content":{"rendered":"<p>Pfingstsonntag, 23.5.2010<\/p>\n<p>Gegen 8:30 war ich in Prali, fast auf den Tag genau wie vor einem Jahr. Es hatte schon weitaus weniger Schnee oben wie letztes Jahr, ein paar mm Neuschnee, die aber zum Gl\u00fcck nicht pappig wurden. <!--more-->Unter den paar mm Neuschnee war eine teils eisige Harschschicht, vermutlich hat&#8217;s gestern Abend noch etwas geregnet, bevor es dann in Eisregen und im oberen Bereich in Schnee \u00fcberging. Ging aber optimal zu fahren&#8230;<\/p>\n<p>Alle 3 Lifte waren in Betrieb (die anderen sind ja aufgelassen), und s\u00e4mtliche Abfahrten an den oberen 2 Liften waren pr\u00e4pariert und ge\u00f6ffnet. Da gibt&#8217;s 2 Abfahrten an der DSB und (z.T.) 3 Abfahrten am SL. Das hatte mir tats\u00e4chlich gereicht, dass es mir bis zum Schluss nicht langweilig wurde ;-)<\/p>\n<p>Mittagessen war ich auch, Nudeln (Vorspeise), Portion Pommes und Getr\u00e4nk um 8,- Euro. Das Restaurant selbst d\u00fcrfte aber von der Einrichtung her in den 50ern stehengeblieben sein ;)<\/p>\n<p>Nat\u00fcrlich musste ich auch wieder die Talabfahrt fahren, diesmal eine andere &#8211; war aber wohl mehr Fu\u00dfweg als letztes Jahr. <\/p>\n<p><em>Fotos, anklicken zum Vergr\u00f6\u00dfern, soweit nicht vergr\u00f6\u00dfert gepostet:<\/em><\/p>\n<p>Auf dem Weg nach Prali, zumindest wenn man von Frankreich her kommt, kommt man in Sestriere vorbei:<br \/>\n<a href='http:\/\/ski.inmontanis.info\/d\/117818-2\/P1520388-389.jpg'><img src=http:\/\/ski.inmontanis.info\/d\/117817-3\/P1520388-389.jpg \/><\/a><br \/>\n^ Auch in Sestriere g\u00e4b&#8217;s noch gen\u00fcgend Schnee f\u00fcr Skibetrieb ;)<\/p>\n<p><a href='http:\/\/ski.inmontanis.info\/d\/117822-2\/ge_prali2010.jpg'><img src=http:\/\/ski.inmontanis.info\/d\/117821-3\/ge_prali2010.jpg \/><\/a><br \/>\n^ GPS-Track 24.5.2010. Ein Drittel der Talabfahrt musste ich allerdings zu Fu\u00df gehen ;)<\/p>\n<p><a href='http:\/\/ski.inmontanis.info\/d\/117826-2\/P1520400.JPG'><img src=http:\/\/ski.inmontanis.info\/d\/117825-3\/P1520400.JPG \/><\/a><br \/>\n^ Neben der Talstation wurde zum 50-j\u00e4hrigen Jubil\u00e4um eine St\u00fctze des Vorg\u00e4nger-ESL aufgestellt und mit einigen Infos und alten Fotos erg\u00e4nzt! Nett.<\/p>\n<p><img src=http:\/\/ski.inmontanis.info\/d\/117830-2\/P1520405.JPG \/><br \/>\n^ Einige geschichtliche Informationen<\/p>\n<p><a href='http:\/\/ski.inmontanis.info\/d\/117834-2\/P1520404.JPG'><img src=http:\/\/ski.inmontanis.info\/d\/117833-3\/P1520404.JPG \/><\/a><br \/>\n^ Altes Foto vom ESL<\/p>\n<p><a href='http:\/\/ski.inmontanis.info\/d\/117838-2\/P1520406.JPG'><img src=http:\/\/ski.inmontanis.info\/d\/117837-3\/P1520406.JPG \/><\/a><br \/>\n^ Und so schat die Talstation der DSB heute aus. Der Schneestreifen da links auf der linken Talabfahrt weckte mein interesse, so dass ich mir eingebildet hatte, ich m\u00fcsste diesmal diese Talabfahrt fahren &#8230;<\/p>\n<p><a href='http:\/\/ski.inmontanis.info\/d\/117842-2\/P1520407.JPG'><img src=http:\/\/ski.inmontanis.info\/d\/117841-3\/P1520407.JPG \/><\/a><br \/>\n^ Altes Foto der Mittelstation. Was das linke ist, ist mir nicht klar, evtl. nur eine Bauseilbahn?<\/p>\n<p><a href='http:\/\/ski.inmontanis.info\/d\/117846-2\/P1520408.JPG'><img src=http:\/\/ski.inmontanis.info\/d\/117845-3\/P1520408.JPG \/><\/a><br \/>\n^ Ehemaliger Kombilift 2. Sektion (vmtl. Sommer ESL, Winter SL, oder was soll das Seggiosciovia sonst bedeuten?)<\/p>\n<p><a href='http:\/\/ski.inmontanis.info\/d\/117850-2\/P1520429.JPG'><img src=http:\/\/ski.inmontanis.info\/d\/117849-3\/P1520429.JPG \/><\/a><br \/>\n^ Blick zum SL Ciatlet samt seiner im unteren Teil recht steilen Abfahrt<\/p>\n<p><a href='http:\/\/ski.inmontanis.info\/d\/117854-2\/P1520432.JPG'><img src=http:\/\/ski.inmontanis.info\/d\/117853-3\/P1520432.JPG \/><\/a><br \/>\n^ SL Ciatlet mit seinem Steilhang<\/p>\n<p><img src=http:\/\/ski.inmontanis.info\/d\/117858-2\/P1520436.JPG \/><br \/>\n^ SL Ciatlet (BJ 1965) und DSB Bric Rond. Dazwischen, der k\u00fcrzere SL, wurde seit letztem Jahr abgetragen. Ahja, und man sieht die geilen Pistenverh\u00e4ltnisse, oder? ;)<\/p>\n<p><img src=http:\/\/ski.inmontanis.info\/d\/117862-2\/P1520437.JPG \/><br \/>\n^ Abfahrt am SL Ciatlet, leichte Pulverauflage, optimal zu fahren.<\/p>\n<p><img src=http:\/\/ski.inmontanis.info\/d\/117866-2\/P1520438.JPG \/><br \/>\n^ SL Ciatlet gen DSB Bric Rond<\/p>\n<p><img src=http:\/\/ski.inmontanis.info\/d\/117870-2\/P1520442.JPG \/><br \/>\n^ DSB Bric Rond mit ihren  beiden Abfahrten. Nur Off-Piste konnte man heute ziemlich vergessen &#8211; doch recht br\u00fcchig gewesen.<\/p>\n<p><img src=http:\/\/ski.inmontanis.info\/d\/117874-2\/P1520345-359.jpg \/><br \/>\n^ Pano von der Bergstation DSB Bric Rond hinter zu den Seen<\/p>\n<p><img src=http:\/\/ski.inmontanis.info\/d\/117878-2\/P1520361-362.jpg \/><br \/>\n^ Tolle griffige Pulververh\u00e4ltnisse beinahe Ende Mai!<\/p>\n<p><img src=http:\/\/ski.inmontanis.info\/d\/117882-2\/P1520466.JPG \/><br \/>\n^ Abfahrt an der DSB Bric Rond<\/p>\n<p><img src=http:\/\/ski.inmontanis.info\/d\/117886-2\/P1520467-476.jpg \/><br \/>\n^ Das andere R\u00fcckseiten-Pano, diesmal vom SL Ciatlet<\/p>\n<p><img src=http:\/\/ski.inmontanis.info\/d\/117890-2\/P1520479.JPG \/><br \/>\n^ Steilhang Abfahrt zum SL Ciatlet<\/p>\n<p><img src=http:\/\/ski.inmontanis.info\/d\/117894-2\/P1520480.JPG \/><br \/>\n^ SL Ciatlet mit seiner urigen Trasse!<\/p>\n<p><img src=http:\/\/ski.inmontanis.info\/d\/117898-2\/P1520482.JPG \/><br \/>\n^ Sonne, Schnee und einen Marchisio-SL, was braucht man mehr? :)<\/p>\n<p><img src=http:\/\/ski.inmontanis.info\/d\/117902-2\/P1520485.JPG \/><br \/>\n^ .. dass es nicht hei\u00dft, ich w\u00e4re hier alleine gewesen, diesmal ein paar Leute fotografiert :)<\/p>\n<p><a href='http:\/\/ski.inmontanis.info\/d\/117906-2\/P1520487.JPG'><img src=http:\/\/ski.inmontanis.info\/d\/117905-3\/P1520487.JPG \/><\/a><br \/>\n^ Variante an der DSB Bric Rond<\/p>\n<p><a href='http:\/\/ski.inmontanis.info\/d\/117910-2\/P1520488.JPG'><img src=http:\/\/ski.inmontanis.info\/d\/117909-3\/P1520488.JPG \/><\/a><br \/>\n^ SL Gigante, leider wohl stillgelegt<\/p>\n<p><img src=http:\/\/ski.inmontanis.info\/d\/117914-2\/P1520389-391_fused.jpg \/><br \/>\n^ Am Restaurant wurde vermutlich in den letzten 50 Jahren auch nicht viel modernisiert :)<\/p>\n<p><a href='http:\/\/ski.inmontanis.info\/d\/117918-2\/P1520497.JPG'><img src=http:\/\/ski.inmontanis.info\/d\/117917-3\/P1520497.JPG \/><\/a><br \/>\n^ Um 15:45 Uhr machte ich mich auf den Weg ins Tal &#8230;<\/p>\n<p><a href='http:\/\/ski.inmontanis.info\/d\/117922-2\/P1520502.JPG'><img src=http:\/\/ski.inmontanis.info\/d\/117921-3\/P1520502.JPG \/><\/a><br \/>\n^ Auf der Talabfahrt<\/p>\n<p><a href='http:\/\/ski.inmontanis.info\/d\/117926-2\/P1520505.JPG'><img src=http:\/\/ski.inmontanis.info\/d\/117925-3\/P1520505.JPG \/><\/a><br \/>\n^ Auf der Talabfahrt<\/p>\n<p><a href='http:\/\/ski.inmontanis.info\/d\/117930-2\/P1520509.JPG'><img src=http:\/\/ski.inmontanis.info\/d\/117929-3\/P1520509.JPG \/><\/a><br \/>\n^ Hier musste man dann schon ab &#038; zu abschnallen und zu Fu\u00df weiter ..<\/p>\n<p><a href='http:\/\/ski.inmontanis.info\/d\/117934-2\/P1520511.JPG'><img src=http:\/\/ski.inmontanis.info\/d\/117933-3\/P1520511.JPG \/><\/a><br \/>\n^ Wieder etwas abfahren, danach f\u00fcr ein l\u00e4ngeres St\u00fcck Fu\u00dfweg. Bergstation SL Salei (BJ 1986) und Talstation SL Gigante (BJ 1977), beide stillgelegt.<\/p>\n<p><a href='http:\/\/ski.inmontanis.info\/d\/117938-2\/P1520514.JPG'><img src=http:\/\/ski.inmontanis.info\/d\/117937-3\/P1520514.JPG \/><\/a><br \/>\n^ SL Gigante<\/p>\n<p><a href='http:\/\/ski.inmontanis.info\/d\/117942-2\/P1520515.JPG'><img src=http:\/\/ski.inmontanis.info\/d\/117941-3\/P1520515.JPG \/><\/a><br \/>\n^ SL Gigante<\/p>\n<p><img src=http:\/\/ski.inmontanis.info\/d\/117946-2\/P1520516.JPG \/><br \/>\n^ Blick vom SL Gigante zum SL Salei. War verdammt hei\u00df. Ahja, und hier hab ich 1 Euro im Gras gefunden ;)<br \/>\n(Und die Skier mussten auch mit auf&#8217;s Bild ;) )<\/p>\n<p><a href='http:\/\/ski.inmontanis.info\/d\/117950-2\/P1520518.JPG'><img src=http:\/\/ski.inmontanis.info\/d\/117949-3\/P1520518.JPG \/><\/a><br \/>\n^ SL Salei<\/p>\n<p><a href='http:\/\/ski.inmontanis.info\/d\/117954-2\/P1520519.JPG'><img src=http:\/\/ski.inmontanis.info\/d\/117953-3\/P1520519.JPG \/><\/a><br \/>\n^ Talabfahrt. Bis zum letzten Schneefeld, das ich heute morgen so sch\u00f6n sah, gab&#8217;s nur noch minimale Stellen, wo man fahren konnte &#8211; den Rest ging&#8217;s zu Fu\u00df ..<\/p>\n<p><a href='http:\/\/ski.inmontanis.info\/d\/117958-2\/P1520522.JPG'><img src=http:\/\/ski.inmontanis.info\/d\/117957-3\/P1520522.JPG \/><\/a><br \/>\n^ Auf der Talabfahrt. Herrlich unmodelliert in diesem Bereich!<\/p>\n<p><a href='http:\/\/ski.inmontanis.info\/d\/117962-2\/P1520527.JPG'><img src=http:\/\/ski.inmontanis.info\/d\/117961-3\/P1520527.JPG \/><\/a><br \/>\n^ Das letzte St\u00fcck skifahren &#8230;<\/p>\n<p><a href='http:\/\/ski.inmontanis.info\/d\/117966-2\/P1520528.JPG'><img src=http:\/\/ski.inmontanis.info\/d\/117965-3\/P1520528.JPG \/><\/a><br \/>\n^ .. und dann hie\u00df es noch ein St\u00fcckerl zu Fu\u00df. Insgesamt ca. 55 Minuten ben\u00f6tigt.<\/p>\n<p>Kurz vor Prali gibt&#8217;s ja ein Bergwerk, das man besichtigen kann:<\/p>\n<p><a href='http:\/\/ski.inmontanis.info\/d\/117970-2\/P1520397.JPG'><img src=http:\/\/ski.inmontanis.info\/d\/117969-3\/P1520397.JPG \/><\/a><br \/>\n^ Scopriminiera. Wenn ich im Sommer mal in der Gegend bin, werd ich mir das anschauen. Heute ging das Skifahren vor ;)<\/p>\n<p><a href='http:\/\/ski.inmontanis.info\/d\/117974-2\/P1520391.JPG'><img src=http:\/\/ski.inmontanis.info\/d\/117973-3\/P1520391.JPG \/><\/a><br \/>\n^ Ehemalige Seilbahn an der Scopriminiera<\/p>\n<p><a href='http:\/\/ski.inmontanis.info\/d\/117978-2\/P1520398.JPG'><img src=http:\/\/ski.inmontanis.info\/d\/117977-3\/P1520398.JPG \/><\/a><br \/>\n^ Ehemalige Seilbahn an der Scopriminiera<\/p>\n<p><a href='http:\/\/ski.inmontanis.info\/d\/117983-2\/P1520399.JPG'><img src=http:\/\/ski.inmontanis.info\/d\/117982-3\/P1520399.JPG \/><\/a><br \/>\n^ Ehemalige Seilbahn an der Scopriminiera<\/p>\n<p><a href='http:\/\/ski.inmontanis.info\/d\/117987-2\/P1520393.JPG'><img src=http:\/\/ski.inmontanis.info\/d\/117986-3\/P1520393.JPG \/><\/a><br \/>\n^ Grubenbahn<\/p>\n<p><a href='http:\/\/ski.inmontanis.info\/d\/117991-2\/P1520395.JPG'><img src=http:\/\/ski.inmontanis.info\/d\/117990-3\/P1520395.JPG \/><\/a><br \/>\n^ Grubenbahn  und Einfahrt zur Grube<\/p>\n<p>Kurz vor&#8217;m Ende der Talabfahrt hatte ich wieder das Problem mit dem Brems-Belag. Letztes Jahr ja schon von der ersten Abfahrt an, diesmal merkte ich es, wann es einsetzte, und sah es mir an: Es roch nach <strong>Harz<\/strong>! Nur wie kommt der Harz auf den Schnee? Entweder pinkeln die B\u00e4ume einfach mal den Schnee voll? Oder kommt es von den Nadeln, die der Sturm von den \u00c4sten gerissen hat? Vermute ja eher letzteres. Also sollte man tunlichst vermeiden, \u00fcber allzu viel Nadeln zu fahren. <\/p>\n<p>Inzwischen bin ich schon 2x mit Universalverd\u00fcnner dr\u00fcber, d\u00fcrfte um einiges besser sein, aber so ganz weg scheint es noch nicht zu sein. Vmtl. sollte ich doch mal wachsen lassen. <\/p>\n<p>Achja, und dann gab&#8217;s wieder mal eine Anekdote zum Thema WC &#8230;.<\/p>\n<p>&#8211; An der Talstation -> geschlossen.<br \/>\n&#8211; Im Restaurantgeb\u00e4ude unten -> nur Steh-WCs<br \/>\n&#8211; im Restaurant oben -> Sitz-WCs, aber das Herren-WC ohne Brille und total verdreckt und der T\u00fcrschloss-Schieber ohne Gegenst\u00fcck (nicht abzuschlie\u00dfen), beim Damen-WC h\u00e4tte es eine Klobrille gegeben, auch das Gegenst\u00fcck w\u00e4re vorhanden gewesen, aber es ging partout nicht rein<br \/>\n=> musste ich mich also doch unten hinstellen :-( Und das mit angezogen Skischuhen. Nein, diesmal blieb die Wand sauber :)<\/p>\n<p>\u00dcbrigens: Da die Woche nach Pfingsten so hei\u00df war, konnte am Wochenende drauf der Skibetrieb nicht wieder aufgenommen werden &#8211; war somit der letzte Tag der Saison, und vmtl. war ich so ziemlich der letzte Skifahrer, der unten ankam &#8211; die DSB wurde zumindest auch schon eingestellt.<\/p>\n","protected":false},"excerpt":{"rendered":"<p>Pfingstsonntag, 23.5.2010<\/p>\n<p>Gegen 8:30 war ich in Prali, fast auf den Tag genau wie vor einem Jahr. Es hatte schon weitaus weniger Schnee oben wie letztes Jahr, ein paar mm Neuschnee, die aber zum Gl\u00fcck nicht pappig wurden. <\/p>\n<p> <a href=\"http:\/\/blog.inmontanis.info\/?p=1263\">[&#8230;]<\/a><\/p>\n","protected":false},"author":1,"featured_media":0,"comment_status":"open","ping_status":"closed","sticky":false,"template":"","format":"standard","meta":{"footnotes":""},"categories":[82,15,226,27],"tags":[38,35,80,47],"class_list":["post-1263","post","type-post","status-publish","format-standard","hentry","category-201005pfingsten","category-italienitaly","category-prali","category-skifahren-winterskiing-winter","tag-dsb","tag-esl","tag-marchisio","tag-sl","odd"],"_links":{"self":[{"href":"http:\/\/blog.inmontanis.info\/index.php?rest_route=\/wp\/v2\/posts\/1263","targetHints":{"allow":["GET"]}}],"collection":[{"href":"http:\/\/blog.inmontanis.info\/index.php?rest_route=\/wp\/v2\/posts"}],"about":[{"href":"http:\/\/blog.inmontanis.info\/index.php?rest_route=\/wp\/v2\/types\/post"}],"author":[{"embeddable":true,"href":"http:\/\/blog.inmontanis.info\/index.php?rest_route=\/wp\/v2\/users\/1"}],"replies":[{"embeddable":true,"href":"http:\/\/blog.inmontanis.info\/index.php?rest_route=%2Fwp%2Fv2%2Fcomments&post=1263"}],"version-history":[{"count":5,"href":"http:\/\/blog.inmontanis.info\/index.php?rest_route=\/wp\/v2\/posts\/1263\/revisions"}],"predecessor-version":[{"id":8515,"href":"http:\/\/blog.inmontanis.info\/index.php?rest_route=\/wp\/v2\/posts\/1263\/revisions\/8515"}],"wp:attachment":[{"href":"http:\/\/blog.inmontanis.info\/index.php?rest_route=%2Fwp%2Fv2%2Fmedia&parent=1263"}],"wp:term":[{"taxonomy":"category","embeddable":true,"href":"http:\/\/blog.inmontanis.info\/index.php?rest_route=%2Fwp%2Fv2%2Fcategories&post=1263"},{"taxonomy":"post_tag","embeddable":true,"href":"http:\/\/blog.inmontanis.info\/index.php?rest_route=%2Fwp%2Fv2%2Ftags&post=1263"}],"curies":[{"name":"wp","href":"https:\/\/api.w.org\/{rel}","templated":true}]}}