{"id":1260,"date":"2010-05-22T23:00:38","date_gmt":"2010-05-22T21:00:38","guid":{"rendered":"http:\/\/blog.inmontanis.info\/?p=1260"},"modified":"2023-08-04T19:21:10","modified_gmt":"2023-08-04T17:21:10","slug":"pfingsten-2010-laveno-22-5","status":"publish","type":"post","link":"http:\/\/blog.inmontanis.info\/?p=1260","title":{"rendered":"Pfingsten 2010: Laveno,  22.5."},"content":{"rendered":"<p>Sa, 22.5.2010. Oder besser gesagt: Pfingsten 2010, Teil 1.<\/p>\n<p>Und Prali hat wieder ge\u00f6ffnet, weil sie so viel Schnee haben. Was k\u00f6nnte man dann am Samstag und Montag mitnehmen?<\/p>\n<p>F\u00fcr Samstag hie\u00df es 2x das Angenehme mit dem N\u00fctzlichen zu verbinden.<!--more--> Wenn ich schon so nah in Frankreich bin, sollte ich doch auch kurz r\u00fcber nach Briancon zum Supermarkt, oder? Und mehr oder weniger auf dem Weg lag Laveno, mit dem renovierten Korblift und Po-Ebenen-Pano (das &#8220;Angenehme&#8221;) und einem stillgelegten SL (das &#8220;N\u00fctzliche&#8221; &#8211; LSAP-Doku&#8230;)<\/p>\n<p>Kurz nach 7 Uhr kam ich von Innsbruck los. Stau auf der Brenner- und Tauern-AB. Ein Gl\u00fcck, dass ich mich nicht f\u00fcr Skifahren am Tonale heute entschied. Und dass ich die Schweizer AB-Vignette nicht hatte &#8211; w\u00fcrd mich nicht wundern, wenn auch am Bernardino heute oder am Montag etwas Stau w\u00e4re. Also ging&#8217;s dem Inn entlang, kleiner Tank-Abstecher nach Samnaun (Diesel \u20ac 0,90 statt 1,199 im oberen Inntal) \u00fcber St. Moritz und Maloja nach Lecco, weiter nach Erba, Como, Varese &#8211; bis zum Lago Maggiore, nach Laveno-Mombello, wo ich gegen 13:30 ankam. <\/p>\n<p>Abgesehen von ein paar Langsamfahrern nirgends Stau gehabt oder Navi-m\u00e4\u00dfig Zeit verloren &#8211; eher im Gegenteil. Leider war der Parkplatz am Korblift voll, so dass ich erst einen anderen suchen musste und dann zu Fu\u00df retour musste &#8211; hatte in Summe doch wieder &#8216;ne halbe Stunde gekostet, die ich oben weniger lang bleiben konnte&#8230;.<\/p>\n<p>Am Korblift angekommen war ich doch schwer \u00fcberrascht &#8211; hatte er sich doch kaum ver\u00e4ndert seit meinem letzten Besuch &#8211; und dass, obwohl er doch neu gebaut wurde, also teilweise. Hatte ja gedacht, er h\u00e4tte nun geschlossene Kabinen, aber das sind doch recht wenige, die geschlossen sind, die andere sind offene Korbe wie jeher und dann gibt&#8217;s noch ein paar \u00fcberdachte &#8211; gut so, war ja eine Hitze am Lago, unglaublich, krasser unterschied zu den letzten Wochen in Tirol. <\/p>\n<p><em>Noch \u00fcberraschter war ich allerdings als ich wieder daheim in Innsbruck war und feststellen musste, dass ich anno 2005 tats\u00e4chlich noch den Vorg\u00e4nger-Korblift gefahren bin, mit den gelben K\u00f6rben und den Trojer-St\u00fctzen. H\u00e4tte schw\u00f6ren k\u00f6nnen, ich w\u00e4r den gr\u00fcnen schon gefahren ;)<\/p>\n<p>Hier anno 2005:<\/p>\n<p><a href='http:\/\/ski.inmontanis.info\/d\/24883-2\/07090042_G.jpg'><img src=http:\/\/ski.inmontanis.info\/d\/24883-2\/07090042_G.jpg \/><\/a><\/p>\n<p><a href='http:\/\/ski.inmontanis.info\/d\/24896-2\/07090046_G.jpg'><img src=http:\/\/ski.inmontanis.info\/d\/24896-2\/07090046_G.jpg \/><\/a><\/p>\n<p><a href='http:\/\/ski.inmontanis.info\/d\/24965-2\/07090069_G.jpg'><img src=http:\/\/ski.inmontanis.info\/d\/24965-2\/07090069_G.jpg \/><\/a><br \/>\n<\/em><\/p>\n<p>Hin &#038; Retour kostet 9,-. Pano und Wetter waren endgeil. Letztes Mal hatte ich ja nicht gesehen, dass es hier einen SL gab, so abwegig ist das Gel\u00e4nde, dass man wirklich nicht auf die Idee k\u00e4me&#8230;. aber gut, es gab einen. Sogar zwei, ein Seillift als \u00dcbungslift und Zubringer und ein kurzer, steiler Leitner-Dreiecks-SL. Die Abfahrt allerdings war nur ein Weg die meiste Zeit, hielt sich also wohl in Grenze. Aber doch so kurios, dass ich sehr gerne mal 1-2 Stunden dort gefahren w\u00e4re&#8230;. sogar ne Beschneiungsanlage gab&#8217;s die ganze Piste entlang!<\/p>\n<p>Der Tag war dann auch &#8220;leider&#8221; \u00fcber 300 Foto &#8220;schwer&#8221;, was aber auch daran lag, dass ich etliche Mega-Panos gemacht hab. <\/p>\n<p>Fotos, die kleinen anklicken zum Vergr\u00f6\u00dfern:<\/p>\n<p><img src=http:\/\/ski.inmontanis.info\/d\/116644-2\/P1520334-356.jpg \/><br \/>\n^ Zur Einstimmung: Ein Mega-Pano S\u00fcd \/ West mit Po-Ebene, Lago Maggiore, Mottarone, &#8230;. und dem Korblift  (23 Einzelfotos)<\/p>\n<p><a href='http:\/\/ski.inmontanis.info\/d\/116648-2\/P1520074.JPG'><img src=http:\/\/ski.inmontanis.info\/d\/116647-3\/P1520074.JPG \/><\/a><br \/>\n^ Sasso di Ferro, links auf dem kleinen Flachst\u00fcck ist die Bergstation des Korblifts (geht von links rauf, hier nicht zu sehen), am Gipfel ist die Bergstation des Ex-SL<\/p>\n<p><a href='http:\/\/ski.inmontanis.info\/d\/116652-2\/P1520382.JPG'><img src=http:\/\/ski.inmontanis.info\/d\/116651-3\/P1520382.JPG \/><\/a><br \/>\n^ .. diese Kurve m\u00f6chte ich mit meinem Auto nicht fahren :) (Immerhin Einbahnstra\u00dfe)<\/p>\n<p><img src=http:\/\/ski.inmontanis.info\/d\/116657-2\/P1520075-82.jpg \/><br \/>\n^ Talstation und untere Strecke des Korblifts, samt einem Teil des Parkplatzes (Pano-Stitch aus ca. 6 Einzelfotos)<\/p>\n<p><a href='http:\/\/ski.inmontanis.info\/d\/116661-2\/P1520085-87.jpg'><img src=http:\/\/ski.inmontanis.info\/d\/116660-3\/P1520085-87.jpg \/><\/a><br \/>\n^ Aufgang zum Einstieg<\/p>\n<p><a href='http:\/\/ski.inmontanis.info\/d\/116665-2\/P1520089.JPG'><img src=http:\/\/ski.inmontanis.info\/d\/116664-3\/P1520089.JPG \/><\/a><br \/>\n^ Im Inneren (Wartebereich, Kassen, WC) &#8211; fast etwas zu kitschig ;)<\/p>\n<p><a href='http:\/\/ski.inmontanis.info\/d\/116669-2\/P1520091.JPG'><img src=http:\/\/ski.inmontanis.info\/d\/116668-3\/P1520091.JPG \/><\/a><br \/>\n^ Talstation. Hier w\u00e4r auch gar kein Platz f\u00fcr eine 8EUB gewesen, daher hat man vor kurzem lieber den Korblift renoviert :)<\/p>\n<p><img src=http:\/\/ski.inmontanis.info\/d\/116673-2\/P1520095.JPG \/><br \/>\n^ .. gleich nach der Ausfahrt hat man bereits ein super Pano auf den See<\/p>\n<p><img src=http:\/\/ski.inmontanis.info\/d\/116677-2\/P1520105.JPG \/><br \/>\n^ Zoom-Foto nach Verbania und in die noch schneebedeckten Gipfel der Walliser Alpen (das rechte da m\u00fcsste lt. GE Weissmies bei Sass Fee sein, die linken 2 T\u00e4schhorn und Dom)<\/p>\n<p><img src=http:\/\/ski.inmontanis.info\/d\/116681-2\/P1520109.JPG \/><br \/>\n^ Lago Maggiore mit Laveno-Mombello, wo der Korblift startet. Links gegen\u00fcber der Mottarone. Einige geschlossene Gondelkabinen h\u00e4ngen jetzt ebenfalls am Lift. Aber zum Gl\u00fcck nur wenig :)<\/p>\n<p><img src=http:\/\/ski.inmontanis.info\/d\/116685-2\/P1520124.JPG \/><br \/>\n^ Leichtes Zoom-Foto mit Lago Maggiore und dem Monte Rosa. War danach leider sehr in Wolken verh\u00fcllt, daher nicht weiter fotografiert.<\/p>\n<p><img src=http:\/\/ski.inmontanis.info\/d\/116689-2\/P1520132.JPG \/><br \/>\n^ Lago Maggiore, Laveno und Korblift. Alles andere als ein Korblift w\u00e4re hier unpassend!<\/p>\n<p><a href='http:\/\/ski.inmontanis.info\/d\/116693-2\/P1520135.JPG'><img src=http:\/\/ski.inmontanis.info\/d\/116692-3\/P1520135.JPG \/><\/a><br \/>\n^ Oberer Teil des Korblifts<\/p>\n<p><img src=http:\/\/ski.inmontanis.info\/d\/116697-2\/P1520142.JPG \/><br \/>\n^ Lago Maggiore mit Monte Rosa \/ Walliser Alpen<\/p>\n<p><a href='http:\/\/ski.inmontanis.info\/d\/116701-2\/P1520141.JPG'><img src=http:\/\/ski.inmontanis.info\/d\/116700-3\/P1520141.JPG \/><\/a><br \/>\n^ .. kleiner Schwenk nach links mit Lago Maggiore und Mottarone<\/p>\n<p><img src=http:\/\/ski.inmontanis.info\/d\/116705-2\/P1520147.JPG \/><br \/>\n^ .. und kurz unterhalb der Bergstation dann endlich der langersehnte Blick in die Po-Ebene. Geil.<\/p>\n<p><img src=http:\/\/ski.inmontanis.info\/d\/116709-2\/P1520149-150.jpg \/><br \/>\n^ Bergstation Korblift mit Lago Maggiore<\/p>\n<p><img src=http:\/\/ski.inmontanis.info\/d\/116713-2\/P1520151-166.jpg \/><br \/>\n^ Mega-Stitch-Pano gen Westen\/Norden (15 Einzelbilder)<\/p>\n<p><img src=http:\/\/ski.inmontanis.info\/d\/116717-2\/P1520169-186.jpg \/><br \/>\n^ .. und in die andere Richtung (S\u00fcden) auf die Po-Ebene (18 Einzelbilder)<\/p>\n<p><a href='http:\/\/ski.inmontanis.info\/d\/116721-2\/P1520324.JPG'><img src=http:\/\/ski.inmontanis.info\/d\/116720-3\/P1520324.JPG \/><\/a><br \/>\n^ Blick zum Gipfel. Wer hier nicht genau hinschaut, wird weder die SL-St\u00fctze sehen noch auf die Idee kommen, dass hier ein Skigebiet war &#8230;.<\/p>\n<p><a href='http:\/\/ski.inmontanis.info\/d\/116725-2\/P1520323.JPG'><img src=http:\/\/ski.inmontanis.info\/d\/116724-3\/P1520323.JPG \/><\/a><br \/>\n^ SL-St\u00fctze im Zoom<\/p>\n<p><img src=http:\/\/ski.inmontanis.info\/d\/116729-2\/P1520193-202.jpg \/><br \/>\n^ .. wer zur Mittagszeit die Sonne auf dem Bild haben will, muss zum Fotokleben bereit sein, bl\u00f6derweise klebt jetzt mein Logo dr\u00fcber :-) (10 Einzelfotos)<\/p>\n<p><a href='http:\/\/ski.inmontanis.info\/d\/116733-2\/P1520206.JPG'><img src=http:\/\/ski.inmontanis.info\/d\/116732-3\/P1520206.JPG \/><\/a><br \/>\n^ Talstation des SL<\/p>\n<p><a href='http:\/\/ski.inmontanis.info\/d\/116737-2\/P1520207-210.jpg'><img src=http:\/\/ski.inmontanis.info\/d\/116736-3\/P1520207-210.jpg \/><\/a><br \/>\n^ SL-St\u00fctze (Da es ein Kurvenlift ist, ist das hier nat\u00fcrlich nicht die Auffahrtstrasse)<\/p>\n<p><a href='http:\/\/ski.inmontanis.info\/d\/116741-2\/P1520214-219.jpg'><img src=http:\/\/ski.inmontanis.info\/d\/116740-3\/P1520214-219.jpg \/><\/a><br \/>\n^ Kurvenst\u00fctze<\/p>\n<p><a href='http:\/\/ski.inmontanis.info\/d\/116745-2\/P1520221.JPG'><img src=http:\/\/ski.inmontanis.info\/d\/116744-3\/P1520221.JPG \/><\/a><br \/>\n^ SL-Trasse unten<\/p>\n<p><a href='http:\/\/ski.inmontanis.info\/d\/116749-2\/P1520222.JPG'><img src=http:\/\/ski.inmontanis.info\/d\/116748-3\/P1520222.JPG \/><\/a><br \/>\n^ Zwischenausstieg des SL, Abfahrt und SL-Trasse weiter hinauf<\/p>\n<p><a href='http:\/\/ski.inmontanis.info\/d\/116753-2\/P1520225.JPG'><img src=http:\/\/ski.inmontanis.info\/d\/116752-3\/P1520225.JPG \/><\/a><br \/>\n^ SL-Strecke, letzter Teil (ziemlich steil hier)<\/p>\n<p><a href='http:\/\/ski.inmontanis.info\/d\/116757-2\/P1520227-28.jpg'><img src=http:\/\/ski.inmontanis.info\/d\/116756-3\/P1520227-28.jpg \/><\/a><br \/>\n^ Ausstieg SL und Bergstation, die Abfahrt geht links weiter<\/p>\n<p><a href='http:\/\/ski.inmontanis.info\/d\/116761-2\/P1520229.JPG'><img src=http:\/\/ski.inmontanis.info\/d\/116760-3\/P1520229.JPG \/><\/a><br \/>\n^ SL Bergstation<\/p>\n<p><img src=http:\/\/ski.inmontanis.info\/d\/116765-2\/P1520230-247.jpg \/><br \/>\n^ Mega-Pano vom Gipfel \u00fcber die Po-Ebene, ein beliebter Startpunkt f\u00fcr allerlei Flugfans (14 Einzelbilder)<\/p>\n<p><a href='http:\/\/ski.inmontanis.info\/d\/116769-2\/P1520245.JPG'><img src=http:\/\/ski.inmontanis.info\/d\/116768-3\/P1520245.JPG \/><\/a><br \/>\n^ Zoom zum Lago di Varese<\/p>\n<p><img src=http:\/\/ski.inmontanis.info\/d\/116773-2\/P1520248.JPG \/><br \/>\n^ Irgendeine Fabrik im Zoom<\/p>\n<p><a href='http:\/\/ski.inmontanis.info\/d\/116777-2\/P1520246.JPG'><img src=http:\/\/ski.inmontanis.info\/d\/116776-3\/P1520246.JPG \/><\/a><br \/>\n^ Zoom zu einem Flughafen<\/p>\n<p><img src=http:\/\/ski.inmontanis.info\/d\/116781-2\/P1520247.JPG \/><br \/>\n^ Startplatz f\u00fcr Gleiter<\/p>\n<p><img src=http:\/\/ski.inmontanis.info\/d\/116785-2\/P1520249.JPG \/><br \/>\n^ Pano mit Paragleiter und Lago di Varese<\/p>\n<p><img src=http:\/\/ski.inmontanis.info\/d\/116789-2\/P1520251.JPG \/><br \/>\n^ Pano mit Paragleiter und Lago di Varese<\/p>\n<p><a href='http:\/\/ski.inmontanis.info\/d\/116793-2\/P1520256.JPG'><img src=http:\/\/ski.inmontanis.info\/d\/116792-3\/P1520256.JPG \/><\/a><br \/>\n^ Nach Nord-Osten kann man aufgrund der B\u00e4ume eigentlich gar nicht sehen, nur der Teil gen Osten geht, samt SL-Bergstation. Hinten kann man einige schneebedeckte Gipfel sehen &#8230; <\/p>\n<p><a href='http:\/\/ski.inmontanis.info\/d\/116797-2\/P1520263.JPG'><img src=http:\/\/ski.inmontanis.info\/d\/116796-3\/P1520263.JPG \/><\/a><br \/>\n^ .. einige der schneebedeckten Gipfel im Zoom<\/p>\n<p><img src=http:\/\/ski.inmontanis.info\/d\/116801-2\/P1520270.JPG \/><br \/>\n^ Nochmal die Po-Ebene mit See und Paragleiter<\/p>\n<p><a href='http:\/\/ski.inmontanis.info\/d\/116805-2\/P1520271.JPG'><img src=http:\/\/ski.inmontanis.info\/d\/116804-3\/P1520271.JPG \/><\/a><br \/>\n^ Erstaunterweise findet man hier noch Matten &#8211; gab&#8217;s hier Sommerski? :)<\/p>\n<p><a href='http:\/\/ski.inmontanis.info\/d\/116809-2\/P1520273.JPG'><img src=http:\/\/ski.inmontanis.info\/d\/116808-3\/P1520273.JPG \/><\/a><br \/>\n^ Sogar eine Beschneiung gab&#8217;s hier!<\/p>\n<p><a href='http:\/\/ski.inmontanis.info\/d\/116813-2\/P1520274.JPG'><img src=http:\/\/ski.inmontanis.info\/d\/116812-3\/P1520274.JPG \/><\/a><br \/>\n^ Start der Abfahrt<\/p>\n<p><a href='http:\/\/ski.inmontanis.info\/d\/116817-2\/P1520275.JPG'><img src=http:\/\/ski.inmontanis.info\/d\/116816-3\/P1520275.JPG \/><\/a><br \/>\n^ Abfahrt<\/p>\n<p><a href='http:\/\/ski.inmontanis.info\/d\/116821-2\/P1520278.JPG'><img src=http:\/\/ski.inmontanis.info\/d\/116820-3\/P1520278.JPG \/><\/a><br \/>\n^ Abfahrt, oberer Teil Rechts sieht man einen kurzen Steilhang, der inzwischen komplett mit B\u00e4umen verwachsen ist, aber vmtl. fr\u00fcher die Piste war<\/p>\n<p><a href='http:\/\/ski.inmontanis.info\/d\/116825-2\/P1520279.JPG'><img src=http:\/\/ski.inmontanis.info\/d\/116824-3\/P1520279.JPG \/><\/a><br \/>\n^ Abfahrt, links ein Beschneiungsanschluss. Die komplette Abfahrt ist so ein schmaler Skiweg &#8211; m\u00e4\u00dfig interessant &#8230;.<\/p>\n<p><a href='http:\/\/ski.inmontanis.info\/d\/116829-2\/P1520284.JPG'><img src=http:\/\/ski.inmontanis.info\/d\/116828-3\/P1520284.JPG \/><\/a><br \/>\n^ Beschneiungsanlage und mal wieder der Blick in die Walliser Alpen<\/p>\n<p><img src=http:\/\/ski.inmontanis.info\/d\/116833-2\/P1520285.JPG \/><br \/>\n^ Zoom in die Walliser Alpen bei Saas Fee (lt. GE Allalinhorn, Alphubel, T\u00e4schhorn, Dom)<\/p>\n<p><img src=http:\/\/ski.inmontanis.info\/d\/116837-2\/P1520364.JPG \/><br \/>\n^ Zoom Allalinhorn<\/p>\n<p><img src=http:\/\/ski.inmontanis.info\/d\/116841-2\/P1520287.JPG \/><br \/>\n^ Zoom T\u00e4schhorn<\/p>\n<p><img src=http:\/\/ski.inmontanis.info\/d\/116845-2\/P1520296.JPG \/><br \/>\n^ Auch im (glaub) Nordwesetn sind einige schneebedeckte Gipfel zu sehen, links in der Mulde sogar Abfahrten &#8211; leider nicht n\u00e4her reingezoomt<\/p>\n<p><img src=http:\/\/ski.inmontanis.info\/d\/116849-2\/P1520301.JPG \/><br \/>\n^ Pano gen Nord-Westen<\/p>\n<p><img src=http:\/\/ski.inmontanis.info\/d\/116853-2\/P1520305.JPG \/><br \/>\n^ Zoom Nord-Pano, vorne unten ist das Skigebiet Cardada<\/p>\n<p><a href='http:\/\/ski.inmontanis.info\/d\/116857-2\/P1520300.JPG'><img src=http:\/\/ski.inmontanis.info\/d\/116856-3\/P1520300.JPG \/><\/a><br \/>\n^ Abfahrt, schmal, waldig, aber etwas arg flach &#8230;<\/p>\n<p><a href='http:\/\/ski.inmontanis.info\/d\/116861-2\/P1520311.JPG'><img src=http:\/\/ski.inmontanis.info\/d\/116860-3\/P1520311.JPG \/><\/a><br \/>\n^ Talstation Ex-SL<\/p>\n<p><a href='http:\/\/ski.inmontanis.info\/d\/116865-2\/P1520313.JPG'><img src=http:\/\/ski.inmontanis.info\/d\/116864-3\/P1520313.JPG \/><\/a><br \/>\n^ Antrieb SL<\/p>\n<p><a href='http:\/\/ski.inmontanis.info\/d\/116869-2\/P1520316.JPG'><img src=http:\/\/ski.inmontanis.info\/d\/116868-3\/P1520316.JPG \/><\/a><br \/>\n^ Links die Abfahrt, mittig die SL-Trasse und Talstation<\/p>\n<p><a href='http:\/\/ski.inmontanis.info\/d\/116873-2\/P1520318.JPG'><img src=http:\/\/ski.inmontanis.info\/d\/116872-3\/P1520318.JPG \/><\/a><br \/>\n^ Strecke und Hang des ehemaligen \u00dcbungs-Lifts und Rifugio mit Korblift-Bergstation<\/p>\n<p><a href='http:\/\/ski.inmontanis.info\/d\/116877-2\/P1520320.JPG'><img src=http:\/\/ski.inmontanis.info\/d\/116876-3\/P1520320.JPG \/><\/a><br \/>\n^ Ex-Seillift-Bergstation<\/p>\n<p><a href='http:\/\/ski.inmontanis.info\/d\/116881-2\/P1520321.JPG'><img src=http:\/\/ski.inmontanis.info\/d\/116880-3\/P1520321.JPG \/><\/a><br \/>\n^ \u00dcbungshang, Seillift-Strecke als Zubringer zum SL<\/p>\n<p><img src=http:\/\/ski.inmontanis.info\/d\/116885-2\/P1520326.JPG \/><br \/>\n^ Auf die Po-Ebene k\u00f6nnt ich stundenlang schauen.<\/p>\n<p>Leider musste ich nach 1,5h wieder runter, da noch ca. 3h Fahrt nach Brian\u00e7on auf dem Plan standen, wollte ja bis 19:30 dort sein, dass ich noch bis 20h einkaufen kann. H\u00e4tte mir danach noch \u00fcberlegt, eine kleine Skitour in Sestriere zu machen, aber daf\u00fcr h\u00e4tte ich wohl 2h fr\u00fcher in Laveno sein m\u00fcssen.<\/p>\n<p>\u00dcbernachten tu ich diesmal auf der Stra\u00dfe rauf nach Sestriere, auf ca. 1600hm hab ich einen Picknick-Grill-Platz entdeckt &#8211; muss ich die letzten Jahre wohl vorbei gefahren sein, w\u00e4r mir noch nicht aufgefallen. Besser als der eine Parkplatz vom letzten Mal jedenfalls, auch wenn mir partout nicht einf\u00e4llt, wo ich letztes Jahr \u00fcbernachtet hatte&#8230;.<\/p>\n<p><img src=http:\/\/ski.inmontanis.info\/d\/116889-2\/P1520370.JPG \/><br \/>\n^ Mega-Zoom Korblift und F\u00e4hre (einige der K\u00f6rbe sind \u00fcberdacht, somit hat der Korblift 3 verschiedene Fahrbetriebsmittel!!)<\/p>\n<p><img src=http:\/\/ski.inmontanis.info\/d\/116893-2\/P1520374.JPG \/><br \/>\n^ Zoom Korblift samt St\u00fctze und F\u00e4hre<\/p>\n<p><a href='http:\/\/ski.inmontanis.info\/d\/116897-2\/P1520377.JPG'><img src=http:\/\/ski.inmontanis.info\/d\/116896-3\/P1520377.JPG \/><\/a><br \/>\n^ Interessante St\u00fctze an der Talstation<\/p>\n<p><a href='http:\/\/ski.inmontanis.info\/d\/116901-2\/P1520380.JPG'><img src=http:\/\/ski.inmontanis.info\/d\/116900-3\/P1520380.JPG \/><\/a><br \/>\n^ Talstation. Danke CCM, f\u00fcr die tolle Renovierung des Lifts, Danke Laveno-Mombello f\u00fcr&#8217;s Nicht-hinstellen einer PB, 8EUB oder sonstwas.<\/p>\n<p><a href='http:\/\/ski.inmontanis.info\/d\/116905-3\/P1520098.JPG'><img src=http:\/\/ski.inmontanis.info\/d\/116904-4\/P1520098.JPG \/><\/a><br \/>\n^ Mottarone von gegen\u00fcber (Laveno) aus<\/p>\n<p><a href='http:\/\/ski.inmontanis.info\/d\/116909-3\/P1520329.JPG'><img src=http:\/\/ski.inmontanis.info\/d\/116908-4\/P1520329.JPG \/><\/a><br \/>\n^ Zoom Talstation PB Stresa &#8211; Mottarone von gegen\u00fcber (Laveno) aus<\/p>\n<p><a href='http:\/\/ski.inmontanis.info\/d\/116913-3\/P1520102.JPG'><img src=http:\/\/ski.inmontanis.info\/d\/116912-4\/P1520102.JPG \/><\/a><br \/>\n^ Zoom Mittelstation und Sektion 2 PB Stresa-Mottarone von gegen\u00fcber (Laveno) aus<\/p>\n<p><a href='http:\/\/ski.inmontanis.info\/d\/116917-3\/P1520267.JPG'><img src=http:\/\/ski.inmontanis.info\/d\/116916-4\/P1520267.JPG \/><\/a><br \/>\n^ Zoom Mottarone von gegen\u00fcber (Laveno) aus<\/p>\n<p><a href='http:\/\/ski.inmontanis.info\/d\/116921-3\/P1520266.JPG'><img src=http:\/\/ski.inmontanis.info\/d\/116920-4\/P1520266.JPG \/><\/a><br \/>\n^ Mottarone von gegen\u00fcber (Laveno) aus, zu sehen die PB-Bergstation, die neue DSB als Verbindung von der PB zum Gipfel und die Sommerrodelbahn<\/p>\n","protected":false},"excerpt":{"rendered":"<p>Sa, 22.5.2010. Oder besser gesagt: Pfingsten 2010, Teil 1.<\/p>\n<p>Und Prali hat wieder ge\u00f6ffnet, weil sie so viel Schnee haben. Was k\u00f6nnte man dann am Samstag und Montag mitnehmen?<\/p>\n<p>F\u00fcr Samstag hie\u00df es 2x das Angenehme mit dem N\u00fctzlichen zu verbinden.<\/p>\n<p> <a href=\"http:\/\/blog.inmontanis.info\/?p=1260\">[&#8230;]<\/a><\/p>\n","protected":false},"author":1,"featured_media":0,"comment_status":"open","ping_status":"closed","sticky":false,"template":"","format":"standard","meta":{"footnotes":""},"categories":[82,15,548,59,32,30],"tags":[63,45,47],"class_list":["post-1260","post","type-post","status-publish","format-standard","hentry","category-201005pfingsten","category-italienitaly","category-laveno","category-nostalgie","category-lostplaces","category-wandern","tag-korblift","tag-see","tag-sl","odd"],"_links":{"self":[{"href":"http:\/\/blog.inmontanis.info\/index.php?rest_route=\/wp\/v2\/posts\/1260","targetHints":{"allow":["GET"]}}],"collection":[{"href":"http:\/\/blog.inmontanis.info\/index.php?rest_route=\/wp\/v2\/posts"}],"about":[{"href":"http:\/\/blog.inmontanis.info\/index.php?rest_route=\/wp\/v2\/types\/post"}],"author":[{"embeddable":true,"href":"http:\/\/blog.inmontanis.info\/index.php?rest_route=\/wp\/v2\/users\/1"}],"replies":[{"embeddable":true,"href":"http:\/\/blog.inmontanis.info\/index.php?rest_route=%2Fwp%2Fv2%2Fcomments&post=1260"}],"version-history":[{"count":3,"href":"http:\/\/blog.inmontanis.info\/index.php?rest_route=\/wp\/v2\/posts\/1260\/revisions"}],"predecessor-version":[{"id":9069,"href":"http:\/\/blog.inmontanis.info\/index.php?rest_route=\/wp\/v2\/posts\/1260\/revisions\/9069"}],"wp:attachment":[{"href":"http:\/\/blog.inmontanis.info\/index.php?rest_route=%2Fwp%2Fv2%2Fmedia&parent=1260"}],"wp:term":[{"taxonomy":"category","embeddable":true,"href":"http:\/\/blog.inmontanis.info\/index.php?rest_route=%2Fwp%2Fv2%2Fcategories&post=1260"},{"taxonomy":"post_tag","embeddable":true,"href":"http:\/\/blog.inmontanis.info\/index.php?rest_route=%2Fwp%2Fv2%2Ftags&post=1260"}],"curies":[{"name":"wp","href":"https:\/\/api.w.org\/{rel}","templated":true}]}}