{"id":1255,"date":"2010-05-09T23:00:37","date_gmt":"2010-05-09T21:00:37","guid":{"rendered":"http:\/\/blog.inmontanis.info\/?p=1255"},"modified":"2023-07-01T20:58:47","modified_gmt":"2023-07-01T18:58:47","slug":"hintertuxer-gletscher-9-5-2010","status":"publish","type":"post","link":"http:\/\/blog.inmontanis.info\/?p=1255","title":{"rendered":"Hintertuxer Gletscher, 9.5.2010"},"content":{"rendered":"<p>Dass mir der Schnee am 9.5. nicht wirklich getaugt hatte, hatte ich ja schon erw\u00e4hnt. Zum Fotografieren war der Tag aber zumindest teilweise <em>sehr<\/em> brauchbar&#8230;<!--more--><\/p>\n<p>Abgesehen davon, dass ich an so winterlichen Tagen nur selten oben bin, hab ich au\u00dferdem auch noch einige andere Perspektiven fotografiert und mehrere zusammengef\u00fcgte Panorama-Fotos gemacht:<\/p>\n<p><img src=http:\/\/ski.inmontanis.info\/d\/116585-3\/P1520012-15.jpg \/><br \/>\n^ Olperer-H\u00e4nge im Pano. Der linke Spaltenhang ist komplett zu, sp\u00e4ter sind sogar noch welche mitten dr\u00fcber gefahren (!)<\/p>\n<p><img src=http:\/\/ski.inmontanis.info\/d\/116589-3\/P1520017.JPG \/><br \/>\n^ SL Olperer rechte Seite. <\/p>\n<p><img src=http:\/\/ski.inmontanis.info\/d\/116593-3\/P1520021-26.jpg \/><br \/>\n^ Pano-Stitch (2 x 3 Fotos) mit den Gefrorenen Wand &#8211; SL und der Geforenen Wand Spitze samt DSB<br \/>\n(Glaub das Foto ist etwas gestaucht, egtl. ist das ja schon etwas steiler hier)<\/p>\n<p><img src=http:\/\/ski.inmontanis.info\/d\/116552-2\/P1510999.JPG \/><br \/>\n^ GW-H\u00e4nge und Pano vom Olperer<\/p>\n<p><img src=http:\/\/ski.inmontanis.info\/d\/116557-2\/P1520001.JPG \/><br \/>\n^ GW-Hang<\/p>\n<p><img src=http:\/\/ski.inmontanis.info\/d\/116561-2\/P1520002.JPG \/><br \/>\n^ Zoom GW-Hang. Der Start der rechten Abfahrt wurde durch die Gletscherh\u00f6hle anscheinend etwas nach links verlegt.<\/p>\n<p><img src=http:\/\/ski.inmontanis.info\/d\/116565-2\/P1520004.JPG \/><br \/>\n^ Schneeverschiebungen zu Depotzwecken an der DSB Sektion IV (3b)<\/p>\n<p><img src=http:\/\/ski.inmontanis.info\/d\/116569-2\/P1520005.JPG \/><br \/>\n^ Schneeverschiebungen zu Depotzwecken an der DSB Sektion IV (3b)<\/p>\n<p><img src=http:\/\/ski.inmontanis.info\/d\/116573-2\/P1520005-6.jpg \/><br \/>\n^ Olperer-SL und GW-H\u00e4nge im Pano<\/p>\n<p><a href='http:\/\/ski.inmontanis.info\/d\/116577-2\/P1520009.JPG'><img src=http:\/\/ski.inmontanis.info\/d\/116575-3\/P1520009.JPG \/><\/a><br \/>\n^ Zoom Talstation 3SB Schlegeis samt Schneedepots<\/p>\n<p><img src=http:\/\/ski.inmontanis.info\/d\/116581-2\/P1520011.JPG \/><br \/>\n^ Riesige Schneedepots an der Abfahrt 3SB Schlegeis<\/p>\n<p><img src=http:\/\/ski.inmontanis.info\/d\/116540-2\/P1510994.JPG \/><br \/>\n^ Winterlicher TFH-Hang, dank Gletscherschmelze hat&#8217;s hier nun 3 Abfahrten in unterschiedlicher Steilheit.<\/p>\n<p><a href='http:\/\/ski.inmontanis.info\/d\/116544-2\/P1510996.JPG'><img src=http:\/\/ski.inmontanis.info\/d\/116542-3\/P1510996.JPG \/><\/a><br \/>\n^ Wow! Am Ausgang GB 3 muss man neuerdings bergauf gehen? Wo kommt der ganze Schnee her?<\/p>\n<p><img src=http:\/\/ski.inmontanis.info\/d\/116548-2\/P1510997.JPG \/><br \/>\n^ &#8230; evtl. die L\u00f6sung: Die Schneefr\u00e4se der Terrasse. G\u00fcnstiges Schneedepot :)<\/p>\n<p><img src=http:\/\/ski.inmontanis.info\/d\/116597-3\/P1520032-33.jpg \/><br \/>\n^ TFH-Bereich von der Abfahrt richtung Sommerbergalm<\/p>\n<p><img src=http:\/\/ski.inmontanis.info\/d\/116601-3\/P1520035.JPG \/><br \/>\n^ DSB Sektion III &#8211; GB 3<\/p>\n<p><img src=http:\/\/ski.inmontanis.info\/d\/116605-3\/P1520036.JPG \/><br \/>\n^ Zoom Mittelstation DSB Sektionen III-IV (3a-3b)<\/p>\n<p><img src=http:\/\/ski.inmontanis.info\/d\/116610-3\/P1520042.JPG \/><br \/>\n^ Von der Sommerbergalm zu L\u00e4rmstange und Kaserer-SL, die gletscherun\u00fcblich in 2 komplett verschiedene Richtungen gehen.<\/p>\n<p><img src=http:\/\/ski.inmontanis.info\/d\/116614-3\/P1520038.JPG \/><br \/>\n^ Bergspitze und Kaserer-Abfahrten im Zoom<\/p>\n","protected":false},"excerpt":{"rendered":"<p>Dass mir der Schnee am 9.5. nicht wirklich getaugt hatte, hatte ich ja schon erw\u00e4hnt. Zum Fotografieren war der Tag aber zumindest teilweise sehr brauchbar&#8230;<\/p>\n<p> <a href=\"http:\/\/blog.inmontanis.info\/?p=1255\">[&#8230;]<\/a><\/p>\n","protected":false},"author":1,"featured_media":0,"comment_status":"open","ping_status":"closed","sticky":false,"template":"","format":"standard","meta":{"footnotes":""},"categories":[24,246,13,27],"tags":[38,47],"class_list":["post-1255","post","type-post","status-publish","format-standard","hentry","category-tagestour","category-hintertux","category-austria","category-skifahren-winterskiing-winter","tag-dsb","tag-sl","odd"],"_links":{"self":[{"href":"http:\/\/blog.inmontanis.info\/index.php?rest_route=\/wp\/v2\/posts\/1255","targetHints":{"allow":["GET"]}}],"collection":[{"href":"http:\/\/blog.inmontanis.info\/index.php?rest_route=\/wp\/v2\/posts"}],"about":[{"href":"http:\/\/blog.inmontanis.info\/index.php?rest_route=\/wp\/v2\/types\/post"}],"author":[{"embeddable":true,"href":"http:\/\/blog.inmontanis.info\/index.php?rest_route=\/wp\/v2\/users\/1"}],"replies":[{"embeddable":true,"href":"http:\/\/blog.inmontanis.info\/index.php?rest_route=%2Fwp%2Fv2%2Fcomments&post=1255"}],"version-history":[{"count":2,"href":"http:\/\/blog.inmontanis.info\/index.php?rest_route=\/wp\/v2\/posts\/1255\/revisions"}],"predecessor-version":[{"id":1257,"href":"http:\/\/blog.inmontanis.info\/index.php?rest_route=\/wp\/v2\/posts\/1255\/revisions\/1257"}],"wp:attachment":[{"href":"http:\/\/blog.inmontanis.info\/index.php?rest_route=%2Fwp%2Fv2%2Fmedia&parent=1255"}],"wp:term":[{"taxonomy":"category","embeddable":true,"href":"http:\/\/blog.inmontanis.info\/index.php?rest_route=%2Fwp%2Fv2%2Fcategories&post=1255"},{"taxonomy":"post_tag","embeddable":true,"href":"http:\/\/blog.inmontanis.info\/index.php?rest_route=%2Fwp%2Fv2%2Ftags&post=1255"}],"curies":[{"name":"wp","href":"https:\/\/api.w.org\/{rel}","templated":true}]}}