{"id":1239,"date":"2010-04-24T12:00:09","date_gmt":"2010-04-24T10:00:09","guid":{"rendered":"http:\/\/blog.inmontanis.info\/?p=1239"},"modified":"2023-08-04T18:45:25","modified_gmt":"2023-08-04T16:45:25","slug":"aprica-24-4-2010","status":"publish","type":"post","link":"http:\/\/blog.inmontanis.info\/?p=1239","title":{"rendered":"Aprica, 24.4.2010"},"content":{"rendered":"<p><strong>Pfingsten 2010, Teil 1\/3: Aprica, 24.4.2010<\/strong><\/p>\n<p>Am letzten April-WE ging&#8217;s mal wieder nach Italien. Aprica hatte das letzte Betriebswochenende und die Agudio-6EUB noch offen,<!--more--> und Livigno hatte quasi Vollbetrieb. Grund genug, in die Ecke zu fahren. Wobei an diesem WE auch Madonna di Campiglio oder Fedaia in der Kombi mit auf dem Plan stand&#8230;.. Allerdings hoffte ich, dass ich in Aprica noch ein paar Talabfahrten auf Restschnee mitnehmen k\u00f6nnte. Und ich sollte hier tats\u00e4chlich die Gelegenheit bekommen!<\/p>\n<p>Zuerst ging&#8217;s mit der Agudio-6EUB nach oben, dort die Talabfahrt, ein paar mal den SL (an der direkten Abfahrt war \u00fcbrigens sogar ein Renn-Training!), und dann auf dem oberen Verbindungsweg (komischerweise offiziell geschlossen!) r\u00fcber zum Palabione-Bereich, wo etwas mehr los war. <\/p>\n<p>Auch dort bin ich die beiden geschlossenen Talabfahrten gefahren, das letzte St\u00fcck war jeweils etwas Fu\u00dfweg angesagt, aber nicht all zu weit. Sp\u00e4ter ging&#8217;s wieder retour auf die Magnolta-Seite, wo ich nochmal mit der 6EUB rauffuhr und dann leider feststellen musste, dass die Lifte eingestellt wurden &#8211; erst der SL, dann die DSB, dann die 6EUB, ohne Vorwarnungen, gegen 15:30 war alles dicht :-( Hat sich aber von der Zeit her auch nicht mehr gelohnt, nochmal Palabione r\u00fcber zu fahren, also ging&#8217;s danach weiter nach Teglio, auf Spurensuche im ehemaligen Skigebiet, und das war das zweite nicht mindere Highlights des heutigen Tages.<\/p>\n<p>Fotos, anklicken zum Vergr\u00f6\u00dfern:<\/p>\n<p><a href='http:\/\/ski.inmontanis.info\/d\/115906-2\/ge_Aprica2010.jpg'><img src=http:\/\/ski.inmontanis.info\/d\/115905-3\/ge_Aprica2010.jpg \/><\/a><br \/>\n^ GPS-Track 24.4.2010 &#8211; offiziell waren alle Talabfahrten geschlossen, inoffiziell .. bin ich wohl 3 verschiedene mind. 6x gefahren :)<\/p>\n<p><img src=http:\/\/ski.inmontanis.info\/d\/115910-2\/P1510582.JPG \/><br \/>\n^ Agudio-6EUB Magnolta, yes, das ist genug Schnee f\u00fcr mich! Perfekte Pistenverh\u00e4ltnisse, super Firn! Bin die Abfahrt dann auch 3 oder 4x gefahren.<\/p>\n<p><a href='http:\/\/ski.inmontanis.info\/d\/115914-2\/P1510584.JPG'><img src=http:\/\/ski.inmontanis.info\/d\/115913-3\/P1510584.JPG \/><\/a><br \/>\n^ .. allerdings musste man einmal die Stra\u00dfe queren und einmal ein kurzes St\u00fcckchen querfeldein. Was solls.<\/p>\n<p><a href='http:\/\/ski.inmontanis.info\/d\/115918-2\/P1510586.JPG'><img src=http:\/\/ski.inmontanis.info\/d\/115917-3\/P1510586.JPG \/><\/a><br \/>\n^ Marchisio-DSB Malga Mangolta, auch hier super Firnschneeverh\u00e4ltnisse. <\/p>\n<p><a href='http:\/\/ski.inmontanis.info\/d\/115922-2\/P1510587.JPG'><img src=http:\/\/ski.inmontanis.info\/d\/115921-3\/P1510587.JPG \/><\/a><br \/>\n^ Auf der Talabfahrt an der 6EUB mit Blick nach Aprica, quasi das komplette Dorf. Ok, schaut schon eher nach Stadt aus, alles so eng in dem Tal, aber &#8211; mir egal, bin ja zum Skifahren da.<\/p>\n<p><a href='http:\/\/ski.inmontanis.info\/d\/115926-2\/P1510589.JPG'><img src=http:\/\/ski.inmontanis.info\/d\/115925-3\/P1510589.JPG \/><\/a><br \/>\n^ Talstation Agudio-6EUB Magnolta, m\u00f6ge sie uns noch lange erhalten bleiben&#8230;<\/p>\n<p><a href='http:\/\/ski.inmontanis.info\/d\/115930-2\/P1510590.JPG'><img src=http:\/\/ski.inmontanis.info\/d\/115929-3\/P1510590.JPG \/><\/a><br \/>\n^ Die beiden oberen Verbindungs-Skiwege<\/p>\n<p><img src=http:\/\/ski.inmontanis.info\/d\/115934-2\/P1510595-9.jpg \/><br \/>\n^ Pano am und mit SL Dosso Pas\u00f2<\/p>\n<p><img src=http:\/\/ski.inmontanis.info\/d\/115938-2\/P1510603.JPG \/><br \/>\n^ Schwarze Abfahrt links des oberen SL Dosso Paso<\/p>\n<p><a href='http:\/\/ski.inmontanis.info\/d\/115942-2\/P1510604.JPG'><img src=http:\/\/ski.inmontanis.info\/d\/115941-3\/P1510604.JPG \/><\/a><br \/>\n^ Schwarze Abfahrt links des oberen SL Dosso Paso (Talstation links des SL, ab hier wird&#8217;s dann etwas modellierter&#8230;)<\/p>\n<p><a href='http:\/\/ski.inmontanis.info\/d\/115946-2\/P1510606.JPG'><img src=http:\/\/ski.inmontanis.info\/d\/115945-3\/P1510606.JPG \/><\/a><br \/>\n^ SL Dosso Paso mit 4SB und DSB<\/p>\n<p><a href='http:\/\/ski.inmontanis.info\/d\/115950-2\/P1510608.JPG'><img src=http:\/\/ski.inmontanis.info\/d\/115949-3\/P1510608.JPG \/><\/a><br \/>\n^ Mittlere Palabione-Talabfahrt. Im oberen Bereich wieder toller Firn ..<\/p>\n<p><img src=http:\/\/ski.inmontanis.info\/d\/115954-2\/P1510609.JPG \/><br \/>\n^ Mittlere Palabione-Talabfahrt, nach der 6EUB\/DSB-Kreuzung<\/p>\n<p><a href='http:\/\/ski.inmontanis.info\/d\/115958-2\/P1510611.JPG'><img src=http:\/\/ski.inmontanis.info\/d\/115957-3\/P1510611.JPG \/><\/a><br \/>\n^ Mittlere Palabione-Talabfahrt, mit der zweiten 6EUB\/DSB-Kreuzung, auch hier noch perfekter Firn, danach war allerdings etwas Fu\u00dfmarsch ..<\/p>\n<p><a href='http:\/\/ski.inmontanis.info\/d\/115963-2\/P1510614.JPG'><img src=http:\/\/ski.inmontanis.info\/d\/115962-3\/P1510614.JPG \/><\/a><br \/>\n^ Bissl Fu\u00dfweg, bissl fahren &#8230;<\/p>\n<p><a href='http:\/\/ski.inmontanis.info\/d\/115967-2\/P1510613.JPG'><img src=http:\/\/ski.inmontanis.info\/d\/115966-3\/P1510613.JPG \/><\/a><br \/>\n^ .. kurioserweise scheint es hier eine stillgelegte Abfahrts-Schneise zu geben, die dank Fangz\u00e4unen nun nicht mehr erreichbar ist !?<\/p>\n<p><img src=http:\/\/ski.inmontanis.info\/d\/115971-2\/P1510616.JPG \/><br \/>\n^ Ab &#038; zu musste man abschnallen, konnte aber auch immer weider ein St\u00fcck fahren<\/p>\n<p><img src=http:\/\/ski.inmontanis.info\/d\/115975-2\/P1510620.JPG \/><br \/>\n^ .. das  St\u00fcck musste man dann allerdings zu Fu\u00df zur\u00fcck legen, ebenso von der anderen Talabfahrt, bin das St\u00fcck also 2x gegangen. Ist ja nicht so weit.<\/p>\n<p><img src=http:\/\/ski.inmontanis.info\/d\/115980-2\/P1510623.JPG \/><br \/>\n^ Die rechte Palabione-Talabfahrt, insg. 2x gefahren, erst zur Palabione&#8230;<\/p>\n<p><a href='http:\/\/ski.inmontanis.info\/d\/115984-2\/P1510625.JPG'><img src=http:\/\/ski.inmontanis.info\/d\/115983-3\/P1510625.JPG \/><\/a><br \/>\n^ .. bis hier ging&#8217;s ohne Abschnallen ..<\/p>\n<p><a href='http:\/\/ski.inmontanis.info\/d\/115988-2\/P1510627.JPG'><img src=http:\/\/ski.inmontanis.info\/d\/115987-3\/P1510627.JPG \/><\/a><br \/>\n^ .. paar Mal Wechsel on- und off-ski :)<\/p>\n<p><a href='http:\/\/ski.inmontanis.info\/d\/115992-2\/P1510628.JPG'><img src=http:\/\/ski.inmontanis.info\/d\/115991-3\/P1510628.JPG \/><\/a><br \/>\n^ Einer der ehemaligen Tal-SL, steht auch noch brav rum &#8230;<\/p>\n<p><img src=http:\/\/ski.inmontanis.info\/d\/115996-2\/P1510629.JPG \/><br \/>\n^ Marchisio-St\u00fctze im Zoom<\/p>\n<p><a href='http:\/\/ski.inmontanis.info\/d\/116000-2\/P1510632.JPG'><img src=http:\/\/ski.inmontanis.info\/d\/115999-3\/P1510632.JPG \/><\/a><br \/>\n^ Bei der Auffahrt mit der EUB entdeckte ich diese kuriose Szene, man meint, als ob das Haus nur eine Kulisse sei :)<\/p>\n<p><img src=http:\/\/ski.inmontanis.info\/d\/116004-2\/P1510636.JPG \/><br \/>\n^ Nach dem 2. Mal fahren der rechten Palabione-Abfahrt ging&#8217;s r\u00fcber zur Magnolta, auch hier hielt sich der Fu\u00dfweg in Grenzen.<\/p>\n<p><img src=http:\/\/ski.inmontanis.info\/d\/116008-2\/P1510739.JPG \/><br \/>\n^ Blick von gegen\u00fcber (Ex-Skigebiet Teglio) zu den 3 Teilskigebieten von Aprica &#8211; Baradello, Palabione, Magnolta<\/p>\n<p><img src=http:\/\/ski.inmontanis.info\/d\/116012-2\/P1510747.JPG \/><br \/>\n^ Zoom SL Dosso Paso von gegen\u00fcber (Ex-Skigebiet Teglio)<\/p>\n<p><a href='http:\/\/ski.inmontanis.info\/d\/116016-2\/P1510746.JPG'><img src=http:\/\/ski.inmontanis.info\/d\/116015-3\/P1510746.JPG \/><\/a><br \/>\n^ Zoom DSB Malga Magnolta von gegen\u00fcber (Ex-Skigebiet Teglio)<\/p>\n<p>Fazit: Aprica zu Saisonende mit ge\u00f6ffneter Agudio-Bahn und der einen oder anderen Restschnee-Talabfahrt? Immer wieder gern :)<\/p>\n","protected":false},"excerpt":{"rendered":"<p>Pfingsten 2010, Teil 1\/3: Aprica, 24.4.2010<\/p>\n<p>Am letzten April-WE ging&#8217;s mal wieder nach Italien. Aprica hatte das letzte Betriebswochenende und die Agudio-6EUB noch offen,<\/p>\n<p> <a href=\"http:\/\/blog.inmontanis.info\/?p=1239\">[&#8230;]<\/a><\/p>\n","protected":false},"author":1,"featured_media":0,"comment_status":"open","ping_status":"closed","sticky":false,"template":"","format":"standard","meta":{"footnotes":""},"categories":[531,24,15,27,32],"tags":[39,79,38,80,78],"class_list":["post-1239","post","type-post","status-publish","format-standard","hentry","category-aprica","category-tagestour","category-italienitaly","category-skifahren-winterskiing-winter","category-lostplaces","tag-6eub","tag-agudio","tag-dsb","tag-marchisio","tag-restschnee","odd"],"_links":{"self":[{"href":"http:\/\/blog.inmontanis.info\/index.php?rest_route=\/wp\/v2\/posts\/1239","targetHints":{"allow":["GET"]}}],"collection":[{"href":"http:\/\/blog.inmontanis.info\/index.php?rest_route=\/wp\/v2\/posts"}],"about":[{"href":"http:\/\/blog.inmontanis.info\/index.php?rest_route=\/wp\/v2\/types\/post"}],"author":[{"embeddable":true,"href":"http:\/\/blog.inmontanis.info\/index.php?rest_route=\/wp\/v2\/users\/1"}],"replies":[{"embeddable":true,"href":"http:\/\/blog.inmontanis.info\/index.php?rest_route=%2Fwp%2Fv2%2Fcomments&post=1239"}],"version-history":[{"count":4,"href":"http:\/\/blog.inmontanis.info\/index.php?rest_route=\/wp\/v2\/posts\/1239\/revisions"}],"predecessor-version":[{"id":9059,"href":"http:\/\/blog.inmontanis.info\/index.php?rest_route=\/wp\/v2\/posts\/1239\/revisions\/9059"}],"wp:attachment":[{"href":"http:\/\/blog.inmontanis.info\/index.php?rest_route=%2Fwp%2Fv2%2Fmedia&parent=1239"}],"wp:term":[{"taxonomy":"category","embeddable":true,"href":"http:\/\/blog.inmontanis.info\/index.php?rest_route=%2Fwp%2Fv2%2Fcategories&post=1239"},{"taxonomy":"post_tag","embeddable":true,"href":"http:\/\/blog.inmontanis.info\/index.php?rest_route=%2Fwp%2Fv2%2Ftags&post=1239"}],"curies":[{"name":"wp","href":"https:\/\/api.w.org\/{rel}","templated":true}]}}