{"id":1232,"date":"2010-03-20T23:05:42","date_gmt":"2010-03-20T21:05:42","guid":{"rendered":"http:\/\/blog.inmontanis.info\/?p=1232"},"modified":"2023-08-06T21:41:47","modified_gmt":"2023-08-06T19:41:47","slug":"gerlosstein-20-3-2010","status":"publish","type":"post","link":"http:\/\/blog.inmontanis.info\/?p=1232","title":{"rendered":"Gerlosstein, 20.3.2010"},"content":{"rendered":"<p>Noch ein paar Fotos vom Gerlosstein<!--more--><\/p>\n<p><a href='http:\/\/ski.inmontanis.info\/d\/115496-2\/P1510388.JPG'><img src=http:\/\/ski.inmontanis.info\/d\/115495-3\/P1510388.JPG \/><\/a><br \/>\n^ ESL \u00fcbern Bauernhof mit H\u00fchnern und kr\u00e4henden Gockeln &#8230;.<\/p>\n<p><a href='http:\/\/ski.inmontanis.info\/d\/115500-2\/P1510413.JPG'><img src=http:\/\/ski.inmontanis.info\/d\/115499-3\/P1510413.JPG \/><\/a><br \/>\n^ Die 4 unmodellierten Varianten der Abfahrt 1, links die 2 Rennstrecken, die meist bis sp\u00e4t am Nachmittag gut pr\u00e4pariert sind, mittig die Abfahrt in der Mulde und dann noch weiter rechts die etwas steilere<\/p>\n<p><a href='http:\/\/ski.inmontanis.info\/d\/115504-2\/P1510406.JPG'><img src=http:\/\/ski.inmontanis.info\/d\/115503-3\/P1510406.JPG \/><\/a><br \/>\n^ SL Larchkopf<\/p>\n<p><a href='http:\/\/ski.inmontanis.info\/d\/115508-2\/P1510415.JPG'><img src=http:\/\/ski.inmontanis.info\/d\/115507-3\/P1510415.JPG \/><\/a><br \/>\n^ Pano vom SL Larchkopf talw\u00e4rts mit GPB und DSB<\/p>\n<p><a href='http:\/\/ski.inmontanis.info\/d\/115512-2\/P1510418.JPG'><img src=http:\/\/ski.inmontanis.info\/d\/115511-3\/P1510418.JPG \/><\/a><br \/>\n^ Variante an der Abfahrt 1a<\/p>\n<p><a href='http:\/\/ski.inmontanis.info\/d\/115516-2\/P1510425.JPG'><img src=http:\/\/ski.inmontanis.info\/d\/115515-3\/P1510425.JPG \/><\/a><br \/>\n^ Bergstation ESL \/ Talstation DSB<\/p>\n<p>.. und ein Video vom ESL inkl. ein paar kurze Sequenzen der GPB:<br \/>\n<object style=\"height: 500px; width: 900px\"><param name=\"movie\" value=\"http:\/\/www.youtube.com\/v\/faxM92_ikss\"><\/param><param name=\"wmode\" value=\"transparent\"><\/param><embed src=\"http:\/\/www.youtube.com\/v\/faxM92_ikss\" type=\"application\/x-shockwave-flash\" wmode=\"transparent\"  width=\"900\" height=\"480\"><\/embed><\/object><\/p>\n<p>Keine Ahnung, wohin ich das Foto posten soll &#8211; Zoom ins Skigebiet Hochzillertal + Spieljoch, vom Gerlosstein aus, 20.3.2010:<\/p>\n<p><img src=http:\/\/ski.inmontanis.info\/d\/115520-2\/P1510417.JPG \/><\/p>\n","protected":false},"excerpt":{"rendered":"<p>Noch ein paar Fotos vom Gerlosstein<\/p>\n<p> <a href=\"http:\/\/blog.inmontanis.info\/?p=1232\">[&#8230;]<\/a><\/p>\n","protected":false},"author":1,"featured_media":0,"comment_status":"open","ping_status":"closed","sticky":false,"template":"","format":"standard","meta":{"footnotes":""},"categories":[24,908,59,13,27],"tags":[35,47],"class_list":["post-1232","post","type-post","status-publish","format-standard","hentry","category-tagestour","category-gerlosstein","category-nostalgie","category-austria","category-skifahren-winterskiing-winter","tag-esl","tag-sl","odd"],"_links":{"self":[{"href":"http:\/\/blog.inmontanis.info\/index.php?rest_route=\/wp\/v2\/posts\/1232","targetHints":{"allow":["GET"]}}],"collection":[{"href":"http:\/\/blog.inmontanis.info\/index.php?rest_route=\/wp\/v2\/posts"}],"about":[{"href":"http:\/\/blog.inmontanis.info\/index.php?rest_route=\/wp\/v2\/types\/post"}],"author":[{"embeddable":true,"href":"http:\/\/blog.inmontanis.info\/index.php?rest_route=\/wp\/v2\/users\/1"}],"replies":[{"embeddable":true,"href":"http:\/\/blog.inmontanis.info\/index.php?rest_route=%2Fwp%2Fv2%2Fcomments&post=1232"}],"version-history":[{"count":4,"href":"http:\/\/blog.inmontanis.info\/index.php?rest_route=\/wp\/v2\/posts\/1232\/revisions"}],"predecessor-version":[{"id":9311,"href":"http:\/\/blog.inmontanis.info\/index.php?rest_route=\/wp\/v2\/posts\/1232\/revisions\/9311"}],"wp:attachment":[{"href":"http:\/\/blog.inmontanis.info\/index.php?rest_route=%2Fwp%2Fv2%2Fmedia&parent=1232"}],"wp:term":[{"taxonomy":"category","embeddable":true,"href":"http:\/\/blog.inmontanis.info\/index.php?rest_route=%2Fwp%2Fv2%2Fcategories&post=1232"},{"taxonomy":"post_tag","embeddable":true,"href":"http:\/\/blog.inmontanis.info\/index.php?rest_route=%2Fwp%2Fv2%2Ftags&post=1232"}],"curies":[{"name":"wp","href":"https:\/\/api.w.org\/{rel}","templated":true}]}}