{"id":1219,"date":"2010-03-13T23:00:01","date_gmt":"2010-03-13T21:00:01","guid":{"rendered":"http:\/\/blog.inmontanis.info\/?p=1219"},"modified":"2023-08-06T08:48:57","modified_gmt":"2023-08-06T06:48:57","slug":"kals-matrei-13-3-2010-die-hohenmeterluge","status":"publish","type":"post","link":"http:\/\/blog.inmontanis.info\/?p=1219","title":{"rendered":"Kals-Matrei, 13.3.2010 &#8211; Die H\u00f6henmeter&#8221;l\u00fcge&#8221;"},"content":{"rendered":"<p>Am 13.3. ging&#8217;s nach Kals-Matrei. Wir erinnern uns, der Wetterbericht hatte an diesem WE f\u00fcr den Norden schlecht gemeldet, also sind wir in den S\u00fcden \u00fcber&#8217;s WE um danach festzustellen, dass es im Norden auch nicht so schlecht gewesen w\u00e4re&#8230;<!--more--><\/p>\n<p>F\u00fcr den einen Tag war&#8217;s ganz OK, auch wenn&#8217;s tw. extrem eisigen Wind gab. M\u00fchsam die beiden 4SBs in Kals, die Skibusanbindung der Talabfahrt in Matrei, das letzte Pistenst\u00fcck am Cimaross, die L\u00fcge mit den H\u00f6henmetern, der Skiweg an der 1. Sektion der Verbindungs-8EUB&#8230;<\/p>\n<p>.. also ein zweites Mal werd ich hier wohl eher nicht hinfahren m\u00fcssen.<\/p>\n<p>Fotos, anklicken zum Vergr\u00f6\u00dfern:<\/p>\n<p><a href='http:\/\/ski.inmontanis.info\/d\/115181-2\/P1510034.JPG'><img src=http:\/\/ski.inmontanis.info\/d\/115179-3\/P1510034.JPG \/><\/a><br \/>\n^ Pistenplan. Gschl\u00f6ss und Goldried III sind inzwischen abgebaut<\/p>\n<p><a href='http:\/\/ski.inmontanis.info\/d\/115185-2\/ge_KalsMatrei.jpg'><img src=http:\/\/ski.inmontanis.info\/d\/115184-3\/ge_KalsMatrei.jpg \/><\/a><br \/>\n^ GPS-Track<\/p>\n<p><a href='http:\/\/ski.inmontanis.info\/d\/115189-2\/P1510033.JPG'><img src=http:\/\/ski.inmontanis.info\/d\/115188-3\/P1510033.JPG \/><\/a><br \/>\n^ 6EUB Goldried I<\/p>\n<p><a href='http:\/\/ski.inmontanis.info\/d\/115193-2\/P1510037.JPG'><img src=http:\/\/ski.inmontanis.info\/d\/115192-3\/P1510037.JPG \/><\/a><br \/>\n^ Bergstation 6KSB Goldried II<\/p>\n<p><img src=http:\/\/ski.inmontanis.info\/d\/115197-2\/P1510035.JPG \/><br \/>\n^ 6KSB Cimaross samst Abfahrten. Leider gehen unten alle zusammen &#8230;.<\/p>\n<p><a href='http:\/\/ski.inmontanis.info\/d\/115201-2\/P1510039.JPG'><img src=http:\/\/ski.inmontanis.info\/d\/115200-3\/P1510039.JPG \/><\/a><br \/>\n^ Alle Abfahrtsvarianten an der Cimaross KSB landen im Schlussst\u00fcck hier &#8211; abgefahren, voll, nervig.<\/p>\n<p><img src=http:\/\/ski.inmontanis.info\/d\/115205-2\/P1510040-1.jpg \/><br \/>\n^ Pano an der 6KSB Cimaross<\/p>\n<p><a href='http:\/\/ski.inmontanis.info\/d\/115209-2\/P1510042.JPG'><img src=http:\/\/ski.inmontanis.info\/d\/115208-3\/P1510042.JPG \/><\/a><br \/>\n^ Bergstation 8EUB und Adler Lounge mit Blick zum Gro\u00dfglockner<\/p>\n<p><a href='http:\/\/ski.inmontanis.info\/d\/115213-2\/P1510046.JPG'><img src=http:\/\/ski.inmontanis.info\/d\/115212-3\/P1510046.JPG \/><\/a><br \/>\n^ Zoom Gro\u00dfglockner<\/p>\n<p><img src=http:\/\/ski.inmontanis.info\/d\/115217-2\/P1510043-4_fused.jpg \/><br \/>\n^ Abfahrten an der 8EUB Kals II<\/p>\n<p><img src=http:\/\/ski.inmontanis.info\/d\/115221-2\/P1510045.JPG \/><br \/>\n^ Bergstation 8EUB Kals II<\/p>\n<p><a href='http:\/\/ski.inmontanis.info\/d\/115225-2\/P1510053.JPG'><img src=http:\/\/ski.inmontanis.info\/d\/115224-3\/P1510053.JPG \/><\/a><br \/>\n^ Mit der H\u00f6henmeterangabe wird in diesem Skigebiet nicht nur etwas, sondern extrem geschummelt. Mal eben ca. 220m dazugedichtet!<\/p>\n<p><img src=http:\/\/ski.inmontanis.info\/d\/115229-2\/P1510052.JPG \/><br \/>\n^ Freeride-H\u00e4nge an der 8EUB Kals II<\/p>\n<p><a href='http:\/\/ski.inmontanis.info\/d\/115233-2\/P1510049.JPG'><img src=http:\/\/ski.inmontanis.info\/d\/115232-3\/P1510049.JPG \/><\/a><br \/>\n^ Bergstation 8EUB Kals II und Adler Lounge<\/p>\n<p><img src=http:\/\/ski.inmontanis.info\/d\/115237-2\/P1510055.JPG \/><br \/>\n^ Bergstation 8EUB Kals II und Adler Lounge, die sich nicht wie angeschrieben auf 2621m, sondern auf ca. 2402m befindet!!<\/p>\n<p><a href='http:\/\/ski.inmontanis.info\/d\/115241-3\/P1510093.JPG'><img src=http:\/\/ski.inmontanis.info\/d\/115240-4\/P1510093.JPG \/><\/a><br \/>\n^ .. und auch auf der Speisekarte in der Adler Lounge wird unversch\u00e4mt mit 2621m statt den korrekten 2402m geprahlt!! <\/p>\n<p><img src=http:\/\/ski.inmontanis.info\/d\/115245-3\/P1510058-9_fused.jpg \/><br \/>\n^ 8EUB Kals II, hatte 2 durchaus nette Abfahrten mit gutem Schnee. An der 1. Sektion gab&#8217;s nur einen ewigen Skiweg bis nach Kals.<\/p>\n<p><a href='http:\/\/ski.inmontanis.info\/d\/115249-3\/P1510062.JPG'><img src=http:\/\/ski.inmontanis.info\/d\/115248-4\/P1510062.JPG \/><\/a><br \/>\n^ Zoom Talstationen Kals, links die 4SB, rechts die 8EUB<\/p>\n<p><a href='http:\/\/ski.inmontanis.info\/d\/115254-3\/P1510063.JPG'><img src=http:\/\/ski.inmontanis.info\/d\/115253-4\/P1510063.JPG \/><\/a><br \/>\n^ Blick Kals 4SB \/ 8EUB talausw\u00e4rts<\/p>\n<p><a href='http:\/\/ski.inmontanis.info\/d\/115258-3\/P1510067.JPG'><img src=http:\/\/ski.inmontanis.info\/d\/115257-4\/P1510067.JPG \/><\/a><br \/>\n^ Mittelstation 4SB Figol \/ 4SB Blauspitz<\/p>\n<p><a href='http:\/\/ski.inmontanis.info\/d\/115262-3\/P1510069.JPG'><img src=http:\/\/ski.inmontanis.info\/d\/115261-4\/P1510069.JPG \/><\/a><br \/>\n^ Bergstation 4SB Blauspitz<\/p>\n<p><a href='http:\/\/ski.inmontanis.info\/d\/115266-3\/P1510072.JPG'><img src=http:\/\/ski.inmontanis.info\/d\/115265-4\/P1510072.JPG \/><\/a><br \/>\n^ Abfahrts-Pano 4SB Blauspitz<\/p>\n<p><img src=http:\/\/ski.inmontanis.info\/d\/115270-3\/P1510074.JPG \/><br \/>\n^ Starker Sturm, auch an der Lawinenverbauung<\/p>\n<p><img src=http:\/\/ski.inmontanis.info\/d\/115274-3\/P1510076.JPG \/><br \/>\n^ Leichter Zoom r\u00fcber zur 8EUB und Adler Lounge<\/p>\n<p><a href='http:\/\/ski.inmontanis.info\/d\/115278-3\/P1510079.JPG'><img src=http:\/\/ski.inmontanis.info\/d\/115277-4\/P1510079.JPG \/><\/a><br \/>\n^ Stark modellierte Abfahrten, auch an den 4SBs in Kals.<\/p>\n<p><img src=http:\/\/ski.inmontanis.info\/d\/115282-3\/P1510085.JPG \/><br \/>\n^ Gipfel-Pano<\/p>\n<p><a href='http:\/\/ski.inmontanis.info\/d\/115286-3\/P1510086.JPG'><img src=http:\/\/ski.inmontanis.info\/d\/115285-4\/P1510086.JPG \/><\/a><br \/>\n^ Gipfel-Pano<\/p>\n<p><a href='http:\/\/ski.inmontanis.info\/d\/115290-3\/P1510087.JPG'><img src=http:\/\/ski.inmontanis.info\/d\/115289-4\/P1510087.JPG \/><\/a><br \/>\n^ Ex-Bergstation 4SB Gschl\u00f6ss<\/p>\n<p><a href='http:\/\/ski.inmontanis.info\/d\/115295-3\/P1510088.JPG'><img src=http:\/\/ski.inmontanis.info\/d\/115294-4\/P1510088.JPG \/><\/a><br \/>\n^ Strecke Ex-4SB Gschl\u00f6ss<\/p>\n<p><a href='http:\/\/ski.inmontanis.info\/d\/115299-3\/P1510089.JPG'><img src=http:\/\/ski.inmontanis.info\/d\/115298-4\/P1510089.JPG \/><\/a><br \/>\n^ Talstation Ex-4SB Gschl\u00f6ss, dahinter ein riesiger Parkplatz &#8211; oder ist das der echt idyllische Campingplatz ?<\/p>\n<p><a href='http:\/\/ski.inmontanis.info\/d\/115303-3\/P1510095.JPG'><img src=http:\/\/ski.inmontanis.info\/d\/115302-4\/P1510095.JPG \/><\/a><br \/>\n^ Abfahrt an der 6KSB Goldried II und Blick ins Virgental (?)<\/p>\n<p><a href='http:\/\/ski.inmontanis.info\/d\/115307-3\/P1510098.JPG'><img src=http:\/\/ski.inmontanis.info\/d\/115306-4\/P1510098.JPG \/><\/a><br \/>\n^ 4SB Happeck, eine der wenigen 4SBs mit Bubble.<\/p>\n<p><a href='http:\/\/ski.inmontanis.info\/d\/115311-3\/P1510099.JPG'><img src=http:\/\/ski.inmontanis.info\/d\/115310-4\/P1510099.JPG \/><\/a><br \/>\n^ 4SB Happeck, eine der wenigen 4SBs mit Bubble, mit Abfahrt 5, wie fast alle Abfahrten hier stark modelliert<\/p>\n<p><a href='http:\/\/ski.inmontanis.info\/d\/115315-3\/P1510101.JPG'><img src=http:\/\/ski.inmontanis.info\/d\/115314-4\/P1510101.JPG \/><\/a><br \/>\n^ Talabfahrt Matrei<\/p>\n<p><a href='http:\/\/ski.inmontanis.info\/d\/115319-3\/P1510103.JPG'><img src=http:\/\/ski.inmontanis.info\/d\/115318-4\/P1510103.JPG \/><\/a><br \/>\n^ Talstation Ex-Zubringer-DSB<\/p>\n","protected":false},"excerpt":{"rendered":"<p>Am 13.3. ging&#8217;s nach Kals-Matrei. Wir erinnern uns, der Wetterbericht hatte an diesem WE f\u00fcr den Norden schlecht gemeldet, also sind wir in den S\u00fcden \u00fcber&#8217;s WE um danach festzustellen, dass es im Norden auch nicht so schlecht gewesen w\u00e4re&#8230;<\/p>\n<p> <a href=\"http:\/\/blog.inmontanis.info\/?p=1219\">[&#8230;]<\/a><\/p>\n","protected":false},"author":1,"featured_media":0,"comment_status":"open","ping_status":"closed","sticky":false,"template":"","format":"standard","meta":{"footnotes":""},"categories":[24,867,13,27],"tags":[49,53],"class_list":["post-1219","post","type-post","status-publish","format-standard","hentry","category-tagestour","category-kals-matrei","category-austria","category-skifahren-winterskiing-winter","tag-4sb","tag-8eub","odd"],"_links":{"self":[{"href":"http:\/\/blog.inmontanis.info\/index.php?rest_route=\/wp\/v2\/posts\/1219","targetHints":{"allow":["GET"]}}],"collection":[{"href":"http:\/\/blog.inmontanis.info\/index.php?rest_route=\/wp\/v2\/posts"}],"about":[{"href":"http:\/\/blog.inmontanis.info\/index.php?rest_route=\/wp\/v2\/types\/post"}],"author":[{"embeddable":true,"href":"http:\/\/blog.inmontanis.info\/index.php?rest_route=\/wp\/v2\/users\/1"}],"replies":[{"embeddable":true,"href":"http:\/\/blog.inmontanis.info\/index.php?rest_route=%2Fwp%2Fv2%2Fcomments&post=1219"}],"version-history":[{"count":3,"href":"http:\/\/blog.inmontanis.info\/index.php?rest_route=\/wp\/v2\/posts\/1219\/revisions"}],"predecessor-version":[{"id":8128,"href":"http:\/\/blog.inmontanis.info\/index.php?rest_route=\/wp\/v2\/posts\/1219\/revisions\/8128"}],"wp:attachment":[{"href":"http:\/\/blog.inmontanis.info\/index.php?rest_route=%2Fwp%2Fv2%2Fmedia&parent=1219"}],"wp:term":[{"taxonomy":"category","embeddable":true,"href":"http:\/\/blog.inmontanis.info\/index.php?rest_route=%2Fwp%2Fv2%2Fcategories&post=1219"},{"taxonomy":"post_tag","embeddable":true,"href":"http:\/\/blog.inmontanis.info\/index.php?rest_route=%2Fwp%2Fv2%2Ftags&post=1219"}],"curies":[{"name":"wp","href":"https:\/\/api.w.org\/{rel}","templated":true}]}}