{"id":1215,"date":"2010-02-27T12:00:11","date_gmt":"2010-02-27T10:00:11","guid":{"rendered":"http:\/\/blog.inmontanis.info\/?p=1215"},"modified":"2023-07-31T18:48:51","modified_gmt":"2023-07-31T16:48:51","slug":"falakro-27-2-2010","status":"publish","type":"post","link":"http:\/\/blog.inmontanis.info\/?p=1215","title":{"rendered":"Falakro, 27.2.2010"},"content":{"rendered":"<p><strong>&#8220;SOS.2010&#8221; Tag 8, 27.2.2010, Teil 1: Falakro<\/strong> (griech. \u03a6\u0391\u039b\u0391\u039a\u03a1\u039f \/ \u03a6\u03b1\u03bb\u03b1\u03ba\u03c1\u03cc)<\/p>\n<p>Vorabend<\/p>\n<p>Der Weg von Kaimaktsalan nach Falakro war mal wieder l\u00e4nger als zuerst gedacht, so 4,5-5h.<!--more--><\/p>\n<p><a href='http:\/\/extra.inmontanis.info\/d\/3246-2\/P1490518.JPG'><img src=http:\/\/extra.inmontanis.info\/d\/3245-3\/P1490518.JPG \/><\/a><br \/>\n^ Auf der A1 irgendwo vor Thessaloniki<\/p>\n<p><a href='http:\/\/extra.inmontanis.info\/d\/3250-2\/P1490522.JPG'><img src=http:\/\/extra.inmontanis.info\/d\/3249-3\/P1490522.JPG \/><\/a><br \/>\n^ Traktor auf der Autobahn &#8211; das w\u00e4re bei uns nicht erlaubt :-)<\/p>\n<p><a href='http:\/\/extra.inmontanis.info\/d\/3254-2\/P1490525.JPG'><img src=http:\/\/extra.inmontanis.info\/d\/3253-3\/P1490525.JPG \/><\/a><br \/>\n^ Auf der A1 mit Blick zu einem  gr\u00f6\u00dferen See<\/p>\n<p><a href='http:\/\/extra.inmontanis.info\/d\/3258-2\/P1490534.JPG'><img src=http:\/\/extra.inmontanis.info\/d\/3257-3\/P1490534.JPG \/><\/a><br \/>\n^ Sp\u00e4ter kommt man auf der A1 auch noch am Meer vorbei. <\/p>\n<p>In Drama (die Stadt hei\u00dft wirklich so!) bin ich dann mangels Schilder erstmals etwas falsch gefahren, da ich ja nicht wusste, von welcher Richtung es nun ins Skigebiet geht. \u00dcbernachten tu ich nun im Ort unterhalb des Skigebiets, da gibt&#8217;s einige, ich hab das erste, das ich fand, genommen, \u00dcF um 30,-, Restaurant hat Freitags geschlossen, also war die junge Deutsche (? Zumindest sprach sie akzentfrei) so nett mich zu einer Taverne zu f\u00fchren, dessen Wirt auch deutsch sprach (und bis vor 12 Jahren in Krefeld war). Diesmal hab ich leider nicht ganz das richtige nach meinem Geschmack genommen&#8230;<\/p>\n<p>\u00dcbrigens, ich hab nun kein einziges Mal in Griechenland eine schnellere Internetverbindung am Handy gehabt als GPRS. Kein Edge, kein UMTS. Griechenland ist da wohl etwas r\u00fcckst\u00e4ndig. Wobei die Edge\/UMTS-Verbindungen in AT auch oft nicht schneller als das GPRS hier sind ;-)<\/p>\n<p>Fr\u00fchst\u00fcck gab&#8217;s ein sehr reichhaltiges Buffet, auch der \u00e4ltere Herr hier sprach Deutsch und wollte mir dann sp\u00e4ter noch von der Stra\u00dfe Goce Delcev-Pamporovo abraten, sehr schlagl\u00f6chrig, sehr zeitraubend. Via Xanthi g\u00e4be es seit einem Monat einen neuen Grenz\u00fcbergang richtung Pamporovo. <\/p>\n<p>Nun, in Falakro angekommen, Schneefall, starker Nebel, aber das war nicht das Problem, es lichtete sich langsam. ABER: An der Kasse war man so freundlich mir zu sagen, dass nur die 2 kurzen Baby-\/\u00dcbungs-Lifte offen hatten, und die 4KSB &#8220;only for coffee, not for ski&#8221; sei. <\/p>\n<p>Na dannn verzicht ich lieber. <\/p>\n<p>Der Schneebericht von gestern w\u00e4r eh schon grenzwertig gewesen, 1-2 SL w\u00e4ren eh nicht offen gewesen und die DSB auch noch auf &#8220;unbekannt&#8221;.<\/p>\n<p>Schade, was ich v.a. von dem hinteren SL gesehen hab, und auch von der Lage her in GE, muss das ein hammergeiles Gebiet sein.<\/p>\n<p><a href='http:\/\/ski.inmontanis.info\/d\/111433-2\/P1490540.JPG'><img src=http:\/\/ski.inmontanis.info\/d\/111431-3\/P1490540.JPG \/><\/a><br \/>\n^ Auffahrt ins Skigebiet Falakro<\/p>\n<p><a href='http:\/\/ski.inmontanis.info\/d\/111437-2\/P1490542.JPG'><img src=http:\/\/ski.inmontanis.info\/d\/111436-3\/P1490542.JPG \/><\/a><br \/>\n^ Parkplatz<\/p>\n<p><a href='http:\/\/ski.inmontanis.info\/d\/111441-2\/P1490546.JPG'><img src=http:\/\/ski.inmontanis.info\/d\/111440-3\/P1490546.JPG \/><\/a><br \/>\n^ Pistenplan<\/p>\n<p><a href='http:\/\/ski.inmontanis.info\/d\/111445-2\/ge_falakro.jpg'><img src=http:\/\/ski.inmontanis.info\/d\/111444-3\/ge_falakro.jpg \/><\/a><br \/>\n^ Lifte in GE zum besseren Verst\u00e4ndnis. Orange: 4KSB, Rot: DSB, T\u00fcrkis: SL<\/p>\n<p><a href='http:\/\/ski.inmontanis.info\/d\/111449-2\/P1490547.JPG'><img src=http:\/\/ski.inmontanis.info\/d\/111448-3\/P1490547.JPG \/><\/a><br \/>\n^ Linker SL, vorne ein Pony-Lift, der w\u00e4re ge\u00f6ffnet gewesen.<\/p>\n<p><a href='http:\/\/ski.inmontanis.info\/d\/111453-2\/P1490548.JPG'><img src=http:\/\/ski.inmontanis.info\/d\/111452-3\/P1490548.JPG \/><\/a><br \/>\n^ 4KSB, nur f\u00fcr Fu\u00dfg\u00e4nge offen, links zu sehen die DSB<\/p>\n<p><a href='http:\/\/ski.inmontanis.info\/d\/111457-2\/P1490550.JPG'><img src=http:\/\/ski.inmontanis.info\/d\/111456-3\/P1490550.JPG \/><\/a><br \/>\n^ \u00dcbungs-Lift links von der 4KSB<\/p>\n<p><a href='http:\/\/ski.inmontanis.info\/d\/111461-2\/P1490553.JPG'><img src=http:\/\/ski.inmontanis.info\/d\/111460-3\/P1490553.JPG \/><\/a><br \/>\n^ Zufahrtsstra\u00dfe<\/p>\n<p><a href='http:\/\/ski.inmontanis.info\/d\/111465-2\/P1490554.JPG'><img src=http:\/\/ski.inmontanis.info\/d\/111464-3\/P1490554.JPG \/><\/a><br \/>\n^ Zufahrtsstra\u00dfe<\/p>\n<p>Hier ein paar nette Fotos aus Falakro von Panoramio:<\/p>\n<p>http:\/\/static.panoramio.com\/photos\/original\/9624879.jpg<br \/>\nhttp:\/\/static.panoramio.com\/photos\/original\/9551677.jpg<br \/>\nhttp:\/\/static.panoramio.com\/photos\/original\/8636773.jpg<br \/>\nhttp:\/\/static.panoramio.com\/photos\/original\/16468668.jpg<br \/>\nhttp:\/\/static.panoramio.com\/photos\/original\/9649940.jpg<br \/>\nhttp:\/\/mw2.google.com\/mw-panoramio\/photos\/medium\/9649916.jpg<\/p>\n<p>(Von der DSB gibts kaum Fotos, ob die je in Betrieb ist?!)<\/p>\n<p>N\u00e4chstes Skigebiet in Bulgarien w\u00e4re Bansko bzw. knapp zuvor Dobrinishte, wo ich eh hinwollte, also dann eben gleich \u00fcber die Grenze.<\/p>\n<p><a href='http:\/\/extra.inmontanis.info\/d\/3262-2\/P1490563.JPG'><img src=http:\/\/extra.inmontanis.info\/d\/3261-3\/P1490563.JPG \/><\/a><br \/>\n^ Paar km vor der Grenze<\/p>\n<p><a href='http:\/\/extra.inmontanis.info\/d\/3266-2\/P1490565.JPG'><img src=http:\/\/extra.inmontanis.info\/d\/3265-3\/P1490565.JPG \/><\/a><br \/>\n^ Grenztunnel Griechenland &#8211; Bulgarien, quasi im Niemandsland. Wozu es den Tunnel braucht ist mir aber nicht klar, es geht oben so flach weiter wie man es hier sieht. Kann also maximal milit\u00e4rische Gr\u00fcnde haben.<\/p>\n<p>Noch eine interessante Eigenart in Griechenland: W\u00e4hrend bei uns ja bei Stra\u00dfen-Toten oftmals ein Kreuz aufgestellt wird, werden hier in Griechenland kleine H\u00e4user auf Sockeln aufgestellt. Teilweise sieht man auf Stra\u00dfen echt viel davon. Mal sind sie kleiner, mal gr\u00f6\u00dfer, mal gro\u00df genug, dass sie Platz f\u00fcr eine Urne h\u00e4tten, evtl. werden die Leute hier also tats\u00e4chlich direkt an der Stra\u00dfe beerdigt?<\/p>\n<p>Manchmal sind diese Gedenkst\u00e4tten\/Grabm\u00e4ler dann &#8220;richtig gro\u00df&#8221; :<\/p>\n<p><a href='http:\/\/extra.inmontanis.info\/d\/3270-2\/P1490557.JPG'><img src=http:\/\/extra.inmontanis.info\/d\/3269-3\/P1490557.JPG \/><\/a><br \/>\n^ Links eins der gr\u00f6\u00dften, die ich gesehen hab (aber bei weitem nicht das gr\u00f6\u00dfte und sch\u00f6nste!), rechts ist so ca. &#8220;Standardma\u00df&#8221;&#8230;<\/p>\n<p>Nachtrag: Nein, da sind doch keine Toten drin, und es muss auch nicht hei\u00dfen, dass da jemand gestorben ist.<\/p>\n","protected":false},"excerpt":{"rendered":"<p>&#8220;SOS.2010&#8221; Tag 8, 27.2.2010, Teil 1: Falakro (griech. \u03a6\u0391\u039b\u0391\u039a\u03a1\u039f \/ \u03a6\u03b1\u03bb\u03b1\u03ba\u03c1\u03cc)<\/p>\n<p>Vorabend<\/p>\n<p>Der Weg von Kaimaktsalan nach Falakro war mal wieder l\u00e4nger als zuerst gedacht, so 4,5-5h.<\/p>\n<p> <a href=\"http:\/\/blog.inmontanis.info\/?p=1215\">[&#8230;]<\/a><\/p>\n","protected":false},"author":1,"featured_media":0,"comment_status":"open","ping_status":"closed","sticky":false,"template":"","format":"standard","meta":{"footnotes":""},"categories":[73,356,74,27],"tags":[],"class_list":["post-1215","post","type-post","status-publish","format-standard","hentry","category-201002sos","category-falakro","category-greece","category-skifahren-winterskiing-winter","odd"],"_links":{"self":[{"href":"http:\/\/blog.inmontanis.info\/index.php?rest_route=\/wp\/v2\/posts\/1215","targetHints":{"allow":["GET"]}}],"collection":[{"href":"http:\/\/blog.inmontanis.info\/index.php?rest_route=\/wp\/v2\/posts"}],"about":[{"href":"http:\/\/blog.inmontanis.info\/index.php?rest_route=\/wp\/v2\/types\/post"}],"author":[{"embeddable":true,"href":"http:\/\/blog.inmontanis.info\/index.php?rest_route=\/wp\/v2\/users\/1"}],"replies":[{"embeddable":true,"href":"http:\/\/blog.inmontanis.info\/index.php?rest_route=%2Fwp%2Fv2%2Fcomments&post=1215"}],"version-history":[{"count":4,"href":"http:\/\/blog.inmontanis.info\/index.php?rest_route=\/wp\/v2\/posts\/1215\/revisions"}],"predecessor-version":[{"id":8960,"href":"http:\/\/blog.inmontanis.info\/index.php?rest_route=\/wp\/v2\/posts\/1215\/revisions\/8960"}],"wp:attachment":[{"href":"http:\/\/blog.inmontanis.info\/index.php?rest_route=%2Fwp%2Fv2%2Fmedia&parent=1215"}],"wp:term":[{"taxonomy":"category","embeddable":true,"href":"http:\/\/blog.inmontanis.info\/index.php?rest_route=%2Fwp%2Fv2%2Fcategories&post=1215"},{"taxonomy":"post_tag","embeddable":true,"href":"http:\/\/blog.inmontanis.info\/index.php?rest_route=%2Fwp%2Fv2%2Ftags&post=1215"}],"curies":[{"name":"wp","href":"https:\/\/api.w.org\/{rel}","templated":true}]}}