{"id":1203,"date":"2010-01-10T19:56:09","date_gmt":"2010-01-10T17:56:09","guid":{"rendered":"http:\/\/blog.inmontanis.info\/?p=1203"},"modified":"2023-08-06T21:46:05","modified_gmt":"2023-08-06T19:46:05","slug":"nebelmeer-rund-um-innsbruck-9-10-1-2010","status":"publish","type":"post","link":"http:\/\/blog.inmontanis.info\/?p=1203","title":{"rendered":"Nebelmeer rund um Innsbruck, 9.+10.1.2010"},"content":{"rendered":"<p>Am 9.+10.1. war ich in mehreren Skigebieten rund um Innsbruck (ok, nicht nur). An beiden Tagen gab es ein nettes Nebelmeer, leider nicht bei strahlendem Sonnenschein, aber dennoch sind einige nette Fotos dabei rausgekommen (bei 3 der damals besuchten Skigebiete):<br \/>\n<!--more--><br \/>\n9.1., Axamer Lizum:<\/p>\n<p><img src=http:\/\/ski.inmontanis.info\/d\/114823-2\/P1460461-3.jpg \/><br \/>\n^ Nebelmeer-Pano von der Bergstation DSB Pleisen aus, Blick Richtung Zirl-Seefeld<\/p>\n<p><img src=http:\/\/ski.inmontanis.info\/d\/114827-2\/P1460461.JPG \/><br \/>\n^ Nebelmeer<\/p>\n<p><img src=http:\/\/ski.inmontanis.info\/d\/114831-2\/P1460463.JPG \/><br \/>\n^ Nebelmeer<\/p>\n<p><img src=http:\/\/ski.inmontanis.info\/d\/114835-2\/P1460472.JPG \/><br \/>\n^ Bergstation DSB Pleisen gen Inntalnebelmeer<\/p>\n<p><img src=http:\/\/ski.inmontanis.info\/d\/114839-2\/P1460473-6.jpg \/><br \/>\n^ Nebelmeer-Pano Inntal gen Osten, rechts die Bergstation DSB Pleisen und ihre Abfahrt, links geht die Talabfahrt nach Axams weiter, in Bildmitte am Ende des Meeres das Kellerjoch (eher rechts) und links davon noch weiter hinten der Wilde Kaiser <\/p>\n<p><img src=http:\/\/ski.inmontanis.info\/d\/114843-2\/P1460480.JPG \/><br \/>\n^ Nebelmeer-Pano Inntal gen Osten, von der Axamer Abfahrt aus. In Bildmitte wieder der Wilde Kaiser (Mitte links ganz hinten) und das Kellerjoch (weiter vorne, rechts, besser zu erkennen). Auch der Patscherkofel ist zu sehen.<\/p>\n<p><img src=http:\/\/ski.inmontanis.info\/d\/114847-2\/P1460466.JPG \/><br \/>\n^ Zoom zur Zugspitze (Links Platt, Rechts Gipfel) von der Axamer Lizum (Bergstation DSB Pleisen)<\/p>\n<p>10.1., Patscherkofel:<\/p>\n<p><img src=http:\/\/ski.inmontanis.info\/d\/114855-3\/P1460496.JPG \/><br \/>\n^ Nebelmeer-Pano richtung Zirl\/Telfs mit PB<\/p>\n<p><img src=http:\/\/ski.inmontanis.info\/d\/114859-3\/P1460496-501_fused.jpg \/><br \/>\n^ Nebelmeer-Pano \u00fcber dem Inntal (Telfs\/Innsbruck)<\/p>\n<p><img src=http:\/\/ski.inmontanis.info\/d\/114863-3\/P1460505.JPG \/><br \/>\n^ Nebelmeer auch \u00fcber dem Wipptal (links) und Stubaital (mittig)<\/p>\n<p><img src=http:\/\/ski.inmontanis.info\/d\/114867-3\/P1460507.JPG \/><br \/>\n^ S\u00fcd-Pano vom Patscherkofel-Gipfel \u00fcbers vernebelte Wipptal<\/p>\n<p><img src=http:\/\/ski.inmontanis.info\/d\/114871-3\/P1460508.JPG \/><br \/>\n^ Wipptal-Nebelmeer oder Nebelfjord :) von der Gipfelskiroute aus<\/p>\n<p><img src=http:\/\/ski.inmontanis.info\/d\/114875-3\/P1460509.JPG \/><br \/>\n^ Gipfel-ESL \u00fcber dem Nebelmeer<\/p>\n<p><img src=http:\/\/ski.inmontanis.info\/d\/114880-2\/P1460509-12.jpg \/><br \/>\n^ Nebelmeer-Pano Nord und West (Stubai\/Wipp\/Inntal)<\/p>\n<p><img src=http:\/\/ski.inmontanis.info\/d\/114884-2\/P1460511.JPG \/><br \/>\n^ Nebel \u00fcber dem Inntal (Richtung Telfs, rechts der Hohen Munde auch die Zugspitze sch\u00f6n zu sehen)<\/p>\n<p><img src=http:\/\/ski.inmontanis.info\/d\/114851-2\/P1460502.JPG \/><br \/>\n^ Zoom Seegrube \u00fcber dem Nebelmeer, vom Patscherkofel aus<\/p>\n<p>10.1., Elfer:<\/p>\n<p><img src=http:\/\/ski.inmontanis.info\/d\/114888-2\/P1460514-16.jpg \/><br \/>\n^ Nebel \u00fcber dem Stubaital, vom Elfer aus<\/p>\n<p><img src=http:\/\/ski.inmontanis.info\/d\/114892-2\/P1460516.JPG \/><br \/>\n^ Elferh\u00fctte \u00fcber dem riesigen Nebelmeer<\/p>\n<p>Falls Interesse besteht, von den Panorama-Stitch-Bildern k\u00f6nnte ich auch noch gr\u00f6\u00dfere Versionen online stellen (jeweils ca. 3000-5000 Pixel breit).<\/p>\n","protected":false},"excerpt":{"rendered":"<p>Am 9.+10.1. war ich in mehreren Skigebieten rund um Innsbruck (ok, nicht nur). An beiden Tagen gab es ein nettes Nebelmeer, leider nicht bei strahlendem Sonnenschein, aber dennoch sind einige nette Fotos dabei rausgekommen (bei 3 der damals besuchten Skigebiete):<\/p>\n<p> <a href=\"http:\/\/blog.inmontanis.info\/?p=1203\">[&#8230;]<\/a><\/p>\n","protected":false},"author":1,"featured_media":0,"comment_status":"open","ping_status":"closed","sticky":false,"template":"","format":"standard","meta":{"footnotes":""},"categories":[909,24,890,13,27],"tags":[38,77,52],"class_list":["post-1203","post","type-post","status-publish","format-standard","hentry","category-axamer-lizum","category-tagestour","category-neustift-11er","category-austria","category-skifahren-winterskiing-winter","tag-dsb","tag-nebelmeer","tag-pb","odd"],"_links":{"self":[{"href":"http:\/\/blog.inmontanis.info\/index.php?rest_route=\/wp\/v2\/posts\/1203","targetHints":{"allow":["GET"]}}],"collection":[{"href":"http:\/\/blog.inmontanis.info\/index.php?rest_route=\/wp\/v2\/posts"}],"about":[{"href":"http:\/\/blog.inmontanis.info\/index.php?rest_route=\/wp\/v2\/types\/post"}],"author":[{"embeddable":true,"href":"http:\/\/blog.inmontanis.info\/index.php?rest_route=\/wp\/v2\/users\/1"}],"replies":[{"embeddable":true,"href":"http:\/\/blog.inmontanis.info\/index.php?rest_route=%2Fwp%2Fv2%2Fcomments&post=1203"}],"version-history":[{"count":3,"href":"http:\/\/blog.inmontanis.info\/index.php?rest_route=\/wp\/v2\/posts\/1203\/revisions"}],"predecessor-version":[{"id":3342,"href":"http:\/\/blog.inmontanis.info\/index.php?rest_route=\/wp\/v2\/posts\/1203\/revisions\/3342"}],"wp:attachment":[{"href":"http:\/\/blog.inmontanis.info\/index.php?rest_route=%2Fwp%2Fv2%2Fmedia&parent=1203"}],"wp:term":[{"taxonomy":"category","embeddable":true,"href":"http:\/\/blog.inmontanis.info\/index.php?rest_route=%2Fwp%2Fv2%2Fcategories&post=1203"},{"taxonomy":"post_tag","embeddable":true,"href":"http:\/\/blog.inmontanis.info\/index.php?rest_route=%2Fwp%2Fv2%2Ftags&post=1203"}],"curies":[{"name":"wp","href":"https:\/\/api.w.org\/{rel}","templated":true}]}}