{"id":1200,"date":"2010-02-13T23:00:37","date_gmt":"2010-02-13T21:00:37","guid":{"rendered":"http:\/\/blog.inmontanis.info\/?p=1200"},"modified":"2023-07-30T18:59:41","modified_gmt":"2023-07-30T16:59:41","slug":"wendelstein-13-2-2010","status":"publish","type":"post","link":"http:\/\/blog.inmontanis.info\/?p=1200","title":{"rendered":"Wendelstein, 13.2.2010"},"content":{"rendered":"<p>Am 13.2. war ich nach dem Zahmen Kaiser noch am Wendelstein.<!--more--> Da es glaub ich keine Nachmittagskarte gab (oder sie im Vgl. teurer war), hab ich mich f\u00fcr die 4h(?)-Karte entschieden, wobei ich nicht die letzte Bergfahrt machen konnte. War durchaus einiges los, die Pendelz\u00fcge ab Mitteralm sehr voll, die (inoffizielle) Talabfahrt war ebenfalls sehr gut m\u00f6glich, nur ganz unten am untersten Wald-Mini-Steilhang war&#8217;s dann aper. Von der Bergstation SL Lacher bis zum Talbahnhof sind&#8217;s \u00fcbrigens ca. 7-8km. <\/p>\n<p>Die West-Abfahrt an der PB find ich gar nicht mehr so spannend wie ich sie einst fand, da kenn ich inzwischen interessantere (zumindest ab den SL-Talstationen betrachtet), daf\u00fcr st\u00f6rt mich der Fu\u00dfweg von der PB-Bergstation aus zur Abfahrt nicht mehr. (War immerhin 4 Jahre her,  als ich das letzte Mal am Wendelstein war, wollte eigentlich alle 2 Jahre hier vorbeisehen)<\/p>\n<p>Top ist der Wendelstein aufgrund seines &#8220;ski-unwirtlichen&#8221; Gel\u00e4ndes, felsig, steil, eng, und aufgrund seiner Zahnradbahn &#8211; Westalpenfeeling also und  so ziemlich das Gegenteil der meisten Tiroler Skigebiete. M\u00f6ge uns dieses Kleinod noch lange erhalten bleiben.<\/p>\n<p><img src=http:\/\/ski.inmontanis.info\/d\/114296-2\/P1480210.JPG \/><br \/>\n^ Gipfel-Blick vom Bahnhof<\/p>\n<p><img src=http:\/\/ski.inmontanis.info\/d\/114300-2\/P1480209.JPG \/><br \/>\n^ Ausgang ZRB-Bahnhof<\/p>\n<p><img src=http:\/\/ski.inmontanis.info\/d\/114304-2\/P1480208.JPG \/><br \/>\n^ Abfahrt mit Kreuzung zur Zahnradbahn<\/p>\n<p><img src=http:\/\/ski.inmontanis.info\/d\/114308-2\/P1480212.JPG \/><br \/>\n^ ZRB, ZRB-Bahnhof, Abfahrt, Gipfel, und links zwei Freerider<\/p>\n<p><img src=http:\/\/ski.inmontanis.info\/d\/114313-2\/P1480216.JPG \/><br \/>\n^ Rinne unterhalb der Seilbahn-Bergstation zum SL Bockstein, sah nett aus, k\u00f6nnte man doch als Skiroute auszeichnen? <\/p>\n<p><img src=http:\/\/ski.inmontanis.info\/d\/114317-2\/P1480218.JPG \/><br \/>\n^ Blick zum Gipfel<\/p>\n<p><a href='http:\/\/ski.inmontanis.info\/d\/114321-2\/P1480219.JPG'><img src=http:\/\/ski.inmontanis.info\/d\/114320-3\/P1480219.JPG \/><\/a><br \/>\n^ Materialseilbahn<\/p>\n<p><img src=http:\/\/ski.inmontanis.info\/d\/114325-2\/P1480221.JPG \/><br \/>\n^ Wendelsteinkircherl und Aufgang zur Abfahrt<\/p>\n<p><img src=http:\/\/ski.inmontanis.info\/d\/114329-2\/P1480223.JPG \/><br \/>\n^ Bissl Off-Piste zwischen Abfahrt 1a und 2a<\/p>\n<p><img src=http:\/\/ski.inmontanis.info\/d\/114334-2\/P1480222.JPG \/><br \/>\n^ Bissl Off-Piste zwischen Abfahrt 1a und 2a<\/p>\n<p><img src=http:\/\/ski.inmontanis.info\/d\/114338-2\/P1480225.JPG \/><br \/>\n^ Nebelmeer-Pano<\/p>\n<p><img src=http:\/\/ski.inmontanis.info\/d\/114342-2\/P1480229.JPG \/><br \/>\n^ Glitzerschnee (mit Blitz) &#038; Nebelmeer<\/p>\n<p><img src=http:\/\/ski.inmontanis.info\/d\/114346-2\/P1480233.JPG \/><br \/>\n^ Glitzerschnee und Bergstation SL Bockstein<\/p>\n<p><img src=http:\/\/ski.inmontanis.info\/d\/114350-2\/P1480236.JPG \/><br \/>\n^ Zoom Bergstation SL Bockstein und den interessant beschneiten B\u00e4umen<\/p>\n<p><img src=http:\/\/ski.inmontanis.info\/d\/114354-2\/P1480238.JPG \/><br \/>\n^ Leichter Zoom SL Lacher samt Abfahrten<\/p>\n<p><img src=http:\/\/ski.inmontanis.info\/d\/114358-2\/P1480239.JPG \/><br \/>\n^ Materialseilbahn, Kirchlein, Zahnradbahntunnel, Abfahrt und SL Lacher<\/p>\n<p><img src=http:\/\/ski.inmontanis.info\/d\/114362-2\/P1480243.JPG \/><br \/>\n^ Gipfel von der Aussichtsplattform<\/p>\n<p><img src=http:\/\/ski.inmontanis.info\/d\/114366-2\/P1480250.JPG \/><br \/>\n^ Leichter Zoom zu den Gipfeleinrichtungen (Wetterstation und\/oder Sternwarte)<\/p>\n<p><img src=http:\/\/ski.inmontanis.info\/d\/114370-2\/P1480246.JPG \/><br \/>\n^ Bergstation PB<\/p>\n<p><img src=http:\/\/ski.inmontanis.info\/d\/114374-2\/wendelstein-zyl2_2.jpg \/><br \/>\n^ Wendelstein-Gipfel-Pano-Stitch von der Aussichtsplattform<\/p>\n<p>in gro\u00df: <a href='http:\/\/ski.inmontanis.info\/0alpinforum\/wendelstein-stitch-small.jpg'>http:\/\/ski.inmontanis.info\/0alpinforum\/wendelstein-stitch-small.jpg<\/a><\/p>\n<p><img src=http:\/\/ski.inmontanis.info\/d\/114378-2\/wendelstein-zyl2.jpg \/><br \/>\n^ Wendelstein-Gipfel-Pano-Stitch von der Aussichtsplattform<\/p>\n<p><img src=http:\/\/ski.inmontanis.info\/d\/114382-2\/P1480256.JPG \/><br \/>\n^ PB<\/p>\n<p><img src=http:\/\/ski.inmontanis.info\/d\/114386-2\/P1480260.JPG \/><br \/>\n^ PB gen vernebeltes Alpenvorland<\/p>\n<p><img src=http:\/\/ski.inmontanis.info\/d\/114391-2\/P1480261.JPG \/><br \/>\n^ Abfahrt 1c (Mitteralm-Aipl), leider wohl immer offiziell gesperrt, mir gef\u00e4llt sie fast am besten :)<\/p>\n<p><a href='http:\/\/ski.inmontanis.info\/d\/114395-2\/ge_wendelstein1.jpg'><img src=http:\/\/ski.inmontanis.info\/d\/114394-3\/ge_wendelstein1.jpg \/><\/a><br \/>\n^ GPS-Track (Draufsicht)<\/p>\n<p><img src=http:\/\/ski.inmontanis.info\/d\/114399-2\/ge_wendelstein2.jpg \/><br \/>\n^ GPS-Track West (PB und die beiden SL)<\/p>\n<p><img src=http:\/\/ski.inmontanis.info\/d\/114403-2\/ge_wendelstein3.jpg \/><br \/>\n^ GPS-Track Ost mit der Zahnradbahn, Abfahrt Mitteralm (erste ZRB-Kreuzung), Abfahrt Aipl (zweite ZRB-Kreuzung) und inoffizieller Talabfahrt<\/p>\n<p><a href='http:\/\/ski.inmontanis.info\/d\/114407-2\/ge_wendelstein4.jpg'><img src=http:\/\/ski.inmontanis.info\/d\/114406-3\/ge_wendelstein4.jpg \/><\/a><br \/>\n^ GPS-Track Ost oben (offizieller Abfahrtsteil)<\/p>\n<p>Bericht &#038; Fotos von 2006:<br \/>\n<a href='http:\/\/www.alpinforum.com\/forum\/viewtopic.php?p=399425#p399425'>http:\/\/www.alpinforum.com\/forum\/viewtopic.php?p=399425#p399425<\/a><\/p>\n","protected":false},"excerpt":{"rendered":"<p>Am 13.2. war ich nach dem Zahmen Kaiser noch am Wendelstein.<\/p>\n<p> <a href=\"http:\/\/blog.inmontanis.info\/?p=1200\">[&#8230;]<\/a><\/p>\n","protected":false},"author":1,"featured_media":0,"comment_status":"open","ping_status":"closed","sticky":false,"template":"","format":"standard","meta":{"footnotes":""},"categories":[12,24,27,280],"tags":[52,47,41],"class_list":["post-1200","post","type-post","status-publish","format-standard","hentry","category-germany","category-tagestour","category-skifahren-winterskiing-winter","category-wendelstein","tag-pb","tag-sl","tag-zahnradbahn","odd"],"_links":{"self":[{"href":"http:\/\/blog.inmontanis.info\/index.php?rest_route=\/wp\/v2\/posts\/1200","targetHints":{"allow":["GET"]}}],"collection":[{"href":"http:\/\/blog.inmontanis.info\/index.php?rest_route=\/wp\/v2\/posts"}],"about":[{"href":"http:\/\/blog.inmontanis.info\/index.php?rest_route=\/wp\/v2\/types\/post"}],"author":[{"embeddable":true,"href":"http:\/\/blog.inmontanis.info\/index.php?rest_route=\/wp\/v2\/users\/1"}],"replies":[{"embeddable":true,"href":"http:\/\/blog.inmontanis.info\/index.php?rest_route=%2Fwp%2Fv2%2Fcomments&post=1200"}],"version-history":[{"count":3,"href":"http:\/\/blog.inmontanis.info\/index.php?rest_route=\/wp\/v2\/posts\/1200\/revisions"}],"predecessor-version":[{"id":3327,"href":"http:\/\/blog.inmontanis.info\/index.php?rest_route=\/wp\/v2\/posts\/1200\/revisions\/3327"}],"wp:attachment":[{"href":"http:\/\/blog.inmontanis.info\/index.php?rest_route=%2Fwp%2Fv2%2Fmedia&parent=1200"}],"wp:term":[{"taxonomy":"category","embeddable":true,"href":"http:\/\/blog.inmontanis.info\/index.php?rest_route=%2Fwp%2Fv2%2Fcategories&post=1200"},{"taxonomy":"post_tag","embeddable":true,"href":"http:\/\/blog.inmontanis.info\/index.php?rest_route=%2Fwp%2Fv2%2Ftags&post=1200"}],"curies":[{"name":"wp","href":"https:\/\/api.w.org\/{rel}","templated":true}]}}