{"id":1187,"date":"2010-02-07T11:00:00","date_gmt":"2010-02-07T09:00:00","guid":{"rendered":"http:\/\/blog.inmontanis.info\/?p=1187"},"modified":"2022-12-16T18:57:53","modified_gmt":"2022-12-16T17:57:53","slug":"sillian-7-2-2010","status":"publish","type":"post","link":"http:\/\/blog.inmontanis.info\/?p=1187","title":{"rendered":"Sillian, 7.2.2010"},"content":{"rendered":"<p>Am 7.2. besuchte ich 3 Skigebiete in Osttirol, das erste war Sillian.<br \/>\n<!--more--><br \/>\nHier die Fotos, anklicken zum Vergr\u00f6\u00dfern, soweit ich sie nicht vergr\u00f6\u00dfert gepostet hab:<\/p>\n<p><a href='http:\/\/ski.inmontanis.info\/d\/114542-2\/P1480045.JPG'><img src=http:\/\/ski.inmontanis.info\/d\/114540-3\/P1480045.JPG \/><\/a><br \/>\n^ Pistenplan<\/p>\n<p><a href='http:\/\/ski.inmontanis.info\/d\/114546-2\/ge_sillian.jpg'><img src=http:\/\/ski.inmontanis.info\/d\/114545-3\/ge_sillian.jpg \/><\/a><br \/>\n^ GPS-Track<\/p>\n<p><a href='http:\/\/ski.inmontanis.info\/d\/114550-2\/P1480043.JPG'><img src=http:\/\/ski.inmontanis.info\/d\/114549-3\/P1480043.JPG \/><\/a><br \/>\n^ Talstation und sehr steiler Schlusshang der Talabfahrt<\/p>\n<p><a href='http:\/\/ski.inmontanis.info\/d\/114554-2\/P1480047.JPG'><img src=http:\/\/ski.inmontanis.info\/d\/114553-3\/P1480047.JPG \/><\/a><br \/>\n^ 6EUB<\/p>\n<p><a href='http:\/\/ski.inmontanis.info\/d\/114558-2\/P1480048.JPG'><img src=http:\/\/ski.inmontanis.info\/d\/114557-3\/P1480048.JPG \/><\/a><br \/>\n^ Talstation und Parkplatz<\/p>\n<p><img src=http:\/\/ski.inmontanis.info\/d\/114562-2\/P1480053.JPG \/><br \/>\n^ Bergstation 6EUB<\/p>\n<p><a href='http:\/\/ski.inmontanis.info\/d\/114566-2\/P1480054.JPG'><img src=http:\/\/ski.inmontanis.info\/d\/114565-3\/P1480054.JPG \/><\/a><br \/>\n^ 4SB Gadein<\/p>\n<p><a href='http:\/\/ski.inmontanis.info\/d\/114570-2\/P1480058.JPG'><img src=http:\/\/ski.inmontanis.info\/d\/114569-3\/P1480058.JPG \/><\/a><br \/>\n^ Tal-Pano<\/p>\n<p><a href='http:\/\/ski.inmontanis.info\/d\/114574-2\/P1480059.JPG'><img src=http:\/\/ski.inmontanis.info\/d\/114573-3\/P1480059.JPG \/><\/a><br \/>\n^ Bergstation 4SB Gadein<\/p>\n<p><img src=http:\/\/ski.inmontanis.info\/d\/114578-2\/P1480060.JPG \/><br \/>\n^ Skigebiets-Kessel mit 4SB Gadein und SL Thurntaler<\/p>\n<p><img src=http:\/\/ski.inmontanis.info\/d\/114582-2\/P1480066.JPG \/><br \/>\n^ 4SB Gadein \/ Bergstation 8EUB \/ \u00dcbungs-SL Gadein \/ Talblick<\/p>\n<p><img src=http:\/\/ski.inmontanis.info\/d\/114586-2\/P1480065.JPG \/><br \/>\n^ Tal-Pano mit den netten Grat-Abfahrten, gegen\u00fcber die Lift- und Abfahrtsschneise in Kartitsch<\/p>\n<p><img src=http:\/\/ski.inmontanis.info\/d\/114590-2\/P1480068.JPG \/><br \/>\n^ SL Thurntaler und 4KSB Au\u00dfervillgraten<\/p>\n<p><a href='http:\/\/ski.inmontanis.info\/d\/114594-2\/P1480070.JPG'><img src=http:\/\/ski.inmontanis.info\/d\/114593-3\/P1480070.JPG \/><\/a><br \/>\n^ Skigebietes-Kessel vom SL Thurntaler aus<\/p>\n<p><img src=http:\/\/ski.inmontanis.info\/d\/114598-2\/P1480071.JPG \/><br \/>\n^ SL Thurntaler, oberer Teil. Cooler SL!<\/p>\n<p><img src=http:\/\/ski.inmontanis.info\/d\/114603-2\/P1480072.JPG \/><br \/>\n^ Oberer Teil des SL Thurntaler<\/p>\n<p><img src=http:\/\/ski.inmontanis.info\/d\/114607-2\/P1480073.JPG \/><br \/>\n^ Pano und Grat-Abfahrt am SL Thurntaler<\/p>\n<p><a href='http:\/\/ski.inmontanis.info\/d\/114611-2\/P1480074.JPG'><img src=http:\/\/ski.inmontanis.info\/d\/114610-3\/P1480074.JPG \/><\/a><br \/>\n^ Gipfel-Zoom<\/p>\n<p><a href='http:\/\/ski.inmontanis.info\/d\/114615-2\/P1480077.JPG'><img src=http:\/\/ski.inmontanis.info\/d\/114614-3\/P1480077.JPG \/><\/a><br \/>\n^ SL Thurntaler<\/p>\n<p><img src=http:\/\/ski.inmontanis.info\/d\/114619-2\/P1480078.JPG \/><br \/>\n^ SL Thurntaler, Bergstation<\/p>\n<p><img src=http:\/\/ski.inmontanis.info\/d\/114623-2\/P1480080.JPG \/><br \/>\n^ Pano hinterm SL Thurntaler in die Dolomiten<\/p>\n<p><a href='http:\/\/ski.inmontanis.info\/d\/114627-2\/P1480081.JPG'><img src=http:\/\/ski.inmontanis.info\/d\/114626-3\/P1480081.JPG \/><\/a><br \/>\n^ R\u00fcckseiten-Pano. In diese Schneesch\u00fcssel sind lt. Plan wohl einige Lifte projektiert.<\/p>\n<p><a href='http:\/\/ski.inmontanis.info\/d\/114631-2\/P1480083.JPG'><img src=http:\/\/ski.inmontanis.info\/d\/114630-3\/P1480083.JPG \/><\/a><br \/>\n^ Einer der St\u00fctzen des SL Thurntaler hat komischerweise massivere Ecken?!<\/p>\n<p><a href='http:\/\/ski.inmontanis.info\/d\/114635-2\/P1480087.JPG'><img src=http:\/\/ski.inmontanis.info\/d\/114634-3\/P1480087.JPG \/><\/a><br \/>\n^ 4KSB Au\u00dfervillgraten. Leider im unteren Bereich nur eine Abfahrt.<\/p>\n<p><a href='http:\/\/ski.inmontanis.info\/d\/114639-2\/P1480092.JPG'><img src=http:\/\/ski.inmontanis.info\/d\/114638-3\/P1480092.JPG \/><\/a><br \/>\n^ Abfahrt zur Mittelstation<\/p>\n<p><a href='http:\/\/ski.inmontanis.info\/d\/114644-2\/P1480093.JPG'><img src=http:\/\/ski.inmontanis.info\/d\/114643-3\/P1480093.JPG \/><\/a><br \/>\n^ Mittelstation 6EUB<\/p>\n<p><a href='http:\/\/ski.inmontanis.info\/d\/114648-2\/P1480094.JPG'><img src=http:\/\/ski.inmontanis.info\/d\/114647-3\/P1480094.JPG \/><\/a><br \/>\n^ Talabfahrt<\/p>\n<p><img src=http:\/\/ski.inmontanis.info\/d\/114652-2\/P1480096.JPG \/><br \/>\n^ Sillian<\/p>\n<p><img src=http:\/\/ski.inmontanis.info\/d\/114656-2\/P1480098.JPG \/><br \/>\n^ Sillian<\/p>\n<p><a href='http:\/\/ski.inmontanis.info\/d\/114660-2\/P1480119.JPG'><img src=http:\/\/ski.inmontanis.info\/d\/114659-3\/P1480119.JPG \/><\/a><br \/>\n^ Skigebiet Sillian von gegen\u00fcber (Kartitsch)<\/p>\n<p><img src=http:\/\/ski.inmontanis.info\/d\/114664-2\/P1480112.JPG \/><br \/>\n^ Zoom 6EUB \/ 4SB \/ SL von gegen\u00fcber<\/p>\n<p><img src=http:\/\/ski.inmontanis.info\/d\/114668-2\/P1480113.JPG \/><br \/>\n^ Zoom SL &#8211; 4KSB von gegen\u00fcber<\/p>\n<p>Fazit:<br \/>\n&#8211; 6EUB ist sehr lang<br \/>\n&#8211; 4SB Gadein ist sehr lahm, hat aber einige nette Abfahrtsvarianten<br \/>\n&#8211; SL Thurntaler ist die interessanteste Anlage im Gebiet, die Abfahrten rechts rum sind empfehlenswert<br \/>\n&#8211; 4KSB Au\u00dfervillgraten ist etwas zweifelhaft, ein Teil der Abfahrten ist vom SL Thurntaler erschlossen, und im unteren Teil gibt&#8217;s nur eine Variante<br \/>\n&#8211; Tolles Pano<br \/>\n&#8211; Abfahrten tw. ziemlich modelliert, aber im Gesamten noch OK.<br \/>\n&#8211; In Summe ein nettes Gebiet f\u00fcr 0,5 &#8211; 1 Tag.<\/p>\n","protected":false},"excerpt":{"rendered":"<p>Am 7.2. besuchte ich 3 Skigebiete in Osttirol, das erste war Sillian.<\/p>\n<p> <a href=\"http:\/\/blog.inmontanis.info\/?p=1187\">[&#8230;]<\/a><\/p>\n","protected":false},"author":1,"featured_media":0,"comment_status":"open","ping_status":"closed","sticky":false,"template":"","format":"standard","meta":{"footnotes":""},"categories":[24,13,205,27],"tags":[49,39,47],"class_list":["post-1187","post","type-post","status-publish","format-standard","hentry","category-tagestour","category-austria","category-sillian","category-skifahren-winterskiing-winter","tag-4sb","tag-6eub","tag-sl","odd"],"_links":{"self":[{"href":"http:\/\/blog.inmontanis.info\/index.php?rest_route=\/wp\/v2\/posts\/1187","targetHints":{"allow":["GET"]}}],"collection":[{"href":"http:\/\/blog.inmontanis.info\/index.php?rest_route=\/wp\/v2\/posts"}],"about":[{"href":"http:\/\/blog.inmontanis.info\/index.php?rest_route=\/wp\/v2\/types\/post"}],"author":[{"embeddable":true,"href":"http:\/\/blog.inmontanis.info\/index.php?rest_route=\/wp\/v2\/users\/1"}],"replies":[{"embeddable":true,"href":"http:\/\/blog.inmontanis.info\/index.php?rest_route=%2Fwp%2Fv2%2Fcomments&post=1187"}],"version-history":[{"count":3,"href":"http:\/\/blog.inmontanis.info\/index.php?rest_route=\/wp\/v2\/posts\/1187\/revisions"}],"predecessor-version":[{"id":3329,"href":"http:\/\/blog.inmontanis.info\/index.php?rest_route=\/wp\/v2\/posts\/1187\/revisions\/3329"}],"wp:attachment":[{"href":"http:\/\/blog.inmontanis.info\/index.php?rest_route=%2Fwp%2Fv2%2Fmedia&parent=1187"}],"wp:term":[{"taxonomy":"category","embeddable":true,"href":"http:\/\/blog.inmontanis.info\/index.php?rest_route=%2Fwp%2Fv2%2Fcategories&post=1187"},{"taxonomy":"post_tag","embeddable":true,"href":"http:\/\/blog.inmontanis.info\/index.php?rest_route=%2Fwp%2Fv2%2Ftags&post=1187"}],"curies":[{"name":"wp","href":"https:\/\/api.w.org\/{rel}","templated":true}]}}