{"id":1173,"date":"2010-03-07T23:00:08","date_gmt":"2010-03-07T21:00:08","guid":{"rendered":"http:\/\/blog.inmontanis.info\/?p=1173"},"modified":"2023-08-05T16:15:44","modified_gmt":"2023-08-05T14:15:44","slug":"spanov-vrh-7-3-2010","status":"publish","type":"post","link":"http:\/\/blog.inmontanis.info\/?p=1173","title":{"rendered":"\u0160panov vrh, 7.3.2010"},"content":{"rendered":"<p><strong>&#8220;SOS.2010&#8221; Tag 16, 7.3.2010 &#8211; Teil 2: \u0160panov vrh (Slowenien)<\/strong><\/p>\n<p><img src=http:\/\/extra.inmontanis.info\/d\/3062-3\/route5.jpg \/><br \/>\nT: Spanov Vrh<\/p>\n<p>Nach Kobla ging&#8217;s noch f\u00fcr ca. 2 St\u00fcndchen in ein kleines Skigebiet oberhalb von Jesenice: Spanov Vrh. Einzige Anlage: Ein ESL, anscheinend von Metalna, mit Mittelstation und ca. 2 Abfahrten.<!--more--> Halbtageskarte um 10,-. War auch ganz nett, auch wenn man auf der Abfahrt an der Mittelstation vorbei immer ein St\u00fcck schieben musste. War ja froh, dass die nach 14 Uhr noch offen hatten, schlie\u00dflich waren nur noch ca. 5-10 Skifahrer hier. Die Skidata-Skipass-Karte war \u00fcbrigens von Kranjska Gora, was mich etwas verwundert hat!?<\/p>\n<p><em>Fotos, anklicken zum Vergr\u00f6\u00dfern:<\/em><\/p>\n<p><a href='http:\/\/extra.inmontanis.info\/d\/3658-2\/P1500980.JPG'><img src=http:\/\/extra.inmontanis.info\/d\/3657-3\/P1500980.JPG \/><\/a><br \/>\n^ Zwischen Bled und Jesenice<\/p>\n<p><a href='http:\/\/extra.inmontanis.info\/d\/3662-2\/P1500984.JPG'><img src=http:\/\/extra.inmontanis.info\/d\/3661-3\/P1500984.JPG \/><\/a><br \/>\n^ Kurz vor Jesenice<\/p>\n<p><a href='http:\/\/ski.inmontanis.info\/d\/113642-2\/P1500989.JPG'><img src=http:\/\/ski.inmontanis.info\/d\/113640-3\/P1500989.JPG \/><\/a><br \/>\n^ Pistenplan<\/p>\n<p><a href='http:\/\/ski.inmontanis.info\/d\/113646-2\/ge_spanovvrh.jpg'><img src=http:\/\/ski.inmontanis.info\/d\/113645-3\/ge_spanovvrh.jpg \/><\/a><br \/>\n^ GPS-Track<\/p>\n<p><a href='http:\/\/ski.inmontanis.info\/d\/113650-2\/P1500986.JPG'><img src=http:\/\/ski.inmontanis.info\/d\/113649-3\/P1500986.JPG \/><\/a><br \/>\n^ Talstation ESL<\/p>\n<p><img src=http:\/\/ski.inmontanis.info\/d\/113654-2\/P1510019.JPG \/><br \/>\n^ Aufstieg zur Talstation<\/p>\n<p><a href='http:\/\/ski.inmontanis.info\/d\/113658-2\/P1500988.JPG'><img src=http:\/\/ski.inmontanis.info\/d\/113657-3\/P1500988.JPG \/><\/a><br \/>\n^ Talstation<\/p>\n<p><a href='http:\/\/ski.inmontanis.info\/d\/113662-2\/P1500990.JPG'><img src=http:\/\/ski.inmontanis.info\/d\/113661-3\/P1500990.JPG \/><\/a><br \/>\n^ Hersteller (Metalna) und Daten<\/p>\n<p><a href='http:\/\/ski.inmontanis.info\/d\/113666-2\/P1500987.JPG'><img src=http:\/\/ski.inmontanis.info\/d\/113665-3\/P1500987.JPG \/><\/a><br \/>\n^ ESL &#8211; Einstieg<\/p>\n<p><a href='http:\/\/ski.inmontanis.info\/d\/113670-2\/P1500992.JPG'><img src=http:\/\/ski.inmontanis.info\/d\/113669-3\/P1500992.JPG \/><\/a><br \/>\n^ Untere H\u00e4nge des ESL<\/p>\n<p><img src=http:\/\/ski.inmontanis.info\/d\/113674-2\/P1500993.JPG \/><br \/>\n^ St\u00fctze, sch\u00f6n altmodisch<\/p>\n<p><a href='http:\/\/ski.inmontanis.info\/d\/113678-2\/P1510015.JPG'><img src=http:\/\/ski.inmontanis.info\/d\/113677-3\/P1510015.JPG \/><\/a><br \/>\n^ Abfahrtsvarianten, nicht alle waren noch offiziell ge\u00f6ffnet, aber gefahren bin ich sie nat\u00fcrlich :)<\/p>\n<p><img src=http:\/\/ski.inmontanis.info\/d\/113682-2\/P1500998.JPG \/><br \/>\n^ ESL-Mittelstation und oberer Teil. Abfahrtsm\u00e4\u00dfig ist hier leider immer etwas schieben angesagt.<\/p>\n<p><a href='http:\/\/ski.inmontanis.info\/d\/113686-2\/P1510002.JPG'><img src=http:\/\/ski.inmontanis.info\/d\/113685-3\/P1510002.JPG \/><\/a><br \/>\n^ Mittelstation<\/p>\n<p><a href='http:\/\/ski.inmontanis.info\/d\/113691-2\/P1510003.JPG'><img src=http:\/\/ski.inmontanis.info\/d\/113690-3\/P1510003.JPG \/><\/a><br \/>\n^ Bergstation und Steilhang. Links rum gibt&#8217;s auch noch 2 Varianten<\/p>\n<p><img src=http:\/\/ski.inmontanis.info\/d\/113695-2\/P1510007.JPG \/><br \/>\n^ Bergstation<\/p>\n<p><img src=http:\/\/ski.inmontanis.info\/d\/113699-2\/P1510009.JPG \/><br \/>\n^ Talblick von der Bergstation<\/p>\n<p><a href='http:\/\/ski.inmontanis.info\/d\/113703-2\/P1510018.JPG'><img src=http:\/\/ski.inmontanis.info\/d\/113702-3\/P1510018.JPG \/><\/a><br \/>\n^ Linke Variante im oberen Bereich<\/p>\n<p><a href='http:\/\/ski.inmontanis.info\/d\/113707-2\/P1510010.JPG'><img src=http:\/\/ski.inmontanis.info\/d\/113706-3\/P1510010.JPG \/><\/a><br \/>\n^ Leichtere Abfahrten unterhalb der Mittelstation<\/p>\n<p><img src=http:\/\/ski.inmontanis.info\/d\/113711-2\/P1510013.JPG \/><br \/>\n^ Talstation<\/p>\n<p>.. und ein kurzes Filmchen:<\/p>\n<p><object style=\"height: 500px; width: 900px\"><param name=\"movie\" value=\"http:\/\/www.youtube.com\/v\/FMLLkoBR6OM\"><\/param><param name=\"wmode\" value=\"transparent\"><\/param><embed src=\"http:\/\/www.youtube.com\/v\/FMLLkoBR6OM\" type=\"application\/x-shockwave-flash\" wmode=\"transparent\"  width=\"900\" height=\"480\"><\/embed><\/object><\/p>\n<p>R\u00fcckfahrm\u00e4\u00dfig hatte ich 3 Varianten &#8211; die schnellste \u00fcber die Tauernautobahn-Salzburg-Inntaldreieck, die k\u00fcrzeste und g\u00fcnstigste via Pustertal und noch Felbertauern-Kitzb\u00fchel. Da Sonntag und wenig los hab ich mich f\u00fcr die Tauern-AB entschieden&#8230;<\/p>\n<p>Erst mal ging&#8217;s \u00fcber den Wurzenpass, auf \u00f6sterreichischer Seite unerwartet schmal und steil!<\/p>\n<p>.. und auch in AT findet man so etwas:<\/p>\n<p><a href='http:\/\/extra.inmontanis.info\/d\/3666-2\/P1510027-8.jpg'><img src=http:\/\/extra.inmontanis.info\/d\/3665-3\/P1510027-8.jpg \/><\/a><br \/>\n^ Verlassenes Gasthaus\/Pension in \u00d6sterreich namens 5 Sterne? Genau so schaut&#8217;s aus :)<\/p>\n<p>Die Heimfahrt verlief unproblematisch, und so war ich, inkl. Abendessen im Burger King in Piding, inzwischen ungewohnt fr\u00fch um 20:45 Uhr wieder daheim. Die 16-t\u00e4gige S\u00fcd- und Osteuropa Ski-Safari ist somit zu<\/p>\n<p><font size=150><strong>E N D E<\/strong><br \/>\n<\/font><\/p>\n","protected":false},"excerpt":{"rendered":"<p>&#8220;SOS.2010&#8221; Tag 16, 7.3.2010 &#8211; Teil 2: \u0160panov vrh (Slowenien)<\/p>\n<p> T: Spanov Vrh<\/p>\n<p>Nach Kobla ging&#8217;s noch f\u00fcr ca. 2 St\u00fcndchen in ein kleines Skigebiet oberhalb von Jesenice: Spanov Vrh. Einzige Anlage: Ein ESL, anscheinend von Metalna, mit Mittelstation und ca. 2 Abfahrten.<\/p>\n<p> <a href=\"http:\/\/blog.inmontanis.info\/?p=1173\">[&#8230;]<\/a><\/p>\n","protected":false},"author":1,"featured_media":0,"comment_status":"open","ping_status":"closed","sticky":false,"template":"","format":"standard","meta":{"footnotes":""},"categories":[73,59,27,17,788],"tags":[35],"class_list":["post-1173","post","type-post","status-publish","format-standard","hentry","category-201002sos","category-nostalgie","category-skifahren-winterskiing-winter","category-slowenienslovenia","category-spanov-vrh","tag-esl","odd"],"_links":{"self":[{"href":"http:\/\/blog.inmontanis.info\/index.php?rest_route=\/wp\/v2\/posts\/1173","targetHints":{"allow":["GET"]}}],"collection":[{"href":"http:\/\/blog.inmontanis.info\/index.php?rest_route=\/wp\/v2\/posts"}],"about":[{"href":"http:\/\/blog.inmontanis.info\/index.php?rest_route=\/wp\/v2\/types\/post"}],"author":[{"embeddable":true,"href":"http:\/\/blog.inmontanis.info\/index.php?rest_route=\/wp\/v2\/users\/1"}],"replies":[{"embeddable":true,"href":"http:\/\/blog.inmontanis.info\/index.php?rest_route=%2Fwp%2Fv2%2Fcomments&post=1173"}],"version-history":[{"count":5,"href":"http:\/\/blog.inmontanis.info\/index.php?rest_route=\/wp\/v2\/posts\/1173\/revisions"}],"predecessor-version":[{"id":9173,"href":"http:\/\/blog.inmontanis.info\/index.php?rest_route=\/wp\/v2\/posts\/1173\/revisions\/9173"}],"wp:attachment":[{"href":"http:\/\/blog.inmontanis.info\/index.php?rest_route=%2Fwp%2Fv2%2Fmedia&parent=1173"}],"wp:term":[{"taxonomy":"category","embeddable":true,"href":"http:\/\/blog.inmontanis.info\/index.php?rest_route=%2Fwp%2Fv2%2Fcategories&post=1173"},{"taxonomy":"post_tag","embeddable":true,"href":"http:\/\/blog.inmontanis.info\/index.php?rest_route=%2Fwp%2Fv2%2Ftags&post=1173"}],"curies":[{"name":"wp","href":"https:\/\/api.w.org\/{rel}","templated":true}]}}