{"id":1157,"date":"2010-03-05T23:00:04","date_gmt":"2010-03-05T21:00:04","guid":{"rendered":"http:\/\/blog.inmontanis.info\/?p=1157"},"modified":"2023-01-07T19:03:50","modified_gmt":"2023-01-07T18:03:50","slug":"petzen-5-3-2010","status":"publish","type":"post","link":"http:\/\/blog.inmontanis.info\/?p=1157","title":{"rendered":"Petzen, 5.3.2010"},"content":{"rendered":"<p><strong>&#8220;SOS.2010&#8221; Tag 14, 5.3.2010: Petzen (Feistritz, K\u00e4rnten)<\/strong> <\/p>\n<p><img src=http:\/\/extra.inmontanis.info\/d\/3062-3\/route5.jpg \/><br \/>\nQ: Petzen<\/p>\n<p>Fr\u00fchzeitig um 7:30 Uhr kam ich von dem Motel an der ungarischen Autobahn weg<!--more-->, lt. meinem Navi hab ich \u00fcber den &#8220;Autobahnring&#8221; in Budapest 13 Minuten verloren &#8211; keine Ahnung wie schnell man auf der k\u00fcrzeren Strecke durch Budapest wirklich gewesen w\u00e4re. <\/p>\n<p>Ca. 2 Autobahnhotels h\u00e4tte es noch gegeben, bzw. direkt an der Grenze auf ungarischer Seite waren auch noch ca. 2 die mit g\u00fcnstigen Preisen lockten (15-30,- las ich). W\u00e4re also durchaus eine Variante, das n\u00e4chste Mal Freitag nachmittag zu starten und dann an der ungarischen Grenze zu \u00fcbernachten. Aber man wirds wohl trotzdem nicht schaffen, am n\u00e4chsten Tag noch wo in RO ski zu fahren, f\u00fcrcht ich&#8230;.<\/p>\n<p>Autoz\u00fcge nach Ungarn\/RO scheints auch nix brauchbares zu geben. Vielleicht doch den Reisepass verl\u00e4ngern und evtl. in Kroatien oder Serbien &#8220;zwischenskifahren&#8221;.<\/p>\n<p><em>(Fotos anklicken zum Vergr\u00f6\u00dfern)<br \/>\n<\/em><\/p>\n<p><a href='http:\/\/extra.inmontanis.info\/d\/3602-3\/P1500598.JPG'><img src=http:\/\/extra.inmontanis.info\/d\/3601-3\/P1500598.JPG \/><\/a><br \/>\n^ Kurz vor Budapest<\/p>\n<p><a href='http:\/\/extra.inmontanis.info\/d\/3606-3\/P1500605.JPG'><img src=http:\/\/extra.inmontanis.info\/d\/3605-3\/P1500605.JPG \/><\/a><br \/>\n^ Autobahn in Ungarn<\/p>\n<p><a href='http:\/\/extra.inmontanis.info\/d\/3610-3\/P1500606.JPG'><img src=http:\/\/extra.inmontanis.info\/d\/3609-3\/P1500606.JPG \/><\/a><br \/>\n^ Grenzstation Ungarn-\u00d6sterreich, nicht mehr verwendet (Schengen)<\/p>\n<p>Eigentlich wollt ich trotzdem noch nach Zelenica, gen 14 Uhr h\u00e4tte ich dort sein sollen. Kurzer Check im Internet und dank Google-\u00dcbersetzung erfahren, dass die Lifte heute nur vormittags in Betrieb sind. Hmpf. Alternativen auf die Schnelle in AT gesucht. Koralpe s\u00e4he vom Plan her interessant aus, aber der Gipfel-SL ist zu, und dann fallen vom Plan betrachtet her zu viele Varianten aus. Ebenfalls gut auf dem Weg war dann der Petzen, wo ich um 13:40 Uhr ankam.<\/p>\n<p>Eine lange und h\u00f6henmeterintensive 6EUB und &#8216;ne handvoll SL, leider unsympathische Betriebszeiten (letzte Bergfahrt evtl. um 15:30, die SL machen auch schon um 15:50 zu), so dass ich nur eine 2 Stunden Karte kaufte. \u00c4tzend: Auf der Koralpe schien die ganze Zeit die Sonne, w\u00e4hrend es am Petzen die ganze Zeit bew\u00f6lkt war. Skigebiet selbst war OK, aber nix, was ich ein zweites Mal br\u00e4uchte.<\/p>\n<p><a href='http:\/\/ski.inmontanis.info\/d\/113133-2\/P1500634.JPG'><img src=http:\/\/ski.inmontanis.info\/d\/113131-3\/P1500634.JPG \/><\/a><br \/>\n^ Pistenplan<\/p>\n<p><a href='http:\/\/ski.inmontanis.info\/d\/113137-2\/ge_petzen.jpg'><img src=http:\/\/ski.inmontanis.info\/d\/113136-3\/ge_petzen.jpg \/><\/a><br \/>\n^ GPS-Track<\/p>\n<p><a href='http:\/\/ski.inmontanis.info\/d\/113142-2\/P1500630.JPG'><img src=http:\/\/ski.inmontanis.info\/d\/113141-3\/P1500630.JPG \/><\/a><br \/>\n^ Skigebiet Petzen samt Gebirge drumrum vom Tal aus betrachtet<\/p>\n<p><a href='http:\/\/ski.inmontanis.info\/d\/113146-2\/P1500633.JPG'><img src=http:\/\/ski.inmontanis.info\/d\/113145-3\/P1500633.JPG \/><\/a><br \/>\n^ Talstation 6EUB Petzen (BJ 1993, macht ca. 1.000hm)<\/p>\n<p><a href='http:\/\/ski.inmontanis.info\/d\/113150-2\/P1500639.JPG'><img src=http:\/\/ski.inmontanis.info\/d\/113149-3\/P1500639.JPG \/><\/a><br \/>\n^ Bergstation 6EUB und SL Stollenlift<\/p>\n<p><a href='http:\/\/ski.inmontanis.info\/d\/113154-2\/P1500644.JPG'><img src=http:\/\/ski.inmontanis.info\/d\/113153-3\/P1500644.JPG \/><\/a><br \/>\n^ Tal-Pano von der Bergstation 6EUB<\/p>\n<p><a href='http:\/\/ski.inmontanis.info\/d\/113158-2\/P1500645.JPG'><img src=http:\/\/ski.inmontanis.info\/d\/113157-3\/P1500645.JPG \/><\/a><br \/>\n^ Tal-Pano von der Bergstation 6EUB<\/p>\n<p><a href='http:\/\/ski.inmontanis.info\/d\/113162-2\/P1500646.JPG'><img src=http:\/\/ski.inmontanis.info\/d\/113161-3\/P1500646.JPG \/><\/a><br \/>\n^ Bergkamm, auf dem links bzw. links dahinter das Skigebiet Koralpe ist<\/p>\n<p><a href='http:\/\/ski.inmontanis.info\/d\/113166-2\/P1500647.JPG'><img src=http:\/\/ski.inmontanis.info\/d\/113165-3\/P1500647.JPG \/><\/a><br \/>\n^ Zoom zum Gipfel-SL an der Koralpe. Pr\u00e4pariert, Sonne, warum lief der heute nicht? Ich hock hier im Schatten&#8230;<\/p>\n<p><a href='http:\/\/ski.inmontanis.info\/d\/113170-2\/P1500653.JPG'><img src=http:\/\/ski.inmontanis.info\/d\/113169-3\/P1500653.JPG \/><\/a><br \/>\n^ Talstation SL Siebenh\u00fctten<\/p>\n<p><a href='http:\/\/ski.inmontanis.info\/d\/113174-2\/P1500654.JPG'><img src=http:\/\/ski.inmontanis.info\/d\/113173-3\/P1500654.JPG \/><\/a><br \/>\n^ SL Siebenh\u00fctten<\/p>\n<p><a href='http:\/\/ski.inmontanis.info\/d\/113178-2\/P1500656.JPG'><img src=http:\/\/ski.inmontanis.info\/d\/113177-3\/P1500656.JPG \/><\/a><br \/>\n^ SL Siebenh\u00fctten (De Pretis). Nette SL-Trasse!<\/p>\n<p><a href='http:\/\/ski.inmontanis.info\/d\/113182-2\/P1500690.JPG'><img src=http:\/\/ski.inmontanis.info\/d\/113181-3\/P1500690.JPG \/><\/a><br \/>\n^ SL Siebenh\u00fctten Bergstation.<\/p>\n<p><a href='http:\/\/ski.inmontanis.info\/d\/113186-2\/P1500692.JPG'><img src=http:\/\/ski.inmontanis.info\/d\/113185-3\/P1500692.JPG \/><\/a><br \/>\n^ Tal-Pano von der Bergstation SL Siebenh\u00fctten. Abfahrt ist leider ziemlich planiert und mit Fangnetzen versehen.<\/p>\n<p><a href='http:\/\/ski.inmontanis.info\/d\/113190-2\/P1500664.JPG'><img src=http:\/\/ski.inmontanis.info\/d\/113189-3\/P1500664.JPG \/><\/a><br \/>\n^ Zoom zu unterschiedlich beleuchteten Gipfeln gegen\u00fcber.<\/p>\n<p><a href='http:\/\/ski.inmontanis.info\/d\/113194-2\/P1500669.JPG'><img src=http:\/\/ski.inmontanis.info\/d\/113193-3\/P1500669.JPG \/><\/a><br \/>\n^ SL Siebenh\u00fctten. Den Gipfel da rechts zoom ich gleich mal her&#8230;<\/p>\n<p><a href='http:\/\/ski.inmontanis.info\/d\/113198-2\/P1500671.JPG'><img src=http:\/\/ski.inmontanis.info\/d\/113197-3\/P1500671.JPG \/><\/a><br \/>\n^ Zoom zu einem nahen Gipfel<\/p>\n<p><a href='http:\/\/ski.inmontanis.info\/d\/113202-2\/P1500675.JPG'><img src=http:\/\/ski.inmontanis.info\/d\/113201-3\/P1500675.JPG \/><\/a><br \/>\n^ Talstation SL Stollenlift, die Talabfahrt geht gleich dahinter weiter<\/p>\n<p><a href='http:\/\/ski.inmontanis.info\/d\/113206-2\/P1500681.JPG'><img src=http:\/\/ski.inmontanis.info\/d\/113205-3\/P1500681.JPG \/><\/a><br \/>\n^ Abfahrt 10 zum Stollen-SL, unpr\u00e4pariert und wohl die mit Abstand nat\u00fcrlichste Abfahrt in diesem Skigebiet.<\/p>\n<p><a href='http:\/\/ski.inmontanis.info\/d\/113210-2\/P1500685.JPG'><img src=http:\/\/ski.inmontanis.info\/d\/113209-3\/P1500685.JPG \/><\/a><br \/>\n^ Talabfahrt 9<\/p>\n<p><a href='http:\/\/ski.inmontanis.info\/d\/113214-2\/P1500686.JPG'><img src=http:\/\/ski.inmontanis.info\/d\/113213-3\/P1500686.JPG \/><\/a><br \/>\n^ Talabfahrt 5 \/ 7<\/p>\n<p><a href='http:\/\/ski.inmontanis.info\/d\/113218-2\/P1500699.JPG'><img src=http:\/\/ski.inmontanis.info\/d\/113217-3\/P1500699.JPG \/><\/a><br \/>\n^ \u00dcbungs-SL<\/p>\n<p><a href='http:\/\/ski.inmontanis.info\/d\/113222-2\/P1500693.JPG'><img src=http:\/\/ski.inmontanis.info\/d\/113221-3\/P1500693.JPG \/><\/a><br \/>\n^ Kirchlein hinter der Bergstation 6EUB <\/p>\n<p>Im Nachhinein betrachtet&#8230; h\u00e4tt ich gestern fr\u00fch in Craiova doch fr\u00fcher losfahren sollen und ab Mittag in RO skifahren sollen und dann heute bis SLO durch fahren. W\u00e4re vermutlich interessanter gewesen als jetzt kurzfristig in AT skizufahren, wo ich gar keinen Plan hatte, was mich in der Gegend noch interessieren k\u00f6nnte.<\/p>\n","protected":false},"excerpt":{"rendered":"<p>&#8220;SOS.2010&#8221; Tag 14, 5.3.2010: Petzen (Feistritz, K\u00e4rnten) <\/p>\n<p> Q: Petzen<\/p>\n<p>Fr\u00fchzeitig um 7:30 Uhr kam ich von dem Motel an der ungarischen Autobahn weg<\/p>\n<p> <a href=\"http:\/\/blog.inmontanis.info\/?p=1157\">[&#8230;]<\/a><\/p>\n","protected":false},"author":1,"featured_media":0,"comment_status":"open","ping_status":"closed","sticky":false,"template":"","format":"standard","meta":{"footnotes":""},"categories":[73,13,213,27],"tags":[39,47],"class_list":["post-1157","post","type-post","status-publish","format-standard","hentry","category-201002sos","category-austria","category-petzen","category-skifahren-winterskiing-winter","tag-6eub","tag-sl","odd"],"_links":{"self":[{"href":"http:\/\/blog.inmontanis.info\/index.php?rest_route=\/wp\/v2\/posts\/1157","targetHints":{"allow":["GET"]}}],"collection":[{"href":"http:\/\/blog.inmontanis.info\/index.php?rest_route=\/wp\/v2\/posts"}],"about":[{"href":"http:\/\/blog.inmontanis.info\/index.php?rest_route=\/wp\/v2\/types\/post"}],"author":[{"embeddable":true,"href":"http:\/\/blog.inmontanis.info\/index.php?rest_route=\/wp\/v2\/users\/1"}],"replies":[{"embeddable":true,"href":"http:\/\/blog.inmontanis.info\/index.php?rest_route=%2Fwp%2Fv2%2Fcomments&post=1157"}],"version-history":[{"count":4,"href":"http:\/\/blog.inmontanis.info\/index.php?rest_route=\/wp\/v2\/posts\/1157\/revisions"}],"predecessor-version":[{"id":8359,"href":"http:\/\/blog.inmontanis.info\/index.php?rest_route=\/wp\/v2\/posts\/1157\/revisions\/8359"}],"wp:attachment":[{"href":"http:\/\/blog.inmontanis.info\/index.php?rest_route=%2Fwp%2Fv2%2Fmedia&parent=1157"}],"wp:term":[{"taxonomy":"category","embeddable":true,"href":"http:\/\/blog.inmontanis.info\/index.php?rest_route=%2Fwp%2Fv2%2Fcategories&post=1157"},{"taxonomy":"post_tag","embeddable":true,"href":"http:\/\/blog.inmontanis.info\/index.php?rest_route=%2Fwp%2Fv2%2Ftags&post=1157"}],"curies":[{"name":"wp","href":"https:\/\/api.w.org\/{rel}","templated":true}]}}