{"id":11278,"date":"2026-03-09T19:15:22","date_gmt":"2026-03-09T18:15:22","guid":{"rendered":"http:\/\/blog.inmontanis.info\/?p=11278"},"modified":"2026-03-11T19:23:49","modified_gmt":"2026-03-11T18:23:49","slug":"luz-ardiden-8-9-3-2026","status":"publish","type":"post","link":"http:\/\/blog.inmontanis.info\/?p=11278","title":{"rendered":"Luz-Ardiden, 8.-9.3.2026"},"content":{"rendered":"<p><strong>So, 8.3.2026<\/strong><\/p>\n<p>W\u00e4hrend der eine Wetterbericht ab 12 Uhr regen in Luz meldet, soll es dem anderen nach bis zum Abend trocken bleiben. Weil ersteres YR und zweiteres Meteoblue war, glaubte ich eher letzterem.<\/p>\n<p>Nach \u00fcber 1000hm Autofahrt kam ich  bei Nebel (ging bald weg) und +2\u00b0  am Parkplatz im Skigebiet an und stellte mich gleich an den schr\u00e4gen unteren, wo man nachts stehen bleiben darf und wo man ja einige Treppen bergauf steigen muss &#8211; aber wenigstens kann man auf Skiern runter fahren. Wann hier morgens die Sonne zuerst wohi scheint, war mir leider nicht klar, morgen fr\u00fch w\u00e4re das halt sinnvoll.<\/p>\n<p>2cm harter Neuschnee auf recht eisiger Unterlge, aber bald generell weich werdend und somit schwerer pappiger Sulz (nicht der sch\u00f6ne weiche Sulz). Hab mir erst eine Crepe Chocolat + Sahne um 4 \u20ac gekauft und sp\u00e4ter noch eine Portion Pommes um 4\u20ac, wo ich mir dann einen Teil aufgehoben hab f\u00fcr abends &#8211; als Erg\u00e4nzung zu den restlichen Gnocchi, weil ich da gestern mehr als nur 100g genommen hatte und somit nicht mehr viel \u00fcbrig waren. <\/p>\n<p><a href='http:\/\/ski.inmontanis.info\/d\/352071-2\/dsc09147.jpg'><img src=http:\/\/ski.inmontanis.info\/d\/352070-3\/dsc09147.jpg \/><\/a><br \/>\n^ Blick aus der 6KSB Aulian r\u00fcber zur 4SB Caperette vorne und 4SB Cloze dahinter<\/p>\n<p><a href='http:\/\/ski.inmontanis.info\/d\/352075-2\/dsc09148.jpg'><img src=http:\/\/ski.inmontanis.info\/d\/352074-3\/dsc09148.jpg \/><\/a><br \/>\n^ 4SB Caperette und schwarze Pique<\/p>\n<p><a href='http:\/\/ski.inmontanis.info\/d\/352079-2\/dsc09156.jpg'><img src=http:\/\/ski.inmontanis.info\/d\/352078-3\/dsc09156.jpg \/><\/a><br \/>\n^ R\u00fcckseitenpano Bergstation 4SB Cloze<\/p>\n<p><a href='http:\/\/ski.inmontanis.info\/d\/352083-2\/dsc09157.jpg'><img src=http:\/\/ski.inmontanis.info\/d\/352082-3\/dsc09157.jpg \/><\/a><br \/>\n^ R\u00fcckseitenpano Bergstation 4SB Cloze<\/p>\n<p><a href='http:\/\/ski.inmontanis.info\/d\/352087-2\/dsc09159.jpg'><img src=http:\/\/ski.inmontanis.info\/d\/352086-3\/dsc09159.jpg \/><\/a><br \/>\n^ R\u00fcckseitenpano Bergstation 4SB Cloze<\/p>\n<p><a href='http:\/\/ski.inmontanis.info\/d\/352091-2\/dsc09162.jpg'><img src=http:\/\/ski.inmontanis.info\/d\/352090-3\/dsc09162.jpg \/><\/a><br \/>\n^ 4SB Cloze mit den schwarzen Abfahrten, gegen\u00fcber die Badette von der Bergstation 4SB Caperette<\/p>\n<p><a href='http:\/\/ski.inmontanis.info\/d\/352095-2\/dsc09164.jpg'><img src=http:\/\/ski.inmontanis.info\/d\/352094-3\/dsc09164.jpg \/><\/a><br \/>\n^ 4SB Cloze mit der roten Abfahrt<\/p>\n<p><a href='http:\/\/ski.inmontanis.info\/d\/352099-2\/dsc09166.jpg'><img src=http:\/\/ski.inmontanis.info\/d\/352098-3\/dsc09166.jpg \/><\/a><br \/>\n^ 4SB Cloze<\/p>\n<p><a href='http:\/\/ski.inmontanis.info\/d\/352103-2\/dsc09167.jpg'><img src=http:\/\/ski.inmontanis.info\/d\/352102-3\/dsc09167.jpg \/><\/a><br \/>\n^ 4SB Caperette und Badette Abfahrt<\/p>\n<p><a href='http:\/\/ski.inmontanis.info\/d\/352107-2\/dsc09169.jpg'><img src=http:\/\/ski.inmontanis.info\/d\/352106-3\/dsc09169.jpg \/><\/a><br \/>\n^ R\u00fcckseitenpano Bergstation 4SB Cloze<\/p>\n<p><a href='http:\/\/ski.inmontanis.info\/d\/352111-2\/dsc09171.jpg'><img src=http:\/\/ski.inmontanis.info\/d\/352110-3\/dsc09171.jpg \/><\/a><br \/>\n^ Vom 4SB Cloze &#8211; Bereich aus zur 4SB Caperette undnten und den beiden 6KSBen dar\u00fcber<\/p>\n<p><a href='http:\/\/ski.inmontanis.info\/d\/352115-2\/dsc09172.jpg'><img src=http:\/\/ski.inmontanis.info\/d\/352114-3\/dsc09172.jpg \/><\/a><br \/>\n^ 4SB Cloze<\/p>\n<p><a href='http:\/\/ski.inmontanis.info\/d\/352119-2\/dsc09179.jpg'><img src=http:\/\/ski.inmontanis.info\/d\/352118-3\/dsc09179.jpg \/><\/a><br \/>\n^ 4SB Source f\u00e4hrt \u00fcber den See &#8211; und die speziellen \u00dcberkopfb\u00fcgel sind auch sehr schwer. War dann morgen geschlossen, weil ja relativ redundant<\/p>\n<p><a href='http:\/\/ski.inmontanis.info\/d\/352123-2\/dsc09181.jpg'><img src=http:\/\/ski.inmontanis.info\/d\/352122-3\/dsc09181.jpg \/><\/a><br \/>\n^ 4SB Caperette Talstation<\/p>\n<p><a href='http:\/\/ski.inmontanis.info\/d\/352127-2\/dsc09182.jpg'><img src=http:\/\/ski.inmontanis.info\/d\/352126-3\/dsc09182.jpg \/><\/a><br \/>\n^ Ex-DSB-Talstation<\/p>\n<p><a href='http:\/\/ski.inmontanis.info\/d\/352131-2\/dsc09185.jpg'><img src=http:\/\/ski.inmontanis.info\/d\/352130-3\/dsc09185.jpg \/><\/a><br \/>\n^ 6KSB Bederet<\/p>\n<p><a href='http:\/\/ski.inmontanis.info\/d\/352135-2\/dsc09186.jpg'><img src=http:\/\/ski.inmontanis.info\/d\/352134-3\/dsc09186.jpg \/><\/a><br \/>\n^ Ex-Lifthaus eines KSSL<\/p>\n<p><a href='http:\/\/ski.inmontanis.info\/d\/352139-2\/dsc09187.jpg'><img src=http:\/\/ski.inmontanis.info\/d\/352138-3\/dsc09187.jpg \/><\/a><br \/>\n^ .. der KSSL hatte sogar diese Br\u00fccke<\/p>\n<p><a href='http:\/\/ski.inmontanis.info\/d\/352143-2\/dsc09188.jpg'><img src=http:\/\/ski.inmontanis.info\/d\/352142-3\/dsc09188.jpg \/><\/a><br \/>\n^ 6KSB Aulian und dahiinter die beiden 4SBen<\/p>\n<p><a href='http:\/\/ski.inmontanis.info\/d\/352147-2\/dsc09190.jpg'><img src=http:\/\/ski.inmontanis.info\/d\/352146-3\/dsc09190.jpg \/><\/a><br \/>\n^ 6KSB Aulian und dahinter 4SB Caperette<\/p>\n<p><a href='http:\/\/ski.inmontanis.info\/d\/352151-2\/dsc09191.jpg'><img src=http:\/\/ski.inmontanis.info\/d\/352150-3\/dsc09191.jpg \/><\/a><br \/>\n^ 4SB Source<\/p>\n<p><a href='http:\/\/ski.inmontanis.info\/d\/352155-2\/dsc09193.jpg'><img src=http:\/\/ski.inmontanis.info\/d\/352154-3\/dsc09193.jpg \/><\/a><br \/>\n^ 4SB Source f\u00e4hrt \u00fcber den See<\/p>\n<p><a href='http:\/\/ski.inmontanis.info\/d\/352159-2\/dsc09195.jpg'><img src=http:\/\/ski.inmontanis.info\/d\/352158-3\/dsc09195.jpg \/><\/a><br \/>\n^ ,, was das l\u00f6chrige Netz \u00fcber dem halben See bringen soll &#8230;<\/p>\n<p><a href='http:\/\/ski.inmontanis.info\/d\/352163-2\/dsc09199.jpg'><img src=http:\/\/ski.inmontanis.info\/d\/352162-3\/dsc09199.jpg \/><\/a><br \/>\n^ 4SB Cloze<\/p>\n<p><a href='http:\/\/ski.inmontanis.info\/d\/352167-2\/dsc09201.jpg'><img src=http:\/\/ski.inmontanis.info\/d\/352166-3\/dsc09201.jpg \/><\/a><br \/>\n^ \u00dcbungs-DSB, bin ich nur 1x gefahren, da unlohnenswerte Abfahrt<\/p>\n<p><a href='http:\/\/ski.inmontanis.info\/d\/352171-2\/dsc09202.jpg'><img src=http:\/\/ski.inmontanis.info\/d\/352170-3\/dsc09202.jpg \/><\/a><br \/>\n^ 4SB Source<\/p>\n<p><a href='http:\/\/ski.inmontanis.info\/d\/352175-2\/dsc09203.jpg'><img src=http:\/\/ski.inmontanis.info\/d\/352174-3\/dsc09203.jpg \/><\/a><br \/>\n^ Ein weiteres Bild aus der Reihe &#8220;ungew\u00f6hnliche Klosp\u00fclungen&#8221;, allein daf\u00fcr hat sich doch der Ausflug in den Pyren\u00e4en gelohnt heuer. Ha ha&#8230;<\/p>\n<p><a href='http:\/\/ski.inmontanis.info\/d\/352179-2\/dsc09205.jpg'><img src=http:\/\/ski.inmontanis.info\/d\/352178-3\/dsc09205.jpg \/><\/a><br \/>\n^ Portion Pommes um 4 \u20ac<\/p>\n<p>Um 15 Uhr hab ich aufgeh\u00f6rt, war mal wieder dichter Nebel durch ne Wolke und der Schnee wurde auch nicht mehr besser.<\/p>\n<p>Jedenfalls, selbst wenn morgen wie heute alles offen sein sollte (was jetzt unter der Woche eher wieder nicht zu erwarten sein wird), wird das morgen mein letzter Tag hier. So wirklich warm werd ich mit dem Gebiet auch nicht. 6KSBen mit Plastikmatten-Einstiegen bereits ab dem Skipassleser (einer so nervig, dass man mit den Stecken hin und wieder stecken bleibt in den L\u00f6chern des Plastikbodens) und lahme 4SBen z\u00e4hlen ja beide nicht zu meinen Lieblingsbef\u00f6rderungsanlagen &#8230;  und genau deshalb hab ich auch keine Lust auf die n\u00e4chsten Wochen in den Pyren\u00e4en, denn au\u00dfer 6KSBen und 4SBen gibts halt fast nichts. Eint\u00f6nig langweilig.<\/p>\n<p>In einer Woche muss ich dann entscheiden, ob ich doch noch nach Masella will und mir dort die Fr\u00fchjahrssasionkarte kaufe und die restlichen Skigebiete erkunde &#8211; oder ob ich mir die 400 km hin und wieder zur\u00fcck und zum Abschluss dann noch einmal hin sparen werde &#8230;.<\/p>\n<p>.. allerdings wei\u00df ich hier auch nicht, was ich noch viel fahren m\u00f6chte. Luz werd ich morgen abschlie\u00dfen, Cauterets und Piau und Peyragudes hab ich keine Lust mehr, Gavarnie wird mir dann auch 2-3 Tage reichen, Grand Tourmalet k\u00f6nnte man vielleicht noch ein paar Tage mehr besuchen aufgrund der Gr\u00f6\u00dfe, Saint Lary, wo ich einen gratis Tag h\u00e4tte und das mir noch fehlt &#8211; und falls ich dann nicht in den Osten will, vielleicht noch einmal LPSM 2 Tage und noch eine Woche Candanchu\/Astun? Dann kommt eh die Ferienwoche vor Ostern, die aber von Spaniern frquentiert wird, einige franz\u00f6sische Regionen haben erst nach Ostern Ferien, aber wieder auf mehrere Wochen aufgeteilt. Das spricht ja dann eigentlich eh gegen Masella + die spanischen Gebiete Ende M\u00e4rz \/ Anfang April.<\/p>\n<p><strong>Mo, 9.3.2026<\/strong><\/p>\n<p>Ab 14 oder 16 Uhr wird hier mal wieder etwas Regen gemeldet, der Vormittag startet mal recht sonnig und sp\u00e4ter wurde der Regen ganz rausgenommen, daf\u00fcr soll er morgen Nachmittag kommen. Wie soll man da nur planen bei den laufend \u00e4ndernden Vorhersagen&#8230;.<\/p>\n<p>Die Schneeberichte, tja .. hier sollen mal doch nur 2 Lifte geschlossen sein ohne Abfahrt, der KSSL und die alte 4SB unten, die ja redundant ist. Weniger sch\u00f6n schaut die Sache in Grand Tourmalet aus, wo alle 3 KSSL auf der Bareges-Seite geschlossen sind, was auch geschlossene Abfahrten bedeutet &#8211; insb. ja der rechte KSSL w\u00e4r mir wichtig gewesen, wobei der wenigstens nicht auf &#8220;ganz geschlossen&#8221;, sondern nur auf &#8220;in Vorbereitung&#8221; steht.<\/p>\n<p><a href='http:\/\/ski.inmontanis.info\/d\/352183-2\/dsc09207.jpg'><img src=http:\/\/ski.inmontanis.info\/d\/352182-3\/dsc09207.jpg \/><\/a><br \/>\n^ Blick ins Skigebiet vom oberen Parkplatz aus<\/p>\n<p><a href='http:\/\/ski.inmontanis.info\/d\/352187-2\/dsc09208.jpg'><img src=http:\/\/ski.inmontanis.info\/d\/352186-3\/dsc09208.jpg \/><\/a><br \/>\n^ 4SB Source (heute unter der Woche zu) und in Verl\u00e4ngerung 4SB Caperette<\/p>\n<p><a href='http:\/\/ski.inmontanis.info\/d\/352191-2\/dsc09209.jpg'><img src=http:\/\/ski.inmontanis.info\/d\/352190-3\/dsc09209.jpg \/><\/a><br \/>\n^ R\u00fcckseitenpano richtung Cauterets<\/p>\n<p><a href='http:\/\/ski.inmontanis.info\/d\/352195-2\/dsc09211.jpg'><img src=http:\/\/ski.inmontanis.info\/d\/352194-3\/dsc09211.jpg \/><\/a><br \/>\n^ 4SB Cloze<\/p>\n<p><a href='http:\/\/ski.inmontanis.info\/d\/352199-2\/dsc09212.jpg'><img src=http:\/\/ski.inmontanis.info\/d\/352198-3\/dsc09212.jpg \/><\/a><br \/>\n^ 4SB Cloze und links die beiden schwarzen Abfahrten<\/p>\n<p><a href='http:\/\/ski.inmontanis.info\/d\/352203-2\/dsc09214.jpg'><img src=http:\/\/ski.inmontanis.info\/d\/352202-3\/dsc09214.jpg \/><\/a><br \/>\n^ 4SB Cloze Abfahrtsstart, genau in Bildmitte dahinten &#8230;<\/p>\n<p><a href='http:\/\/ski.inmontanis.info\/d\/352207-2\/dsc09215.jpg'><img src=http:\/\/ski.inmontanis.info\/d\/352206-3\/dsc09215.jpg \/><\/a><br \/>\n^ &#8230; Bareges, der westliche Teil von Gand Tourmalet<\/p>\n<p><a href='http:\/\/ski.inmontanis.info\/d\/352211-2\/dsc09217.jpg'><img src=http:\/\/ski.inmontanis.info\/d\/352210-3\/dsc09217.jpg \/><\/a><br \/>\n^ Stadt-Zoom ins Flachland. Da hatte ich von den Pyren\u00e4en auch mehr erwartet, was Flachlandpanos anging.<\/p>\n<p>Beim R\u00fcckseitenblick nach Cauterets wurde mir mal wieder klar, dass ich lieber gar nicht Ski fahre als so ein bl\u00f6des Skigebiet wie Cauterets-Lys oder Piau Engaly zu besuchen. \u00dcberhaupt f\u00e4llt mir kein einziges Skigebiet hier in den Pyren\u00e4en ein, auf das ich noch so wirklich Lust h\u00e4tte, erst recht nicht auf meinen Saisonkarten.<\/p>\n<p>Vielleicht sollt ich doch noch einmal nach Ax fahren? Da w\u00fcrde es immerhin die alte Gondelbahn geben, auch wenn es ja auch viele Dinge gibt, die ich dort nervig finde&#8230;<\/p>\n<p>Mittags war die Sonne dann hinter Wolken und ich musste zum Auto und mich w\u00e4rmer anziehen, da es heut doch recht kalt ist und die Pisten auch noch recht hart. Allerdings bin ich ja nach der Arbeit zum oberen Parkplatz gefahren, somit n\u00e4her.<\/p>\n<p><a href='http:\/\/ski.inmontanis.info\/d\/352063-2\/dsc09218.jpg'><img src=http:\/\/ski.inmontanis.info\/d\/352062-3\/dsc09218.jpg \/><\/a><br \/>\n^ Zoom Cauterets-Lys von Luz aus. Selten dass ich auf einem Blick sehe, wie mich ein Skigebiet anekelt und komplett uninteressant ausschaut<\/p>\n<p><a href='http:\/\/ski.inmontanis.info\/d\/352067-2\/dsc09218-2.jpg'><img src=http:\/\/ski.inmontanis.info\/d\/352066-3\/dsc09218-2.jpg \/><\/a><br \/>\n^ Zoom Cauterets-Lys von Luz aus, genauer gesagt die ehemalige 4EUB-Strecke. Da h\u00e4tte der Schnee auch nicht f\u00fcr eine Talabfahrt gereicht. Die EUB rechts startet ja vom Ort aus<\/p>\n<p><a href='http:\/\/ski.inmontanis.info\/d\/352215-2\/dsc09219.jpg'><img src=http:\/\/ski.inmontanis.info\/d\/352214-3\/dsc09219.jpg \/><\/a><br \/>\n^ Die Abfahrt Cretes an der 6KSB Bederet w\u00e4re ja sehr nett, endet aber in tiefem Sulz zur Talstation  einer der beiden 6KSBen.<\/p>\n<p><a href='http:\/\/ski.inmontanis.info\/d\/352219-2\/ge20260308-09a.jpg'><img src=http:\/\/ski.inmontanis.info\/d\/352218-3\/ge20260308-09a.jpg \/><\/a><br \/>\n^ GPS-Track 8.-9.3.2026 in T\u00fcrkis und Gelb, vorherige Besuche Ende November in Rosa<\/p>\n<p>Um 13:40 h\u00f6rte ich wegen Unlust trotzdem schon auf. Oben eisig, unten tief sulzig, jedenfalls so gut wie keine Sonne und entschied noch zuvor 2 Dinge:<\/p>\n<p>1. ich fahr morgen nicht Gavarnie, sondern erst einmal Bareges \/ Tourmalet. Nach 2 Tagen fand ich Gavarnie eh nicht mehr so toll und es ist wieder eine weite Rauffahrerei auf \u00fcber 1800m.<br \/>\n2. ich check heut noch die Skigebeite im Massif Central und den frz. Alpen hinsichtlich \u00d6ffnungsstatus, Saisonschluss und Skipasskosten und ob da vielleicht noch Skigebiete dabei w\u00e4ren, die mich heuer noch reizen w\u00fcrden. Ja, schade wg. Italien und Helmpflicht, sonst w\u00e4r auch das Piemont noch umwegm\u00e4\u00dfig akzeptabel.<\/p>\n<p>Massif Central haben wohl noch 3 Gebiete offen, 2 machen am 22.3., eines am 29.3. zu. Lohnt sich also auch nur beschr\u00e4nkt.<\/p>\n<p>In den frz. Alpen gibts zwar noch genug Skigebiete, die unter 40 \u20ac pro Tag verlangen und auch noch genug, die zumindest  bis zum Osterwochenende offen haben, aber die, die mich am ehesten interessieren .. haben entweder schon zu oder machen dann auch am 22.\/29.3. zu und der Rest bzw. generell, naja &#8211; hab ich auch keine gro\u00dfe Lust drauf.<\/p>\n<p>Entweder ich qu\u00e4le mich hier noch ein paar Wochen bei notorischer Unlust oder ich h\u00f6r auf. Der Umweg nach Schweden ist einfach keine Option heuer.<\/p>\n<p>Auch die anderen Umwege sind eigentlich keine Option mehr. Mit den Ostgebieten um Masella sind das ca. 1000km mehr als wenn ich entweder noch ein wenig im Westen rumfahre oder nochmals nach Ax fahr. Unter Einbezug des  noch nicht besuchten Javalambre w\u00e4re das sogar kaum weniger als via S\u00e4len in Schweden. Ich sag ja, wenn Skistar eine g\u00fcnstige Fr\u00fchjahrssaisonkarte anbieten w\u00fcrde &#8230;. w\u00fcrd ich lieber noch 3 Wochen in S\u00e4len fahren.<\/p>\n<p>Via Ax &#038; Ascou w\u00e4r es sogar k\u00fcrzer als nochmals LPSM und C&#038;A zu fahren, weil ich ja auf jeden Fall jetzt noch ein St\u00fcck \u00f6stlicher, nach Saint Lary, m\u00f6chte. Den gratis Tag von der Gavarnie-Saisonkarte im gr\u00f6\u00dften Skigebiet der franz\u00f6sischen Pyren\u00e4en m\u00f6chte ich mir dann doch nicht entgehen lassen.<\/p>\n<p>Ok, also bleib ich im Westen und h\u00f6r voraussichtlich Ende M\u00e4rz auf oder auch schon fr\u00fcher. Hat wenigstens den Vorteil, der ersten 30\u00b0-Hitzewelle Anfang Mai zu entkommen, indem ich schon fr\u00fcher im UK bin.<\/p>\n<p>Somit werd ich auch folgende Skigebiete in Spanien auslassen, f\u00fcr die man mit der Masella-Saisonkarte eine Tageskarte um 5 \u20ac bekommen h\u00e4tte (und darunter etliche sind, die 3-4m Schnee melden): Vallter 2000, Vall Nuria, la Molina, Port del Comte und die 2014 besuchten Gebiete Port Aine, Espot Esqui und Boi Ta\u00fcll. <\/p>\n<p>Letzteres h\u00e4tt ich ja gern nochmals besucht, w\u00e4re von hier bzw. Saint Lary aus auch am n\u00e4chsten und h\u00e4tte man halbwegs mit Cerler verbinden k\u00f6nnen, aber Boi Ta\u00fcll hat mir zu teure Skip\u00e4sse.<\/p>\n<p><em>Weitere Pl\u00e4ne, Plan\u00e4nderungen, neue Varianten im n\u00e4chsten Bericht.<\/em><\/p>\n","protected":false},"excerpt":{"rendered":"<p>So, 8.3.2026<\/p>\n<p>W\u00e4hrend der eine Wetterbericht ab 12 Uhr regen in Luz meldet, soll es dem anderen nach bis zum Abend trocken bleiben. Weil ersteres YR und zweiteres Meteoblue war, glaubte ich eher letzterem.<\/p>\n<p>Nach \u00fcber 1000hm Autofahrt kam ich bei Nebel (ging bald weg) und +2\u00b0 am Parkplatz im Skigebiet an und stellte mich <a href=\"http:\/\/blog.inmontanis.info\/?p=11278\">[&#8230;]<\/a><\/p>\n","protected":false},"author":1,"featured_media":11280,"comment_status":"closed","ping_status":"closed","sticky":false,"template":"","format":"standard","meta":{"footnotes":""},"categories":[950,16,956,27],"tags":[49,56,38,45],"class_list":["post-11278","post","type-post","status-publish","format-standard","has-post-thumbnail","hentry","category-2025-09-2026-11-pyrenaen-uk-co","category-france","category-luz-ardiden","category-skifahren-winterskiing-winter","tag-4sb","tag-6sb","tag-dsb","tag-see","odd"],"_links":{"self":[{"href":"http:\/\/blog.inmontanis.info\/index.php?rest_route=\/wp\/v2\/posts\/11278","targetHints":{"allow":["GET"]}}],"collection":[{"href":"http:\/\/blog.inmontanis.info\/index.php?rest_route=\/wp\/v2\/posts"}],"about":[{"href":"http:\/\/blog.inmontanis.info\/index.php?rest_route=\/wp\/v2\/types\/post"}],"author":[{"embeddable":true,"href":"http:\/\/blog.inmontanis.info\/index.php?rest_route=\/wp\/v2\/users\/1"}],"replies":[{"embeddable":true,"href":"http:\/\/blog.inmontanis.info\/index.php?rest_route=%2Fwp%2Fv2%2Fcomments&post=11278"}],"version-history":[{"count":2,"href":"http:\/\/blog.inmontanis.info\/index.php?rest_route=\/wp\/v2\/posts\/11278\/revisions"}],"predecessor-version":[{"id":11281,"href":"http:\/\/blog.inmontanis.info\/index.php?rest_route=\/wp\/v2\/posts\/11278\/revisions\/11281"}],"wp:featuredmedia":[{"embeddable":true,"href":"http:\/\/blog.inmontanis.info\/index.php?rest_route=\/wp\/v2\/media\/11280"}],"wp:attachment":[{"href":"http:\/\/blog.inmontanis.info\/index.php?rest_route=%2Fwp%2Fv2%2Fmedia&parent=11278"}],"wp:term":[{"taxonomy":"category","embeddable":true,"href":"http:\/\/blog.inmontanis.info\/index.php?rest_route=%2Fwp%2Fv2%2Fcategories&post=11278"},{"taxonomy":"post_tag","embeddable":true,"href":"http:\/\/blog.inmontanis.info\/index.php?rest_route=%2Fwp%2Fv2%2Ftags&post=11278"}],"curies":[{"name":"wp","href":"https:\/\/api.w.org\/{rel}","templated":true}]}}