{"id":11274,"date":"2026-03-07T18:45:02","date_gmt":"2026-03-07T17:45:02","guid":{"rendered":"http:\/\/blog.inmontanis.info\/?p=11274"},"modified":"2026-03-10T18:54:02","modified_gmt":"2026-03-10T17:54:02","slug":"hautacam-pont-despagne-6-7-3-2026","status":"publish","type":"post","link":"http:\/\/blog.inmontanis.info\/?p=11274","title":{"rendered":"Hautacam + Pont d&#8217;Espagne, 6.-7.3.2026"},"content":{"rendered":"<p>(Skigebiet Nr. 783+784)<\/p>\n<p><strong>Fr, 6.3.2026<\/strong><\/p>\n<p>\u00dcbernachtet hab ich vor Artouste, gemeldet wird heute ganztags Regen, also wieder einmal kein Skitag. <\/p>\n<p>Klar regnet es nicht den ganzen Tag, einen Regentag pro 1-2 Wochen lass ich mir ja noch eingehen, aber die sind f\u00fcr diese Saison aufgebraucht, ich hab heuer keine Lust mehr auf Skifahren bei Regen.<\/p>\n<p>Daher war heute Einkaufen in Lourdes gelpant, Action + E.Leclerc<\/p>\n<p>In Lourdes um 13 Uhr angekomen, nahm die Intensit\u00e4t des Regens erst einmal zu. Und tats\u00e4chich wesentlich mehr Verkehr als ich zu der Zeit erwartet h\u00e4tte. <\/p>\n<p>Gegen\u00fcber vom Action ein Lidl, also erst da kurz rein f\u00fcr Mittagssnack. Gab sogar Brezen, aber 0,69.<\/p>\n<p>Den g\u00fcnstigen H-Milch-Kakao gab&#8217;s leider wieder nicht, wurde wohl abgeschafft.<\/p>\n<p>Der Kasserier war wohl \u00fcberfordert, wenn verschiedene Gegenst\u00e4nde in der Geb\u00e4ckt\u00fcte drin sind, beim ersten Mal machte ich ihn darauf aufmerksam, dass er was vergessen hatte, beim zweiten Mal war&#8217;s mir dann auch egal. Irgendwer wird mir daf\u00fcr wieder anderswo mehr verrechnen &#8230;<\/p>\n<p>Rucksackm\u00e4\u00dfig im Action leider das gleiche Pech wie in dem in Spanien, gibts nicht mehr mit der Seitentasche, da werd ich mich dann also leider anderswo nach einer teureren L\u00f6sung umsehen m\u00fcssen. Ersatzradh\u00fclle gab&#8217;s auch nicht zuf\u00e4llig und Sonnenbrillen sah ich auch keine, dann also gar nix gekauft.<\/p>\n<p>W\u00e4hrend der eine Wetterbericht f\u00fcr morgen und \u00fcbermorgen in Hautacam ganztags Regen meldet, meldet der andere f\u00fcr beide Tage quasi trocken. SO+MO k\u00f6nnten in Luz ein paar trockene Stunden sein. Und bevor am MO in Luz wieder ein paar Lifte stehen sollten,  m\u00fcsste ich also morgen die beiden kleinen Hautacam + Pont d&#8217;Espagne probieren. Falls trocken.<\/p>\n<p>Im E.Leclerc Supermarkt (andernlands wohl als Hypermarkt bezeichnet) anfangs alle G\u00e4nge durchgeschaut und auch was gekauft, was ich nicht auf der Liste hatte.<\/p>\n<p>Sogar einen Bit-Satz f\u00fcr diese komischen Y-Schrauben h\u00e4tte es gegeben, aber die hatte ich letztens ja aufgebohrt&#8230; und grad glaub keinen Bedarf mehr? Mein Ersatzradproblem konnte ich hier auch nicht l\u00f6sen. Schneesocken, Ketten, Lenkrad\u00fcberz\u00fcge, Scheibenwischerbl\u00e4tter, Batterien usw. h\u00e4tte es sogar gegeben.<\/p>\n<p>Allerdings war meine Einkaufst\u00fcte bald voll und ich musste mich einschr\u00e4nken. G\u00fcnstige Sonnenbrille hab ich aber auch keine gefunden. Aber ansonsten werd ich die gro\u00dfen frz. Superm\u00e4rkte wieder sehr vermissen in den anderen L\u00e4ndern. Klar, UK ist auch noch recht nett mit den gro\u00dfen M\u00e4rkten. Und daf\u00fcr hat man in Skandinavien ja z.B die Nuss- und Nasch-Bars zum Selbstmischen. Nur in DE und   AT sind die Superm\u00e4rkte am langweiligsten von den genannten L\u00e4ndern.<\/p>\n<p><a href='http:\/\/extra.inmontanis.info\/d\/143027-2\/img_20260306_144759_5.jpg'><img src=http:\/\/extra.inmontanis.info\/d\/143026-3\/img_20260306_144759_5.jpg \/><\/a><br \/>\n^ Geschirr-Sets mit Skifahrer-Motiv. Lieder fiel mir nichts ein, was ich davon brauchen k\u00f6nnte.<\/p>\n<p><a href='http:\/\/extra.inmontanis.info\/d\/143031-2\/img_20260306_150138_0.jpg'><img src=http:\/\/extra.inmontanis.info\/d\/143030-3\/img_20260306_150138_0.jpg \/><\/a><br \/>\n^ Bits-Set mit ungew\u00f6hnlichen Varianten, aber etwas gro\u00df und schwer, als dass ich mir das jetzt h\u00e4tte kaufen wollen, wenn ich gerade keine derartige Schraube l\u00f6sen muss. Andererseits, wenn, dann bekommt man diese Sonderdinger sicher wieder nirgends.<\/p>\n<p>Da mich der eine Nachtplatz letzes Mal hier in der Gegend  nicht so  \u00fcberzeugt hatte, probierte ich heute mal einen an einem Stadion.<\/p>\n<p>Naja, gibt sch\u00f6nere Parkpl\u00e4tze, aber ein WC g\u00e4b&#8217;s hier, falls es morgen Fr\u00fch offen ist und ich eins brauchen sollte.<\/p>\n<p>Da ich heuer recht wenig Hackfleisch hatte (Hackfleischb\u00e4llchen gibts zwar als Fertiggericht mit Nudeln, aber irgendwie nicht einzeln), nahm ich beim Lidl mal so eine &#8220;Frikadellen&#8221;-Packung mit. Blieb im E.Leclerc noch die Wahl der Qual als Beilage &#8230; Nudeln? TK-Kartoffeln? Oder mal diese Pfannen-Gnocchi-Stangen, die vmtl. \u00e4hnlich Schupfnudeln in \u00d6sterreich sein k\u00f6nnten? Und vielleicht mal so eine Kokos-Curry-So\u00dfe dazu (die hatte ich schon im Beutel, als ich noch vorhandenen Nudeln als Beilage gedacht hab).<\/p>\n<p><a href='http:\/\/extra.inmontanis.info\/d\/143035-2\/dsc09011.jpg'><img src=http:\/\/extra.inmontanis.info\/d\/143034-3\/dsc09011.jpg \/><\/a><br \/>\n^ Essen f\u00fcr die n\u00e4chsten Tage &#8211; Gnocchi in Rollenform, deutsche Frikadellen vom Lidl und Kokos-Curry-Sauce. Ob ich die kleine Klemm-Zange jemals brauchen werde? Sah aber niedlich aus.<\/p>\n<p><strong>Sa, 7.3.2026<\/strong><\/p>\n<p>Die Wettervorhersagen blieben am Morgen wieder uneinheitlich. Meteoblue meldet in Hautacam ab Mittag, in Pont d&#8217;Espagne erst sp\u00e4ter am Nachmittag Regen, yr meldet bei beiden schon ab Vormittag Regen, aber wie so h\u00e4ufig diese Saison, stimmte Meteoblue besser als yr.<\/p>\n<p>Hautacam geh\u00f6rt zu meinem Gavarnie-Saisonpass und Anfang der Saison hatten sie &#8211; wie Artouste &#8211; verk\u00fcndet, einen Teil (bzw. hier den gr\u00e4\u00dften) des Skigebiets schlie\u00dfen zu wollen.<\/p>\n<p>Es galt wieder einmal, ca. 1000hm den Berg hinauf zu fahren. Um 8:45 kam ich bei Sonnenschein am (unteren) Parkplatz an.<\/p>\n<p>&#128681; Gespeicherte Geolocation &#8211; Karte anzeigen: <a href='https:\/\/www.google.com\/maps\/@?api=1&#038;map_action=map&#038;center=42.973555,-0.00923&#038;zoom=12&#038;basemap=terrain' target=_blank> GoogleMaps<\/a> &#128681; <a href='https:\/\/www.openstreetmap.org\/?&#038;mlat=42.973555&#038;mlon=-0.00923#map=10\/42.973555\/-0.00923&#038;layers=P' target=_blank> OSM &#128681;<\/a><\/p>\n<p>Es lag nur noch wenig Schnee und die Hauptabfahrt am Kurven-SL wurde gerade stillgelegt (die Seitenstecken wurden von der Pistenwacht eingesammelt, daher lief der SL schon), der Fu\u00dfweg vom Parkplatz hier ist weit, aber ob man oben k\u00fcrzer gehen m\u00fcsstes und der SL dann \u00fcberhaupt noch in Betrieb w\u00e4re, wusste ich ja nicht.<\/p>\n<p><a href='http:\/\/ski.inmontanis.info\/d\/351879-2\/dsc09025.jpg'><img src=http:\/\/ski.inmontanis.info\/d\/351877-3\/dsc09025.jpg \/><\/a><br \/>\n^ Rechtester KSSL Mulata, stillgelegt<\/p>\n<p><a href='http:\/\/ski.inmontanis.info\/d\/351883-2\/dsc09028.jpg'><img src=http:\/\/ski.inmontanis.info\/d\/351882-3\/dsc09028.jpg \/><\/a><br \/>\n^ Noch ge\u00f6ffnet: Kurven-SL Isaby und SL Cardouet<\/p>\n<p><a href='http:\/\/ski.inmontanis.info\/d\/351887-2\/dsc09033.jpg'><img src=http:\/\/ski.inmontanis.info\/d\/351886-3\/dsc09033.jpg \/><\/a><br \/>\n^ R\u00fcckseitiger KSSL Tramassel &#8211; stillgelegt<\/p>\n<p><a href='http:\/\/ski.inmontanis.info\/d\/351891-2\/dsc09034.jpg'><img src=http:\/\/ski.inmontanis.info\/d\/351890-3\/dsc09034.jpg \/><\/a><br \/>\n^ KSSL Tramassel<\/p>\n<p><a href='http:\/\/ski.inmontanis.info\/d\/351895-2\/dsc09035.jpg'><img src=http:\/\/ski.inmontanis.info\/d\/351894-3\/dsc09035.jpg \/><\/a><br \/>\n^ Als n\u00e4chstes hinterm KSSL Tramassel kam der nun stillgelegte KSSL Trois Seigneurs und ganz hinten KSSL Naouit<\/p>\n<p><a href='http:\/\/ski.inmontanis.info\/d\/351899-2\/dsc09036.jpg'><img src=http:\/\/ski.inmontanis.info\/d\/351898-3\/dsc09036.jpg \/><\/a><br \/>\n^ Kurven-KSSL Trois Seigneurs<\/p>\n<p><a href='http:\/\/ski.inmontanis.info\/d\/351903-2\/dsc09038.jpg'><img src=http:\/\/ski.inmontanis.info\/d\/351902-3\/dsc09038.jpg \/><\/a><br \/>\n^ Ex-KSSL Naouit<\/p>\n<p><a href='http:\/\/ski.inmontanis.info\/d\/351907-2\/dsc09039.jpg'><img src=http:\/\/ski.inmontanis.info\/d\/351906-3\/dsc09039.jpg \/><\/a><br \/>\n^ Direkte Abfahrt am Kurven-SL Isaby, wohl seit heute wg. Schneemangel geschlossen<\/p>\n<p><a href='http:\/\/ski.inmontanis.info\/d\/351911-2\/dsc09040.jpg'><img src=http:\/\/ski.inmontanis.info\/d\/351910-3\/dsc09040.jpg \/><\/a><br \/>\n^ Die beiden in Betrieb befindlichen SL<\/p>\n<p><a href='http:\/\/ski.inmontanis.info\/d\/351915-2\/dsc09043.jpg'><img src=http:\/\/ski.inmontanis.info\/d\/351914-3\/dsc09043.jpg \/><\/a><br \/>\n^ Col de Tramassel, Aufstieg zum Ex-KSSL Moulata<\/p>\n<p><a href='http:\/\/ski.inmontanis.info\/d\/351919-2\/dsc09044.jpg'><img src=http:\/\/ski.inmontanis.info\/d\/351918-3\/dsc09044.jpg \/><\/a><br \/>\n^ Col de Tramassel<\/p>\n<p><a href='http:\/\/ski.inmontanis.info\/d\/351923-2\/dsc09045.jpg'><img src=http:\/\/ski.inmontanis.info\/d\/351922-3\/dsc09045.jpg \/><\/a><br \/>\n^ Aufstieg zum Ex-KSSL Moulata, leider war der Schnee offpiste untauglich, so dass es nicht sinnvoll war, sp\u00e4ter rechts in den Steilhang rein zu fahren<\/p>\n<p><a href='http:\/\/ski.inmontanis.info\/d\/351927-2\/dsc09047.jpg'><img src=http:\/\/ski.inmontanis.info\/d\/351926-3\/dsc09047.jpg \/><\/a><br \/>\n^ Ex-KSSL Moulata R\u00fcckseitenpano<\/p>\n<p><a href='http:\/\/ski.inmontanis.info\/d\/351931-2\/dsc09048.jpg'><img src=http:\/\/ski.inmontanis.info\/d\/351930-3\/dsc09048.jpg \/><\/a><br \/>\n^ Ex-KSSL Moulata R\u00fcckseitenpano<\/p>\n<p><a href='http:\/\/ski.inmontanis.info\/d\/351935-2\/dsc09052.jpg'><img src=http:\/\/ski.inmontanis.info\/d\/351934-3\/dsc09052.jpg \/><\/a><br \/>\n^ Pic du Midi mit seiner PB kann man auch sehen<\/p>\n<p><a href='http:\/\/ski.inmontanis.info\/d\/351939-2\/dsc09055.jpg'><img src=http:\/\/ski.inmontanis.info\/d\/351938-3\/dsc09055.jpg \/><\/a><br \/>\n^ Ex-KSSL Moulata<\/p>\n<p><a href='http:\/\/ski.inmontanis.info\/d\/351943-2\/dsc09057.jpg'><img src=http:\/\/ski.inmontanis.info\/d\/351942-3\/dsc09057.jpg \/><\/a><br \/>\n^ .. und das bisschen Skigebiet, das heuer noch nicht stillgelegt wurde.<\/p>\n<p><a href='http:\/\/ski.inmontanis.info\/d\/351947-2\/dsc09060.jpg'><img src=http:\/\/ski.inmontanis.info\/d\/351946-3\/dsc09060.jpg \/><\/a><br \/>\n^ SL Isaby<\/p>\n<p><a href='http:\/\/ski.inmontanis.info\/d\/351951-2\/ge20260307a.jpg'><img src=http:\/\/ski.inmontanis.info\/d\/351950-3\/ge20260307a.jpg \/><\/a><br \/>\n^ GPS-Track 7.3.2026 in T\u00fcrkis und ehemalige Lifte in Rot<\/p>\n<p>Um 10:40 war ich wieder am Auto und hab aufgeh\u00f6rt. Offpiste war der Schnee noch bruchharschig und onpiste irgendwo dazwischen, gesehen hab ichs, gefahren bin ich, wollte ja noch nach Pont d&#8217;Espagne, wo man leider durch Cauterets durch fahren muss.<\/p>\n<p><a href='http:\/\/extra.inmontanis.info\/d\/143039-2\/dsc09062.jpg'><img src=http:\/\/extra.inmontanis.info\/d\/143038-3\/dsc09062.jpg \/><\/a><br \/>\n^ Zwischen Cauterets und Pont d&#8217;Espagne<\/p>\n<p><a href='http:\/\/extra.inmontanis.info\/d\/143043-2\/dsc09063.jpg'><img src=http:\/\/extra.inmontanis.info\/d\/143042-3\/dsc09063.jpg \/><\/a><br \/>\n^ Eine der Ruinen in Raill\u00e8re<\/p>\n<p><a href='http:\/\/extra.inmontanis.info\/d\/143047-2\/dsc09066.jpg'><img src=http:\/\/extra.inmontanis.info\/d\/143046-3\/dsc09066.jpg \/><\/a><br \/>\n^ Raill\u00e8re<\/p>\n<p><a href='http:\/\/extra.inmontanis.info\/d\/143051-2\/dsc09069.jpg'><img src=http:\/\/extra.inmontanis.info\/d\/143050-3\/dsc09069.jpg \/><\/a><br \/>\n^ Gibt zahlreiche Wasserf\u00e4lle<\/p>\n<p><a href='http:\/\/extra.inmontanis.info\/d\/143055-2\/dsc09070.jpg'><img src=http:\/\/extra.inmontanis.info\/d\/143054-3\/dsc09070.jpg \/><\/a><br \/>\n^ &#8211; wobei hier auch eine Schwefelquelle zu riechen war und links ist ein Heilbad<\/p>\n<p><a href='http:\/\/extra.inmontanis.info\/d\/143059-2\/dsc09071.jpg'><img src=http:\/\/extra.inmontanis.info\/d\/143058-3\/dsc09071.jpg \/><\/a><br \/>\n^ Raill\u00e8re<\/p>\n<p><a href='http:\/\/ski.inmontanis.info\/d\/351955-2\/dsc09076.jpg'><img src=http:\/\/ski.inmontanis.info\/d\/351954-3\/dsc09076.jpg \/><\/a><br \/>\n^ Parkplatz Pont d&#8217;Espagne<\/p>\n<p>Um 11:45 kam ich am Parkplatz in Pont d&#8217;Espagne an, wo man auch nicht sein m\u00f6chte, wenn alles voll ist. An der Einfahrt musste ich nur den QR-Code vom meiner n-py-Saisonkarte lesen lassen. Von hier aus geht eine kleine 8 EUB mit winzigen Stehkabinen ein St\u00fcck weiter hinauf.<\/p>\n<p>&#128681; Gespeicherte Geolocation &#8211; Karte anzeigen: <a href='https:\/\/www.google.com\/maps\/@?api=1&#038;map_action=map&#038;center=42.8519117,-0.1361617&#038;zoom=12&#038;basemap=terrain' target=_blank> GoogleMaps<\/a> &#128681; <a href='https:\/\/www.openstreetmap.org\/?&#038;mlat=42.8519117&#038;mlon=-0.1361617#map=10\/42.8519117\/-0.1361617&#038;layers=P' target=_blank> OSM &#128681;<\/a><\/p>\n<p>Leider war das Skigebiet hier eine komplett herbe Entt\u00e4uschung. Die EUB war so kuzr, dass man gar nichts erreichte, nicht die 3SB ohne laufen ud schon gar nicht die \u00dcbungs-SL. Auf Schneeresten zur 3SB geschoben, die herbeste Entt\u00e4uschung: die 3SB hat keine Fu\u00dfraster. Da wollte ich schon gar nicht mehr mit ihr fahren, aber f\u00fcr die 2 Abfahrten musste ich mir das halt doch wenigstens 2x antun :(<\/p>\n<p>.. leider war die rechte Abfahrt aber nicht nur geschlosssen, sondern an der Bergstation vehement abgesperrt, also fuhr ich diese kack 3SB halt nur einmal. Die beiden Skigebiete in Cauterets sind echt der letzte Dreck. Zum SL lief ich nat\u00fcrlich nicht mehr rauf.<\/p>\n<p>Hatte immerhin den Vorteil, dass ich trocken blieb, weil ich so fr\u00fch aufh\u00f6rte. Ich fuhr dann noch einmal mit der Gondelbahn ohne Ski rauf und runter.<\/p>\n<p><a href='http:\/\/ski.inmontanis.info\/d\/351959-2\/dsc09078.jpg'><img src=http:\/\/ski.inmontanis.info\/d\/351958-3\/dsc09078.jpg \/><\/a><br \/>\n^ Plan; wer hier 8 \u20ac f\u00fcr&#8217;s Parken zahlt anstatt um den selben Preis die EUB zu fahren ist auch selbst Schuld &#8230; Ich musste bei der Einfahrt nur meine Saisonkarte an den Leser halten.<\/p>\n<p><a href='http:\/\/ski.inmontanis.info\/d\/351963-2\/dsc09080.jpg'><img src=http:\/\/ski.inmontanis.info\/d\/351962-3\/dsc09080.jpg \/><\/a><br \/>\n^ 8EUB Talstation<\/p>\n<p><a href='http:\/\/ski.inmontanis.info\/d\/351967-2\/dsc09081.jpg'><img src=http:\/\/ski.inmontanis.info\/d\/351966-3\/dsc09081.jpg \/><\/a><br \/>\n^ Solch kleine Stehkabinen f\u00fcr nur 8 Peresonen sind wohl auch sehr ungew\u00f6hnlich<\/p>\n<p><a href='http:\/\/ski.inmontanis.info\/d\/351971-2\/dsc09084.jpg'><img src=http:\/\/ski.inmontanis.info\/d\/351970-3\/dsc09084.jpg \/><\/a><br \/>\n^ 8EUB Talstation<\/p>\n<p><a href='http:\/\/ski.inmontanis.info\/d\/351975-2\/dsc09085.jpg'><img src=http:\/\/ski.inmontanis.info\/d\/351974-3\/dsc09085.jpg \/><\/a><br \/>\n^ Parkplatz<\/p>\n<p><a href='http:\/\/ski.inmontanis.info\/d\/351979-2\/dsc09088.jpg'><img src=http:\/\/ski.inmontanis.info\/d\/351978-3\/dsc09088.jpg \/><\/a><br \/>\n^ Die 8EUB ist allerdings sehr kurz und endet im Nirgendwo an dieser Anh\u00f6he, wo gar nix ist.<\/p>\n<p><a href='http:\/\/ski.inmontanis.info\/d\/351983-2\/dsc09091.jpg'><img src=http:\/\/ski.inmontanis.info\/d\/351982-3\/dsc09091.jpg \/><\/a><br \/>\n^ Blick runter von der Bergstation zum Fluss, gegen\u00fcber geht die 3SB los. Und wie kommt man da jetzt hin?!<\/p>\n<p><a href='http:\/\/ski.inmontanis.info\/d\/351987-2\/dsc09092.jpg'><img src=http:\/\/ski.inmontanis.info\/d\/351986-3\/dsc09092.jpg \/><\/a><br \/>\n^ 3SB und rechte Abfahrten, die sowieso als unpr\u00e4pariert rot deklariert sind, trotzdem sind sie leider geschlossen und versperrt, warum!?!<\/p>\n<p><a href='http:\/\/ski.inmontanis.info\/d\/351991-2\/dsc09094.jpg'><img src=http:\/\/ski.inmontanis.info\/d\/351990-3\/dsc09094.jpg \/><\/a><br \/>\n^ 8EUB Bergstation<\/p>\n<p><a href='http:\/\/ski.inmontanis.info\/d\/351995-2\/dsc09098.jpg'><img src=http:\/\/ski.inmontanis.info\/d\/351994-3\/dsc09098.jpg \/><\/a><br \/>\n^ Ankunft an der 3SB Talstation &#8230;<\/p>\n<p><a href='http:\/\/ski.inmontanis.info\/d\/351999-2\/dsc09099.jpg'><img src=http:\/\/ski.inmontanis.info\/d\/351998-3\/dsc09099.jpg \/><\/a><br \/>\n^ .. was soll der M\u00fcll? Eine 3SB ohne Fu\u00dfraster? Da mag ich ja schon gar nicht erst rauf fahren.<\/p>\n<p><a href='http:\/\/ski.inmontanis.info\/d\/352003-2\/dsc09102.jpg'><img src=http:\/\/ski.inmontanis.info\/d\/352002-3\/dsc09102.jpg \/><\/a><br \/>\n^ \u00dcbungslifte aus der 3SB gesehen, gegen\u00fcber. Auch nur via Fu\u00dfweg erreichbar. Warum existiert hier \u00fcberhaupt ein Skigebiet? Komplett bescheuert.<\/p>\n<p><a href='http:\/\/ski.inmontanis.info\/d\/352007-2\/dsc09103.jpg'><img src=http:\/\/ski.inmontanis.info\/d\/352006-3\/dsc09103.jpg \/><\/a><br \/>\n^ \u00dcbungslifte, erkl\u00e4rt, warum der etwas l\u00e4ngere rechts nicht in Betrieb ist.<\/p>\n<p><a href='http:\/\/ski.inmontanis.info\/d\/352011-2\/dsc09104.jpg'><img src=http:\/\/ski.inmontanis.info\/d\/352010-3\/dsc09104.jpg \/><\/a><br \/>\n^ 3SB Bergstation, nat\u00fcrlich f\u00e4hrt sie hin und wieder langsamer, dass man noch l\u00e4nger ohne Fu\u00dfraster rumhocken muss.<\/p>\n<p><a href='http:\/\/ski.inmontanis.info\/d\/352015-2\/dsc09105.jpg'><img src=http:\/\/ski.inmontanis.info\/d\/352014-3\/dsc09105.jpg \/><\/a><br \/>\n^ So sind die rechten Abfahrten abgesperrt &#8211; Zugang verboten. Und der Liftler im Blickfeld, also wohl no-go. Der letzte M\u00fcll hier mal wieder<\/p>\n<p><a href='http:\/\/ski.inmontanis.info\/d\/352019-2\/dsc09107.jpg'><img src=http:\/\/ski.inmontanis.info\/d\/352018-3\/dsc09107.jpg \/><\/a><br \/>\n^ Blaue Abfahrt<\/p>\n<p><a href='http:\/\/ski.inmontanis.info\/d\/352023-2\/dsc09108.jpg'><img src=http:\/\/ski.inmontanis.info\/d\/352022-3\/dsc09108.jpg \/><\/a><br \/>\n^ Blaue Abfahrt<\/p>\n<p><a href='http:\/\/ski.inmontanis.info\/d\/352027-2\/dsc09110.jpg'><img src=http:\/\/ski.inmontanis.info\/d\/352026-3\/dsc09110.jpg \/><\/a><br \/>\n^ Blaue Abfahrt<\/p>\n<p><a href='http:\/\/ski.inmontanis.info\/d\/352031-2\/dsc09112.jpg'><img src=http:\/\/ski.inmontanis.info\/d\/352030-3\/dsc09112.jpg \/><\/a><br \/>\n^ Ein Wasserfall an einer Br\u00fccke auf dem Weg zur\u00fcck zum Parkplatz<\/p>\n<p><a href='http:\/\/ski.inmontanis.info\/d\/352035-2\/dsc09113.jpg'><img src=http:\/\/ski.inmontanis.info\/d\/352034-3\/dsc09113.jpg \/><\/a><br \/>\n^ Wasserfall<\/p>\n<p><a href='http:\/\/ski.inmontanis.info\/d\/352039-2\/dsc09114.jpg'><img src=http:\/\/ski.inmontanis.info\/d\/352038-3\/dsc09114.jpg \/><\/a><br \/>\n^ Wasserfall<\/p>\n<p><a href='http:\/\/ski.inmontanis.info\/d\/352043-2\/dsc09118.jpg'><img src=http:\/\/ski.inmontanis.info\/d\/352042-3\/dsc09118.jpg \/><\/a><br \/>\n^ Weg runter zum Parkplatz bzw. zur 8EUB. Da der Weg aber  etliche apere St\u00fccke hatte, fiel auch der zur Wiederholung aus.<\/p>\n<p><a href='http:\/\/ski.inmontanis.info\/d\/352047-2\/dsc09121.jpg'><img src=http:\/\/ski.inmontanis.info\/d\/352046-3\/dsc09121.jpg \/><\/a><br \/>\n^ 8EUB Bergstation<\/p>\n<p><a href='http:\/\/ski.inmontanis.info\/d\/352051-2\/dsc09120.jpg'><img src=http:\/\/ski.inmontanis.info\/d\/352050-3\/dsc09120.jpg \/><\/a><br \/>\n^ Nochmals die rechten Abfahrten von der Bergstatoin 8EUB im Zoom, laut Plan h\u00e4tte ich gar nicht erwartet, dass das 3 Varianten w\u00e4ren. Aber mit der M\u00fcll-3SB h\u00e4tt ich die ja eh  nur ungern fahren wollen.<\/p>\n<p><a href='http:\/\/ski.inmontanis.info\/d\/352055-2\/dsc09122.jpg'><img src=http:\/\/ski.inmontanis.info\/d\/352054-3\/dsc09122.jpg \/><\/a><br \/>\n^ Blick taleinw\u00e4rts von der 8EUB Bergstation &#8211; die SL sieht man hier nicht<\/p>\n<p><a href='http:\/\/ski.inmontanis.info\/d\/352059-2\/ge20260307c.jpg'><img src=http:\/\/ski.inmontanis.info\/d\/352058-3\/ge20260307c.jpg \/><\/a><br \/>\n^ GPS-Track 7.3.2026, in Magenta die \u00dcbungslifte. Bescheuertes Skigebiet<\/p>\n<p>Somit um 13:10 wieder am Auto gewesen. Das andere Skigebiet von Cauterets, Lys, w\u00e4re ja zumindest bisher offiziell das einzige Skigebiet, das zumindest bis 19.4. offen bleiben will,  somit ich, wenn nicht Masella mindestens genauso lang offen bliebe und ich die Saisonkarte dort noch kaufen w\u00fcrde, also dieses Skigebiet in der letzten Woche zwangsl\u00e4ufig h\u00e4tte fahren m\u00fcssen. <\/p>\n<p>Mittlerweile so angepisst on den Pyren\u00e4en und sowieso jeden Tag knapp davor, diese verkackte Wintersaison abzubrechen: n\u00f6, da schei\u00df ich auch drauf.  Ich glaub auch nicht mehr, dass ich mir den Masella-Saisonpass noch antun werde bei den laufenden problematischen Wettervorhersagen und dem weiten Umweg, sondern dass ich eben auf die restlichen Gebiete im Osten verzichte und die Saison hier sp\u00e4testens Anfang \/ Mitte April beende &#8211; oder vielleicht auch schon Ende dieser Woche, je nach weiteren Wettervorhersagen, ich ertrag das einfach nicht mehr, meine Nerven liegen blank und am Ende. <\/p>\n<p>Mit der Masella-Saisonkarte w\u00fcrde man zwar auch im Sommer 3 gratis Tage in Afrika und 3 gratis Tage in Chile bekommen, aber das w\u00fcrd ich mir bei den restlichen Kosten f\u00fcr Flug, Unterkunft, Mietwagen usw. wohl auch nicht antun nur um diese oder jene 3 Tage einzul\u00f6sen. Zumal es in Chile und Venezuela viel interessantere Gebiete g\u00e4be. Aber deren Skipasspreise sind ja auch jenseits von Gut und B\u00f6se. <\/p>\n<p>Ich h\u00e4tte wohl doch Anfang Februar oder wann das war, die Rei\u00dfleine ziehen und nach Schweden fahren sollen, das  Ende mit Schrecken (manche Saisonkarten umsonst gekauft) w\u00e4re besser gewesen als dieser Schrecken ohne Ende.<\/p>\n<p>Da ich gedanklich eh schon abgeschlossen hab mit dieser beschissenen Saison, plan ich schon gar nicht weiter als eine Woche.<\/p>\n<p><a href='http:\/\/extra.inmontanis.info\/d\/143063-2\/dsc09123.jpg'><img src=http:\/\/extra.inmontanis.info\/d\/143062-3\/dsc09123.jpg \/><\/a><br \/>\n^ Wasserfall neben der Stra\u00dfe<\/p>\n<p><a href='http:\/\/extra.inmontanis.info\/d\/143067-2\/dsc09125.jpg'><img src=http:\/\/extra.inmontanis.info\/d\/143066-3\/dsc09125.jpg \/><\/a><br \/>\n^ Einige Ruinen in dieser kleinen Siedlung Raill\u00e8re<\/p>\n<p><a href='http:\/\/extra.inmontanis.info\/d\/143071-2\/dsc09128.jpg'><img src=http:\/\/extra.inmontanis.info\/d\/143070-3\/dsc09128.jpg \/><\/a><br \/>\n^ .. da hinten schaut auch nach Ruine aus<\/p>\n<p><a href='http:\/\/extra.inmontanis.info\/d\/143075-2\/dsc09130.jpg'><img src=http:\/\/extra.inmontanis.info\/d\/143074-3\/dsc09130.jpg \/><\/a><br \/>\n^ <\/p>\n<p><a href='http:\/\/extra.inmontanis.info\/d\/143079-2\/dsc09133.jpg'><img src=http:\/\/extra.inmontanis.info\/d\/143078-3\/dsc09133.jpg \/><\/a><br \/>\n^ Interessant hier in Raill\u00e8re ist aber noch dieser alte Bahnhof bzw. diese alte Stra\u00dfenbahnstation<\/p>\n<p><a href='http:\/\/extra.inmontanis.info\/d\/143083-2\/dsc09134.jpg'><img src=http:\/\/extra.inmontanis.info\/d\/143082-3\/dsc09134.jpg \/><\/a><br \/>\n^ .. denn von 1897 bis 1970 ging hier anscheinend eine kleine Stra\u00dfenbahn von Cauterets aus herauf!!<\/p>\n<p><a href='http:\/\/extra.inmontanis.info\/d\/143087-2\/dsc09135.jpg'><img src=http:\/\/extra.inmontanis.info\/d\/143086-3\/dsc09135.jpg \/><\/a><br \/>\n^ Tram mit Trolley, och schade!!!<\/p>\n<p><a href='http:\/\/extra.inmontanis.info\/d\/143091-2\/dsc09136.jpg'><img src=http:\/\/extra.inmontanis.info\/d\/143090-3\/dsc09136.jpg \/><\/a><br \/>\n^ <\/p>\n<p><a href='http:\/\/extra.inmontanis.info\/d\/143095-2\/dsc09137.jpg'><img src=http:\/\/extra.inmontanis.info\/d\/143094-3\/dsc09137.jpg \/><\/a><br \/>\n^ <\/p>\n<p><a href='http:\/\/extra.inmontanis.info\/d\/143099-2\/dsc09139.jpg'><img src=http:\/\/extra.inmontanis.info\/d\/143098-3\/dsc09139.jpg \/><\/a><br \/>\n^ Die untere Ruine<\/p>\n<p><a href='http:\/\/extra.inmontanis.info\/d\/143103-2\/dsc09145.jpg'><img src=http:\/\/extra.inmontanis.info\/d\/143102-3\/dsc09145.jpg \/><\/a><br \/>\n^ Br\u00fccke der ehemaligen Eisenbahn nach Cauterets<\/p>\n<p>Morgen und Montag soll es in Luz Ardiden jeweils bis ca. 12\/14 Uhr trocken bleiben, heute Abend\/Nacht evtl. noch 10cm schneien. Der Rest der Woche soll \u00e4hnlich bleiben, also jeden tag evtl. nachmittags etwas Regen &#8211; vielleicht aber auch sonnig bleiben. Nach Luz h\u00e4tte ich 2-3 Tage Gavarnie gedacht und 1-2 Tage Bareges \/ Grand Tourmalet. (Aber es kam mal wieder anders.)<\/p>\n<p>Vor ein paar Tagen wurde das britische Pfund mal wieder g\u00fcnstiger und war auf dem Stand von Dezember, aber ich hatte ja keine Zeit, um endlich mal das F\u00e4hrticket zur Isle of Man zu kaufen &#8211; in den letzten Tagen ist es leider wieder teurer geworden. Auch wenn wir da nur von ca. 1% reden.<\/p>\n<p>Insg. 5 Skigebiete in den Pyren\u00e4en sollen morgen den letzten Saisontag haben, nur 2 von denen hab ich besucht. Wobei ich von den anderen 3 aber auch nicht alle besuchen wollte.<\/p>\n","protected":false},"excerpt":{"rendered":"<p>(Skigebiet Nr. 783+784)<\/p>\n<p>Fr, 6.3.2026<\/p>\n<p>\u00dcbernachtet hab ich vor Artouste, gemeldet wird heute ganztags Regen, also wieder einmal kein Skitag. <\/p>\n<p>Klar regnet es nicht den ganzen Tag, einen Regentag pro 1-2 Wochen lass ich mir ja noch eingehen, aber die sind f\u00fcr diese Saison aufgebraucht, ich hab heuer keine Lust mehr auf Skifahren bei <a href=\"http:\/\/blog.inmontanis.info\/?p=11274\">[&#8230;]<\/a><\/p>\n","protected":false},"author":1,"featured_media":11276,"comment_status":"closed","ping_status":"closed","sticky":false,"template":"","format":"standard","meta":{"footnotes":""},"categories":[950,967,16,988,27,32],"tags":[55,53,48,47,40,86],"class_list":["post-11274","post","type-post","status-publish","format-standard","has-post-thumbnail","hentry","category-2025-09-2026-11-pyrenaen-uk-co","category-cauterets","category-france","category-hautacam","category-skifahren-winterskiing-winter","category-lostplaces","tag-3sb","tag-8eub","tag-kssl","tag-sl","tag-strasenbahn","tag-wasserfall","odd"],"_links":{"self":[{"href":"http:\/\/blog.inmontanis.info\/index.php?rest_route=\/wp\/v2\/posts\/11274","targetHints":{"allow":["GET"]}}],"collection":[{"href":"http:\/\/blog.inmontanis.info\/index.php?rest_route=\/wp\/v2\/posts"}],"about":[{"href":"http:\/\/blog.inmontanis.info\/index.php?rest_route=\/wp\/v2\/types\/post"}],"author":[{"embeddable":true,"href":"http:\/\/blog.inmontanis.info\/index.php?rest_route=\/wp\/v2\/users\/1"}],"replies":[{"embeddable":true,"href":"http:\/\/blog.inmontanis.info\/index.php?rest_route=%2Fwp%2Fv2%2Fcomments&post=11274"}],"version-history":[{"count":2,"href":"http:\/\/blog.inmontanis.info\/index.php?rest_route=\/wp\/v2\/posts\/11274\/revisions"}],"predecessor-version":[{"id":11277,"href":"http:\/\/blog.inmontanis.info\/index.php?rest_route=\/wp\/v2\/posts\/11274\/revisions\/11277"}],"wp:featuredmedia":[{"embeddable":true,"href":"http:\/\/blog.inmontanis.info\/index.php?rest_route=\/wp\/v2\/media\/11276"}],"wp:attachment":[{"href":"http:\/\/blog.inmontanis.info\/index.php?rest_route=%2Fwp%2Fv2%2Fmedia&parent=11274"}],"wp:term":[{"taxonomy":"category","embeddable":true,"href":"http:\/\/blog.inmontanis.info\/index.php?rest_route=%2Fwp%2Fv2%2Fcategories&post=11274"},{"taxonomy":"post_tag","embeddable":true,"href":"http:\/\/blog.inmontanis.info\/index.php?rest_route=%2Fwp%2Fv2%2Ftags&post=11274"}],"curies":[{"name":"wp","href":"https:\/\/api.w.org\/{rel}","templated":true}]}}