{"id":11270,"date":"2026-03-05T19:18:33","date_gmt":"2026-03-05T18:18:33","guid":{"rendered":"http:\/\/blog.inmontanis.info\/?p=11270"},"modified":"2026-03-08T19:30:25","modified_gmt":"2026-03-08T18:30:25","slug":"formigal-panticosa-2-5-3-2026-sand-das-ende","status":"publish","type":"post","link":"http:\/\/blog.inmontanis.info\/?p=11270","title":{"rendered":"Formigal &#038; Panticosa, 2.-5.3.2026 \/ Sand \/ das Ende?"},"content":{"rendered":"<p><strong>Mo, 2.3.2026<\/strong><\/p>\n<p>Hab mir um 9:30 frei geommen, hat aber nicht gereicht, um nicht vorher mein WC verwenden zu m\u00fcssen :(<\/p>\n<p>Gleich mal den noch nicht gefahrenen linken Kurven-KSSL gefahren und dann die Au\u00dfenrumabfahrt.<\/p>\n<p>Die &#8220;Churreria&#8221; w\u00e4r heute offen gewesen, also komm ich heut endlich mal zu Churros? Nei, ds h\u00e4ngt keine Preistafel und wenn ich nicht wei\u00df, was die kosten, kauf ich mir auch keine. Schade.<\/p>\n<p>Die nord- und westseitigen schwarzen Varianten waren schneem\u00e4\u00dfig leider gar nicht lohnenswert, weil hart und vereist.<\/p>\n<p><a href='http:\/\/ski.inmontanis.info\/d\/351669-2\/dsc08888.jpg'><img src=http:\/\/ski.inmontanis.info\/d\/351668-3\/dsc08888.jpg \/><\/a><br \/>\n^ An der 8KSB Sallent sind nun auch fast alle Talabfahrten offen<\/p>\n<p><a href='http:\/\/ski.inmontanis.info\/d\/351673-2\/dsc08895.jpg'><img src=http:\/\/ski.inmontanis.info\/d\/351672-3\/dsc08895.jpg \/><\/a><br \/>\n^ 6KSB Cantal und 8KSB Sallent, dahinter wieder einmal der Pic du Midi d&#8217;Ossau, der von Candanchu und Artouste aber imposanter wirkt; fotografiert vom KSSL Tramacastilla<\/p>\n<p><a href='http:\/\/ski.inmontanis.info\/d\/351677-2\/dsc08898.jpg'><img src=http:\/\/ski.inmontanis.info\/d\/351676-3\/dsc08898.jpg \/><\/a><br \/>\n^ KSSL Tramacastilla<\/p>\n<p><a href='http:\/\/ski.inmontanis.info\/d\/351681-2\/dsc08900.jpg'><img src=http:\/\/ski.inmontanis.info\/d\/351680-3\/dsc08900.jpg \/><\/a><br \/>\n^ KSSL Tramacastilla, Kurve 1 und 2<\/p>\n<p><a href='http:\/\/ski.inmontanis.info\/d\/351685-2\/dsc08903.jpg'><img src=http:\/\/ski.inmontanis.info\/d\/351684-3\/dsc08903.jpg \/><\/a><br \/>\n^ KSSL Tramacastilla, zwischen Kurve 2 und Kurve 3<\/p>\n<p><a href='http:\/\/ski.inmontanis.info\/d\/351689-2\/dsc08905.jpg'><img src=http:\/\/ski.inmontanis.info\/d\/351688-3\/dsc08905.jpg \/><\/a><br \/>\n^ Sarrios \/ Izas &#8211; Sektor von KSSL Tramacastilla<\/p>\n<p><a href='http:\/\/ski.inmontanis.info\/d\/351693-2\/dsc08908.jpg'><img src=http:\/\/ski.inmontanis.info\/d\/351692-3\/dsc08908.jpg \/><\/a><br \/>\n^ Sarrios \/ Izas &#8211; Sektor von KSSL Tramacastilla<\/p>\n<p><a href='http:\/\/ski.inmontanis.info\/d\/351697-2\/dsc08909.jpg'><img src=http:\/\/ski.inmontanis.info\/d\/351696-3\/dsc08909.jpg \/><\/a><br \/>\n^ 4SB Crestas, in diesem Bereich sehr viele Abfahrtsvarianten &#8211; zu viel, als dass ich die alle fahren wollte, denn die 4SB ist lang und lahm<\/p>\n<p><a href='http:\/\/ski.inmontanis.info\/d\/351701-2\/dsc08912.jpg'><img src=http:\/\/ski.inmontanis.info\/d\/351700-3\/dsc08912.jpg \/><\/a><br \/>\n^ 4SB Crestas. lang und lahm<\/p>\n<p><a href='http:\/\/ski.inmontanis.info\/d\/351705-2\/dsc08913.jpg'><img src=http:\/\/ski.inmontanis.info\/d\/351704-3\/dsc08913.jpg \/><\/a><br \/>\n^ 4SB Crestas, aber immerhin mit gr\u00fcnen St\u00fctzen und den altmodischen Nummerierungen<\/p>\n<p><a href='http:\/\/ski.inmontanis.info\/d\/351709-2\/dsc08914.jpg'><img src=http:\/\/ski.inmontanis.info\/d\/351708-3\/dsc08914.jpg \/><\/a><br \/>\n^ Links der 4SB Crestas gibts 2 Au\u00dfenrumabfahrten; lt. Plan mehr, aber soweit ich das sah, waren nur 2, max. 3 offen<\/p>\n<p><a href='http:\/\/ski.inmontanis.info\/d\/351713-2\/dsc08915.jpg'><img src=http:\/\/ski.inmontanis.info\/d\/351712-3\/dsc08915.jpg \/><\/a><br \/>\n^ bzw. direkt von der Bergstation ging hier noch eine schwarze runter<\/p>\n<p><a href='http:\/\/ski.inmontanis.info\/d\/351717-2\/dsc08916.jpg'><img src=http:\/\/ski.inmontanis.info\/d\/351716-3\/dsc08916.jpg \/><\/a><br \/>\n^ Zoom ins Skigebiet von Panticosa<\/p>\n<p><a href='http:\/\/ski.inmontanis.info\/d\/351721-2\/dsc08917.jpg'><img src=http:\/\/ski.inmontanis.info\/d\/351720-3\/dsc08917.jpg \/><\/a><br \/>\n^ Vom KSSL Tramacastilla gehen einige schwarze Varianten rechts weg, eine muss man von der Bergstation um den Berg rauf- und rumgehen, die zweite ist hier Tubo Superior, aber der Einstieg war mir zu schmal, steil und eisig heute.<\/p>\n<p><a href='http:\/\/ski.inmontanis.info\/d\/351725-2\/dsc08918.jpg'><img src=http:\/\/ski.inmontanis.info\/d\/351724-3\/dsc08918.jpg \/><\/a><br \/>\n^ .. daher fuhr ich die n\u00e4chste, Tubo Inferior<\/p>\n<p><a href='http:\/\/ski.inmontanis.info\/d\/351729-2\/dsc08919.jpg'><img src=http:\/\/ski.inmontanis.info\/d\/351728-3\/dsc08919.jpg \/><\/a><br \/>\n^ Tubo Mirador, die konnte ich im Dez. ja im oberen Bereich fahren, jetzt kann man sie in ganzer L\u00e4nge fahren<\/p>\n<p><a href='http:\/\/ski.inmontanis.info\/d\/351733-2\/dsc08920.jpg'><img src=http:\/\/ski.inmontanis.info\/d\/351732-3\/dsc08920.jpg \/><\/a><br \/>\n^ DSB Sarrios, die fuhr, so dass ich die Nerv-KSB daneben auslie\u00df.<\/p>\n<p><a href='http:\/\/ski.inmontanis.info\/d\/351737-2\/dsc08922.jpg'><img src=http:\/\/ski.inmontanis.info\/d\/351736-3\/dsc08922.jpg \/><\/a><br \/>\n^ .. dr\u00fcben am KSSL Huegas scheint aber recht viel los zu sein<\/p>\n<p><a href='http:\/\/ski.inmontanis.info\/d\/351741-2\/dsc08924.jpg'><img src=http:\/\/ski.inmontanis.info\/d\/351740-3\/dsc08924.jpg \/><\/a><br \/>\n^ Den Kurven-KSSL Escarra zu fahren, macht leider auch keinen Spa\u00df mehr, da die H\u00fctte neben der Talstation einen lauten Musikl\u00e4rm verbreitet<\/p>\n<p><a href='http:\/\/ski.inmontanis.info\/d\/351745-2\/dsc08925.jpg'><img src=http:\/\/ski.inmontanis.info\/d\/351744-3\/dsc08925.jpg \/><\/a><br \/>\n^ Gegen\u00fcber die 4SB Pico Royo f\u00e4hrt nun auch, bedient vorne eine schwarze Buckelpiste und r\u00fcckseitig eine rote Abfahrt in den Anayet-Sektor<\/p>\n<p><a href='http:\/\/ski.inmontanis.info\/d\/351749-2\/dsc08926.jpg'><img src=http:\/\/ski.inmontanis.info\/d\/351748-3\/dsc08926.jpg \/><\/a><br \/>\n^ Vom KSSL Escarra kann man auch fast die ganzen Abfahrten der Nerv-KSB erreichen<\/p>\n<p><a href='http:\/\/ski.inmontanis.info\/d\/351753-2\/dsc08927.jpg'><img src=http:\/\/ski.inmontanis.info\/d\/351752-3\/dsc08927.jpg \/><\/a><br \/>\n^ Gegen\u00fcber von der Bergstation 4SB Pico Royo zur Nerv-KSB und dem KSSL Escarrra<\/p>\n<p><a href='http:\/\/ski.inmontanis.info\/d\/351757-2\/dsc08928.jpg'><img src=http:\/\/ski.inmontanis.info\/d\/351756-3\/dsc08928.jpg \/><\/a><br \/>\n^ KSSL Escarra mit seinen Varianten, wo ich im Dez. ja ein bisschen was fuhr<\/p>\n<p><a href='http:\/\/ski.inmontanis.info\/d\/351761-2\/dsc08929.jpg'><img src=http:\/\/ski.inmontanis.info\/d\/351760-3\/dsc08929.jpg \/><\/a><br \/>\n^ 4SB Pico Royo<\/p>\n<p><a href='http:\/\/ski.inmontanis.info\/d\/351765-2\/dsc08930.jpg'><img src=http:\/\/ski.inmontanis.info\/d\/351764-3\/dsc08930.jpg \/><\/a><br \/>\n^ .. und r\u00fcckseitige Lapazuso-Abfahrt in den Anayet-Sektor<\/p>\n<p><a href='http:\/\/ski.inmontanis.info\/d\/351769-2\/dsc08931.jpg'><img src=http:\/\/ski.inmontanis.info\/d\/351768-3\/dsc08931.jpg \/><\/a><br \/>\n^ Nun, man kann sich nicht beschweren, dass es nicht eine Preisliste gibt. Ob es alle Produkte wirklich gerade gibt und bis man sie hier allerdings findet &#8230; denn es ist alphabetisch sortiert, also Essen und Trinken gemischt.<\/p>\n<p>.. bis ich den Zettel duch hatte und Churros 4 Stk um 3 \u20ac entdeckte, waren mir zu viel Leute angestanden, als dass ich da jetzt minutenlang h\u00e4tte warten wollen, um dann evtl. doch wieder nur vertr\u00f6stet zu werden, heute keine Churros oder erst ab xx Uhr. <\/p>\n<p><a href='http:\/\/ski.inmontanis.info\/d\/351773-2\/dsc08932.jpg'><img src=http:\/\/ski.inmontanis.info\/d\/351772-3\/dsc08932.jpg \/><\/a><br \/>\n^ Anayet. H\u00f6rt sich so sch\u00f6n t\u00fcrkisch an ;)<\/p>\n<p><a href='http:\/\/ski.inmontanis.info\/d\/351777-2\/dsc08934.jpg'><img src=http:\/\/ski.inmontanis.info\/d\/351776-3\/dsc08934.jpg \/><\/a><br \/>\n^ .. quasi das Gegenbild zu vorher<\/p>\n<p><a href='http:\/\/ski.inmontanis.info\/d\/351781-2\/dsc08935.jpg'><img src=http:\/\/ski.inmontanis.info\/d\/351780-3\/dsc08935.jpg \/><\/a><br \/>\n^ Zoom Portalet-Pass mit den H\u00e4usern<\/p>\n<p><a href='http:\/\/ski.inmontanis.info\/d\/351785-2\/dsc08936.jpg'><img src=http:\/\/ski.inmontanis.info\/d\/351784-3\/dsc08936.jpg \/><\/a><br \/>\n^ 6KSB Espelunciecha hat nun auch mehr offene Abfahrten als im Dez.<\/p>\n<p><a href='http:\/\/ski.inmontanis.info\/d\/351789-2\/dsc08937.jpg'><img src=http:\/\/ski.inmontanis.info\/d\/351788-3\/dsc08937.jpg \/><\/a><br \/>\n^ .. die schaut auch nett aus, ist es aber nur kurz<\/p>\n<p><a href='http:\/\/ski.inmontanis.info\/d\/351793-2\/dsc08940.jpg'><img src=http:\/\/ski.inmontanis.info\/d\/351792-3\/dsc08940.jpg \/><\/a><br \/>\n^ Von der Bergstation 6KSB Espelunciecha kommt man auch zu dem Pistenraupentransport &#8211; warum die nicht einfach einen SL bauen?! Jedenfalls mir heute zu voll.<\/p>\n<p><a href='http:\/\/ski.inmontanis.info\/d\/351797-2\/dsc08942.jpg'><img src=http:\/\/ski.inmontanis.info\/d\/351796-3\/dsc08942.jpg \/><\/a><br \/>\n^ Tubo Mirador<\/p>\n<p><a href='http:\/\/ski.inmontanis.info\/d\/351801-2\/dsc08943.jpg'><img src=http:\/\/ski.inmontanis.info\/d\/351800-3\/dsc08943.jpg \/><\/a><br \/>\n^ Sarrios\/Izas-Sektor, den Ischgl-Vergleich hab ich ja schon im Dezember gebracht<\/p>\n<p>Ich hatte mich so gefreut, endlich wieder nach Formigal zu kommen. Fand ich Formigal Anfang Dezember ja ziemlich genial, ging es mir heute sehr schnell auf den Keks, zu gro\u00df, zu voll, zu stressig, zu laut.<\/p>\n<p>Ab 14 Uhr hatte ich keine Lust mehr &#8230;<br \/>\n.. mir zu \u00fcberlegen, welche Abfahrten ich noch fahren m\u00f6chte, welche ich auslass, welche mir noch fehlen, und ob da der Schneezustand noch vereist oder schon weich sein k\u00f6nnte,<br \/>\n.. auf den eisigen Wind, der durch die d\u00fcnne Jacke wehte, weil der geklebte Riss wieder offen ist und ich nur das d\u00fcnnere Sweatshirt heut anhab<br \/>\n.. auf die eiskalten Finger, weil ich nicht die heizbaren Handschuhe anhatte, die mir letzte Woche bei Sonnenschein immer zu warm waren<\/p>\n<p>Um 15 Uhr hab ich dann aufgeh\u00f6rt, schade bei dem sonnigen Wetter &#8211; somit h\u00e4tte ich mir mal wieder den halben Tag Urlaub (=1,5h) sparen k\u00f6nnen.  <\/p>\n<p>Falls mir morgen Panticosa besser gefallen sollte als im Dezember, bleib ich vielleicht gleich noch einen 2. Tag. <\/p>\n<p>Benzin kostete unversch\u00e4mte 1,659 \u20ac, daf\u00fcr h\u00e4tt ich die letzten Tage auch in FR tanken k\u00f6nnen (n\u00e4chste Woche nat\u00fcrlich nicht mehr).<\/p>\n<p>Ich fuhr zum kostenpflichtigen Stellplatz mit den wenigen Stroms\u00e4ulen, wo noch etliche frei waren. (10 \u20ac + 5 \u20ac Strom)<\/p>\n<p>Aufgrund der noch starken Sonneneinstrahlung war nat\u00fcrlich noch lange kein  Heizl\u00fcfter n\u00f6tig.<\/p>\n<p>Bei genauerer Inspektion der Jacke: Der Klebe-Flickstoff ist gar nicht richtig ab, sondern die Jacke ist an einer anderen Stelle neu eingerissen! Also wohl Materialerm\u00fcdung und hatte nichts mit dem Sturz zu tun. Soll ich daf\u00fcr jetzt so viel Flickstoff verwenden oder einfach die andere Sommerjacke oder die alte Regenjacke verwenden?!  Letzere wird etwas k\u00e4lter sein, die neuen Regenjacken haben keine verschlie\u00dfbaren Taschen (somit untauglich wg Skipass) und auch keine Innentasche.<\/p>\n<p><a href='http:\/\/extra.inmontanis.info\/d\/143007-2\/dsc08944.jpg'><img src=http:\/\/extra.inmontanis.info\/d\/143006-3\/dsc08944.jpg \/><\/a><br \/>\n^ Interessant, der geklebe Riss im Jacken\u00e4rmel ist nur zum Teil aufgegangen, aber es gibt nun noch einen zweiten Riss, jeweils \u00fcbrigens genau an der Kante von der r\u00fcckseitigen Naht-Verklebung.<\/p>\n<p><a href='http:\/\/extra.inmontanis.info\/d\/143011-2\/dsc08945.jpg'><img src=http:\/\/extra.inmontanis.info\/d\/143010-3\/dsc08945.jpg \/><\/a><br \/>\n^ .. dann halt ein breiterer Streifen Flickstoff drauf geklebt. Vmtl. werd ich die Jacke eh nur heuer brauchen, in Skandinavien ist mir die zu d\u00fcnn und kalt ;)<\/p>\n<p><a href='http:\/\/extra.inmontanis.info\/d\/143015-2\/dsc08946.jpg'><img src=http:\/\/extra.inmontanis.info\/d\/143014-3\/dsc08946.jpg \/><\/a><br \/>\n^ Auch die Regenhose hab ich im unteren Teil gleich mal mit Gewebeband innen verklebt, weil sie schon kleine L\u00f6cher von den Skikanten hatte<\/p>\n<p>Bei meiner neuen Batterie war beim letzten Ladevorgang unterwegs das BMS schon arg daneben, was den F\u00fcllstand anging und lud bei 99% noch weiter, aber heut lie\u00df die Batterie nochmals viel mehr Strom rein nachdem sie schon 99% angezeigt hatte &#8211; und meinte, sie w\u00fcrde trotz 99% noch 2h mit 10A laden wollen &#8230;<\/p>\n<p>Um 22:50 kamen noch WoMos in den Servicebereich &#8211; also Ver- und Entsorgung Wasser usw. &#8211; ich find das assozial den anderen gegen\u00fcber, die hier die Nacht stehen. Kein echter Wohnmobilist sollte so im Stress sein, dass er um die Uhrzeit noch rumfahren muss. <\/p>\n<p>Um 0:15 Uhr bin ich wach geworden, weil der Heizer (der norwegische Schuhheizer mit der geringeren Heizleistung als der am Boden, der momentan zu warm w\u00e4re) nicht mehr lief &#8211;  alle Funksteckdosen waren aus, da hatte es wohl enen kurzen Stromausfall gegeben, war aber wieder da. So kann die Batterie nicht laden!<\/p>\n<p><strong>Di, 3.3.2026<\/strong><\/p>\n<p>Laut Plan sollten heute alle Abfahrten in Panticosa offen sein &#8211; inkl. der Talabfahrt. Einen Platz hab ich oben neben Campern bekommen &#8211; ob die aber ruhig w\u00e4ren nachts d\u00fcrfte wohl bezweifelt werden, auch die Standheizung vom alten, heruntergekommenen VW-Bus neben mir k\u00f6nnte mich st\u00f6ren  &#8211; und einen platten Reifen hatte der auch.<\/p>\n<p>.. daf\u00fcr entdeckte ich hier stehend die alte DSB-Talststation!<\/p>\n<p><a href='http:\/\/ski.inmontanis.info\/d\/351637-2\/dsc08947.jpg'><img src=http:\/\/ski.inmontanis.info\/d\/351636-3\/dsc08947.jpg \/><\/a><br \/>\n^ Ex-DSB vom Tal<\/p>\n<p><a href='http:\/\/ski.inmontanis.info\/d\/351641-2\/dsc08950.jpg'><img src=http:\/\/ski.inmontanis.info\/d\/351640-3\/dsc08950.jpg \/><\/a><br \/>\n^ <\/p>\n<p><a href='http:\/\/ski.inmontanis.info\/d\/351645-2\/dsc08951.jpg'><img src=http:\/\/ski.inmontanis.info\/d\/351644-3\/dsc08951.jpg \/><\/a><br \/>\n^ Ex-DSB vom Tal<\/p>\n<p><a href='http:\/\/ski.inmontanis.info\/d\/351649-2\/dsc08952.jpg'><img src=http:\/\/ski.inmontanis.info\/d\/351648-3\/dsc08952.jpg \/><\/a><br \/>\n^ Ex-DSB vom Tal<\/p>\n<p><a href='http:\/\/ski.inmontanis.info\/d\/351653-2\/dsc08954.jpg'><img src=http:\/\/ski.inmontanis.info\/d\/351652-3\/dsc08954.jpg \/><\/a><br \/>\n^ Die Ex-DSB von vorher startete links des oberen Parkplatzes, also auf der anderen Seite des Flusses<\/p>\n<p>Ziel war also erst einmal wie \u00fcblich die Abfahrten zu fahren, die ich bei meinem letzten Besuch noch nicht fahren konnte.<\/p>\n<p>Das Wetter war bedeckt und entgegen der Vorhersagen nieselte es bereits bei der Auffahrt mit der EUB.  Da bin ich wohl falsch angezogen f\u00fcr :(<\/p>\n<p>.. dann also Talabfahrt und nochmals zum Auto und Regenkleidung usw. anziehen.<\/p>\n<p><a href='http:\/\/ski.inmontanis.info\/d\/351657-2\/dsc08955.jpg'><img src=http:\/\/ski.inmontanis.info\/d\/351656-3\/dsc08955.jpg \/><\/a><br \/>\n^ Mittlerweile sind auch hier mehr Abfahrten offen, es sollen alle Lifte und Abfahrten offen sein &#8230;<\/p>\n<p><a href='http:\/\/ski.inmontanis.info\/d\/351661-2\/dsc08959.jpg'><img src=http:\/\/ski.inmontanis.info\/d\/351660-3\/dsc08959.jpg \/><\/a><br \/>\n^ Sogar die schwarze Valle de Tena von der DSB-Bergstation wird pr\u00e4pariert<\/p>\n<p>Oben dann auch mal etws mehr Regentropfen und ganz oben nasser Schneefall. <\/p>\n<p>Nicht nur, dass man wieder einmal von der Wettervorhersage betrogen wurde, auch die Anzeige offener Lifte und Abfahrten war eine L\u00fcge, denn der r\u00fcckseitige R\u00fcckbringer-Lift von der obersten kurzen 4SB ud somit auch deren linken Abfahrten war nicht in Betrieb.<\/p>\n<p>Ich kann nicht mehr, ich mag nicht mehr, dass Fass ist \u00fcbergelaufen, die Pyren\u00e4en haben mich nun endg\u00fcltig gebrochen. Die noch nicht gefahrenen Lifte und Abfahrten und Skigiebtiete, interessieren mich nicht mehr. Ich will nur noch raus aus diesen verfickten Pyren\u00e4en und diesen verfickten Winter beenden und nie, nie wieder in diese Pyren\u00e4en zur\u00fcckkehren.<\/p>\n<p>Um 14 Uhr somit entnervt (nicht mehr nur genervt) aufgeh\u00f6rt, ohne alle Lifte und ohne alle Abfahrten gefahren zu sein, war mir eh zu regnerisch schon wieder.<\/p>\n<p><a href='http:\/\/ski.inmontanis.info\/d\/351665-2\/ge20260303a.jpg'><img src=http:\/\/ski.inmontanis.info\/d\/351664-3\/ge20260303a.jpg \/><\/a><br \/>\n^ GPS-Track 3.3.2026 in T\u00fcrkis, vorheriger Besuch in Gelb, nicht alle Abfahrten und nicht alle Lifte gefahren<\/p>\n<p>Ich fuhr wieder zum  kostenpflichtigen Stellplatz um ein paar weitere oder finale Planungen zu machen. K\u00f6nnte ein Besuch des Massif Central auf dem Weg, falls es da gerade sonnig sein sollte, sinnvoll sein? Oder gar ein Abstecher zu den Skigebieten in Schottland, liegt da geung Schnee zu Ostern heuer? Viel schlechter wie in den Pyren\u00e4en kann das schottische Wetter ja auch nicht mehr sein. Schnee, Regen, Sturm, das ist auch genau das, was man aus Schottland erwartet. Ok, tausche M\u00fcllwetter gegen M\u00fcllwetter &#8211; ist auch sinnlos. <\/p>\n<p>20 Skitage hab ich nun auf die spanische Pirineos-Saisonkarte zusammen, macht also 31,70 \u20ac pro Tag. Urspr\u00fcnglich geplant hatte ich 22-25 Tage.<\/p>\n<p>21 (+ 0,5) Skitage sinds auf der franz\u00f6sischen n&#8217;py Saisonkarte, was 33,33 \u20ac entspricht. Das ist schon noch recht wenig, geplant h\u00e4tte ich hier 36-44 Tage gehabt.<\/p>\n<p>Die Wettervorhersagen fur die n\u00e4chsten 14 Tage sind wieder zu vergessen, kaum mal ein sonniger Tag und fast jeden Tag kann es Regen geben. Ich hab einfach keine Nerven mehr f\u00fcr diese schei\u00df Wettervorhersagen und eine ganze Woche auf beseres Wetter zu warten. Morgen und \u00dcbermorgen wird nachmittags auch wieder Regen gemeldet hier in Formigal. Freitag wurde ja sowieso schon vor einigen Tagen Regen gemeldet, evtl. nun weniger, aber trotzdem vorhanden. Die franz\u00f6sische Seite kann man ab Donnerstag wohl komplett vergessen. <\/p>\n<p>Das Massif Central liegt von hier aus eigentlich auch nicht auf dem Weg nach UK. Und die Skigebiete in Schottland haben aktuell weniger als die H\u00e4lfte offen und kaum Schnee, ob die Ostern noch offen sein werden, ist also sehr fraglich.<\/p>\n<p>Soll ich jetzt ne Woche hier irgendwo rumgammeln und noch ein allerletztes Mal auf Wetterbesserung hoffen? Oder mach ich mich doch auf den Weg ins UK? <\/p>\n<p>Morgen w\u00e4r wohl noch der letzte Tag, wo es vermutlich trocken sein k\u00f6nnte, aber auch nur bei einer Wettervorhersagenseite, die andere w\u00fcrde mir nicht mal das mehr g\u00f6nnen. Daf\u00fcr n\u00e4chste Woche k\u00e4lter und Schnee. <\/p>\n<p>Ich hatte es letzte Woche ja in Astun\/Candanchu fast schon bef\u00fcrchtet &#8211; das war die erste Sch\u00f6nwetterwoche dieser Saison und wird wohl auch die einzige bleiben :(<\/p>\n<p>Aber nicht nur im Westen, auch im Osten wird so schei\u00dfe gemeldet, also auch wenn ich mir jetzt die Masella-Karte kaufen w\u00fcrde, w\u00fcrd&#8217;s nix bringen, die n\u00e4chsten 8 Tage sollen wieder einmal schei\u00dfe werden in diesen schei\u00df Pyren\u00e4en in diesem schei\u00df heurigen Winter..<\/p>\n<p>Und auch heute kam wieder so ein Assi, wenn man schlafen will, nach 23 Uhr. Aber mein Heizl\u00fcfter ist zum Gl\u00fcck laut genug und \u00fcberdeckt den meisten L\u00e4rm.<\/p>\n<p><strong>Mi, 4.3.2026<\/strong><\/p>\n<p>Am Morgen meldeten nun beide Wetterberichte nachmittags etwas Regen hier und morgen ab 16 Uhr&#8230; Tja, ob man sich auf beides wird verlassen k\u00f6nnen oder dann so verlassen ist wie gestern &#8230;<\/p>\n<p>Um 11 Uhr wurde dann f\u00fcr heute im Bereich um 13\/14 Uhr mal etwas Regen gemeldet. D.h. ich m\u00fcsste wieder einmal die Regenjacken anziehen. <\/p>\n<p>Rein vorhersagetechnisch w\u00fcrd ich also heute eher nass werden als morgen, weil es ja morgen erst ab 16 Uhr regnen soll.<\/p>\n<p>Ich hab diese Wintersaison so satt. Gemeinerweise verlief dieser Winter  in Schweden heuer ja auch sehr sonnig, aber zumeist trotzdem schneereicher als letztes Jahr.<\/p>\n<p>F\u00fcr den Ort mit dem Stellplatz war um 11 Uhr auch Regen gemeldet, schien eher die Sonne. Man k\u00f6nnte ja noch einen Tag hier bleiben und zum kleinen Supermarkt in den Ort gehen. Kann da aber auch gerne drauf verzichten, dabei nass zu werden.<\/p>\n<p>Ein Blick um 11:40 vom WC am Platz in die andere Richtung: Ja, da schauts nach Regen aus. Ich verl\u00e4ngerte den Platz und blieb stehen und wollte ein paar Dinge aufr\u00e4umen.<\/p>\n<p>Um 11:45 die ersten Regentropfen, so viel zum Thema die schwarzen Head ins Auto einr\u00e4umen, weil sie gerade trocken und nicht so schmutzig sind. Ab 12 Uhr war dann alles nass. <\/p>\n<p>Als es aufh\u00f6rte ging ich mal zum Supermarkt vor. TK-Pommes gab&#8217;s leider keine in gew\u00fcnschter Gr\u00f6\u00dfe, also nahm ich halt wieder einmal eine TK-Pizza mit. Diesmal eine Dr. Oetker Barbacoa. Hier halt vmtl. etwas teurer, der kleine Supermarkt ist t\u00e4glich durchgehend 8:30-20:30 an 365 Tagen offen lt. Anschlag. K\u00f6nnte ein Inder gewesen sein, wie in diesen lokalen Mini-M\u00e4rkten im UK auch fast immer.<\/p>\n<p>Interessant auch die Mehrwertsteuer am Kassenzetel: der geschnittene K\u00e4se 4%,die restlichen Lebensmittell 10%. <\/p>\n<p><a href='http:\/\/extra.inmontanis.info\/d\/143019-2\/dsc08960.jpg'><img src=http:\/\/extra.inmontanis.info\/d\/143018-3\/dsc08960.jpg \/><\/a><br \/>\n^ Spanische BBQ-Pizza und diverse andere Eink\u00e4ufe<\/p>\n<p>Bissl Auto gereinigt an den T\u00fcren plus die Winterjacke in den Kofferraum verr\u00e4umt, wenigstens wieder ein Trumm weniger vorne. Um 13:40 kamen die n\u00e4chsten Regentropfen. Aber da kam nicht mehr, erst nach 15:40 Uhr. Nur gut, dass ich heut nicht Skifahren bin.<\/p>\n<p>N\u00e4chsten Sonntag, 8.3., machen die ersten Skigebiete zu, Gavarnie hat nun vom 15. bis 22.3. verl\u00e4ngert, aber bei den Wetteraussichten w\u00fcrde ich wohl auch bis 22.3. nicht noch einmal vorbei kommen mit meiner Saisonkarte. Falls es n\u00e4chste Woche tats\u00f6chlich 2 trockene Tage geben sollte, w\u00fcrd ich die lieber in Grand Tourmalet verbringen. Oder noch einmal Luz Ardiden.<\/p>\n<p>Wenn Skistar so eine verg\u00fcnstigte Fr\u00fchjahrssasionkarte anbieten w\u00fcrde wie Masella, ich w\u00fcrd doch noch nach Schweden fahren.<\/p>\n<p>Kurz vor dem Beenden des Bilderbearbeitens hat sich mein PC in eine Swap-Todesspirale begeben, weil ja 8 GB RAM fehlen. Falls ich damit die 200 Bilder von Candanchu heute umsonst bearbeitet, aussortiert und betitelt haben sollte, war&#8217;s das mit dem Blog hier, keine Lust, den Schei\u00df noch einmal zu machen. <\/p>\n<p>Jedenfalls wartete ich 4 Stunden bis zum Schlafengehen darauf, dass das System wieder reagiert und lie\u00df es noch \u00fcber Nacht laufen.  Auch am Morgen war der PC noch beim swappen ud nicht bedienbar, daher abw\u00fcrgen m\u00fcssen, neu gestartet und gleich mal geschaut &#8211; zum Gl\u00fcck war meine Bildbearbeitung gespeichrt. Oder h\u00e4tte ich mir das Gegenteil gew\u00fcnscht? Ein Teil von mir h\u00e4tte gern mehr Zeit und w\u00fcrde sich dieses Bilderbearbeiten und Blogschreiben schon auch gerne sparen.<\/p>\n<p>Leider scheint es wieder einmal einen kurzen Stromausfall gegeben zu haben, meine Funksteckdosen waren stromlos und in der Batterie fehlten 20A. Der Heizer auf der heute direkten Steckdose hatte sich nachts nicht ausgeschaltet. Oder irgendein Nachbarcamper hat auch diese Funksteckdosen?!<\/p>\n<p><strong>Do, 5.3.2026<\/strong><\/p>\n<p>Je nach Wetterbericht wird heute ab 14 oder 16 Uhr Regen im Skigebiet gemeldet. D.h. ich sollte maximal bis 14 Uhr bleiben, wenn ich \u00fcberhaupt Lust haben sollte.<\/p>\n<p>Ob es dr\u00fcben in Frankreich nun am SA oder am SO trocken bleibt oder weder noch, \u00e4ndert sich auch alle paar Stunden. Jedenfalls in den n\u00e4chsten 14 Tagen kein stabiles Wetter in Sicht, weder hier, noch im Osten (Masella).<\/p>\n<p>Mein Auto ist extrem dreckig durch den Regen geworden und heute war die Sicht diesig &#8211; deutet beides auf einen Sand-Einfall hin, endlich S\u00fcdwind aus der Sahara? Das h\u00e4tte ich mir ja heuer eh hier gew\u00fcnscht, mal wieder sandigbraunen Schnee zu sehen.<\/p>\n<p>Um 11:35 uhr war ich dann am obersten Parkplatz am Portalet und hoffte also mal, bis 14 oder 15 Uhr trocken skifahren zu k\u00f6nnen&#8230;.<\/p>\n<p><a href='http:\/\/ski.inmontanis.info\/d\/351805-2\/dsc08968.jpg'><img src=http:\/\/ski.inmontanis.info\/d\/351804-3\/dsc08968.jpg \/><\/a><br \/>\n^ Nicht nur auf den Stra\u00dfen k\u00f6nnen L\u00f6cher sein &#8211; auch auf den Parkpl\u00e4tzen sollte man vorsichtig sein<\/p>\n<p><a href='http:\/\/ski.inmontanis.info\/d\/351809-2\/dsc08972.jpg'><img src=http:\/\/ski.inmontanis.info\/d\/351808-3\/dsc08972.jpg \/><\/a><br \/>\n^ Diesiges Wetter und viel Sand auf auf dem Auto &#8211; da kam wohl endlich mal der Wind aus der W\u00fcste!<\/p>\n<p>Ich probierte dann doch noch das Raupentaxi, auch wenn es einige Wartezeiten gab. Mit Tellern somit bequemer und langsamer als der Schneemobiltransport in Schweden.<\/p>\n<p><a href='http:\/\/ski.inmontanis.info\/d\/351813-2\/dsc08977.jpg'><img src=http:\/\/ski.inmontanis.info\/d\/351812-3\/dsc08977.jpg \/><\/a><br \/>\n^ Raupentaxi<\/p>\n<p><a href='http:\/\/ski.inmontanis.info\/d\/351817-2\/dsc08978.jpg'><img src=http:\/\/ski.inmontanis.info\/d\/351816-3\/dsc08978.jpg \/><\/a><br \/>\n^ Raupentaxi<\/p>\n<p><a href='http:\/\/ski.inmontanis.info\/d\/351821-2\/dsc08985.jpg'><img src=http:\/\/ski.inmontanis.info\/d\/351820-3\/dsc08985.jpg \/><\/a><br \/>\n^ Endstation Raupentaxi<\/p>\n<p><a href='http:\/\/ski.inmontanis.info\/d\/351825-2\/dsc08987.jpg'><img src=http:\/\/ski.inmontanis.info\/d\/351824-3\/dsc08987.jpg \/><\/a><br \/>\n^ Vom Raupentaxi aus gehen etliche schwarze Varianten ab, sowie die pr\u00e4parierte rote Au\u00dfenrumabfahrt Pipos<\/p>\n<p><a href='http:\/\/ski.inmontanis.info\/d\/351829-2\/dsc08989.jpg'><img src=http:\/\/ski.inmontanis.info\/d\/351828-3\/dsc08989.jpg \/><\/a><br \/>\n^ Pipos<\/p>\n<p><a href='http:\/\/ski.inmontanis.info\/d\/351833-2\/dsc08990.jpg'><img src=http:\/\/ski.inmontanis.info\/d\/351832-3\/dsc08990.jpg \/><\/a><br \/>\n^ Pipos<\/p>\n<p><a href='http:\/\/ski.inmontanis.info\/d\/351837-2\/dsc08991.jpg'><img src=http:\/\/ski.inmontanis.info\/d\/351836-3\/dsc08991.jpg \/><\/a><br \/>\n^ Pipos<\/p>\n<p><a href='http:\/\/ski.inmontanis.info\/d\/351841-2\/dsc08993.jpg'><img src=http:\/\/ski.inmontanis.info\/d\/351840-3\/dsc08993.jpg \/><\/a><br \/>\n^ .. und in Verl\u00e4ngerung eine schwarze Buckelpiste, unten wieder der Anayet-Parkplatz<\/p>\n<p><a href='http:\/\/ski.inmontanis.info\/d\/351845-2\/dsc08995.jpg'><img src=http:\/\/ski.inmontanis.info\/d\/351844-3\/dsc08995.jpg \/><\/a><br \/>\n^ Vorg\u00e4nger der 8KSB Sallent &#8211; war wohl eine EUB ohne Kurve<\/p>\n<p><a href='http:\/\/ski.inmontanis.info\/d\/351849-2\/dsc08997.jpg'><img src=http:\/\/ski.inmontanis.info\/d\/351848-3\/dsc08997.jpg \/><\/a><br \/>\n^ Linke Au\u00dfenrumabfahrt Tosquera von der 4SB Crestas, gegen\u00fcber im Wald die noch weiter au\u00dfen verlaufende Bosque, die ich am Montag gefahren bin<\/p>\n<p><a href='http:\/\/ski.inmontanis.info\/d\/351853-2\/dsc08998.jpg'><img src=http:\/\/ski.inmontanis.info\/d\/351852-3\/dsc08998.jpg \/><\/a><br \/>\n^ Schwarze Tubo del Pino vom KSSL Tramacastilla<\/p>\n<p><a href='http:\/\/ski.inmontanis.info\/d\/351857-2\/dsc08999.jpg'><img src=http:\/\/ski.inmontanis.info\/d\/351856-3\/dsc08999.jpg \/><\/a><br \/>\n^ Eine der schwarzen an der Anayet-4KSB<\/p>\n<p><a href='http:\/\/ski.inmontanis.info\/d\/351861-2\/dsc09000.jpg'><img src=http:\/\/ski.inmontanis.info\/d\/351860-3\/dsc09000.jpg \/><\/a><br \/>\n^ Hier am F\u00f6rderband sieht man die gro\u00dfe Schneemenge<\/p>\n<p><a href='http:\/\/ski.inmontanis.info\/d\/351865-2\/dsc09001.jpg'><img src=http:\/\/ski.inmontanis.info\/d\/351864-3\/dsc09001.jpg \/><\/a><br \/>\n^ Blaue auch recht au\u00dfenseitig verlaufende Rhododendros an der  6KSB Batallero (Portalet)<\/p>\n<p><a href='http:\/\/ski.inmontanis.info\/d\/351869-2\/ge20260302-05a.jpg'><img src=http:\/\/ski.inmontanis.info\/d\/351868-3\/ge20260302-05a.jpg \/><\/a><br \/>\n^ GPS-Track 2.+5.3.2026 in Gelb und T\u00fcrkis, vorherige Besuche in Rosa. Bei weitem nicht alle Abfahrten gefahre, ins. viele schwarze ausgelassen<\/p>\n<p><a href='http:\/\/ski.inmontanis.info\/d\/351873-2\/ge-cand-form-art.jpg'><img src=http:\/\/ski.inmontanis.info\/d\/351872-3\/ge-cand-form-art.jpg \/><\/a><br \/>\n^ GPS-Tracks unten Candanchu, Astun, Formigal und Panticosa, oben das franz\u00f6sische Artouste und im Dreieck von Astun-Formigal-Artouste der markante Pic du Midi d&#8217;Ossau. Noch einmal besuchen heuer w\u00fcrde ich nur Candanchu+Astun<\/p>\n<p>Formigal hab ich nun mit dem heutigen Tag abgeschlossen, nat\u00fcrlich ohne alle Abfahrten gefahren zu sein, aber hier will ich auch nicht wieder her. <\/p>\n<p>Um 15:25 war ich am Auto  und kaum bin ich eingestiegen, kamen die ersten Regentropfen. Aber ich wollte ja auch noch kurz einkaufen oben am Pass, br\u00e4uchte Brot f\u00fcr morgen. Ansonsten morgen in Frankreich.<\/p>\n<p>Gab leider kein Brot mehr, dann wird morgen Vormittag\/Mittag halt nur genascht. <\/p>\n<p>Noch so eine leckere Anis-Tortas\/Cracker-Packung mitgenommen &#8211; das ist wohl eine Sache, die ich vermissen werde, wenn ich nicht mehr nach Spanien komme.<\/p>\n<p><a href='http:\/\/extra.inmontanis.info\/d\/143023-2\/dsc09003.jpg'><img src=http:\/\/extra.inmontanis.info\/d\/143022-3\/dsc09003.jpg \/><\/a><br \/>\n^ Evtl. letzte Eink\u00e4ufe in Spanien, nocheinmal die leckeren Anis-Tortas, die Schoko-Palmera oben, die ich bisher auslassen hab, sowie 225g Wurst um 1,50 \u20ac, bei dem Preis &#8230;<\/p>\n<p>Morgen wg. Regen kein Skitag, dann halt Einkaufen. Samstag ist noch unsicher, momentan wird Sa+So Regen f\u00fcr Hautacam am Rande der Pyren\u00e4en gemeldet, aber weiter rein zum Hauptkamm hin vielleicht doch ein halber Tag mal trocken. Hautacam hat wie Artouste am SO Saisonende, hat aber lt. Webcam wesentlich weniger Schnee als Artouste. Und ja sowieso nur noch 2 Liftchen offen und den Rest des Skigebiets zu Beginn der Saison stillgelegt.<\/p>\n<p>Sollte es doch regnerischer werden, ob ich heuer noch einmal Ski fahre oder nicht &#8211; mir auch egal. Ich hab mit dieser Wintersaison mental abgeschlossen. Das war heuer M\u00fcll und wird nicht mehr besser werden. Einzig bleib ich noch, weil ich halt eh die Saisonkarten hab. <\/p>\n<p>&#8211; &#8211; &#8211;<\/p>\n<p>Eine andere Sicht auf den Iran:<br \/>\n<a href='https:\/\/anti-spiegel.ru\/2026\/warum-der-iran-im-westen-zum-feindbild-aufgebaut-wird\/'>https:\/\/anti-spiegel.ru\/2026\/warum-der-iran-im-westen-zum-feindbild-aufgebaut-wird\/<\/a><\/p>\n<p>&#8220;Je l\u00e4nger ich dar\u00fcber nachdenke, desto mehr beschleicht mich das Gef\u00fchl, dass Trump mit Russland spielt, dass er weder an einer fairen wirtschaftlichen Zusammenarbeit mit Russland, noch an einem Frieden in der Ukraine interessiert ist.&#8221;<br \/>\n<a href='https:\/\/anti-spiegel.ru\/2026\/spielt-trump-mit-russland\/'>https:\/\/anti-spiegel.ru\/2026\/spielt-trump-mit-russland\/<\/a><\/p>\n<p>&#8220;V\u00f6lkerrecht am Ende: Vom Irak-Krieg 2003 zur heutigen Eskalation&#8221;<br \/>\n<a href='https:\/\/www.nachdenkseiten.de\/?p=147074'>https:\/\/www.nachdenkseiten.de\/?p=147074<\/a><\/p>\n<p>&#8220;Die USA stellen vier Prozent der Weltbev\u00f6lkerung. Eine gr\u00f6\u00dfenwahnsinnige F\u00fchrungsclique, die vielleicht mehrere Hundert Leute umfasst, will die ganze Welt beherrschen. &#8221;<br \/>\n<a href='https:\/\/www.nachdenkseiten.de\/?p=147046'>https:\/\/www.nachdenkseiten.de\/?p=147046<\/a><\/p>\n<p>Titel sagt alles:<br \/>\n<a href='https:\/\/anti-spiegel.ru\/2026\/wie-die-eu-ein-uebergreifen-des-krieges-auf-europa-provoziert\/'>https:\/\/anti-spiegel.ru\/2026\/wie-die-eu-ein-uebergreifen-des-krieges-auf-europa-provoziert\/<\/a><\/p>\n","protected":false},"excerpt":{"rendered":"<p>Mo, 2.3.2026<\/p>\n<p>Hab mir um 9:30 frei geommen, hat aber nicht gereicht, um nicht vorher mein WC verwenden zu m\u00fcssen :(<\/p>\n<p>Gleich mal den noch nicht gefahrenen linken Kurven-KSSL gefahren und dann die Au\u00dfenrumabfahrt.<\/p>\n<p>Die &#8220;Churreria&#8221; w\u00e4r heute offen gewesen, also komm ich heut endlich mal zu Churros? Nei, ds h\u00e4ngt keine Preistafel und wenn <a href=\"http:\/\/blog.inmontanis.info\/?p=11270\">[&#8230;]<\/a><\/p>\n","protected":false},"author":1,"featured_media":11272,"comment_status":"closed","ping_status":"closed","sticky":false,"template":"","format":"standard","meta":{"footnotes":""},"categories":[950,957,958,27,129],"tags":[49,56,48],"class_list":["post-11270","post","type-post","status-publish","format-standard","has-post-thumbnail","hentry","category-2025-09-2026-11-pyrenaen-uk-co","category-formigal","category-panticosa","category-skifahren-winterskiing-winter","category-spain","tag-4sb","tag-6sb","tag-kssl","odd"],"_links":{"self":[{"href":"http:\/\/blog.inmontanis.info\/index.php?rest_route=\/wp\/v2\/posts\/11270","targetHints":{"allow":["GET"]}}],"collection":[{"href":"http:\/\/blog.inmontanis.info\/index.php?rest_route=\/wp\/v2\/posts"}],"about":[{"href":"http:\/\/blog.inmontanis.info\/index.php?rest_route=\/wp\/v2\/types\/post"}],"author":[{"embeddable":true,"href":"http:\/\/blog.inmontanis.info\/index.php?rest_route=\/wp\/v2\/users\/1"}],"replies":[{"embeddable":true,"href":"http:\/\/blog.inmontanis.info\/index.php?rest_route=%2Fwp%2Fv2%2Fcomments&post=11270"}],"version-history":[{"count":2,"href":"http:\/\/blog.inmontanis.info\/index.php?rest_route=\/wp\/v2\/posts\/11270\/revisions"}],"predecessor-version":[{"id":11273,"href":"http:\/\/blog.inmontanis.info\/index.php?rest_route=\/wp\/v2\/posts\/11270\/revisions\/11273"}],"wp:featuredmedia":[{"embeddable":true,"href":"http:\/\/blog.inmontanis.info\/index.php?rest_route=\/wp\/v2\/media\/11272"}],"wp:attachment":[{"href":"http:\/\/blog.inmontanis.info\/index.php?rest_route=%2Fwp%2Fv2%2Fmedia&parent=11270"}],"wp:term":[{"taxonomy":"category","embeddable":true,"href":"http:\/\/blog.inmontanis.info\/index.php?rest_route=%2Fwp%2Fv2%2Fcategories&post=11270"},{"taxonomy":"post_tag","embeddable":true,"href":"http:\/\/blog.inmontanis.info\/index.php?rest_route=%2Fwp%2Fv2%2Ftags&post=11270"}],"curies":[{"name":"wp","href":"https:\/\/api.w.org\/{rel}","templated":true}]}}