{"id":11266,"date":"2026-03-01T18:31:52","date_gmt":"2026-03-01T17:31:52","guid":{"rendered":"http:\/\/blog.inmontanis.info\/?p=11266"},"modified":"2026-03-07T18:48:18","modified_gmt":"2026-03-07T17:48:18","slug":"artouste-1-3-2026-noch-relativ-geil-aber-kastriert","status":"publish","type":"post","link":"http:\/\/blog.inmontanis.info\/?p=11266","title":{"rendered":"Artouste, 1.3.2026 &#8211; noch relativ geil, aber kastriert"},"content":{"rendered":"<p><strong>So, 1.3.2026<\/strong><\/p>\n<p>Artouste h\u00e4tte eines der Highlights diesen Winter werden sollen. Aber dann wurde vor Saisonbeginn verk\u00fcndet, dass man das Skigebiet stark kastrieren w\u00fcrde, beide langen Sesselbahnen auf der R\u00fcckseite vom Plateau sofort stillgelegt :(<\/p>\n<p><a href='http:\/\/ski.inmontanis.info\/d\/351337-2\/dsc08718.jpg'><img src=http:\/\/ski.inmontanis.info\/d\/351336-3\/dsc08718.jpg \/><\/a><br \/>\n^ Zoom zur Kraftwerks-PB, die fr\u00fcher \u00f6ffentlich war<\/p>\n<p>Anfangs wurde das Skigiebiet \u00fcber die Kraftwerks-PB und den H\u00f6henzug erschlossen, den es ja nach wie vor gibt, aber haupts\u00e4chlich im Sommer (und schneearmen Winter) in Betrieb ist. Der Ort f\u00fcr die neue Seilbahn wurde angeblich so gew\u00e4hlt, weil hier einst eine Talabfahrt runter ging. F\u00fcr die lag heute aber nicht genug Schnee. <\/p>\n<p>Da die EUB in mittlerweile 2. oder 3. Generation somit als Zubringerbahn fungiert, kann ich nicht so einfach mittags auf Sommerskikleidung umstellen, sondern m\u00fcsste das wohl gleich anziehen &#8211; oder eben nicht?!<\/p>\n<p>Vor 9 Uhr kam ich am Parkplatz an.<\/p>\n<p>&#128681; Gespeicherte Geolocation &#8211; Karte anzeigen: <a href='https:\/\/www.google.com\/maps\/@?api=1&#038;map_action=map&#038;center=42.8781633,-0.396845&#038;zoom=12&#038;basemap=terrain' target=_blank> GoogleMaps<\/a> &#128681; <a href='https:\/\/www.openstreetmap.org\/?&#038;mlat=42.8781633&#038;mlon=-0.396845#map=10\/42.8781633\/-0.396845&#038;layers=P' target=_blank> OSM &#128681;<\/a><\/p>\n<p>Tageskarte kostet glaub 24 \u20ac, aber mit der Gavarnie-Saisonkarte hab ich 2 Gratistage. Die ich eher verwendet h\u00e4tte, wenn die beiden SB nicht stillgelegt worden w\u00e4ren. N\u00e4chstes WE soll auch schon Saisonende sein und unter der Woche geschlossen, anscheinend ist die letzte Ferienwoche in Frankreich f\u00fcr diese Region irrelevant..<\/p>\n<p>Es gibt Skigebiete, da meint man, sie w\u00e4ren einmalig vom Aufbau (und nicht so ein Copy-Paste, den es in Skandinavien oft gibt), aber der Monte Baldo vom Gardasee hat hier in Artouste eine Zwillingsstation!<\/p>\n<p><a href='http:\/\/ski.inmontanis.info\/d\/351341-2\/dsc08721.jpg'><img src=http:\/\/ski.inmontanis.info\/d\/351340-3\/dsc08721.jpg \/><\/a><br \/>\n^ Fabreges, wo die 6EUB startet<\/p>\n<p><a href='http:\/\/ski.inmontanis.info\/d\/351345-2\/dsc08722.jpg'><img src=http:\/\/ski.inmontanis.info\/d\/351344-3\/dsc08722.jpg \/><\/a><br \/>\n^ 6EUB-Strecke<\/p>\n<p><a href='http:\/\/ski.inmontanis.info\/d\/351349-2\/dsc08724.jpg'><img src=http:\/\/ski.inmontanis.info\/d\/351348-3\/dsc08724.jpg \/><\/a><br \/>\n^ 6EUB Talstation<\/p>\n<p><a href='http:\/\/ski.inmontanis.info\/d\/351353-2\/dsc08728.jpg'><img src=http:\/\/ski.inmontanis.info\/d\/351352-3\/dsc08728.jpg \/><\/a><br \/>\n^ 6EUB Talstation vs. See<\/p>\n<p><a href='http:\/\/ski.inmontanis.info\/d\/351357-2\/dsc08730.jpg'><img src=http:\/\/ski.inmontanis.info\/d\/351356-3\/dsc08730.jpg \/><\/a><br \/>\n^ Skipass mit QR-Code, es gibt nur an der Talstation der 6EUB einen Leser, somit oben keine Skipasskontrollen<\/p>\n<p>Die Preise im Restaurant oben sind leider auch nicht gerade niedrig, 100g Pommes 3,80, 250g 7 \u20ac. Um den Preis von 3-5 \u20ac sieht man in FR egtl h\u00f6here Gramm-Angaben, auch wennich das teils \u00fcbertrieben hielt. Und eine Tariflette hab ich heuer doch auch schon um oder unter 14 \u20ac gesehen?! War aber irgendwie anscheinend recht kompliziert, hier was zu bestellen (Bar? SB? SB war leer)<\/p>\n<p>Der Imbiss an der DSB-Bergstation hatte eine &#8220;cone&#8221; Portion Pommes um 4 \u20ac, was sich auch wenig anh\u00f6rt (wenn man nicht gerade in einem Fish&#8217;n&#8217;Chips im UK ist, da reicht eine Cone-Portion), an dem Imbiss Richtung PB gab es eine &#8220;barquette de frites&#8221; um 4,50  &#8211;  erst ab 12 Uhr warme K\u00fcche und um 12  sah die noch kalt aus. Die Pommes waren hier selbst geschnittene Kartoffeln und das, was ich als Schale sah, sah sehr winzig aus, zu klein f\u00fcr den Preis jedenfalls. <\/p>\n<p>Kurz &#8211; ich hab mir heute nichts gekauft oben im Skigebiet.<\/p>\n<p>Die r\u00fcckseitigen Abfahrten blieben leider gr\u00f6\u00dftenteils eisig hart, hab dann um 15 Uhr aufgeh\u00f6rt, wollte eh noch \u00fcber den Portalet-Pass fahren, bevor der morgen geschlossen sein sollte. Am Pass dann noch in den Supermarkt und ggf. bis Formigal runter, wenn es dazwischen keine brauchbaren Parkm\u00f6glichkeiten f\u00fcr die Nacht geben sollte.<\/p>\n<p>Der sonnige Front-SL mit seinen weichen Pisten, seinen Varianten und dem See-Blick war heute das Highlight.<\/p>\n<p><a href='http:\/\/ski.inmontanis.info\/d\/351361-2\/dsc08735.jpg'><img src=http:\/\/ski.inmontanis.info\/d\/351360-3\/dsc08735.jpg \/><\/a><br \/>\n^ 6EUB, f\u00fcr eine Talabbfahrt auf Ski liegt nicht mehr genug Schnee, aber man sah durchaus einige Spuren<\/p>\n<p><a href='http:\/\/ski.inmontanis.info\/d\/351365-2\/dsc08746.jpg'><img src=http:\/\/ski.inmontanis.info\/d\/351364-3\/dsc08746.jpg \/><\/a><br \/>\n^ 6EUB Bergstation vs. See<\/p>\n<p><a href='http:\/\/ski.inmontanis.info\/d\/351369-2\/dsc08747.jpg'><img src=http:\/\/ski.inmontanis.info\/d\/351368-3\/dsc08747.jpg \/><\/a><br \/>\n^ Aus der Reihe un\u00fcbliche Klosp\u00fclungen &#8230; konnte ich wieder 2 Bilder machen, hier das erste.<\/p>\n<p><a href='http:\/\/ski.inmontanis.info\/d\/351373-2\/dsc08752.jpg'><img src=http:\/\/ski.inmontanis.info\/d\/351372-3\/dsc08752.jpg \/><\/a><br \/>\n^ SL fabreges, links die 6EUB, unten der See. Der SL soll wegen seiner s\u00fcdlichen Ausrichtung und dem Fehlen der Beschneiung nur selten in Betrieb sein und nat\u00fcrlich bietet er das sch\u00f6nste Panorama und den besten Schnee heute<\/p>\n<p><a href='http:\/\/ski.inmontanis.info\/d\/351377-2\/dsc08753.jpg'><img src=http:\/\/ski.inmontanis.info\/d\/351376-3\/dsc08753.jpg \/><\/a><br \/>\n^ .. und \u00fcber allem thront der markante Pic du Midi d&#8217;Ossau, man sieht hier genau von der anderen Seite drauf als vor ein paar Tagen von Candanchu aus, von Formigal aus sieht man eine dritte Seite<\/p>\n<p><a href='http:\/\/ski.inmontanis.info\/d\/351381-2\/dsc08754.jpg'><img src=http:\/\/ski.inmontanis.info\/d\/351380-3\/dsc08754.jpg \/><\/a><br \/>\n^ Links am Rand die PB-Bergstation, rechts das gro\u00dfe Geb\u00e4ude hat lt. Satbild wohl mit dem H\u00f6henzug zu tun, also vmtl. Lokschuppen usw.<\/p>\n<p><a href='http:\/\/ski.inmontanis.info\/d\/351385-2\/dsc08757.jpg'><img src=http:\/\/ski.inmontanis.info\/d\/351384-3\/dsc08757.jpg \/><\/a><br \/>\n^ 6EUB Bergstation<\/p>\n<p><a href='http:\/\/ski.inmontanis.info\/d\/351389-2\/dsc08758.jpg'><img src=http:\/\/ski.inmontanis.info\/d\/351388-3\/dsc08758.jpg \/><\/a><br \/>\n^ SL Fabreges<\/p>\n<p><a href='http:\/\/ski.inmontanis.info\/d\/351393-2\/dsc08761.jpg'><img src=http:\/\/ski.inmontanis.info\/d\/351392-3\/dsc08761.jpg \/><\/a><br \/>\n^ PB-Bergstation im Zoom, fr\u00fcher auch der Eintritt zum Skigebiet, in dem man dann in den kleinen H\u00f6henzug einstieg. Ob man heutzutage noch das St\u00fcck zur PB f\u00e4hrt, darf wohl etwas bezweifelt werden<\/p>\n<p><a href='http:\/\/ski.inmontanis.info\/d\/351397-2\/dsc08767.jpg'><img src=http:\/\/ski.inmontanis.info\/d\/351396-3\/dsc08767.jpg \/><\/a><br \/>\n^ \u00dcbungslifte, die Alternative, um zum Hauptskigebiet zu kommen, wenn der SL Fabreges nicht f\u00e4hrt<\/p>\n<p><a href='http:\/\/ski.inmontanis.info\/d\/351401-2\/dsc08770.jpg'><img src=http:\/\/ski.inmontanis.info\/d\/351400-3\/dsc08770.jpg \/><\/a><br \/>\n^ .. denn das Hauptskigebiet liegt ja auf der R\u00fcckseite. Ein bisschen wie Monte Baldo am Gardasee also, mit der Seilbahn vom See aus und dem Skigebiet auf der R\u00fcckseite<\/p>\n<p><a href='http:\/\/ski.inmontanis.info\/d\/351405-2\/dsc08771.jpg'><img src=http:\/\/ski.inmontanis.info\/d\/351404-3\/dsc08771.jpg \/><\/a><br \/>\n^ SL Fabreges und Bergstation 6EUB, See und Pic du Midi d&#8217;Ossau<\/p>\n<p><a href='http:\/\/ski.inmontanis.info\/d\/351409-2\/dsc08773.jpg'><img src=http:\/\/ski.inmontanis.info\/d\/351408-3\/dsc08773.jpg \/><\/a><br \/>\n^ Auf der R\u00fcckseite, Abfahrt zur DSB Sorbiers, leider sehr eisig heute durch den Regen gestern<\/p>\n<p><a href='http:\/\/ski.inmontanis.info\/d\/351413-2\/dsc08775.jpg'><img src=http:\/\/ski.inmontanis.info\/d\/351412-3\/dsc08775.jpg \/><\/a><br \/>\n^ Die direkte DSB-Abfahrt war f\u00fcr ein Rennen gesperrt und erst nachmittags offen<\/p>\n<p><a href='http:\/\/ski.inmontanis.info\/d\/351417-2\/dsc08776.jpg'><img src=http:\/\/ski.inmontanis.info\/d\/351416-3\/dsc08776.jpg \/><\/a><br \/>\n^ Unterhalb der DSB Sorbiers ist die seit dieser Saison leider stillgelegte 4SB Grand Coq<\/p>\n<p><a href='http:\/\/ski.inmontanis.info\/d\/351421-2\/dsc08777.jpg'><img src=http:\/\/ski.inmontanis.info\/d\/351420-3\/dsc08777.jpg \/><\/a><br \/>\n^ DSB Sorbiers, dahinter der KSSL Herrana, heut leider nicht in Betrieb<\/p>\n<p><a href='http:\/\/ski.inmontanis.info\/d\/351425-2\/dsc08782.jpg'><img src=http:\/\/ski.inmontanis.info\/d\/351424-3\/dsc08782.jpg \/><\/a><br \/>\n^ DSB Sorbiers und von links kommen die leider seit dieser Sasion stillgelegte DSB Ours<\/p>\n<p><a href='http:\/\/ski.inmontanis.info\/d\/351429-2\/dsc08783.jpg'><img src=http:\/\/ski.inmontanis.info\/d\/351428-3\/dsc08783.jpg \/><\/a><br \/>\n^ Ex-DSB Ours und schwarze Isards, die sp\u00e4ter noch offen war und die mir hier am besten gefiel<\/p>\n<p><a href='http:\/\/ski.inmontanis.info\/d\/351433-2\/dsc08785.jpg'><img src=http:\/\/ski.inmontanis.info\/d\/351432-3\/dsc08785.jpg \/><\/a><br \/>\n^ Vorne rechts der SL Perdrix, dahinter der KSSL Seous, der nun wichtigste Lift im Skigebiet<\/p>\n<p><a href='http:\/\/ski.inmontanis.info\/d\/351437-2\/dsc08786.jpg'><img src=http:\/\/ski.inmontanis.info\/d\/351436-3\/dsc08786.jpg \/><\/a><br \/>\n^ Ex-DSB Ours<\/p>\n<p><a href='http:\/\/ski.inmontanis.info\/d\/351441-2\/dsc08788.jpg'><img src=http:\/\/ski.inmontanis.info\/d\/351440-3\/dsc08788.jpg \/><\/a><br \/>\n^ Talstation KSSL Seous<\/p>\n<p><a href='http:\/\/ski.inmontanis.info\/d\/351445-2\/dsc08791.jpg'><img src=http:\/\/ski.inmontanis.info\/d\/351444-3\/dsc08791.jpg \/><\/a><br \/>\n^ KSSL Seous, direkte Abfahrt links<\/p>\n<p><a href='http:\/\/ski.inmontanis.info\/d\/351449-2\/dsc08790.jpg'><img src=http:\/\/ski.inmontanis.info\/d\/351448-3\/dsc08790.jpg \/><\/a><br \/>\n^ Au\u00dfenrumabfahrt links vom KSSL Seous<\/p>\n<p><a href='http:\/\/ski.inmontanis.info\/d\/351453-2\/dsc08792.jpg'><img src=http:\/\/ski.inmontanis.info\/d\/351452-3\/dsc08792.jpg \/><\/a><br \/>\n^ Au\u00dfenrumabfahrt links vom KSSL Seous<\/p>\n<p><a href='http:\/\/ski.inmontanis.info\/d\/351457-2\/dsc08794.jpg'><img src=http:\/\/ski.inmontanis.info\/d\/351456-3\/dsc08794.jpg \/><\/a><br \/>\n^ KSSL Seous und dahinter die Ex-DSB Ours<\/p>\n<p><a href='http:\/\/ski.inmontanis.info\/d\/351461-2\/dsc08796.jpg'><img src=http:\/\/ski.inmontanis.info\/d\/351460-3\/dsc08796.jpg \/><\/a><br \/>\n^ Offpiste-Gel\u00e4nde noch weiter links vom KSSL, fuhr ich sp\u00e4ter auch noch<\/p>\n<p><a href='http:\/\/ski.inmontanis.info\/d\/351465-2\/dsc08797.jpg'><img src=http:\/\/ski.inmontanis.info\/d\/351464-3\/dsc08797.jpg \/><\/a><br \/>\n^ Abfahrt links vom KSSL Seous<\/p>\n<p><a href='http:\/\/ski.inmontanis.info\/d\/351469-2\/dsc08799.jpg'><img src=http:\/\/ski.inmontanis.info\/d\/351468-3\/dsc08799.jpg \/><\/a><br \/>\n^ Bei der Bergstation DSB Sorbiers mit Blick zum Skiweg links retour und dem heute geschlossenen KSSL Herrana<\/p>\n<p><a href='http:\/\/ski.inmontanis.info\/d\/351473-2\/dsc08800.jpg'><img src=http:\/\/ski.inmontanis.info\/d\/351472-3\/dsc08800.jpg \/><\/a><br \/>\n^ \u00dcbungslifte<\/p>\n<p><a href='http:\/\/ski.inmontanis.info\/d\/351477-2\/dsc08801.jpg'><img src=http:\/\/ski.inmontanis.info\/d\/351476-3\/dsc08801.jpg \/><\/a><br \/>\n^ SL Fabreges, See und Pic du Midi d&#8217;Ossau<\/p>\n<p><a href='http:\/\/ski.inmontanis.info\/d\/351481-2\/dsc08802.jpg'><img src=http:\/\/ski.inmontanis.info\/d\/351480-3\/dsc08802.jpg \/><\/a><br \/>\n^ Bergstation, Strecke und Talstation der  6EUB und See<\/p>\n<p><a href='http:\/\/ski.inmontanis.info\/d\/351485-2\/dsc08807.jpg'><img src=http:\/\/ski.inmontanis.info\/d\/351484-3\/dsc08807.jpg \/><\/a><br \/>\n^ Kam leider nicht auf die Idee durch die Fenster zu schauen, auch nicht, als ich sp\u00e4ter am Imbissstand oben nach den Preisen sah<\/p>\n<p><a href='http:\/\/ski.inmontanis.info\/d\/351489-2\/dsc08808.jpg'><img src=http:\/\/ski.inmontanis.info\/d\/351488-3\/dsc08808.jpg \/><\/a><br \/>\n^ Offpiste links vom SL Fabreges, wo im Plan eigentlich irgendwo eine Abfahrt eingzeichnet w\u00e4re, jedenfalls mit sch\u00f6nem See-Panorama<\/p>\n<p><a href='http:\/\/ski.inmontanis.info\/d\/351493-2\/dsc08813.jpg'><img src=http:\/\/ski.inmontanis.info\/d\/351492-3\/dsc08813.jpg \/><\/a><br \/>\n^ SL Fabreges vs. See<\/p>\n<p><a href='http:\/\/ski.inmontanis.info\/d\/351497-2\/dsc08814.jpg'><img src=http:\/\/ski.inmontanis.info\/d\/351496-3\/dsc08814.jpg \/><\/a><br \/>\n^ SL Fabreges<\/p>\n<p><a href='http:\/\/ski.inmontanis.info\/d\/351501-2\/dsc08816.jpg'><img src=http:\/\/ski.inmontanis.info\/d\/351500-3\/dsc08816.jpg \/><\/a><br \/>\n^ SL Fabreges, B\u00fchler 1967<\/p>\n<p><a href='http:\/\/ski.inmontanis.info\/d\/351505-2\/dsc08817.jpg'><img src=http:\/\/ski.inmontanis.info\/d\/351504-3\/dsc08817.jpg \/><\/a><br \/>\n^ 6EUB Bergstation, die aktuelle 6EUB ist von 2016, dir Vorg\u00e4nger-6EUB wurde 1982 gebaut<\/p>\n<p><a href='http:\/\/ski.inmontanis.info\/d\/351509-2\/dsc08819.jpg'><img src=http:\/\/ski.inmontanis.info\/d\/351508-3\/dsc08819.jpg \/><\/a><br \/>\n^ Offpiste rechts vom SL Fabreges und immer wieder mit dem See unten<\/p>\n<p><a href='http:\/\/ski.inmontanis.info\/d\/351513-2\/dsc08820.jpg'><img src=http:\/\/ski.inmontanis.info\/d\/351512-3\/dsc08820.jpg \/><\/a><br \/>\n^ Preise im Restaurant an der 6EUB<\/p>\n<p><a href='http:\/\/ski.inmontanis.info\/d\/351517-2\/dsc08821.jpg'><img src=http:\/\/ski.inmontanis.info\/d\/351516-3\/dsc08821.jpg \/><\/a><br \/>\n^ Infotafel zu den Wasserkraftwerken usw.<\/p>\n<p><a href='http:\/\/ski.inmontanis.info\/d\/351521-2\/dsc08822.jpg'><img src=http:\/\/ski.inmontanis.info\/d\/351520-3\/dsc08822.jpg \/><\/a><br \/>\n^ .. und die zweite ungew\u00f6hnliche Klosp\u00fclung hier<\/p>\n<p><a href='http:\/\/ski.inmontanis.info\/d\/351525-2\/dsc08824.jpg'><img src=http:\/\/ski.inmontanis.info\/d\/351524-3\/dsc08824.jpg \/><\/a><br \/>\n^ Zoom PB Bergstation<\/p>\n<p><a href='http:\/\/ski.inmontanis.info\/d\/351529-2\/dsc08826.jpg'><img src=http:\/\/ski.inmontanis.info\/d\/351528-3\/dsc08826.jpg \/><\/a><br \/>\n^ Offpiste links vom SL Fabreges<\/p>\n<p><a href='http:\/\/ski.inmontanis.info\/d\/351533-2\/dsc08828.jpg'><img src=http:\/\/ski.inmontanis.info\/d\/351532-3\/dsc08828.jpg \/><\/a><br \/>\n^ Offpiste links vom SL Fabreges<\/p>\n<p><a href='http:\/\/ski.inmontanis.info\/d\/351537-2\/dsc08831.jpg'><img src=http:\/\/ski.inmontanis.info\/d\/351536-3\/dsc08831.jpg \/><\/a><br \/>\n^ Ex-DSB Ours, urspr\u00fcnglich wohl auch von B\u00fchler 1967 gebaut, von Montaz Mautino 1985 modernisiert<\/p>\n<p><a href='http:\/\/ski.inmontanis.info\/d\/351541-2\/dsc08833.jpg'><img src=http:\/\/ski.inmontanis.info\/d\/351540-3\/dsc08833.jpg \/><\/a><br \/>\n^ Auf der schwarzen Isards mit Blick ins Tal links, wo die stillgelegten Sessellifte starteten<\/p>\n<p><a href='http:\/\/ski.inmontanis.info\/d\/351545-2\/dsc08834.jpg'><img src=http:\/\/ski.inmontanis.info\/d\/351544-3\/dsc08834.jpg \/><\/a><br \/>\n^ Ex-DSB Ours, gegen\u00fcber h\u00e4tte es in den 1970ern Erweiterungspl\u00e4ne gegeben. Das Skigebiet von Gourette liegt direkt dahinter.<\/p>\n<p><a href='http:\/\/ski.inmontanis.info\/d\/351549-2\/dsc08844.jpg'><img src=http:\/\/ski.inmontanis.info\/d\/351548-3\/dsc08844.jpg \/><\/a><br \/>\n^ Offpistebereich ganz links vom KSSL Seous, gegen\u00fcber kann man wohl die Trasse des H\u00f6henzugs erkennen &#8211; der Magnet hier in der Sommersaison<\/p>\n<p><a href='http:\/\/ski.inmontanis.info\/d\/351553-2\/dsc08845.jpg'><img src=http:\/\/ski.inmontanis.info\/d\/351552-3\/dsc08845.jpg \/><\/a><br \/>\n^ Genug Schnee liegt heuer, trotzdem ist n\u00e4chstes WE das Saisonende festgelegt.<\/p>\n<p><a href='http:\/\/ski.inmontanis.info\/d\/351557-2\/dsc08848.jpg'><img src=http:\/\/ski.inmontanis.info\/d\/351556-3\/dsc08848.jpg \/><\/a><br \/>\n^ Offpistebereich ganz links vom KSSL Seous<\/p>\n<p><a href='http:\/\/ski.inmontanis.info\/d\/351561-2\/dsc08849.jpg'><img src=http:\/\/ski.inmontanis.info\/d\/351560-3\/dsc08849.jpg \/><\/a><br \/>\n^ Offpistebereich ganz links vom KSSL Seous<\/p>\n<p><a href='http:\/\/ski.inmontanis.info\/d\/351565-2\/dsc08851.jpg'><img src=http:\/\/ski.inmontanis.info\/d\/351564-3\/dsc08851.jpg \/><\/a><br \/>\n^ Offpistebereich ganz links vom KSSL Seous<\/p>\n<p><a href='http:\/\/ski.inmontanis.info\/d\/351569-2\/dsc08852.jpg'><img src=http:\/\/ski.inmontanis.info\/d\/351568-3\/dsc08852.jpg \/><\/a><br \/>\n^ SL Perdrix &#8211; auch BJ 1967 von B\u00fchler und dann von Montaz etwas modernisiert<\/p>\n<p><a href='http:\/\/ski.inmontanis.info\/d\/351573-2\/dsc08853.jpg'><img src=http:\/\/ski.inmontanis.info\/d\/351572-3\/dsc08853.jpg \/><\/a><br \/>\n^ Wie bescheuert kann so eine Bogner-Jacke iegentlich sein? Hat nun das 2. Mal innerhalb weniger Tage meinen Rucksack gefressen, wenn ich ihn vor tat. Musste die Jacke dann nach der SL-Fahrt ausziehen um das wieder frei zu bekommen.<\/p>\n<p><a href='http:\/\/ski.inmontanis.info\/d\/351577-2\/dsc08855.jpg'><img src=http:\/\/ski.inmontanis.info\/d\/351576-3\/dsc08855.jpg \/><\/a><br \/>\n^ Ex-DSB Ours und Blick zum KSSL Seous<\/p>\n<p><a href='http:\/\/ski.inmontanis.info\/d\/351581-2\/dsc08856.jpg'><img src=http:\/\/ski.inmontanis.info\/d\/351580-3\/dsc08856.jpg \/><\/a><br \/>\n^ Ex-DSB Ours und Blick zum KSSL Seous<\/p>\n<p><a href='http:\/\/ski.inmontanis.info\/d\/351585-2\/dsc08858.jpg'><img src=http:\/\/ski.inmontanis.info\/d\/351584-3\/dsc08858.jpg \/><\/a><br \/>\n^ KSSL Seous, schei\u00dfe, um 14 Uhr leider diese enormen wartezeiten, hab ja gewusst, dass ich hier nachmittags nicht mehr fahren brauch, aber vor wenigen Minuten war ja noch so leer&#8230;<\/p>\n<p><a href='http:\/\/ski.inmontanis.info\/d\/351589-2\/dsc08859.jpg'><img src=http:\/\/ski.inmontanis.info\/d\/351588-3\/dsc08859.jpg \/><\/a><br \/>\n^ DSB Sorbiers Talstation und rechts die Ex-4SB Grand Coq BJ 1987 &#8211; wie so h\u00e4ufig hat man wohl das falsche Jahr zur Stilllegung ausgesucht, heuer w\u00e4re wohl genug Schnee gewesen<\/p>\n<p><a href='http:\/\/ski.inmontanis.info\/d\/351593-2\/dsc08861.jpg'><img src=http:\/\/ski.inmontanis.info\/d\/351592-3\/dsc08861.jpg \/><\/a><br \/>\n^ SL Fabreges, wie sch\u00f6n &#8211; hier d\u00fcrfen die kleinen M\u00e4dchen noch ohne Helm fahren! (Die vordere war wesentlich j\u00fcnger)<\/p>\n<p><a href='http:\/\/ski.inmontanis.info\/d\/351597-2\/dsc08863.jpg'><img src=http:\/\/ski.inmontanis.info\/d\/351596-3\/dsc08863.jpg \/><\/a><br \/>\n^ 6EUB Talfahrt mit See<\/p>\n<p><a href='http:\/\/ski.inmontanis.info\/d\/351601-2\/dsc08865.jpg'><img src=http:\/\/ski.inmontanis.info\/d\/351600-3\/dsc08865.jpg \/><\/a><br \/>\n^ 6EUB Talfahrt mit See<\/p>\n<p><a href='http:\/\/ski.inmontanis.info\/d\/351605-2\/dsc08867.jpg'><img src=http:\/\/ski.inmontanis.info\/d\/351604-3\/dsc08867.jpg \/><\/a><br \/>\n^ Staumauer<\/p>\n<p><a href='http:\/\/ski.inmontanis.info\/d\/351609-2\/dsc08871.jpg'><img src=http:\/\/ski.inmontanis.info\/d\/351608-3\/dsc08871.jpg \/><\/a><br \/>\n^ Staumauer und Steinbruch<\/p>\n<p><a href='http:\/\/ski.inmontanis.info\/d\/351613-2\/dsc08873.jpg'><img src=http:\/\/ski.inmontanis.info\/d\/351612-3\/dsc08873.jpg \/><\/a><br \/>\n^ Zoom PB-Bergstation<\/p>\n<p><a href='http:\/\/ski.inmontanis.info\/d\/351617-2\/dsc08877.jpg'><img src=http:\/\/ski.inmontanis.info\/d\/351616-3\/dsc08877.jpg \/><\/a><br \/>\n^ Fabreges<\/p>\n<p><a href='http:\/\/ski.inmontanis.info\/d\/351621-2\/dsc08878.jpg'><img src=http:\/\/ski.inmontanis.info\/d\/351620-3\/dsc08878.jpg \/><\/a><br \/>\n^ 6EUB \/ See \/ Fabreges<\/p>\n<p><a href='http:\/\/ski.inmontanis.info\/d\/351625-2\/dsc08879.jpg'><img src=http:\/\/ski.inmontanis.info\/d\/351624-3\/dsc08879.jpg \/><\/a><br \/>\n^ Parkpl\u00e4tze und See<\/p>\n<p><a href='http:\/\/ski.inmontanis.info\/d\/351629-2\/ge20260301d.jpg'><img src=http:\/\/ski.inmontanis.info\/d\/351628-3\/ge20260301d.jpg \/><\/a><br \/>\n^ GPS-Track 1.3.2026 in Gelb; die beiden stillgelegten Sessellifte in Rot, der heute geschlossene KSSL Herrana in Orange, in Magenta die Pb und in T\u00fcrkis der H\u00f6henzug<\/p>\n<p><a href='http:\/\/ski.inmontanis.info\/d\/351633-2\/ge-gourette-artouste.jpg'><img src=http:\/\/ski.inmontanis.info\/d\/351632-3\/ge-gourette-artouste.jpg \/><\/a><br \/>\n^ Links der GPS-Track von Gourette, rechts der GPS-Track von Artouste mit der PB in Magenta und dem ganz sch\u00f6n langen H\u00f6henzug in T\u00fcrkis, sowie in Wei\u00df ungef\u00e4hr die in den 1970ern projektierte Erweiterung von Artouste laut eines Plans, wobei im Tal dazwischen dann die Hotels geplant waren.<\/p>\n<p>Hier der Link zum alten Plan &#8211; je nachdem, wie lang der Link korrekt funktioniert:<br \/>\n<a href='https:\/\/files.skimap.org\/3iz0d6350rknouao2dx66r8id7ix'>https:\/\/files.skimap.org\/3iz0d6350rknouao2dx66r8id7ix<\/a><\/p>\n<p>Fazit? Tolles Pano, wenn der vordere SL l\u00e4uft, aber durch die Kastration nur noch f\u00fcr einen Tag ratsam. Da es zudem wohl keine Beschneiung mehr gibt (oder maximal an den \u00dcbungsliften), wird man wohl nur selten so gute Bedingungen haben wie heuer.<\/p>\n<p>H\u00e4tte es im Souvenirshop einen K\u00fchlschrankmagneten mit dem alten PB-Werbeplakat-Motiv gegeben, das ich f\u00fcr die Qubo-Beklebung verwendet hatte, w\u00e4r mir das ja 5 \u20ac wert gewesen, aber gab&#8217;s nicht. Daf\u00fcr kam ich an der Talstation zu einem, pardon, einer Nutella-Crepe um 3,50.<\/p>\n<p><a href='http:\/\/extra.inmontanis.info\/d\/142991-2\/dsc08881.jpg'><img src=http:\/\/extra.inmontanis.info\/d\/142990-3\/dsc08881.jpg \/><\/a><br \/>\n^ Die Lawinengallerie hier war heuer gut positioniert<\/p>\n<p><a href='http:\/\/extra.inmontanis.info\/d\/142995-2\/dsc08883.jpg'><img src=http:\/\/extra.inmontanis.info\/d\/142994-3\/dsc08883.jpg \/><\/a><br \/>\n^ Ri. Pourtalet\/Portalet &#8211; Pass<\/p>\n<p><a href='http:\/\/extra.inmontanis.info\/d\/142999-2\/dsc08884.jpg'><img src=http:\/\/extra.inmontanis.info\/d\/142998-3\/dsc08884.jpg \/><\/a><br \/>\n^ Auf spanischer Seite am Portalet-Pass sind wohl im Winter nicht alle Gesch\u00e4fte offen, so eingeschneit wie hier alles ist ;)<\/p>\n<p>Oben am Pass noch etwas schwierig mit der Parkplatzsituation, weil viele Tourengeher und nat\u00fcrlich auch wegen den L\u00e4den.<\/p>\n<p>Ich ging dann sogar noch in einen 2. Supermarkt, \u00e4hnliches angebot, aber der 2. hatte Holzf\u00e4sser mit Wein zum Selbstzapfen &#8211; hab ich auch noch nicht gesehen.<\/p>\n<p>Mein Klo mochte den  hohen Pass nat\u00fcrlich wieder gar nicht und hatte woe \u00fcblich zu viel Luftdruck und den halben Parkplatz vollgestunken ;) Das ist in Schweden und England definitv problemloser.<\/p>\n<p><a href='http:\/\/extra.inmontanis.info\/d\/143003-2\/dsc08886.jpg'><img src=http:\/\/extra.inmontanis.info\/d\/143002-3\/dsc08886.jpg \/><\/a><br \/>\n^ Auf spanischer Seite muss man auch die Augen auf der Stra\u00dfe lassen, denn es k\u00f6nnen immer mal wieder gro\u00dfe L\u00f6cher sein &#8211; und es gab auch noch gr\u00f6\u00dfere als hier zu sehen.<\/p>\n<p>.. bin dann doch runter in den Ort gefahren, wo aber \u00fcberraschenderweise die H\u00f6lle los war in der Stra\u00dfe, wo man \u00fcbernachten kann. Bekam aber einen Parkplatz, der nicht so schr\u00e4g war. Kuschelcamping und vmtl abgeschattet von der fr\u00fchen Sonne morgen durch den hohen Camper neben mir. Erstaunlich ist ja, dass die Camper hier stehen bleiben &#8211; bis zum Skigebiet vor zu laufen w\u00e4r mir viel zu weit und der Skibus, den ich vorhin fahren hab sehen, hat auch nicht mal an der Abzweigung zur Stra\u00dfe am  (oberen) Kreisverkehr gehalten, sondern fuhr noch weiter ins Ortszentrum rauf. Aber anscheinend sind das hier teils auch Saisonarbeiter, die dann von Kollegen hergefahren werden.<\/p>\n<p>H\u00e4tte ja vorgehabt, 4 Tage Formigal und 1 Tag Panticosa zu fahren, aber leider wird f\u00fcr Freitag wieder einmal Regen+Schnee gemeldet :( <\/p>\n<p>Selbst wenn es am FR nur wenig Niederschlag geben sollte, wird mir das Risiko, dass dann der Portalet-Pass gesperrt sein k\u00f6nnte, zu gro\u00df sein und ich w\u00fcrde eher am DO wieder nach Frankreich zur\u00fcck &#8211; auch wenn es in FR am FR vielleicht noch n\u00e4sser sein k\u00f6nnte. Aber am n\u00e4chsten WE m\u00f6che ich Hautacam + Pont d&#8217;Espagne machen und da ist die Strecke \u00fcber Portalet retour sinnvoller.<\/p>\n<p>Abends mal die restlichen Tage gecheckt und bissl geplant,  ja naja, w\u00e4r schon OK, die Masella-Fr\u00fchjahrskarte noch zu kaufen, ginge aber auch ohne.<\/p>\n<p>Die mittlerweile gemeldeten 20-40mm Niederschlag am Freitag f\u00fcr die franz\u00f6sische Seite hier gef\u00e4llt mir aber gar nicht, zumal das auch noch am Samstag so weitergehen k\u00f6nnte. Allerdings kann ich jetzt auch noch nicht nach Osten\/Masella fahren, da einige Skigebiete hier bald schlie\u00dfen &#8211; und zudem wird dort auch nicht besser gemeldet.<\/p>\n<p>Masella-Karte kaufen bedeutet, jetzt im M\u00e4rz nach Osten fahren, dann um Ostern nochmals nach Westen Anfang April und danach nochmals nach Westen zum Abschluss in Masella&#8230;. daf\u00fcr k\u00e4men halt noch ein paar neue Skigebiete dazu .. <\/p>\n<p>Kurzer Check in Finnland &#8211; nun zentral  fast alles offen. Also m\u00fcsste ich das n\u00e4chstes Jahr wohl auch eher in den Schulferien Ende Februar \/ Anfang M\u00e4rz angehen.<\/p>\n<p>Der Arsch neben mir fuhr um 23:30 noch weg und kam um 0:40 wieder jeweils mit zus\u00e4tzlichem T\u00fcrgeschlage. Morgen fahr ich zum kostenpflichtigen Stellplatz im n\u00e4chsten Ort.<\/p>\n<p><em>Leider wurde das Wetter dann bereits ab Dienstag m\u00fclliger und ich hatte mal wieder gestrichen die Schnauze voll von diesen bl\u00f6den Pyren\u00e4en.<\/em><\/p>\n","protected":false},"excerpt":{"rendered":"<p>So, 1.3.2026<\/p>\n<p>Artouste h\u00e4tte eines der Highlights diesen Winter werden sollen. Aber dann wurde vor Saisonbeginn verk\u00fcndet, dass man das Skigebiet stark kastrieren w\u00fcrde, beide langen Sesselbahnen auf der R\u00fcckseite vom Plateau sofort stillgelegt :(<\/p>\n<p> ^ Zoom zur Kraftwerks-PB, die fr\u00fcher \u00f6ffentlich war<\/p>\n<p>Anfangs wurde das Skigiebiet \u00fcber die Kraftwerks-PB und den H\u00f6henzug erschlossen, <a href=\"http:\/\/blog.inmontanis.info\/?p=11266\">[&#8230;]<\/a><\/p>\n","protected":false},"author":1,"featured_media":11268,"comment_status":"closed","ping_status":"closed","sticky":false,"template":"","format":"standard","meta":{"footnotes":""},"categories":[959,16,27,129],"tags":[39,38,48,52,45,47],"class_list":["post-11266","post","type-post","status-publish","format-standard","has-post-thumbnail","hentry","category-artouste","category-france","category-skifahren-winterskiing-winter","category-spain","tag-6eub","tag-dsb","tag-kssl","tag-pb","tag-see","tag-sl","odd"],"_links":{"self":[{"href":"http:\/\/blog.inmontanis.info\/index.php?rest_route=\/wp\/v2\/posts\/11266","targetHints":{"allow":["GET"]}}],"collection":[{"href":"http:\/\/blog.inmontanis.info\/index.php?rest_route=\/wp\/v2\/posts"}],"about":[{"href":"http:\/\/blog.inmontanis.info\/index.php?rest_route=\/wp\/v2\/types\/post"}],"author":[{"embeddable":true,"href":"http:\/\/blog.inmontanis.info\/index.php?rest_route=\/wp\/v2\/users\/1"}],"replies":[{"embeddable":true,"href":"http:\/\/blog.inmontanis.info\/index.php?rest_route=%2Fwp%2Fv2%2Fcomments&post=11266"}],"version-history":[{"count":2,"href":"http:\/\/blog.inmontanis.info\/index.php?rest_route=\/wp\/v2\/posts\/11266\/revisions"}],"predecessor-version":[{"id":11269,"href":"http:\/\/blog.inmontanis.info\/index.php?rest_route=\/wp\/v2\/posts\/11266\/revisions\/11269"}],"wp:featuredmedia":[{"embeddable":true,"href":"http:\/\/blog.inmontanis.info\/index.php?rest_route=\/wp\/v2\/media\/11268"}],"wp:attachment":[{"href":"http:\/\/blog.inmontanis.info\/index.php?rest_route=%2Fwp%2Fv2%2Fmedia&parent=11266"}],"wp:term":[{"taxonomy":"category","embeddable":true,"href":"http:\/\/blog.inmontanis.info\/index.php?rest_route=%2Fwp%2Fv2%2Fcategories&post=11266"},{"taxonomy":"post_tag","embeddable":true,"href":"http:\/\/blog.inmontanis.info\/index.php?rest_route=%2Fwp%2Fv2%2Ftags&post=11266"}],"curies":[{"name":"wp","href":"https:\/\/api.w.org\/{rel}","templated":true}]}}