{"id":11261,"date":"2026-02-28T20:01:27","date_gmt":"2026-02-28T19:01:27","guid":{"rendered":"http:\/\/blog.inmontanis.info\/?p=11261"},"modified":"2026-03-06T20:09:22","modified_gmt":"2026-03-06T19:09:22","slug":"gourette-28-2-2026","status":"publish","type":"post","link":"http:\/\/blog.inmontanis.info\/?p=11261","title":{"rendered":"Gourette, 28.2.2026"},"content":{"rendered":"<p><strong>Sa, 28.2.2026<\/strong> (88. Saisonskitag)<\/p>\n<p>Die beide Wetterberichtsseiten n\u00e4hern sich nun langsam an und melden eher \u00fcber Mittag oder am Nachmittag hier trocken.<\/p>\n<p>Um 8:30 nieselte es nur leicht, so dass ich h\u00e4tte rauffahren k\u00f6nnen. Aber ich hatte letztes Mal ja den salle hors sac nicht gefunden, also w\u00fcsste ich nicht, wo ich da mal 1-2h hink\u00f6nnte, falls es doch st\u00e4rker regnen sollte. Gegen 9\/10 Uhr ist n\u00e4mlich mehr Regen oder ggf. oben Schnee gemeldet.<\/p>\n<p>Um 9 Uhr meldete das 2h-Regenradar, dass die Regenwolken eher an Gourette vorbei ziehen sollten, also zog ich mich halt doch mal an &#8211; mit vorsichtshalber Regenklamotten. Aber bevor ich los gehen wollte, fing es st\u00e4rker zu nieseln an. Oben ja eh alles neblig. Also dann doch noch PC aufgebaut und Bilder bearbeitet, der Bericht von Fuentes kommt als n\u00e4chstes online.<\/p>\n<p>Generell war vielleicht die letzte Woche die einzige Sonnenwoche dieses Winters?  Jedenfalls geht es jetzt wieder wechselhafter weiter, auch wenn in Formigal n\u00e4chste Woche der Sonnenschein \u00fcberwiegen sollte (was sich in ein paar Tagen dann leider wieder ge\u00e4ndert hat). Ab Freitag dagegen k\u00f6nnte es wieder Weststr\u00f6mung geben.<\/p>\n<p>Ab 9:30 Uhr kamen dann vermehrt Busse und es regnete mir weiterhin zu stark. Der vermutliche Busfahrer stand eigenartigerweise auch die meiste Zeit drau\u00dfen im Regen samt offener T\u00fcr am Bus&#8230;.<\/p>\n<p>Vormittags Regen ist mir unter der Woche ja recht &#8211; am WE w\u00e4re mir nachmittags Regen lieber.<\/p>\n<p>.. jedenfalls richtige Entscheidung, nicht um 9 Uhr rauf gefahren zu sein ..<\/p>\n<p>Ein Snowboard-Rennen soll diesas WE hier sein, erst sp\u00e4t entdeckte ich, welche Piste daf\u00fcr leider gesperrt wurde.<\/p>\n<p>Um 10:30 Uhr kamen weiterhin Busse. Was das Vormittagswetter angeht, war somit die Vorhersage um 8 Uhr korrekter als die um 9 Uhr (die trockener gemeldet hatte).<\/p>\n<p>Um 11 Uhr wurde der Regen wieder nachlassender und ging in den Niesel-Modus \u00fcber,  also mal Zeit, um sich fertig umzuziehen, aufs Klo zu gehen und rauf zu fahren.<\/p>\n<p>Allerdings wurde es oben nicht trocken, es nieselte bzw. schneite fast durchgehend, nur um 14 Uhr war es mal kurz etwas trockener.<\/p>\n<p>Die Sicht wurde oben auch nicht besser, an den Gondelbahnen starker Pappschnee durch den n\u00e4chtlichen Neuschnee. Bin um 15:10 runter gefahren, hab alles gefahren, was ich fahren wollte, au\u00dfer die rechteste schwarze Abfahrt im rechten Sektor, die war gesperrt. Zwei wegen Schneemangel gesperrte Abfahrten an den EUBen bin ich trotzdem gefahren.<\/p>\n<p><a href='http:\/\/ski.inmontanis.info\/d\/351297-2\/dsc08702.jpg'><img src=http:\/\/ski.inmontanis.info\/d\/351296-3\/dsc08702.jpg \/><\/a><br \/>\n^ Im unteren Bereich an den beiden EUBen war die Sicht ja ganz gut, der Schnee daf\u00fcr pappig<\/p>\n<p><a href='http:\/\/ski.inmontanis.info\/d\/351301-2\/dsc08703.jpg'><img src=http:\/\/ski.inmontanis.info\/d\/351300-3\/dsc08703.jpg \/><\/a><br \/>\n^ Ex-EUB-Fundamente, wo nun die obere 4SB anders verl\u00e4uft<\/p>\n<p><a href='http:\/\/ski.inmontanis.info\/d\/351305-2\/dsc08704.jpg'><img src=http:\/\/ski.inmontanis.info\/d\/351304-3\/dsc08704.jpg \/><\/a><br \/>\n^ .. die hat sogar 2 Abfahrten, auch wenn man nicht viel gesehen hat heute<\/p>\n<p><a href='http:\/\/ski.inmontanis.info\/d\/351309-2\/dsc08707.jpg'><img src=http:\/\/ski.inmontanis.info\/d\/351308-3\/dsc08707.jpg \/><\/a><br \/>\n^ Kurz vor der Bergstation<\/p>\n<p><a href='http:\/\/ski.inmontanis.info\/d\/351313-2\/dsc08708.jpg'><img src=http:\/\/ski.inmontanis.info\/d\/351312-3\/dsc08708.jpg \/><\/a><br \/>\n^ Autsch. Wer kennt sie nicht, die Skifahrer, die gern off road fahren &#8230;<\/p>\n<p><a href='http:\/\/ski.inmontanis.info\/d\/351317-2\/dsc08709.jpg'><img src=http:\/\/ski.inmontanis.info\/d\/351316-3\/dsc08709.jpg \/><\/a><br \/>\n^ Abfahrt an der 4SB<\/p>\n<p><a href='http:\/\/ski.inmontanis.info\/d\/351321-2\/dsc08713.jpg'><img src=http:\/\/ski.inmontanis.info\/d\/351320-3\/dsc08713.jpg \/><\/a><br \/>\n^ .. und weiter runter die schwarze an der KSB<\/p>\n<p><a href='http:\/\/ski.inmontanis.info\/d\/351325-2\/dsc08715.jpg'><img src=http:\/\/ski.inmontanis.info\/d\/351324-3\/dsc08715.jpg \/><\/a><br \/>\n^ Der KSSL an der anderen KSB mit seinen blauen St\u00fctzen l\u00e4uft auch &#8230;<\/p>\n<p><a href='http:\/\/ski.inmontanis.info\/d\/351329-2\/dsc08716.jpg'><img src=http:\/\/ski.inmontanis.info\/d\/351328-3\/dsc08716.jpg \/><\/a><br \/>\n^ &#8230; aber hier sah man noch weniger. Hatte dann keine Lust mehr, weitere Fotos zu machen.<\/p>\n<p><a href='http:\/\/ski.inmontanis.info\/d\/351333-2\/ge20260228b.jpg'><img src=http:\/\/ski.inmontanis.info\/d\/351332-3\/ge20260228b.jpg \/><\/a><br \/>\n^ GPS-Track 28.2.2026 in Gelb, vorheriger Besuch in T\u00fcrkis und einige wenige ehemalige Lifte in Rot, g\u00e4be noch viel mehr zum Einzeichnen.<\/p>\n<p>Da der PC gestern und heute Morgen stabil lief, heute nochmals ausgebaut und den anderen RAM-Riegel anstatt des aktuellen renigesteckt &#8211; entweder er war nicht richtig drin oder der ist kaputt, jedenfalls fuhr der PC nicht hoch.<\/p>\n<p>Derweil also nur noch 8GB RAM, bis ich irgendwo mal einen neuen Riegel kauf.<\/p>\n<p>Autsch, das ist momentan wohl der falsche Zeitpunkt, RAM-Riegel sind ja sauteuer geworden!? 2-4x so teuer wie vor 1 Jahr oder wie?! Da muss man wohl bald wieder sein Windows XP installieren, bei den Preisen &#8230; Nun, da werd ich also wohl abwarten und mich mit 8GB begn\u00fcgen.<\/p>\n<p>Schuld daran sein soll mal wieder die KI &#8211; weil die RAM-Hersteller nun f\u00fcr KI-Datencenter produzieren.<\/p>\n<p>Mittlerweile bietet Masella seinen Fr\u00fchjahrssaisonpass an. Preis ist 265,- \u20ac. Kein Wort dar\u00fcber, ob die Nachl\u00e4sse in anderen Gebieten ident sind wie beim normalen Pass (man schreibt das bei der Fr\u00fchjahrssaisonkarte immer etwas anders als bei den normalen) oder wie lang die Saison voraussichtlich dauern wird.<\/p>\n<p>Letzteres wenn man von Candanchu+Astun w\u00fcsste, w\u00e4r auch hilfreich. Wenn Masella nicht l\u00e4nger offen h\u00e4tte wie C&#038;A (haha!), w\u00e4ren die 265,- \u20ac auch fraglich lohnenswert. In Valdesqui und Alto Campoo h\u00e4tte man mit der Masella-Saisonkarte ja auch um 5 \u20ac fahren k\u00f6nnen. Alto Campoo war ich ja nicht, in Valdesqui h\u00e4tte ich mir also 34 \u20ac gespart, in Masella hab ich durch den Gavarnie-Pass auch 2 Tage \u00e0 5 \u20ac benutzt, d.h. das m\u00fcsste ich auf die 265,- \u20ac draufrechnen = 309 \u20ac vs. den 400, wenn ich mir die Werktage-Saisonkarte gleich im Vorverkauf gekauft h\u00e4tte.<\/p>\n<p>&#8211;<\/p>\n<p>DIe Amis wissen, wie man sich Feinde macht und Terrororganisationen erzeugt &#8211; diesmal indem man schon wieder den Iran angreift. Hatte denn jemals eine Intervention, ein Regimechange des Westens im nahen Osten ein gutes Ende?<\/p>\n<p>Den Vogel abschie\u00dfen tun mal wieder manche EU-Politiker, die immer noch so tief im Arsch der USA drin secken (oder es gerne w\u00fcrden), dass sie tats\u00e4chlich nun den Iran verurteilen, weil er sich gegen die Anschl\u00e4ge wehrt!?! <\/p>\n<p>Schade, dass der Iran keine Atomwaffen hat, dann w\u00fcrde diese dummdreiste Plage namens Mensch endlich von diesem Planeten ausgerottet werden. Aber wenn es die Politiker nicht schaffen, wird uns die KI vernichten.<\/p>\n<p>Wie lautet doch der eine alte Witz .. Treffen sich 2 Planeten, sagt der eine zum anderen: &#8220;Wie geht&#8217;s dir?&#8221; Sagt der andere: &#8220;Schlecht, ich hab Menschen.&#8221;<\/p>\n","protected":false},"excerpt":{"rendered":"<p>Sa, 28.2.2026 (88. Saisonskitag)<\/p>\n<p>Die beide Wetterberichtsseiten n\u00e4hern sich nun langsam an und melden eher \u00fcber Mittag oder am Nachmittag hier trocken.<\/p>\n<p>Um 8:30 nieselte es nur leicht, so dass ich h\u00e4tte rauffahren k\u00f6nnen. Aber ich hatte letztes Mal ja den salle hors sac nicht gefunden, also w\u00fcsste ich nicht, wo ich da mal 1-2h <a href=\"http:\/\/blog.inmontanis.info\/?p=11261\">[&#8230;]<\/a><\/p>\n","protected":false},"author":1,"featured_media":11263,"comment_status":"closed","ping_status":"closed","sticky":false,"template":"","format":"standard","meta":{"footnotes":""},"categories":[950,16,960,27],"tags":[49,48],"class_list":["post-11261","post","type-post","status-publish","format-standard","has-post-thumbnail","hentry","category-2025-09-2026-11-pyrenaen-uk-co","category-france","category-gourette","category-skifahren-winterskiing-winter","tag-4sb","tag-kssl","odd"],"_links":{"self":[{"href":"http:\/\/blog.inmontanis.info\/index.php?rest_route=\/wp\/v2\/posts\/11261","targetHints":{"allow":["GET"]}}],"collection":[{"href":"http:\/\/blog.inmontanis.info\/index.php?rest_route=\/wp\/v2\/posts"}],"about":[{"href":"http:\/\/blog.inmontanis.info\/index.php?rest_route=\/wp\/v2\/types\/post"}],"author":[{"embeddable":true,"href":"http:\/\/blog.inmontanis.info\/index.php?rest_route=\/wp\/v2\/users\/1"}],"replies":[{"embeddable":true,"href":"http:\/\/blog.inmontanis.info\/index.php?rest_route=%2Fwp%2Fv2%2Fcomments&post=11261"}],"version-history":[{"count":3,"href":"http:\/\/blog.inmontanis.info\/index.php?rest_route=\/wp\/v2\/posts\/11261\/revisions"}],"predecessor-version":[{"id":11265,"href":"http:\/\/blog.inmontanis.info\/index.php?rest_route=\/wp\/v2\/posts\/11261\/revisions\/11265"}],"wp:featuredmedia":[{"embeddable":true,"href":"http:\/\/blog.inmontanis.info\/index.php?rest_route=\/wp\/v2\/media\/11263"}],"wp:attachment":[{"href":"http:\/\/blog.inmontanis.info\/index.php?rest_route=%2Fwp%2Fv2%2Fmedia&parent=11261"}],"wp:term":[{"taxonomy":"category","embeddable":true,"href":"http:\/\/blog.inmontanis.info\/index.php?rest_route=%2Fwp%2Fv2%2Fcategories&post=11261"},{"taxonomy":"post_tag","embeddable":true,"href":"http:\/\/blog.inmontanis.info\/index.php?rest_route=%2Fwp%2Fv2%2Ftags&post=11261"}],"curies":[{"name":"wp","href":"https:\/\/api.w.org\/{rel}","templated":true}]}}