{"id":11217,"date":"2026-02-15T20:56:45","date_gmt":"2026-02-15T19:56:45","guid":{"rendered":"http:\/\/blog.inmontanis.info\/?p=11217"},"modified":"2026-02-17T21:08:23","modified_gmt":"2026-02-17T20:08:23","slug":"ikea-valdezcaray-14-15-2-2026-uberblick-restl-spanische-gebirge","status":"publish","type":"post","link":"http:\/\/blog.inmontanis.info\/?p=11217","title":{"rendered":"Ikea + Valdezcaray, 14.-15.2.2026 \/ + \u00dcberblick restl. spanische Gebirge"},"content":{"rendered":"<p><strong>Sa, 14.2.2026<\/strong><\/p>\n<p>In einem Supermarkt in Jaca gab es das sch\u00f6nste WC seit Monaten oder \u00fcberhaupt auf der Reise, saubere Einzelkabine mit Klobrille, WC-Papier, eigenem Waschbecken (leider wohl ohne Warmwasser, aber zum Haarwaschen geht das, nur unpassend f\u00fcr eine W\u00e4schewaschaktion), Seifenspender und Handtrockner. Ja, man kann nicht alles haben &#8211; kein Haken zum Aufh\u00e4ngen der Jacke ;)<\/p>\n<p>Trocken blieb man auch wg. Tiefgarage. K\u00f6rbe gabs keine, nur Wagen (gro\u00df und klein, ohne Geld). Gab sogar ne hei\u00dfe Theke, aber ich wollte ja zur Ikea. Auch bei den gek\u00fchlten Fertiggerichen+Pizzen mal eine Auswahl, die mich mehr interessierte, so machen Superm\u00e4rkte auch in Spanien mal Spass. Wobei, generell gab es gar nicht so viel Auswahl.<\/p>\n<p>Gek\u00fchlte H\u00fchnchenkroketten, BBQ pulled pork, warme Kartoffeln (f\u00fcr das pulled pork, also erst f\u00fcr morgen), die gek\u00fchlte H\u00fchnchen-Paprika-Pizza  musste ich etwas in den K\u00fchlschrank quetschen, weil zu breit, Tr\u00fcffel-Pistazien-Wurst (nur 1,85 \u20ac oder so f\u00fcr 150g (aber eine Champignonwurst schmeckt mehr nach Champignon als die hier nach Tr\u00fcffel &#8211; und das will was hei\u00dfen!), K\u00e4sescheiben aus Mischmilch (Kuh+Schaf+Ziege) und 11 weiche kleine Semmeln um 1,14 \u20ac.<\/p>\n<p>Den Stopp am Lidl nach Ikea auf dem Weg kann ich somit aus dem Navi entfernen.<\/p>\n<p><a href='http:\/\/extra.inmontanis.info\/d\/142507-2\/dsc07426.jpg'><img src=http:\/\/extra.inmontanis.info\/d\/142506-3\/dsc07426.jpg \/><\/a><br \/>\n^ Unterwegs, als noch die Sonne schien<\/p>\n<p><a href='http:\/\/extra.inmontanis.info\/d\/142511-2\/dsc07429.jpg'><img src=http:\/\/extra.inmontanis.info\/d\/142510-3\/dsc07429.jpg \/><\/a><br \/>\n^ Unterwegs nach Westen<\/p>\n<p><a href='http:\/\/extra.inmontanis.info\/d\/142515-2\/dsc07430.jpg'><img src=http:\/\/extra.inmontanis.info\/d\/142514-3\/dsc07430.jpg \/><\/a><br \/>\n^ <\/p>\n<p><a href='http:\/\/extra.inmontanis.info\/d\/142519-2\/dsc07432.jpg'><img src=http:\/\/extra.inmontanis.info\/d\/142518-3\/dsc07432.jpg \/><\/a><br \/>\n^ Pl\u00f6tzlich lag Schnee nach dem Tunnel, die Stra\u00dfe ging auch auf \u00fcber 1000 oder \u00fcber 1100m rauf<\/p>\n<p><a href='http:\/\/extra.inmontanis.info\/d\/142523-2\/dsc07434.jpg'><img src=http:\/\/extra.inmontanis.info\/d\/142522-3\/dsc07434.jpg \/><\/a><br \/>\n^ Ab in die n\u00e4chste Regenfront<\/p>\n<p><a href='http:\/\/extra.inmontanis.info\/d\/142527-2\/dsc07438.jpg'><img src=http:\/\/extra.inmontanis.info\/d\/142526-3\/dsc07438.jpg \/><\/a><br \/>\n^ Im Tal kein Platz, daher so beengt auf den H\u00fcgel gebaut ;)  Und mal wieder ein Regenbogen<\/p>\n<p><a href='http:\/\/extra.inmontanis.info\/d\/142531-2\/dsc07440.jpg'><img src=http:\/\/extra.inmontanis.info\/d\/142530-3\/dsc07440.jpg \/><\/a><br \/>\n^ Die Ortsnamen hier weiter im Westen klingen so gar nicht spanisch. Wird wohl baskisch sein, das  soll angeblich eine komplett eigenst\u00e4ndige Sprache und mit keiner anderen verwandt sein!<\/p>\n<p><a href='http:\/\/extra.inmontanis.info\/d\/142535-2\/dsc07444.jpg'><img src=http:\/\/extra.inmontanis.info\/d\/142534-3\/dsc07444.jpg \/><\/a><br \/>\n^ Bevor es noch hei\u00dft, was ich immer rumjammer und dann doch so viele Fotos mit Sonne zeige &#8211; ja weil ich die Regenbilder normalerweise weglasse, wenn es nicht unbedingt sein muss. Also bitte, mal ein Regenbild.<\/p>\n<p><a href='http:\/\/extra.inmontanis.info\/d\/142575-2\/dsc07462.jpg'><img src=http:\/\/extra.inmontanis.info\/d\/142574-3\/dsc07462.jpg \/><\/a><br \/>\n^ Die Eink\u00e4ufe f\u00fcr den K\u00fchlschrank<\/p>\n<p>Auf dem Weg zur Ikea landete ich einem riesigen Einkaufszentrum mit einem riesigen Parkhaus darunter ohne irgendein Zeichen von Ikea zu sehen. Also Parkplatz gesucht, Gmaps gecheckt &#8211; nein, mein Navi hat recht, hier muss die Ikea irgendwo sein.<\/p>\n<p><a href='http:\/\/extra.inmontanis.info\/d\/142539-2\/img_20260214_141925.jpg'><img src=http:\/\/extra.inmontanis.info\/d\/142538-3\/img_20260214_141925.jpg \/><\/a><br \/>\n^ Parkplatz unterm Einkaufszentrum, also nur ein geringer Teil, hinter mir gehts auch weiter und ein Parkhaus gibts auch noch.<\/p>\n<p><a href='http:\/\/extra.inmontanis.info\/d\/142543-2\/img_20260214_142029.jpg'><img src=http:\/\/extra.inmontanis.info\/d\/142542-3\/img_20260214_142029.jpg \/><\/a><br \/>\n^ Dass man nicht mit dem Lift direkt in die Ikea vom Parkplatz unten kommt, ist schon eigenartig. Aber da wo die Person links steht, geht ein Aufzug runter &#8211; den konnte ich sp\u00e4ter nehmen, denn da duschte es wesentlich mehr<\/p>\n<p>Da ich also nicht davon ausging, dass die kleine Ikea hier ein richtiges Restaurant h\u00e4tte, blieb ich im Bistro \/ Shop; Gifflar fand ich eher teuer um 3,49 (aber trotzdem eine Packung mitgenommen), Tunnbr\u00f6d gabs leider keine tiefgek\u00fchlt (nur mit Lachs im Bistro), ich entschied mich dann f\u00fcr ein Hotdog-Men\u00fc mit Getr\u00e4nk und Pommes (5\u20ac, wenns richtig verrechnet wurde), 8 Stk. K\u00f6ttbullar mit So\u00dfe (leider keine Preiselbeeren, glaub um 1,50 f\u00fcr 4 Stk und 0,99 f\u00fcr die zus\u00e4tzlichen oder so) und 3 Zimtschnecken (\u00e0 0,99),  eine warme als Nachspeise hier und 2 f\u00fcr die n\u00e4chsten Tage. <\/p>\n<p>Nicht nur ein Lebkuchen nach monatelangem Entzug, auch so eine warme Zimtschnecke nach monatelangem Entzug sorgt bei mir mittlerweile f\u00fcr feuchte Augen.<\/p>\n<p><a href='http:\/\/extra.inmontanis.info\/d\/142547-2\/img_20260214_143133.jpg'><img src=http:\/\/extra.inmontanis.info\/d\/142546-3\/img_20260214_143133.jpg \/><\/a><br \/>\n^ Essen bei Ikea &#8211; ein richtiges Restaurant gibts wohl keins, aber wenigstens haben die K\u00f6ttbullar die leckere So\u00dfe dabei.Wenn schon keine Preiselbeeren &#8211; dann halt als Limo.<\/p>\n<p>Wenn man mal w\u00fcsste, ob es irgendsowas wie einen Action \/ Dollarstore \/ .. hier g\u00e4be.. Mediamarkt hab ich drau\u00dfen noch gelesen, Leroy Merlin als Baumarkt nebendran, ein riesiger Eroski als Supermarkt .. und einen AliExpress-Store?!?! Am anderen Ende, aber da ging ich mal hin. War aber recht klein und hatte nichts, was ich h\u00e4tte brauchen k\u00f6nnen oder jetzt unbedingt h\u00e4tte haben wollen.<\/p>\n<p>Die Wetteraussichten zeigten morgen vielleicht brauchbar und etwas weniger Wind als tw. DI\/MI gemeldet. MO+DO nass. Weiter in den S\u00fcden oder nicht? Danach aber vermehren sich die Anzeichen auf sonnigeres Wetter.<\/p>\n<p>Also vorsichtshalber mal morgen um 8:30 Uhr im Skigebiet? In der Hoffnung, dass sie mehr \u00f6ffnen als nur die gr\u00fcnen Abfahrten an den unteren Liften so wie heute? Dann muss ich heut noch etwas fahren..<\/p>\n<p>Einen KFC gab&#8217;s auch noch im Einkaufszentrum, mal geschaut, was es kostet.<br \/>\n3,19 f\u00fcr ein einziges H\u00f6hnchenteil ist mir zu teuer, aber so einen BBQ Bacon  Chicken Burger &#8220;Sobrada BBQ&#8221; gibts aktuell um 2,99 \u20ac im Angebot, den testete ich mal, musste aber l\u00e4nger warten.<\/p>\n<p>KFC und McD machen in Spanien meist wohl erst ab 12 Uhr auf!<\/p>\n<p>War auch Realsatire hier, der Kerl an der Ausgabe musste jede Nummer vielfach laut ausschreien, weil die Leute drumherum an den Tischen waren und nicht aufpassten, wenn ihr Gericht fertig ist &#8230;<br \/>\n.. somit er weniger Zeit zum Einpacken der Gerichte hat. <\/p>\n<p>Jedenfalls musste ich \u00fcber 15min warten &#8211; und es war geschmacklich leider nicht lohnenswert, aber daf\u00fcr hab ich dann heut Abend nicht mehr die H\u00fchnerkroketten gew\u00e4rmt.<\/p>\n<p><a href='http:\/\/extra.inmontanis.info\/d\/142551-2\/dsc07447.jpg'><img src=http:\/\/extra.inmontanis.info\/d\/142550-3\/dsc07447.jpg \/><\/a><br \/>\n^ KFC<\/p>\n<p>G\u00fcnstig tanken konnte ich in der Stadt auch mal wieder um 1,339 (Benzin E5!) &#8211; Diesel kostet oft unter 1,30 \u20ac.<\/p>\n<p><a href='http:\/\/extra.inmontanis.info\/d\/142555-2\/dsc07451.jpg'><img src=http:\/\/extra.inmontanis.info\/d\/142554-3\/dsc07451.jpg \/><\/a><br \/>\n^ <\/p>\n<p><a href='http:\/\/extra.inmontanis.info\/d\/142559-2\/dsc07452.jpg'><img src=http:\/\/extra.inmontanis.info\/d\/142558-3\/dsc07452.jpg \/><\/a><br \/>\n^ s\u00fcdw\u00e4rts<\/p>\n<p><a href='http:\/\/extra.inmontanis.info\/d\/142563-2\/dsc07454.jpg'><img src=http:\/\/extra.inmontanis.info\/d\/142562-3\/dsc07454.jpg \/><\/a><br \/>\n^ <\/p>\n<p><a href='http:\/\/extra.inmontanis.info\/d\/142567-2\/dsc07458.jpg'><img src=http:\/\/extra.inmontanis.info\/d\/142566-3\/dsc07458.jpg \/><\/a><br \/>\n^ So viel Regenb\u00f6gen, wie ich heuer schon hatte, seh ich manchmal das ganze Jahr nicht<\/p>\n<p><a href='http:\/\/extra.inmontanis.info\/d\/142571-2\/dsc07460.jpg'><img src=http:\/\/extra.inmontanis.info\/d\/142570-3\/dsc07460.jpg \/><\/a><br \/>\n^ Die Berge, in denen auch das Skigebiet Valdezcaray liegt. Aktuell hat es weit runtergeschneit<\/p>\n<p>Um 17:40 erreichte ich einen hoffentlich ruhigen Nachtplatz, von dem ich morgen laut Navi ca. 50min ins Skigebiet h\u00e4tte.<\/p>\n<p>Cereler und Formigal und manch andere in den Pyren\u00e4en sollen heute wegen Sturm komplett geschlossen gewesen sein. <\/p>\n<p>Wie erwartet war es verdauungstechnisch ein Fehler, die R\u00f6stzwiebeln am Hotdog zu essen &#8230;. normalerweise ess ich Zwiebeln nur, wenn ich auf ein WC au\u00dferhalb des Autos zugreifen kann&#8230;<\/p>\n<p><strong>So, 15.2.2026<\/strong><\/p>\n<p><a href='http:\/\/extra.inmontanis.info\/d\/142579-2\/dsc07464.jpg'><img src=http:\/\/extra.inmontanis.info\/d\/142578-3\/dsc07464.jpg \/><\/a><br \/>\n^ Um 7 Uhr ist es hier im Westen nach wie vor fast komplett dunkel, daher gibt&#8217;s um 8 Uhr heute eine sch\u00f6ne Morgend\u00e4mmerung<\/p>\n<p><a href='http:\/\/extra.inmontanis.info\/d\/142583-2\/dsc07466.jpg'><img src=http:\/\/extra.inmontanis.info\/d\/142582-3\/dsc07466.jpg \/><\/a><br \/>\n^ Morgend\u00e4mmerung<\/p>\n<p><a href='http:\/\/extra.inmontanis.info\/d\/142587-2\/dsc07469.jpg'><img src=http:\/\/extra.inmontanis.info\/d\/142586-3\/dsc07469.jpg \/><\/a><br \/>\n^ Morgend\u00e4mmerung um 8:02 Uhr<\/p>\n<p>Um 8:35 kam ich am Parkplatz von Valdezcaray an und es lag wirklich wenig Schnee im Skigebiet. <\/p>\n<p>&#128681; Gespeicherte Geolocation &#8211; Karte anzeigen: <a href='https:\/\/www.google.com\/maps\/@?api=1&#038;map_action=map&#038;center=42.2564867,-2.9712833&#038;zoom=12&#038;basemap=terrain' target=_blank> GoogleMaps<\/a> &#128681; <a href='https:\/\/www.openstreetmap.org\/?&#038;mlat=42.2564867&#038;mlon=-2.9712833#map=10\/42.2564867\/-2.9712833&#038;layers=P' target=_blank> OSM &#128681;<\/a><\/p>\n<p><a href='http:\/\/ski.inmontanis.info\/d\/349557-2\/dsc07474.jpg'><img src=http:\/\/ski.inmontanis.info\/d\/349555-3\/dsc07474.jpg \/><\/a><br \/>\n^ Blick ins Skigebiet von der langen Stra\u00dfe hinauf aus<\/p>\n<p><a href='http:\/\/ski.inmontanis.info\/d\/349561-2\/dsc07485.jpg'><img src=http:\/\/ski.inmontanis.info\/d\/349560-3\/dsc07485.jpg \/><\/a><br \/>\n^ Die Schneise rechts d\u00fcrfte wohl nur eine Offpiste-Variante sein<\/p>\n<p><a href='http:\/\/ski.inmontanis.info\/d\/349565-2\/dsc07487.jpg'><img src=http:\/\/ski.inmontanis.info\/d\/349564-3\/dsc07487.jpg \/><\/a><br \/>\n^ Blick ins Skigebiet vom Anfang des Parkplatzes aus, unten Sektion 1, dar\u00fcber Sektion 2 waren offen, aber ganz rauf Sektion 3 war nicht offen, aber zwischen Sektion 2 und 3 gibts noch eine KSB seitlich nach rechts, die ging auch.<\/p>\n<p><a href='http:\/\/ski.inmontanis.info\/d\/349569-2\/dsc07556.jpg'><img src=http:\/\/ski.inmontanis.info\/d\/349568-3\/dsc07556.jpg \/><\/a><br \/>\n^ Pistenplan, heute offen waren Lifte 1+6 (sp\u00e4ter), 5+2+8, 3.<\/p>\n<p>Preise sind verglichen mit anderen Skigebieten in der Gegend relativ g\u00fcnstig: Tageslarte 22,50-29 \u20ac, mittwochs 15, Halbtageskarten 13-22,50 \u20ac. Das &#8220;nahe&#8221; Punto de Nieve Santa In\u00e9s (das kleinste Gebiet in Spanien hat den l\u00e4ngsten Namen)  soll 30 \u20ac fur die TK verlangen, obwohl nur kurzer KSSL und neues F\u00f6rderband und offiziell 1,8km Pisten. Die waren auch gestern offen. <\/p>\n<p>Bevor die hier keine fremde Keycards akzeptieren, lad ich eine meiner Axess-Karten  lieber \u00fcber den Online-Shop &#8211; und bei der Schlange, die ich sp\u00e4ter vor der Kasse sah, war das trotz erst n\u00f6tiger Registrierung und alles in Spanisch wohl doch schneller.<\/p>\n<p><a href='http:\/\/ski.inmontanis.info\/d\/349573-2\/dsc07491.jpg'><img src=http:\/\/ski.inmontanis.info\/d\/349572-3\/dsc07491.jpg \/><\/a><br \/>\n^ Die 6KSB Cascada hat 4 Skik\u00f6cher und 1 Snowboardk\u00f6cher an der R\u00fcckseite, man tut seine Ski in den Sessel vor einem und die Liftler an der Bergstation m\u00fcssen sie dann raustun &#8211; die haben hier also viel Arbeit, denn man darf anscheinend nicht mit angeschnallten Skiern fahren<\/p>\n<p>Ich vermute, dass das an dem engen Platz hier unten liegt und am kurzen Anstehbereich, dass man mit abgeschnallten Skiern fahren muss.<\/p>\n<p>Die 3. Toilettenkabine konnte man dann auch endlich verriegeln, bei den anderen passte der Riegel nicht ins Loch.<\/p>\n<p><a href='http:\/\/ski.inmontanis.info\/d\/349577-2\/dsc07499.jpg'><img src=http:\/\/ski.inmontanis.info\/d\/349576-3\/dsc07499.jpg \/><\/a><br \/>\n^ In der 4KSB Rehoyo mit Blick runter zur 6KSB und Restaurant &amp; Co<\/p>\n<p><a href='http:\/\/ski.inmontanis.info\/d\/349581-2\/dsc07500.jpg'><img src=http:\/\/ski.inmontanis.info\/d\/349580-3\/dsc07500.jpg \/><\/a><br \/>\n^ Links daneben die 4SB Salegares<\/p>\n<p><a href='http:\/\/ski.inmontanis.info\/d\/349585-2\/dsc07501.jpg'><img src=http:\/\/ski.inmontanis.info\/d\/349584-3\/dsc07501.jpg \/><\/a><br \/>\n^ 4KSB Rehoyo, im oberen Teil nur 1, imn unteren 2 Abfahrten ge\u00f6ffnet. Rechts die 4SB blieb au\u00dfer Betrieb, trotz eventueller Wartezeiten an der 4KSB<\/p>\n<p><a href='http:\/\/ski.inmontanis.info\/d\/349589-2\/dsc07503.jpg'><img src=http:\/\/ski.inmontanis.info\/d\/349588-3\/dsc07503.jpg \/><\/a><br \/>\n^ 4KSB Rehoyo mit Blick zum \u00dcbungs-SL &#8211; war mir schon klar, dass ich den gleich h\u00e4tte fahren sollen, danach war er mir zu voll.<\/p>\n<p><a href='http:\/\/ski.inmontanis.info\/d\/349593-2\/dsc07504.jpg'><img src=http:\/\/ski.inmontanis.info\/d\/349592-3\/dsc07504.jpg \/><\/a><br \/>\n^ Hinter mir die Bergstation 4KSB Rehoyo, vor mir die seitliche 4KSB Colocobia, die gerade ausgaragiert wird<\/p>\n<p>Wurde bald in Betrieb genommen, hatte sch\u00f6nen frisch pr\u00e4parierten Pulverschnee und die Abfahrt war auch bald mal in der Sonne, so dass ich sie \u00f6fters fuhr.<\/p>\n<p><a href='http:\/\/ski.inmontanis.info\/d\/349597-2\/dsc07507.jpg'><img src=http:\/\/ski.inmontanis.info\/d\/349596-3\/dsc07507.jpg \/><\/a><br \/>\n^ 4KSB Rehoyo<\/p>\n<p><a href='http:\/\/ski.inmontanis.info\/d\/349601-2\/dsc07509.jpg'><img src=http:\/\/ski.inmontanis.info\/d\/349600-3\/dsc07509.jpg \/><\/a><br \/>\n^ 4KSB Rehoyo und steile Felsen am Gipfel<\/p>\n<p><a href='http:\/\/ski.inmontanis.info\/d\/349605-2\/dsc07510.jpg'><img src=http:\/\/ski.inmontanis.info\/d\/349604-3\/dsc07510.jpg \/><\/a><br \/>\n^ Abfahrt an der 4KSB Rehoyo, oben links die 4KSB Colocobia<\/p>\n<p><a href='http:\/\/ski.inmontanis.info\/d\/349609-2\/dsc07515.jpg'><img src=http:\/\/ski.inmontanis.info\/d\/349608-3\/dsc07515.jpg \/><\/a><br \/>\n^ Blick aus der 4SB Salegares zur 4KSB Rehoyo und zum Gipfelbereich, links die Gipfel-KSB<\/p>\n<p><a href='http:\/\/ski.inmontanis.info\/d\/349613-2\/dsc07522.jpg'><img src=http:\/\/ski.inmontanis.info\/d\/349612-3\/dsc07522.jpg \/><\/a><br \/>\n^ Drekte Abfahrt an der 4KSB Colocobia. Quer in die Piste reingesetzte Schneefangz\u00e4une sieht man wohl auch sehr selten! N\u00e4chstes Foto Zoom in die Bildmitte<\/p>\n<p><a href='http:\/\/ski.inmontanis.info\/d\/349617-2\/dsc07523.jpg'><img src=http:\/\/ski.inmontanis.info\/d\/349616-3\/dsc07523.jpg \/><\/a><br \/>\n^ Zoom ins flachere Land, rechts der Skiweg kommt von der Gipfel-KSB<\/p>\n<p><a href='http:\/\/ski.inmontanis.info\/d\/349621-2\/dsc07524.jpg'><img src=http:\/\/ski.inmontanis.info\/d\/349620-3\/dsc07524.jpg \/><\/a><br \/>\n^ R\u00fcckseitenpano an der 4KSB Colocobia, die Gipfel waren sp\u00e4ter noch mehr in Woklen.<\/p>\n<p><a href='http:\/\/ski.inmontanis.info\/d\/349625-2\/dsc07528.jpg'><img src=http:\/\/ski.inmontanis.info\/d\/349624-3\/dsc07528.jpg \/><\/a><br \/>\n^ Pano an der 4KSB Colocobia<\/p>\n<p><a href='http:\/\/ski.inmontanis.info\/d\/349629-2\/dsc07530.jpg'><img src=http:\/\/ski.inmontanis.info\/d\/349628-3\/dsc07530.jpg \/><\/a><br \/>\n^ An der 4KSB Colocobia gab es noch eine seitlichere Abfahrt &#8211; und so funktioniert das dann mit den Schneefangz\u00e4unen, wenn sie quer in der Piste stehen, bei wenig Schnee f\u00e4hrt man schr\u00e4g, bei viel Schnee kann man direkter fahren<\/p>\n<p><a href='http:\/\/ski.inmontanis.info\/d\/349633-2\/dsc07531.jpg'><img src=http:\/\/ski.inmontanis.info\/d\/349632-3\/dsc07531.jpg \/><\/a><br \/>\n^ Seitliche Variante an der 4KSB Colocobia, links die gesperrte Rote bin ich sp\u00e4ter noch gefahren, rechts der normale Weg war im unteren Bereich schon etwas steinig, dazwischen ein riesiger Schneiteich, aber viel beschneit wurde heuer in dem Skigebiet wohl noch nicht<\/p>\n<p><a href='http:\/\/ski.inmontanis.info\/d\/349637-2\/dsc07532.jpg'><img src=http:\/\/ski.inmontanis.info\/d\/349636-3\/dsc07532.jpg \/><\/a><br \/>\n^ 4KSB Colocobia, unter Gr\u00fcn versteckt sich Braun &#8211; das kennt man ja auch aus der Politik, zumindest in Deutschland ;)<\/p>\n<p><a href='http:\/\/ski.inmontanis.info\/d\/349641-2\/dsc07533.jpg'><img src=http:\/\/ski.inmontanis.info\/d\/349640-3\/dsc07533.jpg \/><\/a><br \/>\n^ Da man im Skigebiet oben ja wohl kein Autoservice bekommt ;) hei\u00dft wohl so die Selbstbedienung im Restaurant. Zu fr\u00fch darf man da aber nicht hungrig sein &#8230;<\/p>\n<p>Die Bar dar\u00fcber hatte Semmeln mit diversem Zeug belegt (zB auch Kartoffel-Tortillas), die dann in der Mikro aufgew\u00e4rmt wurden, aber leider ohne Preis, also nahm ich mal nur eine &#8220;Napolitana&#8221;, ziemlich gleich wie die Chocolatine in Frankreich, pain au choclolat manchmal, zugebenerma\u00dfen etwas gr\u00f6\u00dfer (aufgebl\u00e4hter?) aber mit 2,70 nicht gerade g\u00fcnstig, wie ich erst nach einem Kauf feststellen musste. <\/p>\n<p>Der Wind wurde nach 11 Uhr auch sp\u00fcrbar st\u00e4rker und st\u00f6rte bei den Bergfahrten der oberen beiden 4KSBen, blieben aber beide in Betrieb.<\/p>\n<p>Morgen punto da nieve sant ines anfahren? Leider wird mir da morgen zu viel Regen gemeldet. DI La Panilla? Schaut schlecht aus mit den restlichen Gebieten diese Woche hier im Bereich Madrid. Pinilla solls MO+DI bis MIttag regnen und st\u00fcrmen, MI+DO trocken aber Sturm,  ab Freitag dann viel Sonne. Am wenigsten Regen w\u00fcrde nun morgen doch hier gemeldet werden, den verg\u00fcnstigten Preis von 22,50 gibts aber diese Woche nicht mehr laut Webshop.<\/p>\n<p>Wenn mehr bzw. alles offen ist, was wohl selten vorkommt, w\u00e4r das hier schon ein nettes Skigebiet, aber durch die 3 Sektionen war&#8217;s auch heute nett.<\/p>\n<p>Ich blieb bis kurz vor 16 Uhr, entschied mich aber, nicht hier oben zu \u00fcbernachten, sondern gleich unten im Tal.<\/p>\n<p>Es gibt in der N\u00e4he auch noch ein ehemaliges Skigebiet: Valle del sol. Aber da extra rauffahren lohnt wohl auch nicht.<\/p>\n<p><a href='http:\/\/ski.inmontanis.info\/d\/349645-2\/dsc07534.jpg'><img src=http:\/\/ski.inmontanis.info\/d\/349644-3\/dsc07534.jpg \/><\/a><br \/>\n^ Flachlandblick, wobei da hinten ja schon die n\u00e4chsten Berge kommen<\/p>\n<p><a href='http:\/\/ski.inmontanis.info\/d\/349649-2\/dsc07537.jpg'><img src=http:\/\/ski.inmontanis.info\/d\/349648-3\/dsc07537.jpg \/><\/a><br \/>\n^ Parkpl\u00e4tze und Talstation<\/p>\n<p><a href='http:\/\/ski.inmontanis.info\/d\/349653-2\/dsc07536.jpg'><img src=http:\/\/ski.inmontanis.info\/d\/349652-3\/dsc07536.jpg \/><\/a><br \/>\n^ Gesperrte rote diagonale Abfahrt, gegen\u00fcber die roten Abfahrtsh\u00e4nge, die man von der Gipfel-KSB erreicht<\/p>\n<p><a href='http:\/\/ski.inmontanis.info\/d\/349657-2\/dsc07538.jpg'><img src=http:\/\/ski.inmontanis.info\/d\/349656-3\/dsc07538.jpg \/><\/a><br \/>\n^ 4KSB Rehoyo. Ja, die Abfahrten sind schon arg in den Berg gezimmert &#8211; aber wenn es genug Schnee hat, gibts auch etliche Alternativen<\/p>\n<p><a href='http:\/\/ski.inmontanis.info\/d\/349661-2\/dsc07540.jpg'><img src=http:\/\/ski.inmontanis.info\/d\/349660-3\/dsc07540.jpg \/><\/a><br \/>\n^ Das find ich mal ne coole Idee &#8211; die Skihalter hier bestehen aus einem runden Holzbalken und einem darum gewickelten dicken Seil oder Tau wie beim Schiff!<\/p>\n<p><a href='http:\/\/ski.inmontanis.info\/d\/349665-2\/dsc07541.jpg'><img src=http:\/\/ski.inmontanis.info\/d\/349664-3\/dsc07541.jpg \/><\/a><br \/>\n^ Links die 6KSB, ich fuhr mal die lahme 4SB Valdezcaray, weil man hier die Skier nicht abschnallen muss.<\/p>\n<p><a href='http:\/\/ski.inmontanis.info\/d\/349669-2\/dsc07542.jpg'><img src=http:\/\/ski.inmontanis.info\/d\/349668-3\/dsc07542.jpg \/><\/a><br \/>\n^ .. aber dann doch lieber wieder die 6KSB, die ist zwar auch langsam, aber etwas schneller.<\/p>\n<p><a href='http:\/\/ski.inmontanis.info\/d\/349673-2\/dsc07543.jpg'><img src=http:\/\/ski.inmontanis.info\/d\/349672-3\/dsc07543.jpg \/><\/a><br \/>\n^ Parkplatz, links die schmale Talabfahrt, die schon arg voll wird<\/p>\n<p><a href='http:\/\/ski.inmontanis.info\/d\/349677-2\/dsc07544.jpg'><img src=http:\/\/ski.inmontanis.info\/d\/349676-3\/dsc07544.jpg \/><\/a><br \/>\n^ 4KSB Rehoyo, leider kein gut ausgestecker Anstehbereich und die parallele 4SB dahinter blieb geschlossen. Aber f\u00fcr einen Sonntag hier mitten in Spanien fand ich das human, zumal die stadtnahen Skigebiete von Madrid dieses WE auch nicht oder so gut wie nicht offen waren.<\/p>\n<p><a href='http:\/\/ski.inmontanis.info\/d\/349681-2\/dsc07545.jpg'><img src=http:\/\/ski.inmontanis.info\/d\/349680-3\/dsc07545.jpg \/><\/a><br \/>\n^ 4KSB Rehoyo mit Abfahrt<\/p>\n<p><a href='http:\/\/ski.inmontanis.info\/d\/349685-2\/dsc07546.jpg'><img src=http:\/\/ski.inmontanis.info\/d\/349684-3\/dsc07546.jpg \/><\/a><br \/>\n^ In der 4SB Salegares, nicht mal die direktere blaue Abfahrt hier ist offen. Fuhr ich sp\u00e4ter aber auch noch.<\/p>\n<p><a href='http:\/\/ski.inmontanis.info\/d\/349689-2\/dsc07547.jpg'><img src=http:\/\/ski.inmontanis.info\/d\/349688-3\/dsc07547.jpg \/><\/a><br \/>\n^ 4KSB Colocobia, darunter ein Ponylift &#8211; der ist aber teils komplett eingeschneit.<\/p>\n<p><a href='http:\/\/ski.inmontanis.info\/d\/349693-2\/dsc07548.jpg'><img src=http:\/\/ski.inmontanis.info\/d\/349692-3\/dsc07548.jpg \/><\/a><br \/>\n^ Skiweg-Abfahrt von der Gipfel-KSB, sind viele raufgegangen, wurde auch pr\u00e4pariert. Wenn es nicht so windig gewesen w\u00e4re, h\u00e4tte die KSB vielleicht ge\u00f6ffnet.<\/p>\n<p><a href='http:\/\/ski.inmontanis.info\/d\/349697-2\/dsc07549.jpg'><img src=http:\/\/ski.inmontanis.info\/d\/349696-3\/dsc07549.jpg \/><\/a><br \/>\n^ 4KSB Campos Blancos &#8230;<\/p>\n<p><a href='http:\/\/ski.inmontanis.info\/d\/349701-2\/dsc07550.jpg'><img src=http:\/\/ski.inmontanis.info\/d\/349700-3\/dsc07550.jpg \/><\/a><br \/>\n^ .. und 4KSB Rehoyo<\/p>\n<p><a href='http:\/\/ski.inmontanis.info\/d\/349705-2\/dsc07552.jpg'><img src=http:\/\/ski.inmontanis.info\/d\/349704-3\/dsc07552.jpg \/><\/a><br \/>\n^ Flachlandzoom mit den n\u00e4chsten Bergen dahinter<\/p>\n<p><a href='http:\/\/ski.inmontanis.info\/d\/349709-2\/dsc07555.jpg'><img src=http:\/\/ski.inmontanis.info\/d\/349708-3\/dsc07555.jpg \/><\/a><br \/>\n^ Der Anstehbereich an den Kassen war heute Morgen voll &#8211; und ging noch weiter nach links hinaus<\/p>\n<p><a href='http:\/\/ski.inmontanis.info\/d\/349713-2\/dsc07557.jpg'><img src=http:\/\/ski.inmontanis.info\/d\/349712-3\/dsc07557.jpg \/><\/a><br \/>\n^ Hier an der Talstation kann man seine Ski mit Luftdruck reinigen &#8211; bei mir egal, kommt ja eh aufs Dach<\/p>\n<p><a href='http:\/\/ski.inmontanis.info\/d\/349717-2\/dsc07558.jpg'><img src=http:\/\/ski.inmontanis.info\/d\/349716-3\/dsc07558.jpg \/><\/a><br \/>\n^ Auf der Zufahrtsstra\u00dfe gibts mehrere Bereiche mit gro\u00dfen und tiefen L\u00f6chern, da sollte man aufpassen<\/p>\n<p><a href='http:\/\/ski.inmontanis.info\/d\/349721-2\/ge20260215a.jpg'><img src=http:\/\/ski.inmontanis.info\/d\/349720-3\/ge20260215a.jpg \/><\/a><br \/>\n^ GPS-Track 15.2.2026 in Gelb, die geschlossenen Lifte in Magenta<\/p>\n<p>Die Kirche im Ort st\u00f6rte nachts zwar nicht, aber um 6:30 ein vermutlich tieffliegendes Propellerflugzeug und kurz vor 7 Uhr ein LKW.<\/p>\n<p>Zu warm war es auch, blieb im Auto \u00fcber 14\u00b0. Da h\u00e4tte ich 1. meinen K\u00fchlschrank vor dem Ausschalten tiefer runterk\u00fchlen sollen und 2. eine Lage weniger Decken im Schlafsack gebraucht.<\/p>\n<p>&#8211; <\/p>\n<p>Hier noch der \u00dcberblick \u00fcber die Skigebiete in Spanien abseits der Pyren\u00e4en, ohne die ehemaligen Skigebiete:<\/p>\n<p><a href='http:\/\/extra.inmontanis.info\/d\/142591-2\/ge-spanien-rest.jpg'><img src=http:\/\/extra.inmontanis.info\/d\/142590-3\/ge-spanien-rest.jpg \/><\/a><\/p>\n<p>A) Manzaneda<br \/>\nB) Leitariegos<br \/>\nC) Valgrande-Pajares<br \/>\nD) Fuentes de Invierno + San Isidro, liegen direkt nebeneinander<br \/>\nE) Alto Campoo (2014 besucht)<br \/>\nF) Valdezcaray (dieser Bericht)<br \/>\nG) Punto de Nieve Santa In\u00e9s<br \/>\nH) Serra da Estrela (Portugal)<br \/>\nI) Sierra de B\u00e9jar (Hauptlift diesen Winter wg. Reparatur geschlossen)<br \/>\nJ) Valdesqui + Navacerrada, liegen direkt nebeneinander<br \/>\nK) La Pinilla<br \/>\nL) Javalambre (2014 besucht) (hier gilt auch meine heurige Werktagesaisonkarte, liegt aber leider so abseits, dass ich es heuer wohl nicht nochmals probieren werde)<br \/>\nM) Valdelinares (heuer besucht &#8211; hier gilt auch meine heurige Werktagesaisonkarte<br \/>\nN) Sierra Nevada (2014 besucht, liegt mir heuer zu umwegig)<\/p>\n<p>F\/G\/L\/M z\u00e4hlt zum &#8220;Sistema Ib\u00e9rico&#8221;, bis 2.315m H\u00f6he<br \/>\nH\/I\/J\/K z\u00e4hlt zum &#8220;Sistema Central&#8221;, bis 2.591m H\u00f6he<br \/>\nN z\u00e4hlt zum &#8220;Sistema Penib\u00e9tico&#8221;, bis 3.479m H\u00f6he<br \/>\nRest zur &#8220;Cordillera Cant\u00e1brica&#8221;, bis 2.650m H\u00f6he<\/p>\n<p>Zum Vergleich: Die Pyren\u00e4en gehen bis auf 3.404m &#8211; der h\u00f6chste Gipfel liegt in Spanien; der h\u00f6chste Punkt im franz\u00f6sischen Zentralmassif ist nur auf 1.885m, der italienische Appennin geht bis auf 2.912m, der \u00c4tna auf ca. 3.403m und der Kaukasus, der ja \u00e4hnlich wie die Pyren\u00e4en auf ca. H\u00f6he Rom liegt, auf 5.642m. H\u00f6chster Punkt in den Alpen 4.805m, in Griechenland 2.917m, in der T\u00fcrkei 5.137m, im Iran 4.221m, in Deutschland 2.962m, in Norwegen 2.469m, in Schweden 2.097m, in Finnland 1.324m und in Schottland 1.345m.<\/p>\n<p>(Quelle: Wikipedia)<\/p>\n<p>&#8211; &#8211; &#8211; <\/p>\n<p>&#8220;Die \u201eWelt\u201c inszeniert ein Planspiel, das allzu schnell Realit\u00e4t werden kann&#8221; -><br \/>\n<a href='https:\/\/anti-spiegel.ru\/2026\/die-welt-inszeniert-ein-planspiel-das-allzu-schnell-realitaet-werden-kann\/'>https:\/\/anti-spiegel.ru\/2026\/die-welt-inszeniert-ein-planspiel-das-allzu-schnell-realitaet-werden-kann\/<\/a><\/p>\n","protected":false},"excerpt":{"rendered":"<p>Sa, 14.2.2026<\/p>\n<p>In einem Supermarkt in Jaca gab es das sch\u00f6nste WC seit Monaten oder \u00fcberhaupt auf der Reise, saubere Einzelkabine mit Klobrille, WC-Papier, eigenem Waschbecken (leider wohl ohne Warmwasser, aber zum Haarwaschen geht das, nur unpassend f\u00fcr eine W\u00e4schewaschaktion), Seifenspender und Handtrockner. Ja, man kann nicht alles haben &#8211; kein Haken zum Aufh\u00e4ngen der <a href=\"http:\/\/blog.inmontanis.info\/?p=11217\">[&#8230;]<\/a><\/p>\n","protected":false},"author":1,"featured_media":11219,"comment_status":"closed","ping_status":"closed","sticky":false,"template":"","format":"standard","meta":{"footnotes":""},"categories":[950,27,129,982],"tags":[49,56],"class_list":["post-11217","post","type-post","status-publish","format-standard","has-post-thumbnail","hentry","category-2025-09-2026-11-pyrenaen-uk-co","category-skifahren-winterskiing-winter","category-spain","category-valdezcaray","tag-4sb","tag-6sb","odd"],"_links":{"self":[{"href":"http:\/\/blog.inmontanis.info\/index.php?rest_route=\/wp\/v2\/posts\/11217","targetHints":{"allow":["GET"]}}],"collection":[{"href":"http:\/\/blog.inmontanis.info\/index.php?rest_route=\/wp\/v2\/posts"}],"about":[{"href":"http:\/\/blog.inmontanis.info\/index.php?rest_route=\/wp\/v2\/types\/post"}],"author":[{"embeddable":true,"href":"http:\/\/blog.inmontanis.info\/index.php?rest_route=\/wp\/v2\/users\/1"}],"replies":[{"embeddable":true,"href":"http:\/\/blog.inmontanis.info\/index.php?rest_route=%2Fwp%2Fv2%2Fcomments&post=11217"}],"version-history":[{"count":2,"href":"http:\/\/blog.inmontanis.info\/index.php?rest_route=\/wp\/v2\/posts\/11217\/revisions"}],"predecessor-version":[{"id":11220,"href":"http:\/\/blog.inmontanis.info\/index.php?rest_route=\/wp\/v2\/posts\/11217\/revisions\/11220"}],"wp:featuredmedia":[{"embeddable":true,"href":"http:\/\/blog.inmontanis.info\/index.php?rest_route=\/wp\/v2\/media\/11219"}],"wp:attachment":[{"href":"http:\/\/blog.inmontanis.info\/index.php?rest_route=%2Fwp%2Fv2%2Fmedia&parent=11217"}],"wp:term":[{"taxonomy":"category","embeddable":true,"href":"http:\/\/blog.inmontanis.info\/index.php?rest_route=%2Fwp%2Fv2%2Fcategories&post=11217"},{"taxonomy":"post_tag","embeddable":true,"href":"http:\/\/blog.inmontanis.info\/index.php?rest_route=%2Fwp%2Fv2%2Ftags&post=11217"}],"curies":[{"name":"wp","href":"https:\/\/api.w.org\/{rel}","templated":true}]}}