{"id":11176,"date":"2026-01-24T20:51:03","date_gmt":"2026-01-24T19:51:03","guid":{"rendered":"http:\/\/blog.inmontanis.info\/?p=11176"},"modified":"2026-01-28T20:59:25","modified_gmt":"2026-01-28T19:59:25","slug":"cambre-daze-24-1-2026-zu-viel-neuschnee","status":"publish","type":"post","link":"http:\/\/blog.inmontanis.info\/?p=11176","title":{"rendered":"Cambre d&#8217;Aze, 24.1.2026 &#8211; zu viel Neuschnee"},"content":{"rendered":"<p><strong>Sa, 24.1.2026<\/strong><\/p>\n<p>In der Nacht und am Morgen hatte es noch nicht geschneit, fing aber noch plangem\u00e4\u00df an, bevor ich das Auto verlie\u00df, es sollten laut Wetterbericht bis zum Abend, bevor es \u00fcber Nacht wieder aufh\u00f6ren soll, 10-20cm schneien.<\/p>\n<p>Ob ich dann nochmals hier schlafen will oder irgendwo auf dem Weg oder im n\u00e4chsten Skigebiet was suche ist fraglich, wenn es so viel schneien sollte k\u00f6nnte ich also auch noch hier bleiben, wer wei\u00df, ob unterwegs der eine Parkplatz ger\u00e4umt w\u00e4re&#8230; dann m\u00fcsst ich halt morgen gleich nach 8 Uhr abfahren. <\/p>\n<p>Parkplatzm\u00e4\u00dfig ist man hier auf 1600-1700m, die KSSL auf der rechten Seite liegen noch etwas h\u00f6her &#8211; das Tal liegt also immer noch recht hoch.<\/p>\n<p>Es schneite dann bald recht stark, was mich in meiner Regenkleidung aber gar nicht so st\u00e4rte und weil man bis auf den oberen Teil im gro\u00dfen Graben ja nur im Wald f\u00e4hrt und eine brauchbare Sicht hatte.<\/p>\n<p>Beide Seiten haben einen gro\u00dfen salle hors sac mit Mikro und Wasser\/Sp\u00fcle. Zu Mittag wurde dann ein Abklingen des Schneefalls erst f\u00fcr 18\/19 Uhr gemeldet.<\/p>\n<p>Nachmittags schneite es mal trotz beider Jacken und Verschlossen usw. in den Kragen und unter beide Jacken!?! <\/p>\n<p>Um 14:45 mal in das Restaurant nahe der 4KSB Talstation geschaut, war mir aber eh zu voll und zu unlohnenswert, daher in den dahinter liegenden salle hors sac. Wettervorhersage meldet weiterhin keinen nachlassenden Schneefall. Als ich um 15:15 wieder raus bin und zur 4KSB wollte, stand diese &#8211; dann halt nochmal ein paar Minuten in den salle hors sac, sp\u00e4ter, als sie und ich wieder fuhr, sah ich auf St\u00fctze 13 einen Mitarbeiter die Rollen beobachten.<\/p>\n<p>Fuhr aber nur noch 1x und h\u00f6rte auf.<\/p>\n<p>Da es heute kein Foto-Wetter war, hab ich nur wenig fotografiert und verweise somit auf meinen Bericht von 2014: <a href='http:\/\/blog.inmontanis.info\/?p=2670'>http:\/\/blog.inmontanis.info\/?p=2670<\/a><\/p>\n<p><a href='http:\/\/ski.inmontanis.info\/d\/348195-2\/dsc06517.jpg'><img src=http:\/\/ski.inmontanis.info\/d\/348194-3\/dsc06517.jpg \/><\/a><br \/>\n^ Pistenplan, links unten die 4KSB, dar\u00fcber links der B\u00fcgel-SL, rechts davon fast nur KSSL<\/p>\n<p><a href='http:\/\/ski.inmontanis.info\/d\/348199-2\/dsc06519.jpg'><img src=http:\/\/ski.inmontanis.info\/d\/348198-3\/dsc06519.jpg \/><\/a><br \/>\n^ WoMo-Stellplatz auf der anderen Seite der 4KSB &#8211; aber wohl von der Firma, wo nur WoMos erlaubt sind<\/p>\n<p><a href='http:\/\/ski.inmontanis.info\/d\/348203-2\/dsc06520.jpg'><img src=http:\/\/ski.inmontanis.info\/d\/348202-3\/dsc06520.jpg \/><\/a><br \/>\n^ B\u00fcgel-SL, schlecht angebunden, muss man schieben<\/p>\n<p><a href='http:\/\/ski.inmontanis.info\/d\/348207-2\/dsc06521.jpg'><img src=http:\/\/ski.inmontanis.info\/d\/348206-3\/dsc06521.jpg \/><\/a><br \/>\n^ Bei den Preisen an dem quasi nur Imbiss-Stand werd ich mal nichts ausgeben ;)<\/p>\n<p><a href='http:\/\/ski.inmontanis.info\/d\/348211-2\/dsc06522.jpg'><img src=http:\/\/ski.inmontanis.info\/d\/348210-3\/dsc06522.jpg \/><\/a><br \/>\n^ Die gro\u00dfe Graben-Abfahrt<\/p>\n<p><a href='http:\/\/ski.inmontanis.info\/d\/348215-2\/dsc06523.jpg'><img src=http:\/\/ski.inmontanis.info\/d\/348214-3\/dsc06523.jpg \/><\/a><br \/>\n^ Die gro\u00dfe Graben-Abfahrt<\/p>\n<p><a href='http:\/\/ski.inmontanis.info\/d\/348219-2\/dsc06524.jpg'><img src=http:\/\/ski.inmontanis.info\/d\/348218-3\/dsc06524.jpg \/><\/a><br \/>\n^ Tellerlift, besetzt von Anf\u00e4ngern und bleibt daher h\u00e4ufig stehen oder f\u00e4ht leer, weil Einstiegsprobleme, aber gleichzeitig auch der einzige Verbindungslift vom rechten Teil zum linken &#8211; au\u00dfer man f\u00e4hrt die unpr\u00e4parierte Schwarze durch den gro\u00dfen Graben und schiebt anschlie\u00dfend einen flachen Skiweg entlang&#8230;.<\/p>\n<p><a href='http:\/\/ski.inmontanis.info\/d\/348223-2\/dsc06525.jpg'><img src=http:\/\/ski.inmontanis.info\/d\/348222-3\/dsc06525.jpg \/><\/a><br \/>\n^ Rechter (unterer) KSSL<\/p>\n<p><a href='http:\/\/ski.inmontanis.info\/d\/348227-2\/dsc06528.jpg'><img src=http:\/\/ski.inmontanis.info\/d\/348226-3\/dsc06528.jpg \/><\/a><br \/>\n^ Kurze Schwarze<\/p>\n<p><a href='http:\/\/ski.inmontanis.info\/d\/348231-2\/dsc06529.jpg'><img src=http:\/\/ski.inmontanis.info\/d\/348230-3\/dsc06529.jpg \/><\/a><br \/>\n^ .. zum B\u00fcgel-SL. K\u00f6nnte auch in Schweden sein ;)<\/p>\n<p><a href='http:\/\/ski.inmontanis.info\/d\/348243-2\/ge20260124a.jpg'><img src=http:\/\/ski.inmontanis.info\/d\/348242-3\/ge20260124a.jpg \/><\/a><br \/>\n^ GPS-Track 24.1.2026 in T\u00fcrkis, vorheriger Besuch 2014 in Rosa<\/p>\n<p>Am Auto dann der Schock, weiviel Schnee hier heute gefalllen ist &#8211; wesentlich mehr als es auf den Pisten den Anschein hatte (es schneite zwar stark, aber nur in kleinen Flocken). Schneer\u00e4umer auf dem Parkplatz wohl auch Mangelware, wer wei\u00df, ob da morgen fr\u00fch einer f\u00e4hrt, also lieber heute abfahren und versuchen, einen ger\u00e4umten Parkplatz zu finden?!<\/p>\n<p><a href='http:\/\/ski.inmontanis.info\/d\/348235-2\/dsc06530.jpg'><img src=http:\/\/ski.inmontanis.info\/d\/348234-3\/dsc06530.jpg \/><\/a><br \/>\n^ Ja spinnt ihr? Sollen das die gemeldeten ca. 10 cm sein? Vor dem Skifahren hab ich mein Auto noch abgekehrt! Und es werden bis zum Abklingen heut Abend noch weitere 10+cm gemeldet.<\/p>\n<p><a href='http:\/\/ski.inmontanis.info\/d\/348239-2\/dsc06531.jpg'><img src=http:\/\/ski.inmontanis.info\/d\/348238-3\/dsc06531.jpg \/><\/a><br \/>\n^ Ne ne ne, das ist nicht mehr lustig, solche Schneemassen will ich auf meinem Auto nicht sehen.<\/p>\n<p>Ich hab die Nase voll von Schneefall und Regen. Letztes Jahr im Januar von Regen und Schneematsch, heuer von Regen und Schneefall. Und es ist f\u00fcr die n\u00e4chsten 10 Tage keine Wetterbesserung gemeldet, eher noch weitere 50-100cm Neuschnee in den Pyren\u00e4en.<\/p>\n<p><a href='http:\/\/extra.inmontanis.info\/d\/142186-2\/dsc06535.jpg'><img src=http:\/\/extra.inmontanis.info\/d\/142185-3\/dsc06535.jpg \/><\/a><br \/>\n^ Der Winterdienst ist halt nicht mit Skandinavien vergleichbar<\/p>\n<p><a href='http:\/\/extra.inmontanis.info\/d\/142190-2\/dsc06537.jpg'><img src=http:\/\/extra.inmontanis.info\/d\/142189-3\/dsc06537.jpg \/><\/a><br \/>\n^ Vorne f\u00e4hrt gerade einer der Schneer\u00e4umer durch den schmalen Ort, an der schmalsten Stelle steht dann ein Elektrofahrzeug in Gegenrichtung, das nicht mehr weiter raufkommt und blockiert damit den Schneer\u00e4umer.<\/p>\n<p>Ich fuhr mal zum n\u00e4chsten Ort unterhalb, aber wie erwartet war der Parkplatz auch unger\u00e4umt, den auch die Stra\u00dfen waren ziemlich unger\u00e4umt, es fuhren war hin und wieder Bagger oder Schneer\u00e4umer, die dann aber bald wieder in Nebenabfahrten abzweigten oder \u00fcberhaupt anderswohin fuhren und gar nicht r\u00e4umten etc. etc.<\/p>\n<p>Nach dem Parkplatz, eine Verbindungsstra\u00dfe zur Hauptstra\u00dfe, folgte dann eine Stra\u00dfe, die auch sehr lang nicht mehr ger\u00e4umt wurde, der Schnee streifte manchmal am Unterboden, die Kurven waren etwas schwer zu nehmen,  einer hat sich halb in den Graben gefahren (aber noch genug Platz zum Vorbeifahren gelassen), bis dann endlich die n\u00e4chste ger\u00e4umte Hautpstra\u00dfe kam. <\/p>\n<p><a href='http:\/\/extra.inmontanis.info\/d\/142194-2\/dsc06542.jpg'><img src=http:\/\/extra.inmontanis.info\/d\/142193-3\/dsc06542.jpg \/><\/a><br \/>\n^ .. und diese Stra\u00dfe hatte 10-20cm lockeren Schnee mit nur wenigen Spuren<\/p>\n<p>Dann also runter auf unter 1200m kurz vor die spanische Grenze, dort zwar auch noch Schnee, aber unproblematische Menge, der erste Parkplatz gefiel mir nicht, der andere zentraler im Ort, war mir dann lieber, um 18:15 kam ich dort an, es wurde nun schon recht dunkel.<\/p>\n<p>Ob ich morgen nochmals rauf und nach Font Romeu fahren m\u00f6chte, darf auch bezweifelt werden. Vielleicht w\u00e4r&#8217;s doch sinnvoller gewesen, noch bis morgen auf dem Parkplatz der 4KSB stehen zu bleiben, vielleicht w\u00e4ren die Stra\u00dfen morgen fr\u00fch besser ger\u00e4umt gewesen ..<\/p>\n<p>Die Alternativen allerdings sind ja auch nicht gerade g\u00fcnstig &#8211; Masella oder La Molina, dito Port del Comte, das zudem nur \u00fcber  sehr bergige Stra\u00dfen anzufahren scheint &#8211; oder ich verzichte morgen auf den Skitag und fahr nach S\u00fcden nach Valdelinares, um dort dann am Montag bei weniger stark gemeldeten Regen\/Schnee zu fahren &#8211; oder wegen Sturm gar nicht fahren zu k\u00f6nnen?<\/p>\n<p>Halbtageskarten in Masella\/Molina gibts erst ab 13 Uhr und kosten etwas \u00fcber 30 \u20ac, die Anf\u00e4nger-Skip\u00e4sse sind in Masella  unlohnenswert, in Molina immerhin 2 Sesselbahnen, beide kosten um die 30 \u20ac &#8211; aber die Anf\u00e4ngerbereiche sind hier in den Pyren\u00e4en sp\u00e4testens am WE  ja komplett \u00fcberlaufen, das hab ich die letzten Wochen ja oft genug erlebt. <\/p>\n<p>Ein Abstecher nach Andorra &#8211; h\u00e4tte ja noch einen Tag f\u00fcr Pal\/Arinsal &#8211; ist wetterm\u00e4\u00dfig unlohnenswert, da dort weiterhin Schnee gemeldet wird.<\/p>\n<p>Die Wettervorhersagen jedenfalls f\u00fcr Cerler ab MO bzw. vorallem DI+DO, sagen weiterhin viel zu viel Neuschnee f\u00fcr mich voraus (80mm SO-FR, 100mm in Formigal, also im Westen schlimmer) &#8211; da soll es in dieser Ecke hier weniger extrem sein. In einer Woche soll es dann mit Regen statt Schnee in den Pyren\u00e4en weitergehen. <\/p>\n<p>Also dass ich  jetzt nach S\u00fcden fahr, ist ziemlich fix, auch wenn ich dort wohl auch etwas Regen und Schnee haben werde (dzt. 15-30mm MO-DO gemeldet), bei ca. 7h Fahrt w\u00e4re es eigentlich unklug, morgen noch nach Font Romeu zu fahren, weil gro\u00df + Frei-Tageskarte auszun\u00fctzen ist und MO Arbeitstag &#8211; da m\u00fcsst ich ja morgen Abend noch mind. 4h fahren.<\/p>\n<p>Aber wenn ich am MO dann eh auch im S\u00fcden Regen haben werde, sollte ich den morgigen trockenen Tag hier wohl doch n\u00fctzen&#8230;<\/p>\n<p>Jetzt hab ich so viele Saisonkarten &#8211; aber dem Schlechtwetter zu entkommen ist in den Pyren\u00e4en samt Spanien anscheinend wesentlich schwieriger. <\/p>\n","protected":false},"excerpt":{"rendered":"<p>Sa, 24.1.2026<\/p>\n<p>In der Nacht und am Morgen hatte es noch nicht geschneit, fing aber noch plangem\u00e4\u00df an, bevor ich das Auto verlie\u00df, es sollten laut Wetterbericht bis zum Abend, bevor es \u00fcber Nacht wieder aufh\u00f6ren soll, 10-20cm schneien.<\/p>\n<p>Ob ich dann nochmals hier schlafen will oder irgendwo auf dem Weg oder im n\u00e4chsten Skigebiet <a href=\"http:\/\/blog.inmontanis.info\/?p=11176\">[&#8230;]<\/a><\/p>\n","protected":false},"author":1,"featured_media":11179,"comment_status":"closed","ping_status":"closed","sticky":false,"template":"","format":"standard","meta":{"footnotes":""},"categories":[950,294,16,27],"tags":[48,47],"class_list":["post-11176","post","type-post","status-publish","format-standard","has-post-thumbnail","hentry","category-2025-09-2026-11-pyrenaen-uk-co","category-cambre-daze","category-france","category-skifahren-winterskiing-winter","tag-kssl","tag-sl","odd"],"_links":{"self":[{"href":"http:\/\/blog.inmontanis.info\/index.php?rest_route=\/wp\/v2\/posts\/11176","targetHints":{"allow":["GET"]}}],"collection":[{"href":"http:\/\/blog.inmontanis.info\/index.php?rest_route=\/wp\/v2\/posts"}],"about":[{"href":"http:\/\/blog.inmontanis.info\/index.php?rest_route=\/wp\/v2\/types\/post"}],"author":[{"embeddable":true,"href":"http:\/\/blog.inmontanis.info\/index.php?rest_route=\/wp\/v2\/users\/1"}],"replies":[{"embeddable":true,"href":"http:\/\/blog.inmontanis.info\/index.php?rest_route=%2Fwp%2Fv2%2Fcomments&post=11176"}],"version-history":[{"count":3,"href":"http:\/\/blog.inmontanis.info\/index.php?rest_route=\/wp\/v2\/posts\/11176\/revisions"}],"predecessor-version":[{"id":11180,"href":"http:\/\/blog.inmontanis.info\/index.php?rest_route=\/wp\/v2\/posts\/11176\/revisions\/11180"}],"wp:featuredmedia":[{"embeddable":true,"href":"http:\/\/blog.inmontanis.info\/index.php?rest_route=\/wp\/v2\/media\/11179"}],"wp:attachment":[{"href":"http:\/\/blog.inmontanis.info\/index.php?rest_route=%2Fwp%2Fv2%2Fmedia&parent=11176"}],"wp:term":[{"taxonomy":"category","embeddable":true,"href":"http:\/\/blog.inmontanis.info\/index.php?rest_route=%2Fwp%2Fv2%2Fcategories&post=11176"},{"taxonomy":"post_tag","embeddable":true,"href":"http:\/\/blog.inmontanis.info\/index.php?rest_route=%2Fwp%2Fv2%2Ftags&post=11176"}],"curies":[{"name":"wp","href":"https:\/\/api.w.org\/{rel}","templated":true}]}}