{"id":11158,"date":"2026-01-20T19:10:11","date_gmt":"2026-01-20T18:10:11","guid":{"rendered":"http:\/\/blog.inmontanis.info\/?p=11158"},"modified":"2026-01-21T19:22:14","modified_gmt":"2026-01-21T18:22:14","slug":"monts-dolmes-18-20-1-2026-gorge-de-laude","status":"publish","type":"post","link":"http:\/\/blog.inmontanis.info\/?p=11158","title":{"rendered":"Monts d&#8217;Olmes, 18.-20.1.2026 \/ + Gorge de l&#8217;Aude"},"content":{"rendered":"<p><strong>So, 18.1.2026<\/strong> Teil 2 <\/p>\n<p><em>Um 15:40 kam ich an, die beiden linken KSSL sollten (nur) bis 16:30 fahren, also blieb ich mal am unteren Lift stehen, wobei man da etwas raufgehen muss&#8230; Soll ich mich jetzt echt nass machen lassen? Aber falls der Lift die n\u00e4chsten 2 Tage nicht fahren sollte, w\u00fcrd ich mich ja schon etwas \u00e4rgern. <\/em><\/p>\n<p>H\u00f6rte wohl eh bald wieder auf, ich konnte 2x die beiden linken KSSL fahren und fuhr am oberen also die linken beiden Abfahrten, die ja bei meinem letzten Besuch noch nicht offen waren und fand sie sehr nett.<\/p>\n<p><a href='http:\/\/ski.inmontanis.info\/d\/347567-2\/dsc06138.jpg'><img src=http:\/\/ski.inmontanis.info\/d\/347566-3\/dsc06138.jpg \/><\/a><br \/>\n^ Von der Bergstationon Fagebelle zweigt die Abfahrt Escapade ab (oben unpr\u00e4pariert)<\/p>\n<p><a href='http:\/\/ski.inmontanis.info\/d\/347571-2\/dsc06141.jpg'><img src=http:\/\/ski.inmontanis.info\/d\/347570-3\/dsc06141.jpg \/><\/a><br \/>\n^ Escapade weiter unten, recht nett in Summe<\/p>\n<p><a href='http:\/\/ski.inmontanis.info\/d\/347575-2\/dsc06142.jpg'><img src=http:\/\/ski.inmontanis.info\/d\/347574-3\/dsc06142.jpg \/><\/a><br \/>\n^ Escapade oberer Teil<\/p>\n<p><a href='http:\/\/ski.inmontanis.info\/d\/347579-2\/dsc06143.jpg'><img src=http:\/\/ski.inmontanis.info\/d\/347578-3\/dsc06143.jpg \/><\/a><br \/>\n^ Nett trassierte Au\u00dfenrumabfahrt Bisous ganz links im Skigebiet<\/p>\n<p><a href='http:\/\/ski.inmontanis.info\/d\/347583-2\/dsc06144.jpg'><img src=http:\/\/ski.inmontanis.info\/d\/347582-3\/dsc06144.jpg \/><\/a><br \/>\n^ Nett trassierte Au\u00dfenrumabfahrt Bisous ganz links im Skigebiet<\/p>\n<p>Da ich aber keine Lust hatte, von dem Parkplatz hier die n\u00e4chsten Tage rauf zum Lift zu gehen (falls er \u00fcberhaupt f\u00e4hr) oder von der Stra\u00dfe mit einem Schneer\u00e4umwall eingesperrt zu werden, fuhr ich das bisschen noch rauf und \u00fcberlegte, ob ich mich diesmal an den obersten Platz stellen sollte.<\/p>\n<p>Sonnenm\u00e4\u00dfig zwar irrelevant, weil es die n\u00e4chsten Tage schneien soll, aber man k\u00f6nnte direkt auf die Abfahrt zu dem unteren KSSL kommen, was ja recht praktisch w\u00e4re. Aber vermutlich ist da auch die Pistenbullygarage und das ist dann eben keine gute Idee.<\/p>\n<p>Also stellte ich mich wieder auf ungef\u00e4hr den selben Platz wie letztes Mal auf den gro\u00dfen Parkplatz und w\u00e4rmte mir abends ein Fertiggericht, das ich noch von daheim mitgenommen hatte.<\/p>\n<p>Mijanes als n\u00e4chstes Ziel hat am MO+DI zu, Auf dem Weg l\u00e4ge mit ca. 30km Umweg noch Camurac (das ich 2014 schon besuchte und mir heuer nicht so wichtig zu besuchen schien, auch wenn ich 1 Tag eingeplant hab), wichtiger w\u00e4re dann brauchbares Wetter in den Gebieten s\u00fcdlich &#8211; Formigueres, Font Romeu und Cambre d&#8217;Aze hab ich jeweils einen gratis Tag, Camurac, Mijanes und Les Angles w\u00fcrd ich mir einen Skipass kaufen m\u00fcssen. Den gratis Tag in Porte Puymorens k\u00f6nnt ich mir auch f\u00fcrs Fr\u00fchjahr aufheben auf dem Weg von Spanien wieder hinauf nach Ax+Ascou, denn das muss ich nat\u00fcrlich nochmals besuchen, um meine Ariegeois-Saisonkarte besser reinzufahren, wenn ich schon Guzet und Monts d&#8217;Olmes fahrstreckenm\u00e4\u00dfig eher auslassen w\u00fcrde.<\/p>\n<p>Und ganz ehrlich, die Fahrerei von hier aus \u00fcber den Col de Port nach Guzet, das brauch ich nicht noch ein drittes Mal, das hat mir hin und heute retour gereicht.<\/p>\n<p>D.h. der aktuelle Besuch hier in Monts d&#8217;Olmes wird voraussichtlich auch der letzte  hier sein, d.h. ich w\u00fcrd auch 3-4 Tage hier bleiben, werd mich aber dem kurzen Fenster zwischen den Schlechtwetterfronten f\u00fcr die restlichen Ost-Gebiete weiter s\u00fcdlich beugen m\u00fcssen und dann hoffen, dass das Wetter danach f\u00fcr Cerler brauchbar wird &#8211; oder ich m\u00fcsste nochmals nach Ax in Wartestellung. Oder 500km zum n\u00e4chst s\u00fcdlicheren Gebirge fahren. <\/p>\n<p>Gavarnie sollte ich dann, wenn ich Anfang Februar nochmals in den westlichen Pyren\u00e4en bin, auch nochmals besuchen, denn die wollen nur bis 15.3. offen bleiben und meine aktuellen Planungen w\u00fcrden mich erst Ende M\u00e4rz wieder in den Westen bringen&#8230;<\/p>\n<p>.. stressig heuer .. vielleicht sollte ich die weite Runde au\u00dferhalb der Pyren\u00e4en durch Spanien und Portugal einfach weglassen, aber die Gebiete w\u00fcrden mich halt teilweise schon auch interessieren .. und w\u00e4ren in der franz\u00f6sischen Ferienzeit wohl auch leerer.<\/p>\n<p><strong>Mo, 19.1.2026<\/strong><\/p>\n<p>Laut Schneebericht soll der untere KSSL offen sein, daf\u00fcr aber der dar\u00fcber nicht, den ich ja gestern gefahren bin. Schade, weil der ja mehr Abfahrten bietet als der untere und man somit recht umst\u00e4ndlich r\u00fcber schieben muss und mit 2 anderen rauf und dann doch nicht ganz oben ankommt. Sollens halt die 4SB schlie\u00dfen, die kann leichter umfahren werden &#8211; ich fuhr sie heute nicht, bl\u00f6de nassen Sitze da, dann lieber nur KSSL<\/p>\n<p>Bl\u00f6derweise bin ich gestern Abend nicht noch schnell in den kleinen Supermarkt hier gegangen. Mir fiel dann ein, dass die Proxi in den Skigebieten ja meist von ca. 13-16 Uhr zu haben, also wollt ich um 12:30 rein, ein Schild sagt dann noch jeden Tag durchgehend 8-19 Uhr, ne, T\u00fcr war zu. Arschl\u00f6cher, umsonst runter geschoben, unten war n\u00e4mlich eklatanter Brems-Papp-Schnee.<\/p>\n<p>Laut MdO-Website sollte er von 13-16:30 zu sein. Tja, dann kauf ich hier halt kein Brot und keine Wurst\/Schinken. <\/p>\n<p><a href='http:\/\/ski.inmontanis.info\/d\/347587-2\/dsc06148.jpg'><img src=http:\/\/ski.inmontanis.info\/d\/347586-3\/dsc06148.jpg \/><\/a><br \/>\n^ Unpr\u00e4parierte Abfahrt Galinat am gleichnamigen KSSL<\/p>\n<p><a href='http:\/\/ski.inmontanis.info\/d\/347591-2\/dsc06153.jpg'><img src=http:\/\/ski.inmontanis.info\/d\/347590-3\/dsc06153.jpg \/><\/a><br \/>\n^ Hinter mir die Bergstation des untersten KSSL Planas, links der Skiweg zum n\u00e4chsten ge\u00f6ffneten Lift &#8211; und rechts evtl. mal eine ehemalige Abfahrt, die einem den heutigen Schiebe-Weg erspart h\u00e4tte<\/p>\n<p><a href='http:\/\/ski.inmontanis.info\/d\/347595-2\/dsc06156.jpg'><img src=http:\/\/ski.inmontanis.info\/d\/347594-3\/dsc06156.jpg \/><\/a><br \/>\n^ Schwarze Coqs? im unteren Teil, die schwarze Abfahrt  beginnt an der Bergstation des obersten Lifts und kreuzt dann die blaue Querabfahrt vom KSSL Galinat, hier der Teil unterhalb dieser Querabfahrt<\/p>\n<p>Um 14:40 h\u00f6rte ich auf bei den pappigen, nebligen und nassen Verh\u00e4ltnissen und checkte die Restaurantsituation ab. G\u00fcnstige Pizzen g\u00e4be es, aber erst ab 18 Uhr &#8211; das ist mir zu sp\u00e4t und zu umst\u00e4ndlich. Alle anderen Restaurants und Snackbars waren wegen Reichtums geschlossen, nur eines war offen, das aber weder Pizza, noch Crepes, noch Portion Pommes auf der Karte hatte &#8211; und der Rest war mir zu teuer. Tja, dann halt nicht. Warum muss es mir immer so schwierig  gemacht werden, Geld auszugeben?? D.h. ich sollte morgen Nachmittag abreisen, hab nur noch 1 Fertiggericht, das ich heute machen kann &#8211; ok, Nudeln und Tomatenmark h\u00e4tt ich schon noch. <\/p>\n<p>Die Wettervorhersagen machen mich weiterhin ratlos, sp\u00e4testens ab Sonntag, wenn ich mit den Ost-Gebieten bei halb-schlechten Wetterverh\u00e4ltnissen durch bin ..  aber zur Not muss ich halt wirklich die  500 km nach S\u00fcden nach Javalambre und Valdelinares, wenn dort dann weiterhin besseres Wetter gemeldet wird. <\/p>\n<p>Wollte da eigentlich am Ende der Spanien-Portugal-Rundreise landen, aber es h\u00e4tte auch einen Vorteil, jetzt hin zu fahren, weil dort ja meine spanische Werktagesaisonkarte gilt und ich dann die Runde nicht so timen m\u00fcsste, dass ich am MO oder DI dort ankommen w\u00fcrde &#8211; jetzt k\u00f6nnte ich auf jeden Fall ab Montag dort sein, wenn ich wollte, und die ganzen 5 Tage dort verbringen. <\/p>\n<p>Nur mit Cerler (wo die Saisonkarte auch gilt) wird&#8217;s dann nix, weil ja danach wieder WE ist und ich anderswo fahren muss. \u00dcberhaupt liegt Cerler immer sehr umwegig, egal wie ich&#8217;s dreh und wende. Zumal ich mir davon eh nicht viel erwarte.<\/p>\n<p><strong>Di, 20.1.2026<\/strong><\/p>\n<p>\u00dcber Nacht sammelten sich einige cm nasser Neuschnee auf dem Auto und mehr als zu erwarten war. <\/p>\n<p>Um 8 Uhr kam der Schneer\u00e4umer die Stra\u00dfe vom Tal raufgefahren &#8211; die fahren hier \u00fcbrigens mit Blaulicht.<\/p>\n<p>Im Laufe des Vormittags wuchs noch der Schnee auf meinem Auto &#8230; Mir eigentlich schon zu viel Neuschnee ums Auto. <\/p>\n<p><a href='http:\/\/ski.inmontanis.info\/d\/347599-2\/dsc06161.jpg'><img src=http:\/\/ski.inmontanis.info\/d\/347598-3\/dsc06161.jpg \/><\/a><br \/>\n^ Viel Schnee am Parkplatz<\/p>\n<p><a href='http:\/\/ski.inmontanis.info\/d\/347603-2\/dsc06163.jpg'><img src=http:\/\/ski.inmontanis.info\/d\/347602-3\/dsc06163.jpg \/><\/a><br \/>\n^ Viel Schnee am Auto!<\/p>\n<p>Wieder ein Tag mit Regenkleidung &#8211; morgen sollte es hoffentlich mal ohne gehen &#8211; \u00fcbermorgen aber evtl. wieder mit &#8230;<\/p>\n<p>Es blieb heute bei Niesel-Regen\/Schneeregen\/Schneefall, erst nach der Abreise w\u00e4re es etwas besser geworden.<\/p>\n<p>Ich fuhr heute 1x die 4SB ohne mein russisches Sitzpolster, weil ich wissen wollte, ob meine Regenhose dicht h\u00e4lt &#8211; k\u00f6nnte der Fall gewesen sein, aber es war zumindest sehr unangenehm eisig kalt, so dass ich auf eine zweite Fahrt verzichtete. Der obere KSSL war heut nicht in Betrieb oder erst gen Schluss hin.<\/p>\n<p>Ich blieb dann auch nicht sehr lang, der tiefe und nasse Schnee auf den Pisten war anstrengend und ich h\u00f6rte nach ca. 3h um 14:20 auf.<\/p>\n<p><a href='http:\/\/ski.inmontanis.info\/d\/347607-2\/dsc06164.jpg'><img src=http:\/\/ski.inmontanis.info\/d\/347606-3\/dsc06164.jpg \/><\/a><br \/>\n^ Vallons, rechts KSSL Fagebell, leider unter der Woche nicht offen<\/p>\n<p><a href='http:\/\/ski.inmontanis.info\/d\/347611-2\/dsc06165.jpg'><img src=http:\/\/ski.inmontanis.info\/d\/347610-3\/dsc06165.jpg \/><\/a><br \/>\n^ Vallons<\/p>\n<p><a href='http:\/\/ski.inmontanis.info\/d\/347615-2\/dsc06169.jpg'><img src=http:\/\/ski.inmontanis.info\/d\/347614-3\/dsc06169.jpg \/><\/a><br \/>\n^ Nett trassierte, schmale Abfahrt Gabarut ganz rechts<\/p>\n<p><a href='http:\/\/ski.inmontanis.info\/d\/347619-2\/ge20260118-20a.jpg'><img src=http:\/\/ski.inmontanis.info\/d\/347618-3\/ge20260118-20a.jpg \/><\/a><br \/>\n^ GPS-Track 18.-20.1.2026 in Gelb-Orange-T\u00fcrkis; vorherige Besuche in Rosa. Im Skigebiet kommt es einem nicht so kompakt vor, wie es hier den Anschein hat, da das Gel\u00e4nde sehr h\u00fcgelig und muldig ist.<\/p>\n<p>Fazit? Naja, irgendwie ist es schon halbwegs nett, aber Guzet w\u00e4r &#8220;per se&#8221; wesentlich interessanter &#8211; ohne Saisonkarte w\u00fcrd ich das aber wohl nicht noch einmal besuchen. <\/p>\n<p>Mittlerweile hab ich 18 Tage mit der Ariegeois-Saisonkarte, eingeplant hab ich ja nur 23 Tage, d.h. ich werd im M\u00e4rz voraussichtlich nur noch jeweils 2-3 Tage in Ax und Ascou sein k\u00f6nnen. Wobei ich ja auf die noch freien 2 Tage in Andorra verzichten werde und somit 2 Tage mehr hab.<\/p>\n<p>Es folgte ein &#8220;Gro\u00dfeinkauf&#8221; im Super-U, leider war die Tankstelle hier heute recht teuer &#8211; 1,726 &#8211; in Andorra zuletzt 1,27. H\u00e4tt ich doch zocken sollen, beim Carrefour sp\u00e4ter w\u00e4re es g\u00fcnstiger gewesen.<\/p>\n<p>Ich fuhr ein St\u00fcck zur\u00fcck, das ich \u00fcber Neujahr gefahren bin &#8211; dort, wo ich diese so tolle ruhige Silvesternacht verbrachte, zweigte dann aber eben nicht nach Camurac ab, sondern fuhr gerade aus weiter, um auf die R\u00fcckseite von Ascou, also in Mijanes, zu landen.<\/p>\n<p>.. dabei musste ich noch eine recht krasse Stra\u00dfe fahren und es lag hier nun bis unter 800m Schnee und recht viel mehr ein St\u00fcck weiter oben, so dass ich den eigentlich vorgehabten Parkplatz erst gar nicht anfuhr.<\/p>\n<p><a href='http:\/\/extra.inmontanis.info\/d\/142046-2\/dsc06173.jpg'><img src=http:\/\/extra.inmontanis.info\/d\/142045-3\/dsc06173.jpg \/><\/a><br \/>\n^ Espezel-Aunat<\/p>\n<p><a href='http:\/\/extra.inmontanis.info\/d\/142050-2\/dsc06176.jpg'><img src=http:\/\/extra.inmontanis.info\/d\/142049-3\/dsc06176.jpg \/><\/a><br \/>\n^ Espezel-Aunat, dort vorne ein hoher Fels, rechts geht die Stra\u00dfe weiter zu einem geschlossenen Pass, meine Stra\u00dfe f\u00fchrt nach links &#8230;<\/p>\n<p><a href='http:\/\/extra.inmontanis.info\/d\/142054-2\/dsc06180.jpg'><img src=http:\/\/extra.inmontanis.info\/d\/142053-3\/dsc06180.jpg \/><\/a><br \/>\n^ .. etwas hinauf und durch ein schmales Tal<\/p>\n<p><a href='http:\/\/extra.inmontanis.info\/d\/142058-2\/dsc06183.jpg'><img src=http:\/\/extra.inmontanis.info\/d\/142057-3\/dsc06183.jpg \/><\/a><br \/>\n^ Hochebene vor Aunat<\/p>\n<p><a href='http:\/\/extra.inmontanis.info\/d\/142062-2\/dsc06186.jpg'><img src=http:\/\/extra.inmontanis.info\/d\/142061-3\/dsc06186.jpg \/><\/a><br \/>\n^ Von Aunat kann man entweder die etwas l\u00e4ngere Hauptstra\u00dfe \u00fcber Gesse in die Gorges de l&#8217;Aude fahren, mein Navi nahm aber die wohl k\u00fcrzere Strecke \u00fcber einen kleinen Pass<\/p>\n<p><a href='http:\/\/extra.inmontanis.info\/d\/142066-2\/dsc06188.jpg'><img src=http:\/\/extra.inmontanis.info\/d\/142065-3\/dsc06188.jpg \/><\/a><br \/>\n^ Der Ausblick t\u00e4uscht, denn das Tal dort vorne ist nicht das, wohin diese Stra\u00dfe f\u00fchrt &#8211; dazwischen liegt die Aude-Schlucht<\/p>\n<p><a href='http:\/\/extra.inmontanis.info\/d\/142070-2\/dsc06191.jpg'><img src=http:\/\/extra.inmontanis.info\/d\/142069-3\/dsc06191.jpg \/><\/a><br \/>\n^ Die Stra\u00dfe wird schm\u00e4ler und felsiger<\/p>\n<p><a href='http:\/\/extra.inmontanis.info\/d\/142074-2\/dsc06192.jpg'><img src=http:\/\/extra.inmontanis.info\/d\/142073-3\/dsc06192.jpg \/><\/a><br \/>\n^ Erste Blicke in die Aude-Schlucht<\/p>\n<p><a href='http:\/\/extra.inmontanis.info\/d\/142078-2\/dsc06194.jpg'><img src=http:\/\/extra.inmontanis.info\/d\/142077-3\/dsc06194.jpg \/><\/a><br \/>\n^ <\/p>\n<p><a href='http:\/\/extra.inmontanis.info\/d\/142082-2\/dsc06196.jpg'><img src=http:\/\/extra.inmontanis.info\/d\/142081-3\/dsc06196.jpg \/><\/a><br \/>\n^ Ab Fontanes de Sault wird die Stra\u00dfe nochmals schm\u00e4ler<\/p>\n<p><a href='http:\/\/extra.inmontanis.info\/d\/142086-2\/dsc06197.jpg'><img src=http:\/\/extra.inmontanis.info\/d\/142085-3\/dsc06197.jpg \/><\/a><br \/>\n^ Gorges de l&#8217;Aude, unten in der Schlucht soll ebenfalls eine Stra\u00dfe f\u00fchren &#8230;<\/p>\n<p><a href='http:\/\/extra.inmontanis.info\/d\/142090-2\/dsc06199.jpg'><img src=http:\/\/extra.inmontanis.info\/d\/142089-3\/dsc06199.jpg \/><\/a><br \/>\n^ .. meine Stra\u00dfe ist noch recht weit oben und muss runter in die Schlucht<\/p>\n<p><a href='http:\/\/extra.inmontanis.info\/d\/142094-2\/dsc06200.jpg'><img src=http:\/\/extra.inmontanis.info\/d\/142093-3\/dsc06200.jpg \/><\/a><br \/>\n^ Krasse Fels-Stra\u00dfe<\/p>\n<p><a href='http:\/\/extra.inmontanis.info\/d\/142098-2\/dsc06202.jpg'><img src=http:\/\/extra.inmontanis.info\/d\/142097-3\/dsc06202.jpg \/><\/a><br \/>\n^ Krasse Fels-Stra\u00dfe mit einem schmalen Tunnel &#8230;<\/p>\n<p><a href='http:\/\/extra.inmontanis.info\/d\/142102-2\/dsc06203.jpg'><img src=http:\/\/extra.inmontanis.info\/d\/142101-3\/dsc06203.jpg \/><\/a><br \/>\n^ .. und noch einem schmalen Tunnel samt Kurve<\/p>\n<p><a href='http:\/\/extra.inmontanis.info\/d\/142106-2\/dsc06205.jpg'><img src=http:\/\/extra.inmontanis.info\/d\/142105-3\/dsc06205.jpg \/><\/a><br \/>\n^ Weiter runter in die Schlucht auf dieser krassen schmalen Stra\u00dfe<\/p>\n<p><a href='http:\/\/extra.inmontanis.info\/d\/142110-2\/dsc06210.jpg'><img src=http:\/\/extra.inmontanis.info\/d\/142109-3\/dsc06210.jpg \/><\/a><br \/>\n^ Gorge de l&#8217;Aude &#8211; in der Schlucht angekommen<\/p>\n<p><a href='http:\/\/extra.inmontanis.info\/d\/142114-2\/dsc06212.jpg'><img src=http:\/\/extra.inmontanis.info\/d\/142113-3\/dsc06212.jpg \/><\/a><br \/>\n^ Gorge de l&#8217;Aude, gleich gehts f\u00fcr mich wieder nach rechts ab nach Rouze \/ Mijan\u00e8s, oben vmtl. die Burgruine Usson<\/p>\n<p><a href='http:\/\/extra.inmontanis.info\/d\/142118-2\/dsc06214.jpg'><img src=http:\/\/extra.inmontanis.info\/d\/142117-3\/dsc06214.jpg \/><\/a><br \/>\n^ Richtung Mijanes<\/p>\n<p>Also von Rouze noch weiter nach Mijanes, dort am P4N-Parkplatz recht voll, der hinterste im Schnee und recht schief w\u00e4r frei, ich fuhr noch ein St\u00fcck die Stra\u00dfe richtung Skigebiet, aber kehrte wieder um, der Schneematsch nahm zu, kein Winterdienst nachts, wer wei\u00df ob da oben der Parkplatz ger\u00e4umt ist, Handyempfang ist, das Skigebiet \u00fcberhaupt morgen offen hat oder die Stra\u00dfen noch eisig werden  und stellte mich auf dem Platz in Mijanes, der morgen Fr\u00fch sicherlich komplett schattig sein wird. <\/p>\n<p>1 oder 2 Kirchen l\u00e4uteten die ganze Nacht mindestens st\u00fcndlich, wenn auch etwas leise.<\/p>\n<p>Vorbei gefahren bin ich somit an Camurac, das ich also wohl nicht besuchen werde, obwohl ich einen Tag eingeplant h\u00e4tte. H\u00e4tte ja noch die passende und extrem un\u00fcbliche DAG-Keycard (bisher glaub nur in 2 Skigebieten ben\u00f6tigt, meine erste Keycard wurde dann in Camurac mit einer Camurac-Karte ausgetauscht), aber leider passen die Wettervorhersagen f\u00fcr den Rest der Woche f\u00fcr die restlichen Gebiete nicht dazu (Camurac war ich 2014, Mijanes kenn ich noch nicht und das soll \u00fcbermorgen auch wieder schlechter werden, dazu m\u00f6chte ich in Les Angles etwas besseres Wetter haben, wenn ich dort schon f\u00fcr \u00fcber 46 \u20ac eine Tageskarte kaufen muss &#8211; und das sollte dann wohl am Freitag sein.<\/p>\n<p>Ich k\u00f6nnte mir im Fr\u00fchjahr von Ascou aus den Umweg \u00fcber Camurac antun, falls noch offen und Schnee, aber ich glaub eher nicht, dass ich darauf Lust haben werde. Diese dauernde +\/- 1000hm-rauf-runter-rauf-runter-Fahrerei hier in den Pyren\u00e4en nervt schon extrem &#8230; <\/p>\n<p>&#8211; &#8211; <\/p>\n<p>Sch\u00f6ner Film \u00fcber die sibirischen Ice Road Trucker:<br \/>\n<a href='https:\/\/www.youtube.com\/watch?v=S7VcirrE2xc'>https:\/\/www.youtube.com\/watch?v=S7VcirrE2xc<\/a><\/p>\n","protected":false},"excerpt":{"rendered":"<p>So, 18.1.2026 Teil 2 <\/p>\n<p>Um 15:40 kam ich an, die beiden linken KSSL sollten (nur) bis 16:30 fahren, also blieb ich mal am unteren Lift stehen, wobei man da etwas raufgehen muss&#8230; Soll ich mich jetzt echt nass machen lassen? Aber falls der Lift die n\u00e4chsten 2 Tage nicht fahren sollte, w\u00fcrd ich mich <a href=\"http:\/\/blog.inmontanis.info\/?p=11158\">[&#8230;]<\/a><\/p>\n","protected":false},"author":1,"featured_media":11160,"comment_status":"closed","ping_status":"closed","sticky":false,"template":"","format":"standard","meta":{"footnotes":""},"categories":[950,16,969,27],"tags":[87],"class_list":["post-11158","post","type-post","status-publish","format-standard","has-post-thumbnail","hentry","category-2025-09-2026-11-pyrenaen-uk-co","category-france","category-monts-dolmes","category-skifahren-winterskiing-winter","tag-grotteklamm","odd"],"_links":{"self":[{"href":"http:\/\/blog.inmontanis.info\/index.php?rest_route=\/wp\/v2\/posts\/11158","targetHints":{"allow":["GET"]}}],"collection":[{"href":"http:\/\/blog.inmontanis.info\/index.php?rest_route=\/wp\/v2\/posts"}],"about":[{"href":"http:\/\/blog.inmontanis.info\/index.php?rest_route=\/wp\/v2\/types\/post"}],"author":[{"embeddable":true,"href":"http:\/\/blog.inmontanis.info\/index.php?rest_route=\/wp\/v2\/users\/1"}],"replies":[{"embeddable":true,"href":"http:\/\/blog.inmontanis.info\/index.php?rest_route=%2Fwp%2Fv2%2Fcomments&post=11158"}],"version-history":[{"count":2,"href":"http:\/\/blog.inmontanis.info\/index.php?rest_route=\/wp\/v2\/posts\/11158\/revisions"}],"predecessor-version":[{"id":11161,"href":"http:\/\/blog.inmontanis.info\/index.php?rest_route=\/wp\/v2\/posts\/11158\/revisions\/11161"}],"wp:featuredmedia":[{"embeddable":true,"href":"http:\/\/blog.inmontanis.info\/index.php?rest_route=\/wp\/v2\/media\/11160"}],"wp:attachment":[{"href":"http:\/\/blog.inmontanis.info\/index.php?rest_route=%2Fwp%2Fv2%2Fmedia&parent=11158"}],"wp:term":[{"taxonomy":"category","embeddable":true,"href":"http:\/\/blog.inmontanis.info\/index.php?rest_route=%2Fwp%2Fv2%2Fcategories&post=11158"},{"taxonomy":"post_tag","embeddable":true,"href":"http:\/\/blog.inmontanis.info\/index.php?rest_route=%2Fwp%2Fv2%2Ftags&post=11158"}],"curies":[{"name":"wp","href":"https:\/\/api.w.org\/{rel}","templated":true}]}}