{"id":11154,"date":"2026-01-18T18:02:55","date_gmt":"2026-01-18T17:02:55","guid":{"rendered":"http:\/\/blog.inmontanis.info\/?p=11154"},"modified":"2026-01-19T18:25:05","modified_gmt":"2026-01-19T17:25:05","slug":"guzet-15-18-1-2026-unter-den-erwartungen","status":"publish","type":"post","link":"http:\/\/blog.inmontanis.info\/?p=11154","title":{"rendered":"Guzet, 15.-18.1.2026 &#8211; unter den Erwartungen"},"content":{"rendered":"<p><strong>Do, 15.1.2026<\/strong><\/p>\n<p>Ich hatte mir am Vorabend nochmals die Parkm\u00f6glichkeiten in Guzet angesehen &#8211; aber auf Google Earth &#8211; und dabei bemerkt, dass die Haupt-SB mit ihrem kleinen Parkplatz und dem etwas abgeschiedenerem Parkplatz an der Piste weiter oben in einem relativ engen Tal von hohen Bergh\u00e4ngen umgeben ist &#8211; das war mir so gar nicht klar.<\/p>\n<p>Alternativ soll man laut P4N-Berichten auch oben in der &#8220;Gipfelsiedlung&#8221; Prat Mataou stehen k\u00f6nnen &#8211; wobei das h\u00f6heenmeterm\u00f6\u00dfig nicht viel ausmacht, 1390 vs. 1450 vs. 1520m.<\/p>\n<p>Das kann zwar bedeuten, dass es mehr st\u00fcrmt, mehr schneit als regnet, man wegen Sturm+Schneefall mehr eingeschneit wird, andererseits w\u00fcrde man dort von fr\u00fch bis sp\u00e4t Sonne haben, so es nicht bew\u00f6lkt ist &#8211; was also zur jetzigen Jahreszeit ein gro\u00dfer Vorteil w\u00e4re.<\/p>\n<p><a href='http:\/\/extra.inmontanis.info\/d\/142030-2\/dsc05956.jpg'><img src=http:\/\/extra.inmontanis.info\/d\/142029-3\/dsc05956.jpg \/><\/a><br \/>\n^ Stra\u00dfe \u00fcber den Col de Port<\/p>\n<p><a href='http:\/\/extra.inmontanis.info\/d\/142034-2\/dsc05959.jpg'><img src=http:\/\/extra.inmontanis.info\/d\/142033-3\/dsc05959.jpg \/><\/a><br \/>\n^ Pano von der Stra\u00dfe \u00fcber den Col de Port (West)<\/p>\n<p><a href='http:\/\/extra.inmontanis.info\/d\/142038-2\/dsc05965.jpg'><img src=http:\/\/extra.inmontanis.info\/d\/142037-3\/dsc05965.jpg \/><\/a><br \/>\n^ Pano von der Stra\u00dfe \u00fcber den Col de Port (Ost)<\/p>\n<p>Um 9:45 kam ich also ganz oben an und war trotzdem nicht viel schlauer, wo ich mich hinstellen soll. Niedriger auf dem Nebenparkplatz mit vielleicht dem einen oder anderen Baum etwas im Sonnen-Weg oder h\u00f6her und auff\u00e4lliger und vielleicht windiger, aber n\u00e4her an der Piste &#8230;<\/p>\n<p>&#128681; Gespeicherte Geolocation &#8211; Karte anzeigen: <a href='https:\/\/www.google.com\/maps\/@?api=1&#038;map_action=map&#038;center=42.7874383,1.299595&#038;zoom=12&#038;basemap=terrain' target=_blank> GoogleMaps<\/a> &#128681; <a href='https:\/\/www.openstreetmap.org\/?&#038;mlat=42.7874383&#038;mlon=1.299595#map=10\/42.7874383\/1.299595&#038;layers=P' target=_blank> OSM &#128681;<\/a><\/p>\n<p>Laut Schneebericht im Internet heut alle Lifte offen (die noch in Betrieb sind), aber nicht alle Abfahrten, insb. ein paar schwarze fehlen noch &#8211; oben liegt ja auch sturmbedingt nicht viel Schnee.<\/p>\n<p>Tja, eine Entt\u00e4uschung jagte die n\u00e4chste. Am KSSL Vallon Blanc nur eine der beiden Abfahrten offen, der unterste KSSL Col de la Trappe (auch: Latrappe) geschlossen (ausgerechnet wegen dem ich jetzt so spontan hergefahren bin!) und als ich dann sp\u00e4ter mit der 4SB Picou oben war: auch die hintere 3SB Freychet samt KSSL nebendran  geschlossen!!!  Warum die gebaut wurde, versteh ich eh nicht ganz, nur 3 schwarze vmtl. unpr\u00e4parierte Abfahrten und eine gestrichelte blaue Abfahrt. <\/p>\n<p>Die Abfahrt am stillgelegten Arrech-KSSL wurde um 12 Uhr ge\u00f6ffnet und war sauhart und unlohnenswert, zu der Zeit waren auch 2 Pistendienstler am KSSL Roc neben der 3SB, aber wurde auch nachmittags nicht in Betrieb genommen.<\/p>\n<p>Restaurantm\u00e4\u00dfig leider auch zu vergessen, das eine hat ascheinend nur Tagesmen\u00fcs mit Nachspaeise um 20 \u20ac, das andere auch eher teuer und wohl maximal Crepes zu vertretbaren Preisen, keine Portion Pommes auf der Karte gefunden, die eine Pizzeria hat laut Internet im Januar komplett geschlossen&#8230;<\/p>\n<p>Hatte so gro\u00dfe Hoffnungen in Guzet, sollte das Highlight der 4 Gebiete der Ariegeois-Saisonkarte sein, aber von mir aus kann das Skigebiet auch ganz verschwinden. Liegt eh zu niedrig f\u00fcr die Pyren\u00e4en. Statt 5-7 Tage werd ich also je nach Wettervorhersagen hoffentlich nicht so lang hier ausharren m\u00fcssen.<\/p>\n<p>Auch nachmittags blieb der hinterste (rechte) Sektor geschlossen und auch der Trappe-KSSL &#8211; und daf\u00fcr hab ich mir jetzt einen Tag Uralaub genommen? Bin den ganzen Umweg gefahren? So ein Schei\u00df!<\/p>\n<p><a href='http:\/\/ski.inmontanis.info\/d\/347195-2\/dsc06029.jpg'><img src=http:\/\/ski.inmontanis.info\/d\/347193-3\/dsc06029.jpg \/><\/a><br \/>\n^ Pistenplan (sp\u00e4ter unten fotografiert)<\/p>\n<p><a href='http:\/\/ski.inmontanis.info\/d\/347199-2\/dsc05975.jpg'><img src=http:\/\/ski.inmontanis.info\/d\/347198-3\/dsc05975.jpg \/><\/a><br \/>\n^ KSSL Vallon Blanc links und KSSL Souleillous<\/p>\n<p><a href='http:\/\/ski.inmontanis.info\/d\/347203-2\/dsc05977.jpg'><img src=http:\/\/ski.inmontanis.info\/d\/347202-3\/dsc05977.jpg \/><\/a><br \/>\n^ KSSL \u00c9cureuil, ganz links und der k\u00fcrzeste hier oben<\/p>\n<p><a href='http:\/\/ski.inmontanis.info\/d\/347207-2\/dsc05978.jpg'><img src=http:\/\/ski.inmontanis.info\/d\/347206-3\/dsc05978.jpg \/><\/a><br \/>\n^ .. unterhalb vom KSSL \u00c9cureuil gibts eine alte Abfahrt zum (Ex-) KSSL Sapins Brules<\/p>\n<p><a href='http:\/\/ski.inmontanis.info\/d\/347211-2\/dsc05979.jpg'><img src=http:\/\/ski.inmontanis.info\/d\/347210-3\/dsc05979.jpg \/><\/a><br \/>\n^ Hier wird der Ex-KSSL Sapins Brules wohl einst raufgekommen sein<\/p>\n<p><a href='http:\/\/ski.inmontanis.info\/d\/347215-2\/dsc05980.jpg'><img src=http:\/\/ski.inmontanis.info\/d\/347214-3\/dsc05980.jpg \/><\/a><br \/>\n^ Abfahrt Vallon Blanc; rechts die \u00dcbungs-SSL Baby Prat, bin ich nicht gefahren<\/p>\n<p><a href='http:\/\/ski.inmontanis.info\/d\/347219-2\/dsc05982.jpg'><img src=http:\/\/ski.inmontanis.info\/d\/347218-3\/dsc05982.jpg \/><\/a><br \/>\n^ Sch\u00f6ne Abfahrt Vallon Blanc, bin ich in diesen Tagen wohl am h\u00e4ufigsten gefahren<\/p>\n<p><a href='http:\/\/ski.inmontanis.info\/d\/347223-2\/dsc05983.jpg'><img src=http:\/\/ski.inmontanis.info\/d\/347222-3\/dsc05983.jpg \/><\/a><br \/>\n^ Sch\u00f6ne Abfahrt Vallon Blanc<\/p>\n<p><a href='http:\/\/ski.inmontanis.info\/d\/347227-2\/dsc06058.jpg'><img src=http:\/\/ski.inmontanis.info\/d\/347226-3\/dsc06058.jpg \/><\/a><br \/>\n^ Blick zur Abfahrt zum Ex-KSSL Sapins Brules, den es schon recht lang nicht mehr gibt<\/p>\n<p><a href='http:\/\/ski.inmontanis.info\/d\/347231-2\/dsc05984.jpg'><img src=http:\/\/ski.inmontanis.info\/d\/347230-3\/dsc05984.jpg \/><\/a><br \/>\n^ Sch\u00f6ne Abfahrt Vallon Blanc zum gleichnamigen KSSL<\/p>\n<p><a href='http:\/\/ski.inmontanis.info\/d\/347235-2\/dsc05985.jpg'><img src=http:\/\/ski.inmontanis.info\/d\/347234-3\/dsc05985.jpg \/><\/a><br \/>\n^ KSSL Vallon Blanc, die direkte Abfahrt ist unpr\u00e4pariert und noch gschlossen<\/p>\n<p><a href='http:\/\/ski.inmontanis.info\/d\/347239-2\/dsc05986.jpg'><img src=http:\/\/ski.inmontanis.info\/d\/347238-3\/dsc05986.jpg \/><\/a><br \/>\n^ KSSL Souleillous, die rechte Abfahrt hier wurde leider diese Tage nie pr\u00e4pariert<\/p>\n<p><a href='http:\/\/ski.inmontanis.info\/d\/347243-2\/dsc05988.jpg'><img src=http:\/\/ski.inmontanis.info\/d\/347242-3\/dsc05988.jpg \/><\/a><br \/>\n^ KSSL Souleillous, die linke Abfahrt wurde meistens pr\u00e4pariert<\/p>\n<p><a href='http:\/\/ski.inmontanis.info\/d\/347247-2\/dsc05989.jpg'><img src=http:\/\/ski.inmontanis.info\/d\/347246-3\/dsc05989.jpg \/><\/a><br \/>\n^ Unterhalb vom KSSL Souleillous befindet sich der KSSL Col de la Trappe &#8211; leider seit heute wieder nicht mehr in Betrieb :( Menno.<\/p>\n<p><a href='http:\/\/ski.inmontanis.info\/d\/347251-2\/dsc05990.jpg'><img src=http:\/\/ski.inmontanis.info\/d\/347250-3\/dsc05990.jpg \/><\/a><br \/>\n^ Kasse und Toiletten im Skigebietsteil Prat Mataou, glaub die Tageskarte w\u00fcrde 38 \u20ac oder so kosten, f\u00fcr mich gilt meine Ariegeois-Saisonkarte.<\/p>\n<p><a href='http:\/\/ski.inmontanis.info\/d\/347255-2\/dsc05992.jpg'><img src=http:\/\/ski.inmontanis.info\/d\/347254-3\/dsc05992.jpg \/><\/a><br \/>\n^ .. die Verbindung von hier ins restliche Skigebiet: Erst einmal da r\u00fcber und dort vorne rauf gehen<\/p>\n<p><a href='http:\/\/ski.inmontanis.info\/d\/347259-2\/dsc05993.jpg'><img src=http:\/\/ski.inmontanis.info\/d\/347258-3\/dsc05993.jpg \/><\/a><br \/>\n^ .. und dann wieder runter gehen, bis endlich der Skiweg kommt. Da nahm ichh die n\u00e4chsten Tage lieber den gratis Skibus.<\/p>\n<p><a href='http:\/\/ski.inmontanis.info\/d\/347263-2\/dsc05994.jpg'><img src=http:\/\/ski.inmontanis.info\/d\/347262-3\/dsc05994.jpg \/><\/a><br \/>\n^ Skiweg Prat &#8211; Guzet<\/p>\n<p><a href='http:\/\/ski.inmontanis.info\/d\/347267-2\/dsc05998.jpg'><img src=http:\/\/ski.inmontanis.info\/d\/347266-3\/dsc05998.jpg \/><\/a><br \/>\n^ 4SB Muscadet<\/p>\n<p><a href='http:\/\/ski.inmontanis.info\/d\/347271-2\/dsc06000.jpg'><img src=http:\/\/ski.inmontanis.info\/d\/347270-3\/dsc06000.jpg \/><\/a><br \/>\n^ Geschlossene Cristaux, bin ich bald mal gefahren, weil der Schnee ja sch\u00f6n durch die Sonne aufgeweicht wurde<\/p>\n<p><a href='http:\/\/ski.inmontanis.info\/d\/347275-2\/dsc06002.jpg'><img src=http:\/\/ski.inmontanis.info\/d\/347274-3\/dsc06002.jpg \/><\/a><br \/>\n^ Beschneiungsteich und Talstation 4SB Picou<\/p>\n<p><a href='http:\/\/ski.inmontanis.info\/d\/347279-2\/dsc06003.jpg'><img src=http:\/\/ski.inmontanis.info\/d\/347278-3\/dsc06003.jpg \/><\/a><br \/>\n^ Bauruine \u00fcber der 4SB Muscadet<\/p>\n<p><a href='http:\/\/ski.inmontanis.info\/d\/347283-2\/dsc06004.jpg'><img src=http:\/\/ski.inmontanis.info\/d\/347282-3\/dsc06004.jpg \/><\/a><br \/>\n^ 4SB Muscadet und Guzet<\/p>\n<p><a href='http:\/\/ski.inmontanis.info\/d\/347287-2\/dsc06005.jpg'><img src=http:\/\/ski.inmontanis.info\/d\/347286-3\/dsc06005.jpg \/><\/a><br \/>\n^ Die Sommerrodelbahn geht \u00fcber die komplette L\u00e4nge der 4SB Picou<\/p>\n<p><a href='http:\/\/ski.inmontanis.info\/d\/347291-2\/dsc06007.jpg'><img src=http:\/\/ski.inmontanis.info\/d\/347290-3\/dsc06007.jpg \/><\/a><br \/>\n^ Schwarze Arrech Noire &#8211; noch nicht offen, zu wenig Schnee<\/p>\n<p><a href='http:\/\/ski.inmontanis.info\/d\/347295-2\/dsc06008.jpg'><img src=http:\/\/ski.inmontanis.info\/d\/347294-3\/dsc06008.jpg \/><\/a><br \/>\n^ Eine Sternwarte gibt&#8217;s auch<\/p>\n<p><a href='http:\/\/ski.inmontanis.info\/d\/347299-2\/dsc06009.jpg'><img src=http:\/\/ski.inmontanis.info\/d\/347298-3\/dsc06009.jpg \/><\/a><br \/>\n^ 4SB Picou<\/p>\n<p><a href='http:\/\/ski.inmontanis.info\/d\/347303-2\/dsc06012.jpg'><img src=http:\/\/ski.inmontanis.info\/d\/347302-3\/dsc06012.jpg \/><\/a><br \/>\n^ R\u00fcckseitig der 4SB Picou verl\u00e4uft die 4SB Col d&#8217;Escot und dahinter KSSL+3SB im Freychet-Sektor<\/p>\n<p><a href='http:\/\/ski.inmontanis.info\/d\/347307-2\/dsc06015.jpg'><img src=http:\/\/ski.inmontanis.info\/d\/347306-3\/dsc06015.jpg \/><\/a><br \/>\n^ R\u00fcckseitenpano<\/p>\n<p><a href='http:\/\/ski.inmontanis.info\/d\/347311-2\/dsc06016.jpg'><img src=http:\/\/ski.inmontanis.info\/d\/347310-3\/dsc06016.jpg \/><\/a><br \/>\n^ Abfahrt links der 4SB Picou<\/p>\n<p><a href='http:\/\/ski.inmontanis.info\/d\/347315-2\/dsc06017.jpg'><img src=http:\/\/ski.inmontanis.info\/d\/347314-3\/dsc06017.jpg \/><\/a><br \/>\n^ Haupt-Abfahrt Picou<\/p>\n<p><a href='http:\/\/ski.inmontanis.info\/d\/347319-2\/dsc06018.jpg'><img src=http:\/\/ski.inmontanis.info\/d\/347318-3\/dsc06018.jpg \/><\/a><br \/>\n^ Flachland sieht man nur wenig<\/p>\n<p><a href='http:\/\/ski.inmontanis.info\/d\/347323-2\/dsc06019.jpg'><img src=http:\/\/ski.inmontanis.info\/d\/347322-3\/dsc06019.jpg \/><\/a><br \/>\n^ Abfahrt Perdrix rechts der 4SB Picou<\/p>\n<p><a href='http:\/\/ski.inmontanis.info\/d\/347327-2\/dsc06027.jpg'><img src=http:\/\/ski.inmontanis.info\/d\/347326-3\/dsc06027.jpg \/><\/a><br \/>\n^ Links 4SB Picou, rechts 4SB Col d&#8217;Escot &#8211; fr\u00fcher verlief eine Tal-Berg-Tal-DSB irgendwo im Vordergrund und hatte hier ihre Mittelstation.<\/p>\n<p><a href='http:\/\/ski.inmontanis.info\/d\/347331-2\/dsc06028.jpg'><img src=http:\/\/ski.inmontanis.info\/d\/347330-3\/dsc06028.jpg \/><\/a><br \/>\n^ Abfahrt am Ex-KSSL Arreche, grauenhaft hart<\/p>\n<p><a href='http:\/\/ski.inmontanis.info\/d\/347335-2\/dsc06030.jpg'><img src=http:\/\/ski.inmontanis.info\/d\/347334-3\/dsc06030.jpg \/><\/a><br \/>\n^ Toiletten zwischen Talstationen 4SB Muscadet und 4SB Picou, der Weg von den Pisten ist auch kundenfeindlich ger\u00e4umt<\/p>\n<p><a href='http:\/\/ski.inmontanis.info\/d\/347339-2\/dsc06031.jpg'><img src=http:\/\/ski.inmontanis.info\/d\/347338-3\/dsc06031.jpg \/><\/a><br \/>\n^ Mini-Funpark<\/p>\n<p><a href='http:\/\/ski.inmontanis.info\/d\/347343-2\/dsc06035.jpg'><img src=http:\/\/ski.inmontanis.info\/d\/347342-3\/dsc06035.jpg \/><\/a><br \/>\n^ 4SB Picou<\/p>\n<p><a href='http:\/\/ski.inmontanis.info\/d\/347347-2\/dsc06038.jpg'><img src=http:\/\/ski.inmontanis.info\/d\/347346-3\/dsc06038.jpg \/><\/a><br \/>\n^ Geschlossene Cristaux<\/p>\n<p><a href='http:\/\/ski.inmontanis.info\/d\/347351-2\/dsc06039.jpg'><img src=http:\/\/ski.inmontanis.info\/d\/347350-3\/dsc06039.jpg \/><\/a><br \/>\n^ 4SB Muscadet und 4SB Picou<\/p>\n<p><a href='http:\/\/ski.inmontanis.info\/d\/347355-2\/dsc06040.jpg'><img src=http:\/\/ski.inmontanis.info\/d\/347354-3\/dsc06040.jpg \/><\/a><br \/>\n^ Der Freychet-Sektor ist nachmittags sch\u00f6ner in der Sonne; links die 4SB Escot, rechts der KSSL Roc und die 3SB Freychet<\/p>\n<p><a href='http:\/\/ski.inmontanis.info\/d\/347359-2\/dsc06041.jpg'><img src=http:\/\/ski.inmontanis.info\/d\/347358-3\/dsc06041.jpg \/><\/a><br \/>\n^ KSSL Roc unten die aktuellen Bergstationen, wohl der linke ging fr\u00fcher mit einer Kurve (die steht noch) weiter hinauf; rechts die 3SB, die hier 3 schwarze Abfahrten erschlie\u00dft<\/p>\n<p><a href='http:\/\/ski.inmontanis.info\/d\/347363-2\/dsc06043.jpg'><img src=http:\/\/ski.inmontanis.info\/d\/347362-3\/dsc06043.jpg \/><\/a><br \/>\n^ Sommerrodelbahn, Guzet und Prat Mataou<\/p>\n<p><a href='http:\/\/ski.inmontanis.info\/d\/347367-2\/dsc06044.jpg'><img src=http:\/\/ski.inmontanis.info\/d\/347366-3\/dsc06044.jpg \/><\/a><br \/>\n^ Guzet unten, Prat Mataou oben, die KSSL sind auf der R\u00fcckseite<\/p>\n<p><a href='http:\/\/ski.inmontanis.info\/d\/347371-2\/dsc06045.jpg'><img src=http:\/\/ski.inmontanis.info\/d\/347370-3\/dsc06045.jpg \/><\/a><br \/>\n^ 4SB Muscadet, 4SB Picou<\/p>\n<p>Gegen 14 Uhr bin ich wieder zur\u00fcck zu Prat Mataou und noch etliche Male die KSSL gefahren, hatte mir dann mehr Spa\u00df gemacht. <\/p>\n<p><a href='http:\/\/ski.inmontanis.info\/d\/347375-2\/dsc06046.jpg'><img src=http:\/\/ski.inmontanis.info\/d\/347374-3\/dsc06046.jpg \/><\/a><br \/>\n^ 4SB Muscadet, 4SB Picou und Ex-KSSL Arrech<\/p>\n<p><a href='http:\/\/ski.inmontanis.info\/d\/347379-2\/dsc06048.jpg'><img src=http:\/\/ski.inmontanis.info\/d\/347378-3\/dsc06048.jpg \/><\/a><br \/>\n^ 4SB Picou \/ Ex-KSSL Arrech, das Gel\u00e4nde rechts sah mir wieder verd\u00e4chtig nach ehemaligen Abfahrten aus, laut altem Plan ging hier von rechts unten der KSSL Sources hinauf<\/p>\n<p><a href='http:\/\/ski.inmontanis.info\/d\/347383-2\/dsc06049.jpg'><img src=http:\/\/ski.inmontanis.info\/d\/347382-3\/dsc06049.jpg \/><\/a><br \/>\n^ Verbindung Picou &#8211; Prat Mataou<\/p>\n<p><a href='http:\/\/ski.inmontanis.info\/d\/347387-2\/dsc06050.jpg'><img src=http:\/\/ski.inmontanis.info\/d\/347386-3\/dsc06050.jpg \/><\/a><br \/>\n^ KSSL Souleillous<\/p>\n<p><a href='http:\/\/ski.inmontanis.info\/d\/347391-2\/dsc06051.jpg'><img src=http:\/\/ski.inmontanis.info\/d\/347390-3\/dsc06051.jpg \/><\/a><br \/>\n^ KSSL Souleillous<\/p>\n<p><a href='http:\/\/ski.inmontanis.info\/d\/347395-2\/dsc06053.jpg'><img src=http:\/\/ski.inmontanis.info\/d\/347394-3\/dsc06053.jpg \/><\/a><br \/>\n^ KSSL Vallon Blanc, die Trasse war insb. morgens bei Vereisung sehr schwierig, aber auch aktuell gab es immer wieder welche, die es  nicht bis rauf schafften &#8230;<\/p>\n<p><a href='http:\/\/ski.inmontanis.info\/d\/347399-2\/dsc06055.jpg'><img src=http:\/\/ski.inmontanis.info\/d\/347398-3\/dsc06055.jpg \/><\/a><br \/>\n^ KSSL Vallon Blanc &#8211; verleiht dem Skifahren mal eine sportliche Note.<\/p>\n<p>Leider wird nun auch f\u00fcr hier f\u00fcr SA-DI viel mehr Niederschlag gemeldet als noch gestern. Aber weiter im Westen schauts auch nicht besser aus.<\/p>\n<p>Danach soll&#8217;s ein paar Tage trocken bleiben, aber dann wieder feucht, d.h. das Wetterfenster f\u00fcr die Gebiete im Osten scheint wieder zu kurz zu sein :(<\/p>\n<p>F\u00fcr den Fall, dass ich 6-7 N\u00e4chte hier bleiben sollte, muss ich mit dem Strom sparsamer sein &#8211; zumindest auf&#8217;s Kochen verzichten. Dann halt kalt essen, wenn ich hier im Skigebiet nichts g\u00fcnstiges nach meinem Geschmack beekommen sollte.<\/p>\n<p><a href='http:\/\/extra.inmontanis.info\/d\/142042-2\/dsc06060.jpg'><img src=http:\/\/extra.inmontanis.info\/d\/142041-3\/dsc06060.jpg \/><\/a><br \/>\n^ Heutiges Abendessen, die Profiteroles links waren ein 4er Pack<\/p>\n<p>Ich werd zwar diese Saison wegen den Saisonkarten ganz sicher in den Pyren\u00e4en bleiben, aber so langsam bin ich wieder Reif f\u00fcr Schweden  .. n\u00e4chsten Winter&#8230;<\/p>\n<p>.. daher mal ein kurzer Check nach Finnland .. kann zwar n\u00e4chstes Jahr anders sein, aber die zentral- und s\u00fcdfinnischen Skigebiete sind nach wie vor teilweise noch recht schneearm und viel geschlossen, also die mal vorgehabte Idee, im Nov\/Dez im Norden FI (oder stattdessen in CZ\/SK\/PL) zu starten und dann im Januar Finnland zu durchqueren &#8230; ist wohl keine gute Idee, das sollte ich wohl besser irgendwie im Feb\/M\u00e4rz machen&#8230;<\/p>\n<p><strong>Fr, 16.1.2026<\/strong><\/p>\n<p>Im Gegensatz zu letzte Woche Masella scheine ich diesmal keine Chance zu haben, dem vielen Niederschlag zu entkommen &#8211; egal ob West oder Ost, Nord oder S\u00fcd, es scheint diesmal \u00fcberall sehr nass zu werden die n\u00e4chsten 2 Wochen &#8211; wenn auch klarerweise mancherorts n\u00e4sser\/schneereicher als anderswo und f\u00fcr hier wird die n\u00e4chsten Tage noch am wenigsten gemeldet von meinen Saisonkartengebieten (und egtl. auch so ziemlich generell).<\/p>\n<p>Jedenfalls liegt hier die Schneefallgrenze zu hoch f\u00fcr den Trappe-KSSL, die Sache wird sich dort also nicht verbessern.  Leider laut Schneebericht auch heute der Trappe-KSSL zu, wegen dem ich ja eigentlich hergefahren bin :( Obere 4SB ebenfalls zu, aber die KSSL dort sollen laufen. Es w\u00e4re also nur an einem Tag, am Mittwoch, alles in Betrieb gewesen :(<\/p>\n<p><a href='http:\/\/ski.inmontanis.info\/d\/347403-2\/dsc06062.jpg'><img src=http:\/\/ski.inmontanis.info\/d\/347402-3\/dsc06062.jpg \/><\/a><br \/>\n^ Prat Mataou, 8:17 Uhr<\/p>\n<p><a href='http:\/\/ski.inmontanis.info\/d\/347407-2\/dsc06063.jpg'><img src=http:\/\/ski.inmontanis.info\/d\/347406-3\/dsc06063.jpg \/><\/a><br \/>\n^ Prat Mataou, 8:22 Uhr<\/p>\n<p><a href='http:\/\/ski.inmontanis.info\/d\/347411-2\/dsc06066.jpg'><img src=http:\/\/ski.inmontanis.info\/d\/347410-3\/dsc06066.jpg \/><\/a><br \/>\n^ Prat Mataou, 8:28 Uhr<\/p>\n<p>Nach der Arbeit ging ich kurz in den kleinen Supermarkt und kaufte ein Baguette und 2 Torsade, das Restaurant hier oben hat zumindest mal Steak Hache Frites oder Kebabteller um 15-16 \u20ac, aber auf dem Aushang auch keine Portion Pommes. Also unbedingt will ich hier nichts ausgeben, nach dem gestrigen Tag. <\/p>\n<p>Ich fuhr ein paar Mal die KSSL im linken Sektor und nahm um 12 Uhr mal den Skibus runter statt dem Fu\u00df- und Skiweg. <\/p>\n<p>Bis ich dann auf der rechten Seite war, lief auch die 3SB &#8211; offen war aber nur der blaue Skiweg, der zumindest heute ncht massentauglich w\u00e4re. Im unteren Teil musste man je nach Windrichtung etwas schieben.<\/p>\n<p>Heute wesentlich sonniger als gemeldet, da sich die Wolken an den hohen Bergen im Westen stauten, genau neben der 3SB. Aber wie man hier das Skigebiet h\u00e4tte (nach Spanien) erweitern wollen, ist mir bei den steilen Felsen herum nicht klar.<\/p>\n<p>Der Schnee wurde heut Nachmittag weicher als gestern &#8211; man hat doch immer die falschen Ski an&#8230;<\/p>\n<p><a href='http:\/\/ski.inmontanis.info\/d\/347415-2\/dsc06069.jpg'><img src=http:\/\/ski.inmontanis.info\/d\/347414-3\/dsc06069.jpg \/><\/a><br \/>\n^ Unterhalb der Talstationen KSSL Roc und 3SB Freychet verliefen Wege &#8230;<\/p>\n<p><a href='http:\/\/ski.inmontanis.info\/d\/347419-2\/dsc06070.jpg'><img src=http:\/\/ski.inmontanis.info\/d\/347418-3\/dsc06070.jpg \/><\/a><br \/>\n^ .. und man sah eine alte Holzh\u00fctte. Auf einem alten Plan best\u00e4tigte sich sp\u00e4ter meine Vermutung, hier war mal eine Talstation (Ex-KSSL Ruisseau)<\/p>\n<p><a href='http:\/\/ski.inmontanis.info\/d\/347423-2\/dsc06075.jpg'><img src=http:\/\/ski.inmontanis.info\/d\/347422-3\/dsc06075.jpg \/><\/a><br \/>\n^ KSSL Roc und 3SB Freychet, links in der Sonne ..<\/p>\n<p><a href='http:\/\/ski.inmontanis.info\/d\/347427-2\/dsc06076.jpg'><img src=http:\/\/ski.inmontanis.info\/d\/347426-3\/dsc06076.jpg \/><\/a><br \/>\n^ &#8230; noch ein altes Lifth\u00e4uschen. Vermutlich Ex-KSSL Baby Freychet<\/p>\n<p><a href='http:\/\/ski.inmontanis.info\/d\/347431-2\/dsc06082.jpg'><img src=http:\/\/ski.inmontanis.info\/d\/347430-3\/dsc06082.jpg \/><\/a><br \/>\n^ Ob die Verbindungs-Tal-Berg-Tal-DSB Escot bis hier rauf gegangen ist? Dem alten Plan und einem alten Bild nach wohl nicht, auch wenn die Richtung passen k\u00f6nnte. Aktuell ist hier die Lawinensprengbahn<\/p>\n<p>Alter Plan:<br \/>\n<a href='https:\/\/files.skimap.org\/sy4emkxh4l9sozdmx8qg2jejqsq2.jpg'>https:\/\/files.skimap.org\/sy4emkxh4l9sozdmx8qg2jejqsq2.jpg<\/a><\/p>\n<p><a href='http:\/\/ski.inmontanis.info\/d\/347435-2\/dsc06086.jpg'><img src=http:\/\/ski.inmontanis.info\/d\/347434-3\/dsc06086.jpg \/><\/a><br \/>\n^ 3SB Freychet<\/p>\n<p><a href='http:\/\/ski.inmontanis.info\/d\/347439-2\/dsc06089.jpg'><img src=http:\/\/ski.inmontanis.info\/d\/347438-3\/dsc06089.jpg \/><\/a><br \/>\n^ Nebel im Flachland<\/p>\n<p><a href='http:\/\/ski.inmontanis.info\/d\/347443-2\/dsc06092.jpg'><img src=http:\/\/ski.inmontanis.info\/d\/347442-3\/dsc06092.jpg \/><\/a><br \/>\n^ 3SB Freychet<\/p>\n<p><a href='http:\/\/ski.inmontanis.info\/d\/347447-2\/dsc06093.jpg'><img src=http:\/\/ski.inmontanis.info\/d\/347446-3\/dsc06093.jpg \/><\/a><br \/>\n^ Rechts der 3SB Freychet, geradeaus die geschlossene Dome, links nach hinten abzweigend die blaue Gerac, die erst seit wenigen Jahren gestrichelt im Plan eingezeichnet ist &#8211; aber den Weg gibt&#8217;s wohl schon l\u00e4nger.<\/p>\n<p><a href='http:\/\/ski.inmontanis.info\/d\/347451-2\/dsc06094.jpg'><img src=http:\/\/ski.inmontanis.info\/d\/347450-3\/dsc06094.jpg \/><\/a><br \/>\n^ Schwarze Dome Abfahrt<\/p>\n<p><a href='http:\/\/ski.inmontanis.info\/d\/347455-2\/dsc06095.jpg'><img src=http:\/\/ski.inmontanis.info\/d\/347454-3\/dsc06095.jpg \/><\/a><br \/>\n^ Hinten- und Au\u00dfenrumabfahrt Gerac<\/p>\n<p><a href='http:\/\/ski.inmontanis.info\/d\/347459-2\/dsc06096.jpg'><img src=http:\/\/ski.inmontanis.info\/d\/347458-3\/dsc06096.jpg \/><\/a><br \/>\n^ R\u00fcckseitenpano, der Berg f\u00e4llt hier steil ab<\/p>\n<p><a href='http:\/\/ski.inmontanis.info\/d\/347463-2\/dsc06097.jpg'><img src=http:\/\/ski.inmontanis.info\/d\/347462-3\/dsc06097.jpg \/><\/a><br \/>\n^ Gerac<\/p>\n<p><a href='http:\/\/ski.inmontanis.info\/d\/347467-2\/dsc06099.jpg'><img src=http:\/\/ski.inmontanis.info\/d\/347466-3\/dsc06099.jpg \/><\/a><br \/>\n^ Gerac, heute nicht massentauglich<\/p>\n<p><a href='http:\/\/ski.inmontanis.info\/d\/347471-2\/dsc06100.jpg'><img src=http:\/\/ski.inmontanis.info\/d\/347470-3\/dsc06100.jpg \/><\/a><br \/>\n^ Gerac, heute nicht massentauglich<\/p>\n<p><a href='http:\/\/ski.inmontanis.info\/d\/347475-2\/dsc06101.jpg'><img src=http:\/\/ski.inmontanis.info\/d\/347474-3\/dsc06101.jpg \/><\/a><br \/>\n^ .. man k\u00f6nnte den Skiweg auch direkter umfahren<\/p>\n<p><a href='http:\/\/ski.inmontanis.info\/d\/347479-2\/dsc06102.jpg'><img src=http:\/\/ski.inmontanis.info\/d\/347478-3\/dsc06102.jpg \/><\/a><br \/>\n^ Gerac, danach gehts leider auf einem laaangen Weg an den Felsen vorbei &#8211; heute ohne zu schieben, am Sonntag viel schieben<\/p>\n<p><a href='http:\/\/ski.inmontanis.info\/d\/347483-2\/dsc06104.jpg'><img src=http:\/\/ski.inmontanis.info\/d\/347482-3\/dsc06104.jpg \/><\/a><br \/>\n^ Blick retour. Landschaftlich ist die Abfahrt aber schon recht nett und zum Gl\u00fcck noch nicht verfangz\u00e4unt<\/p>\n<p><a href='http:\/\/ski.inmontanis.info\/d\/347487-2\/dsc06107.jpg'><img src=http:\/\/ski.inmontanis.info\/d\/347486-3\/dsc06107.jpg \/><\/a><br \/>\n^ Talblick<\/p>\n<p><a href='http:\/\/ski.inmontanis.info\/d\/347491-2\/dsc06108.jpg'><img src=http:\/\/ski.inmontanis.info\/d\/347490-3\/dsc06108.jpg \/><\/a><br \/>\n^ Talblick<\/p>\n<p><a href='http:\/\/ski.inmontanis.info\/d\/347495-2\/dsc06109.jpg'><img src=http:\/\/ski.inmontanis.info\/d\/347494-3\/dsc06109.jpg \/><\/a><br \/>\n^ Langer Skiweg<\/p>\n<p><a href='http:\/\/ski.inmontanis.info\/d\/347499-2\/dsc06111.jpg'><img src=http:\/\/ski.inmontanis.info\/d\/347498-3\/dsc06111.jpg \/><\/a><br \/>\n^ 4SB Col d&#8217;Escot, die Vorg\u00e4nger-DSB verlief ja links in der Senke &#8211; daher sieht man hier auch noch gut die alte Skiweg-Abfahrt<\/p>\n<p><a href='http:\/\/ski.inmontanis.info\/d\/347503-2\/dsc06113.jpg'><img src=http:\/\/ski.inmontanis.info\/d\/347502-3\/dsc06113.jpg \/><\/a><br \/>\n^ 3SB Freychet &#8211; vorne herum nur schwarze Abfahrten<\/p>\n<p><a href='http:\/\/ski.inmontanis.info\/d\/347507-2\/dsc06114.jpg'><img src=http:\/\/ski.inmontanis.info\/d\/347506-3\/dsc06114.jpg \/><\/a><br \/>\n^ Grat-Abfahrt Zig von der Bergstation KSSL Roc zur 4SB Escot &#8211; diese wurde t\u00e4glich pr\u00e4pariert und hatte den besten Schnee<\/p>\n<p><a href='http:\/\/ski.inmontanis.info\/d\/347511-2\/dsc06118.jpg'><img src=http:\/\/ski.inmontanis.info\/d\/347510-3\/dsc06118.jpg \/><\/a><br \/>\n^ KSSL Roc, der linke ging wohl  fr\u00fcher weiter hinauf, der Kurve oben nach<\/p>\n<p><a href='http:\/\/ski.inmontanis.info\/d\/347515-2\/dsc06121.jpg'><img src=http:\/\/ski.inmontanis.info\/d\/347514-3\/dsc06121.jpg \/><\/a><br \/>\n^ 3SB Freychet<\/p>\n<p><a href='http:\/\/ski.inmontanis.info\/d\/347519-2\/dsc06122.jpg'><img src=http:\/\/ski.inmontanis.info\/d\/347518-3\/dsc06122.jpg \/><\/a><br \/>\n^ Ex-Kurvenst\u00fctze und schwarze Abfahrten an der 3SB<\/p>\n<p><a href='http:\/\/ski.inmontanis.info\/d\/347523-2\/dsc06124.jpg'><img src=http:\/\/ski.inmontanis.info\/d\/347522-3\/dsc06124.jpg \/><\/a><br \/>\n^ Morgen soll Regen kommen, da wird mal wieder ein Berg angez\u00fcndet<\/p>\n<p><a href='http:\/\/ski.inmontanis.info\/d\/347527-2\/dsc06125.jpg'><img src=http:\/\/ski.inmontanis.info\/d\/347526-3\/dsc06125.jpg \/><\/a><br \/>\n^ Combe de Fougarol &#8211; schaut ja nett aus. Aber wohl recht steil und evtl. weiter unten irgendwie durch den Wald zum Col de la Trappe &#8211; und der KSSL f\u00e4hrt ja heut nicht<\/p>\n<p>Die 10-Tage-Wettervorhersagen f\u00fcr die \u00f6stlichen Gebiete  wird auch immer schlechter, nach der jetzigen 1-4 Tage brauchbar und dann die n\u00e4chste Front. <\/p>\n<p>Daf\u00fcr soll&#8217;s hier die n\u00e4chsten 2 Tage zumindest tags\u00fcber auch l\u00e4ngere trockene Abschnitte geben.<\/p>\n<p>Die Spanier faseln was von der schneereichsten Saison seit vielen Jahren. Eh klar, ausgerechnet wenn ich hier bin. Ich h\u00e4tte  lieber 1-2 gro\u00dfe Schneef\u00e4lle und dazwischen wochenlang Sonne ;) Und f\u00fcr die westlichen und zentralen spanischen Gebiete wird nach wie vor mehr Schnee ben\u00f6tigt, da ist teilweise noch sehr wenig offen.<\/p>\n<p>Einen Salle Hors Sac hab ich hier bisher auch noch keinen gesehen.<\/p>\n<p>.. dann gibts momentan also kalt abends. Hab ja z.B. noch ein Glas K\u00fcmmelfleisch aus Franken. Und noch 3 Portionen von den Profiteroles.<\/p>\n<p>Internet (4G) ist heut Abend eine Qual, Youtube-Streamen geht, aber z.B. Google Maps geht nicht, manche Wetter-Seiten ebenfalls minutenlang laden &#8230; da muss man dann, Roaming sei dank &#8211; halt mal das Netz wechseln. Aber brachte heut auch nichts. Jeweils aber voller Empfang, Bildupload f\u00fcr den Grandvalira-Bericht war eine Qual, nach 2 abgebrochen.<\/p>\n<p>Mit 3G war die Verbindung dann schneller :)) Das bekr\u00e4ftigt jedenfalls meine Vermutung von vor ein paar Jahren entweder in Skandinavien oder UK, wo 3G arschlangsam war und wo ich der Meinung war, dass das fr\u00fcher schneller ging. Hier kann man anscheinend noch Gl\u00fcck haben.<\/p>\n<p>Bis Ende des Monats darf ich noch EU-Roaming gratis n\u00fctzen, danach muss ich mal wieder zahlen &#8211; die 4 Monate sind vorbei. <\/p>\n<p>Abends kamen etliche WE-G\u00e4ste an, einer stellte sich erst links von mir hin, dann rechts, dann wieder links. Was soll das f\u00fcr einen Unterschied machen?!<\/p>\n<p>Der Parkplatz is nat\u00fcrlich zu klein und zu voll, als dass man da etwas Abstand halten w\u00fcrde&#8230;.<\/p>\n<p>Irgendwelche Labers\u00e4cke liefen auch bis sp\u00e4t abends \u00fcber den Parkplatz. Aber weil man ganz unten ja quasi neben der Pistenraupengarage parkt und am mittleren direkt an der Piste &#8211; ist es hier vielleicht doch ruhiger?<\/p>\n<p>Mitten in der Nacht um 1:20 Uhr f\u00e4llt dem Trottel neben mir ein, den Motor zu starten und sich 5m weiter weg zu stellen. Und abends um 19.15 Uhr ist er dann abgefahren. Immer dieses eigenartige Verhalten, das ich nun schon so oft auf dieser Reise beobachtet hab &#8211; bis zur Dunkelheit warten und dann noch irgendwo anders hin fahren um dort zu schlafen?!<\/p>\n<p><strong>Sa, 17.1.2026<\/strong><\/p>\n<p>Heute die volle Regenkleidung angezogen, auch wenn h\u00e4ufig trocken gemeldet wurde. Trappe-KSSL leider auch heute nicht offen &#8211; dann werde ich ihn heuer und somit nie mehr fahren k\u00f6nnen.<\/p>\n<p>Weil heut SA ist, ist noch weniger pr\u00e4pariert als die letzten Tage :)  Zumindest die Abfahrt am KSSL Vallon Blanc heute mal nicht, die Zweit- und Drittabfahrten an den anderen KSSL ja  die letzten Tage auch nicht.<\/p>\n<p>Nicht nur die Ferien, auch die WE solte man in Frankreich besser meiden. Zu viele Deppen auf den Pisten und eine Liftlerin hat mich auch schon wieder angeschnauzt wegen meines Rucksacks, weil ich ihn nicht schon vor dem Zugag runtergetan hab. Die anderen Liftler sagen nix, und da fahren viele mit Rucksack am R\u00fccken.<\/p>\n<p>Zwischen 2 Gesch\u00e4ften gibt es doch noch so etwas wie einen Salle Hors Sac, zumindest ein paar Tische und St\u00fchle, unbeheizt, aber \u00fcberdacht.<\/p>\n<p>Vom Wetter wurde heute etwas Regen, etwas Schnee, etwas Sonne, Wolken und Nebel kredenzt. <\/p>\n<p>Die blaue an der 3SB war heute leider nicht offen, daf\u00fcr nun die eine schwarze, weil die 1-2 cm Neuschnee \u00fcber Nacht &#8230; naja, 1x hat mir gereicht.<\/p>\n<p><a href='http:\/\/ski.inmontanis.info\/d\/347531-2\/dsc06127.jpg'><img src=http:\/\/ski.inmontanis.info\/d\/347530-3\/dsc06127.jpg \/><\/a><br \/>\n^ Schwarze Abfahrt Rhododendrons links der 3SB Freychet<\/p>\n<p><a href='http:\/\/ski.inmontanis.info\/d\/347535-2\/dsc06128.jpg'><img src=http:\/\/ski.inmontanis.info\/d\/347534-3\/dsc06128.jpg \/><\/a><br \/>\n^ Schwarze Abfahrt Rhododendrons links der 3SB Freychet<\/p>\n<p><a href='http:\/\/ski.inmontanis.info\/d\/347539-2\/dsc06129.jpg'><img src=http:\/\/ski.inmontanis.info\/d\/347538-3\/dsc06129.jpg \/><\/a><br \/>\n^ Ex-Kurvenst\u00fctze<\/p>\n<p><a href='http:\/\/ski.inmontanis.info\/d\/347543-2\/dsc06130.jpg'><img src=http:\/\/ski.inmontanis.info\/d\/347542-3\/dsc06130.jpg \/><\/a><br \/>\n^ Schwarze Abfahrt Rhododendrons links der 3SB Freychet<\/p>\n<p>Etwas nach 14 Uhr hab ich aufgeh\u00f6rt, irgendwann solls ja nachmttags mehr regnen und es war gerade mal wieder eine Niederschlagspause. Aber die aktuellen Wettervorhersagen zeigten mal wieder eine \u00c4nderung, heut Nachmittag\/Abend\/Nacht eher trocken und morgen tags\u00fcber \u00fcber Mittag den st\u00e4rksten Niederschlag.<\/p>\n<p>Wobei das Skigebiet schon gro\u00df genug ist, um es einen ganzen Tag problemlos auszuhalten, mit dem aktuellen Angebot schon interessanter als z.B. Monts d&#8217;Olmes .. wobei die ab heute erstmals alle Abfahrten offen melden.  Jedenfalls, f\u00fcr die \u00f6stlichen Skigebiete s\u00fcdlich von MdO br\u00e4uchte ich mind. 5 Tage und das Ende sollte fr\u00fchestens an einem Sonntag sein, weil ich dann auf dem Weg in die westlicheren Pyren\u00e4nen  \u00fcber Spanien kurz in Cerler halten m\u00f6chte, wo meine spanische Werktage-Saisonkarte gilt.<\/p>\n<p>.. die w\u00fcrde zwar auch weiter im S\u00fcden gelten, wo besseres Wetter gemeldet w\u00fcrde &#8211; aber das sind dann 500km da runter und entweder wieder hinauf oder ich m\u00fcsste die gro\u00dfe West-Spanien-Portugal-Tour schon machen, wo ja eigentlich noch auf etwas mehr Schnee warten w\u00fcrde &#8211; und die ja in den franz\u00f6sischen Ferien machen m\u00f6chte. <\/p>\n<p>Die Regenkleidung, die ich jetzt hab, h\u00e4lt momentan mal gut dicht. Regenhose bei den Sessseln zwar plus russsischem Sitzpolster verwendet, aber auch bei den Tellerliften ist sie bisher trocken geblieben; die beiden Regenjacken \u00fcbereinander und Sweatshirt+Pulli darunter ist Temperaturm\u00e4\u00dfig auch gerade so ausreichend. <\/p>\n<p>Nur die Handschuhe sind zumindest au\u00dfen nass, werden dann auch innen nasskalt und hat man dann nass im Auto. D.h. mal einen Regentag kann ich nun problemlos verbringen.<\/p>\n<p>Ich entschied, vorerst weiter oben geparkt zu bleiben. Eh noch fraglich, ob es morgen hier regnet oder schneit.<\/p>\n<p><strong>So, 18.1.2026<\/strong> &#8211; Teil 1<\/p>\n<p>Auch heute Fr\u00fch wurde nun pl\u00f6tzlich reht trocken gemeldet f\u00fcr den heutigen Tag. Um 9 Uhr zeigte sich sogar blauer Himmel durch den Nebel. Zog trotzdem lieber die Regenkleidung an. War auch sinnvoll, weil der Nebel sehr feucht war.<\/p>\n<p>Einerseits w\u00e4r es vmtl. nett, wenn ich hier bei etwas Neuschnee nochmals die unpr\u00e4parierten Abfahrten fahren k\u00f6nnte, die Alternative w\u00e4re, MO+DI Monts d&#8217;Olmes zu fahren  und von MI-SO die Ostgebiete ab zu klappern in der Hoffnung, dass die etwas weniger schlechten Wettervorhersagen richtig liegen w\u00fcrden.<\/p>\n<p>An den Prat Mataou &#8211; KSSL nochmals weniger pr\u00e4pariert als gestern und heute alles vereist, daher gleich mal auf den Skibus gewartet. <\/p>\n<p>Jedenfalls muss man nun davon ausgehen, dass die beiden langen KSSL hier ab morgen geschlossen sein k\u00f6nnten wg. Schneemangel &#8211; und dann w\u00fcde es mir hier oben ja weit weniger gefallen -> spricht also f\u00fcr eine heutige Abreise.<\/p>\n<p>Auch am KSSL neben der 3SB wurde wieder nur die Abfahrt retour zur 4SB pr\u00e4pariert und nicht die direkten Abfahrten.  Ja, in Frankreich nicht un\u00fcblich, aber hier schon recht deutlich auffallend &#8211; nur der mittlere Sektor scheint zu z\u00e4hlen.<\/p>\n<p>Die lange blaue Abfahrt an der 3SB war daf\u00fcr heute wieder offen.<\/p>\n<p><a href='http:\/\/ski.inmontanis.info\/d\/347547-2\/dsc06131.jpg'><img src=http:\/\/ski.inmontanis.info\/d\/347546-3\/dsc06131.jpg \/><\/a><br \/>\n^ Der Nebel liegt heute sehr hoch und auch sehr dicht<\/p>\n<p><a href='http:\/\/ski.inmontanis.info\/d\/347551-2\/dsc06132.jpg'><img src=http:\/\/ski.inmontanis.info\/d\/347550-3\/dsc06132.jpg \/><\/a><br \/>\n^ Die Sternwarte ist noch knapp dar\u00fcber, aber der Nebel stieg h\u00f6her<\/p>\n<p><a href='http:\/\/ski.inmontanis.info\/d\/347555-2\/dsc06134.jpg'><img src=http:\/\/ski.inmontanis.info\/d\/347554-3\/dsc06134.jpg \/><\/a><br \/>\n^ Nebelmeer<\/p>\n<p><a href='http:\/\/ski.inmontanis.info\/d\/347559-2\/dsc06135.jpg'><img src=http:\/\/ski.inmontanis.info\/d\/347558-3\/dsc06135.jpg \/><\/a><br \/>\n^ R\u00fcckseitenpano 3SB Freychet, vorgestern hingen die Berge da hinten ja in Wolken.<\/p>\n<p>Der Nebel zog im Laufe des Vormittags weiter rauf, feucht, eiskalt in den Fingern heute, WCs ohne Heizk\u00f6rper, ohne Handtrockner, ohne Warmwasser, null Chancen zum Aufw\u00e4rmen.<\/p>\n<p>Um 12 Uhr fuhr ich schon wieder zur\u00fcck zu den Prat Mataou KSSL, da ist wenigstens etwas Wald und bessere Sicht und ich kann mir die Heizhandschuhe aus dem Auto holen. Mittlerweile auch schon entschieden, das ich heut noch nach Monts d&#8217;Olmes fahre. Dann also hoffen, dass das Wetter in den \u00f6stlichen Gebieten ab Mittwoch nicht zu schlecht wird.<\/p>\n<p>Bliebe noch die Frage, ob ich heute im Tal schlaf, wo w\u00e4rmer, oder noch bis ins Skigebiet rauf und dort noch den unteren KSSL fahren w\u00fcrde, falls der morgen unter der Woche zu sein sollte&#8230;<\/p>\n<p>Was mich auch langsam nervt, die Baguettes. Nicht an sich, aber schon nach 1-2  Tagen sind die meisten extrem z\u00e4h und dick, dass man kaum noch abbeissen kann. Da lassen sich normale Semmeln besser essen. Das eine Toastbrot schmeckte aber auch eklig.<\/p>\n<p>Um 13:15 h\u00f6rte ich auf, auf dem Weg nach MdO fing es leider zu nieseln an,  ich qu\u00e4lte mich wieder die kurvenreiche Strecke \u00fcber den Col de Port &#8211;  also erst von Prat Mataou weit runter ins Tal, dann wieder rauf auf den Pass, runter vom Pass und rauf nach MdO &#8211; da fahr ich lieber 5 Stunden durch schwedische+finnische W\u00e4lder als die 2-3 Stunden hier durch die Pyren\u00e4en!!<\/p>\n<p>Um 15:40 kam ich an, die beiden linken KSSL sollten (nur) bis 16:30 fahren, also blieb ich mal am unteren Lift stehen, wobei man da etwas raufgehen muss&#8230; Soll ich mich jetzt echt nass machen lassen? Aber falls der Lift die n\u00e4chsten 2 Tage nicht fahren sollte, w\u00fcrd ich mich ja schon etwas \u00e4rgern. Fortsetzung folgt dann im n\u00e4chsten Bericht ;)<\/p>\n<p><a href='http:\/\/ski.inmontanis.info\/d\/347563-2\/ge20260115-18b.jpg'><img src=http:\/\/ski.inmontanis.info\/d\/347562-3\/ge20260115-18b.jpg \/><\/a><br \/>\n^ GPS-Track Guzet 15.-18.1.2026 in Gelb-Orange-T\u00fcrkis-Rosa; Links Magenta KSSL Trappe (weil tief unten + nicht beschneit nur wenige Betriebstage pro Jahr), in Rot ungef\u00e4hr eingezeichnet die ehemaligen Lifte, nicht immer sicher ob deren Verlauf<\/p>\n<p>Fazit: Guzet w\u00e4re eigentlich ein sch\u00f6nes Skigebiet, abwechslungsreich mit seinen 3 Sektoren &#8211; liegt aber f\u00fcr die Pyren\u00e4en zu niedrig und bekommt aufgrund seiner Lage und H\u00f6he wohl zu selten Schnee. Die KSSL in Prat Mataou sollen wohl bald geopfert werden, anstelle der 3SB Freychet will man wieder nur einen Kurvenlift raufbauen. Man merkt eigentlich heute schon, dass der Fokus auf dem zentralen Bereich um die 4SB Picou liegt. In ein paar Jahren wird das dann g\u00e4nzlich zu vergessen sein.<\/p>\n<p>Guzet wird voraussichtlich diese Saison nicht mehr auf meiner Route liegen, und wenn, werden vmtl. die unteren KSSL auch nicht offen sein. Statt der geplanten 7 Tage wird es wohl bei diesen 4 bleiben, schade. Aber dennoch gut, dass ich nicht n\u00e4chste Woche hier war, wer wei\u00df, wie hoch es die n\u00e4chsten beiden Tage regnet und ob die KSSL Vallon Blanc &#038; Souleillous noch offen gewesen w\u00e4ren &#8211; also war der Umweg jetzt vielleicht trotzdem sinnvoll.<\/p>\n","protected":false},"excerpt":{"rendered":"<p>Do, 15.1.2026<\/p>\n<p>Ich hatte mir am Vorabend nochmals die Parkm\u00f6glichkeiten in Guzet angesehen &#8211; aber auf Google Earth &#8211; und dabei bemerkt, dass die Haupt-SB mit ihrem kleinen Parkplatz und dem etwas abgeschiedenerem Parkplatz an der Piste weiter oben in einem relativ engen Tal von hohen Bergh\u00e4ngen umgeben ist &#8211; das war mir so gar <a href=\"http:\/\/blog.inmontanis.info\/?p=11154\">[&#8230;]<\/a><\/p>\n","protected":false},"author":1,"featured_media":11156,"comment_status":"closed","ping_status":"closed","sticky":false,"template":"","format":"standard","meta":{"footnotes":""},"categories":[950,16,975,27],"tags":[55,49,48,77],"class_list":["post-11154","post","type-post","status-publish","format-standard","has-post-thumbnail","hentry","category-2025-09-2026-11-pyrenaen-uk-co","category-france","category-guzet","category-skifahren-winterskiing-winter","tag-3sb","tag-4sb","tag-kssl","tag-nebelmeer","odd"],"_links":{"self":[{"href":"http:\/\/blog.inmontanis.info\/index.php?rest_route=\/wp\/v2\/posts\/11154","targetHints":{"allow":["GET"]}}],"collection":[{"href":"http:\/\/blog.inmontanis.info\/index.php?rest_route=\/wp\/v2\/posts"}],"about":[{"href":"http:\/\/blog.inmontanis.info\/index.php?rest_route=\/wp\/v2\/types\/post"}],"author":[{"embeddable":true,"href":"http:\/\/blog.inmontanis.info\/index.php?rest_route=\/wp\/v2\/users\/1"}],"replies":[{"embeddable":true,"href":"http:\/\/blog.inmontanis.info\/index.php?rest_route=%2Fwp%2Fv2%2Fcomments&post=11154"}],"version-history":[{"count":2,"href":"http:\/\/blog.inmontanis.info\/index.php?rest_route=\/wp\/v2\/posts\/11154\/revisions"}],"predecessor-version":[{"id":11157,"href":"http:\/\/blog.inmontanis.info\/index.php?rest_route=\/wp\/v2\/posts\/11154\/revisions\/11157"}],"wp:featuredmedia":[{"embeddable":true,"href":"http:\/\/blog.inmontanis.info\/index.php?rest_route=\/wp\/v2\/media\/11156"}],"wp:attachment":[{"href":"http:\/\/blog.inmontanis.info\/index.php?rest_route=%2Fwp%2Fv2%2Fmedia&parent=11154"}],"wp:term":[{"taxonomy":"category","embeddable":true,"href":"http:\/\/blog.inmontanis.info\/index.php?rest_route=%2Fwp%2Fv2%2Fcategories&post=11154"},{"taxonomy":"post_tag","embeddable":true,"href":"http:\/\/blog.inmontanis.info\/index.php?rest_route=%2Fwp%2Fv2%2Ftags&post=11154"}],"curies":[{"name":"wp","href":"https:\/\/api.w.org\/{rel}","templated":true}]}}