{"id":11150,"date":"2026-01-14T20:09:32","date_gmt":"2026-01-14T19:09:32","guid":{"rendered":"http:\/\/blog.inmontanis.info\/?p=11150"},"modified":"2026-01-16T20:23:14","modified_gmt":"2026-01-16T19:23:14","slug":"grandvalira-13-14-1-2026-zu-gros-zu-voll-zu","status":"publish","type":"post","link":"http:\/\/blog.inmontanis.info\/?p=11150","title":{"rendered":"Grandvalira, 13.-14.1.2026  &#8212; zu gro\u00df, zu voll, zu .."},"content":{"rendered":"<p><strong>Di, 13.1.2026<\/strong><\/p>\n<p>Ich ging also morgens vom Campingplatz zur EUB in Canillo, dem ganz rechten Sektor. Nach 2 Rolltreppen kam man in den Kassenbereich, der mit Stock 2 gekennzeichnet war, danach musste man mit weiteren Rolltreppen oder dem Aufzug noch bis zum 5. Stock fahren zur 8EUB-Talstation (Kabinen mit Skik\u00f6cher!).<\/p>\n<p>Leider mal wieder viel voller als erwartet, aber es soll ja auch das gr\u00f6\u00dfte Skigebiet der Pyren\u00e4en sein. Aber heute am vmtl. 46. Skitag der Saison: Der erste B\u00fcgellift!!<\/p>\n<p>Leider fahren die B\u00fcgel- und Tellerlifte hier alle in Langsam-Stellung &#8211; au\u00dfer die KSSL. <\/p>\n<p>Ich fuhr also mal ein bisschen eine Runde, einige Lifte mehrfach, um sie f\u00fcr mich abzuschlie\u00dfen, lie\u00df unpr\u00e4parierte Abfahrten und schwarze und Mehrfachvarianten aus. Weil es oben so st\u00fcrmisch war, war ich fr\u00fcher zur\u00fcck als n\u00f6tig und bin somit nicht bis zu den letzten Fahrten um 16:45 geblieben, sondern um 16 Uhr runter.<\/p>\n<p>Zu gro\u00df,  zu voll,  zu, keine Ahnung, un\u00fcbersichtlich, kompliziert, stressig, oder kurz gesagt, zu bl\u00f6d, ich brauch solche gro\u00dfen Skigebiete einfach nicht, die bringen mir keinen Mehrwert, sondern einen Minderwert, n\u00e4mlich einen Minderwert an Skispa\u00df.<\/p>\n<p>Ich hab von Andorra als Skiland nicht viel erwartet und es wird wohl sehr sicher mein einziger Besuch bleiben. Immerhin gibt es noch keine m\u00fclligen Nerv-KSBen und die eine 4SB, die ich versehentlich fuhr, kann man ja umfahren.<\/p>\n<p><a href='http:\/\/ski.inmontanis.info\/d\/346797-3\/dsc05774.jpg'><img src=http:\/\/ski.inmontanis.info\/d\/346796-3\/dsc05774.jpg \/><\/a><br \/>\n^ Morgenstimmung um 8:15 Uhr am Campingplatz<\/p>\n<p><a href='http:\/\/ski.inmontanis.info\/d\/346801-3\/dsc05780.jpg'><img src=http:\/\/ski.inmontanis.info\/d\/346800-3\/dsc05780.jpg \/><\/a><br \/>\n^ Zoom zum Campingplatz von der EUB in Canillo<\/p>\n<p><a href='http:\/\/ski.inmontanis.info\/d\/346805-3\/dsc05785.jpg'><img src=http:\/\/ski.inmontanis.info\/d\/346804-3\/dsc05785.jpg \/><\/a><br \/>\n^ EUB Canillo<\/p>\n<p><a href='http:\/\/ski.inmontanis.info\/d\/346809-3\/dsc05789.jpg'><img src=http:\/\/ski.inmontanis.info\/d\/346808-3\/dsc05789.jpg \/><\/a><br \/>\n^ Pistenplan von dieser Saison &#8211; m\u00fcllig gezeichnet, man kann kaum bis gar keine Berge und T\u00e4ler erkennen<\/p>\n<p><a href='http:\/\/ski.inmontanis.info\/d\/346813-3\/dsc05791.jpg'><img src=http:\/\/ski.inmontanis.info\/d\/346812-3\/dsc05791.jpg \/><\/a><br \/>\n^ Canillo-EUB<\/p>\n<p><a href='http:\/\/ski.inmontanis.info\/d\/346817-3\/dsc05794.jpg'><img src=http:\/\/ski.inmontanis.info\/d\/346816-3\/dsc05794.jpg \/><\/a><br \/>\n^ Blick aus der 4KSB Portella r\u00fcber zum Canillo-EUB-Bergstationsbereich<\/p>\n<p><a href='http:\/\/ski.inmontanis.info\/d\/346821-3\/dsc05798.jpg'><img src=http:\/\/ski.inmontanis.info\/d\/346820-3\/dsc05798.jpg \/><\/a><br \/>\n^ 4KSB Portella<\/p>\n<p><a href='http:\/\/ski.inmontanis.info\/d\/346825-3\/dsc05803.jpg'><img src=http:\/\/ski.inmontanis.info\/d\/346824-3\/dsc05803.jpg \/><\/a><br \/>\n^ Einziger Verbindungslift zur\u00fcck nach Canillo: 4SB Clots; gegenb\u00fcer KSSL Llosada<\/p>\n<p><a href='http:\/\/ski.inmontanis.info\/d\/346829-3\/dsc05804.jpg'><img src=http:\/\/ski.inmontanis.info\/d\/346828-3\/dsc05804.jpg \/><\/a><br \/>\n^ Abfahrt richtung Canillo<\/p>\n<p><a href='http:\/\/ski.inmontanis.info\/d\/346833-3\/dsc05805.jpg'><img src=http:\/\/ski.inmontanis.info\/d\/346832-3\/dsc05805.jpg \/><\/a><br \/>\n^ .. und in Gegenrichtung, rechts kurzer SL C6 und links die wohl noch nicht sehr alte 4SB Seig<\/p>\n<p><a href='http:\/\/ski.inmontanis.info\/d\/346837-3\/dsc05806.jpg'><img src=http:\/\/ski.inmontanis.info\/d\/346836-3\/dsc05806.jpg \/><\/a><br \/>\n^ Beschneiungsteiche?<\/p>\n<p><a href='http:\/\/ski.inmontanis.info\/d\/346841-3\/dsc05808.jpg'><img src=http:\/\/ski.inmontanis.info\/d\/346840-3\/dsc05808.jpg \/><\/a><br \/>\n^ Blick aus der 4SB Seig zur gerade gefahrenen Abfahrt Seig<\/p>\n<p><a href='http:\/\/ski.inmontanis.info\/d\/346845-3\/dsc05810.jpg'><img src=http:\/\/ski.inmontanis.info\/d\/346844-3\/dsc05810.jpg \/><\/a><br \/>\n^ .. fast gespiegelte Wolken<\/p>\n<p><a href='http:\/\/ski.inmontanis.info\/d\/346793-2\/dsc05811.jpg'><img src=http:\/\/ski.inmontanis.info\/d\/346792-3\/dsc05811.jpg \/><\/a><br \/>\n^ Zoom Skigebiet Pal von Grandvalira<\/p>\n<p><a href='http:\/\/ski.inmontanis.info\/d\/346849-2\/dsc05812.jpg'><img src=http:\/\/ski.inmontanis.info\/d\/346848-3\/dsc05812.jpg \/><\/a><br \/>\n^ Weiter gehts auf der Abfahrt Tamarro in den Tarter-Sektor<\/p>\n<p><a href='http:\/\/ski.inmontanis.info\/d\/346853-2\/dsc05813.jpg'><img src=http:\/\/ski.inmontanis.info\/d\/346852-3\/dsc05813.jpg \/><\/a><br \/>\n^ .. autsch, da ist was los. Aber eigentlich dann nur an den \u00dcbungsliften<\/p>\n<p><a href='http:\/\/ski.inmontanis.info\/d\/346857-2\/dsc05814.jpg'><img src=http:\/\/ski.inmontanis.info\/d\/346856-3\/dsc05814.jpg \/><\/a><br \/>\n^ .. erst einmal mit der 6KSB Llosada noch einmal hinauf und eine der linken Abfahrten und dann bis ins Tal<\/p>\n<p><a href='http:\/\/ski.inmontanis.info\/d\/346861-2\/dsc05815.jpg'><img src=http:\/\/ski.inmontanis.info\/d\/346860-3\/dsc05815.jpg \/><\/a><br \/>\n^ Blaue Talabfahrt nach El Tarter, gegem\u00fcber Soldeu<\/p>\n<p><a href='http:\/\/ski.inmontanis.info\/d\/346865-2\/dsc05816.jpg'><img src=http:\/\/ski.inmontanis.info\/d\/346864-3\/dsc05816.jpg \/><\/a><br \/>\n^ El Tarter, rechts die KSB, ich fuhr links zur EUB<\/p>\n<p><a href='http:\/\/ski.inmontanis.info\/d\/346869-2\/dsc05818.jpg'><img src=http:\/\/ski.inmontanis.info\/d\/346868-3\/dsc05818.jpg \/><\/a><br \/>\n^ Von der Bergstation KSB\/EUB El Tarter kann man den Kurven-KSSL Font Roiges nehmen, leider darf man aber die linke Abfahrt nicht fahren, weil die noch weiter links befindliche f\u00fcr Trainingskurs ausgesteckt ist &#8211; und beide im oberen Teil gemeinsam verlaufen. Rechts vom Ausstieg gehts zu den Funparks<\/p>\n<p><a href='http:\/\/ski.inmontanis.info\/d\/346873-2\/dsc05820.jpg'><img src=http:\/\/ski.inmontanis.info\/d\/346872-3\/dsc05820.jpg \/><\/a><br \/>\n^ Rechts vom KSSL befindet sich die KSB Tosa Espiolets, hinter dessen Bergstation ich nun bin. in Bildmitte von links herauf kommt die KSB Solana, ganz rechts am Rand die von mir zuvor gefahrene 6KSB Llosada und eben dort oben von links kommend die 4SB Assaladors<\/p>\n<p><a href='http:\/\/ski.inmontanis.info\/d\/346877-2\/dsc05822.jpg'><img src=http:\/\/ski.inmontanis.info\/d\/346876-3\/dsc05822.jpg \/><\/a><br \/>\n^ Zoom in den Sektor Grau Roig, auf dessen R\u00fcckseite das Ende des Skigebiets mit Pas de la Casa ist<\/p>\n<p><a href='http:\/\/ski.inmontanis.info\/d\/346881-2\/dsc05823.jpg'><img src=http:\/\/ski.inmontanis.info\/d\/346880-3\/dsc05823.jpg \/><\/a><br \/>\n^ Vorne 6KSB Solana, dahinter 4SB Assaladors und auf den Gegenhang 4SB Solanelles<\/p>\n<p><a href='http:\/\/ski.inmontanis.info\/d\/346885-2\/dsc05824.jpg'><img src=http:\/\/ski.inmontanis.info\/d\/346884-3\/dsc05824.jpg \/><\/a><br \/>\n^ Soldeu, normalerweise w\u00fcrd ich ja die EUB nehmen, aber das sah nach zu viel Lauferei und Aufzugfahrten aus, daher fuhr ich rechts die 6KSB<\/p>\n<p><a href='http:\/\/ski.inmontanis.info\/d\/346889-2\/dsc05826.jpg'><img src=http:\/\/ski.inmontanis.info\/d\/346888-3\/dsc05826.jpg \/><\/a><br \/>\n^ 6KSB Soldeu<\/p>\n<p><a href='http:\/\/ski.inmontanis.info\/d\/346893-2\/dsc05828.jpg'><img src=http:\/\/ski.inmontanis.info\/d\/346892-3\/dsc05828.jpg \/><\/a><br \/>\n^ &#8230; sch\u00f6ne St\u00fctzenfarbe. Mintgr\u00fcn oder was auch immer, je nach Schatten und Sonne schwer zu sagen, k\u00f6nnte auch Himmelblau oder Hellt\u00fcrkis gewesen sein<\/p>\n<p><a href='http:\/\/ski.inmontanis.info\/d\/346897-2\/dsc05830.jpg'><img src=http:\/\/ski.inmontanis.info\/d\/346896-3\/dsc05830.jpg \/><\/a><br \/>\n^ 6KSB + EUB Soldeu<\/p>\n<p><a href='http:\/\/ski.inmontanis.info\/d\/346901-2\/dsc05831.jpg'><img src=http:\/\/ski.inmontanis.info\/d\/346900-3\/dsc05831.jpg \/><\/a><br \/>\n^ 4SB Planell de la Font<\/p>\n<p><a href='http:\/\/ski.inmontanis.info\/d\/346905-2\/dsc05833.jpg'><img src=http:\/\/ski.inmontanis.info\/d\/346904-3\/dsc05833.jpg \/><\/a><br \/>\n^ .. und Blick nach links von etwas weiter oben<\/p>\n<p><a href='http:\/\/ski.inmontanis.info\/d\/346909-2\/dsc05835.jpg'><img src=http:\/\/ski.inmontanis.info\/d\/346908-3\/dsc05835.jpg \/><\/a><br \/>\n^ 4SB Assaladors, die war windm\u00e4\u00dfig mit am unangenehmsten<\/p>\n<p><a href='http:\/\/ski.inmontanis.info\/d\/346913-2\/dsc05836.jpg'><img src=http:\/\/ski.inmontanis.info\/d\/346912-3\/dsc05836.jpg \/><\/a><br \/>\n^ Etwas R\u00fcckseitig der Bergstationen 4SB Assaladors \/ 6KSB Llosada sieht man das Funicamp &#8211; Funitel<\/p>\n<p><a href='http:\/\/ski.inmontanis.info\/d\/346917-2\/dsc05838.jpg'><img src=http:\/\/ski.inmontanis.info\/d\/346916-3\/dsc05838.jpg \/><\/a><br \/>\n^ .. an der 4SB viele Anf\u00e4nger, der SL links war zum Gl\u00fcck frei.<\/p>\n<p><a href='http:\/\/ski.inmontanis.info\/d\/346921-2\/dsc05839.jpg'><img src=http:\/\/ski.inmontanis.info\/d\/346920-3\/dsc05839.jpg \/><\/a><br \/>\n^ Nette rote Graben-Abfahrt Riu Solanelles an der 6KSB Pla de les Pedres Encamp<\/p>\n<p><a href='http:\/\/ski.inmontanis.info\/d\/346925-2\/dsc05841.jpg'><img src=http:\/\/ski.inmontanis.info\/d\/346924-3\/dsc05841.jpg \/><\/a><br \/>\n^ 6KSB Pla de les Pedres Encamp, rechts die 6KSB Pla de les Pedres Soldeu<\/p>\n<p><a href='http:\/\/ski.inmontanis.info\/d\/346929-2\/dsc05842.jpg'><img src=http:\/\/ski.inmontanis.info\/d\/346928-3\/dsc05842.jpg \/><\/a><br \/>\n^ Von der Bergstation 6KSB Pla de les Pedres Encamp links herum kommt man an der Funicamp-Bergstation vorbei und sieht hier die 4SB Enradort<\/p>\n<p><a href='http:\/\/ski.inmontanis.info\/d\/346933-2\/dsc05844.jpg'><img src=http:\/\/ski.inmontanis.info\/d\/346932-3\/dsc05844.jpg \/><\/a><br \/>\n^ .. gegen\u00fcber gehen  4SB und SL Llac del Cubil &#8211; der erste B\u00fcgellift diese Saison, oder? Sch\u00f6n. Nur leider sind die Teller- und B\u00fcgellifte hier alle seeehr langsam.<\/p>\n<p><a href='http:\/\/ski.inmontanis.info\/d\/346937-2\/dsc05847.jpg'><img src=http:\/\/ski.inmontanis.info\/d\/346936-3\/dsc05847.jpg \/><\/a><br \/>\n^ Vorne 4SB+SL Llac del Cubil, gegen\u00fcber 4SB Enradort<\/p>\n<p><a href='http:\/\/ski.inmontanis.info\/d\/346941-2\/dsc05848.jpg'><img src=http:\/\/ski.inmontanis.info\/d\/346940-3\/dsc05848.jpg \/><\/a><br \/>\n^ .. und auf der anderen Bergsteite die Abfahrten an der 4KSB Cubil, gegen\u00fcber sieht man eine Abfahrtsschneise vom SL Montmalus<\/p>\n<p><a href='http:\/\/ski.inmontanis.info\/d\/346945-2\/dsc05849.jpg'><img src=http:\/\/ski.inmontanis.info\/d\/346944-3\/dsc05849.jpg \/><\/a><br \/>\n^ 4KSB Cubil und die anderen Lifte des Grau-Roig-Sektors gegen\u00fcber: 4KSB, 6KSB, 6KSB und 4SB<\/p>\n<p><a href='http:\/\/ski.inmontanis.info\/d\/346949-2\/dsc05851.jpg'><img src=http:\/\/ski.inmontanis.info\/d\/346948-3\/dsc05851.jpg \/><\/a><br \/>\n^ .. leider nicht aufgepasst und mit dieser m\u00fclligen 4SB gefahren, die keine Fu\u00dfraster hat, sondern nur Zwangsverriegelung &#8211; die ich aus Protest nicht runtertat &#8211; und daher an der St\u00fctze mit Piepton und Kamera\u00fcberwachung erinnert wurde &#8211; habs trotzdem ignoriert. Fickt euch doch mit eurem schei\u00df  Lift.<\/p>\n<p><a href='http:\/\/ski.inmontanis.info\/d\/346953-2\/dsc05852.jpg'><img src=http:\/\/ski.inmontanis.info\/d\/346952-3\/dsc05852.jpg \/><\/a><br \/>\n^ Funpark<\/p>\n<p><a href='http:\/\/ski.inmontanis.info\/d\/346957-2\/dsc05853.jpg'><img src=http:\/\/ski.inmontanis.info\/d\/346956-3\/dsc05853.jpg \/><\/a><br \/>\n^ SL Montmalus mit links der roten Abfahrt. H\u00e4tte heute das Highlight sein k\u00f6nnen &#8230;<\/p>\n<p><a href='http:\/\/ski.inmontanis.info\/d\/346961-2\/dsc05854.jpg'><img src=http:\/\/ski.inmontanis.info\/d\/346960-3\/dsc05854.jpg \/><\/a><br \/>\n^ .. aber er lief nicht, kein Sperr-Schild, kein Personal. Saubande.<\/p>\n<p><a href='http:\/\/ski.inmontanis.info\/d\/346965-2\/dsc05856.jpg'><img src=http:\/\/ski.inmontanis.info\/d\/346964-3\/dsc05856.jpg \/><\/a><br \/>\n^ Den restlichen Grau Roig &#8211; Sektor und die R\u00fcckseite hab ich heut auslassen.<\/p>\n<p><a href='http:\/\/ski.inmontanis.info\/d\/346969-2\/dsc05859.jpg'><img src=http:\/\/ski.inmontanis.info\/d\/346968-3\/dsc05859.jpg \/><\/a><br \/>\n^ 6KSB Pla de les Pedres Soldeu<\/p>\n<p><a href='http:\/\/ski.inmontanis.info\/d\/346973-2\/dsc05860.jpg'><img src=http:\/\/ski.inmontanis.info\/d\/346972-3\/dsc05860.jpg \/><\/a><br \/>\n^ .. und nach etlichen weiteren Liften auf der Abfahrt Rossinyol wieder zur\u00fcck nach Canillo<\/p>\n<p><a href='http:\/\/ski.inmontanis.info\/d\/346977-2\/dsc05861.jpg'><img src=http:\/\/ski.inmontanis.info\/d\/346976-3\/dsc05861.jpg \/><\/a><br \/>\n^ Im Zoom k\u00f6nnte vielleicht ein Skigebiet sein, vielleicht Port Aine oder so ungef\u00e4hr k\u00f6nnte die Richtung hinkommen, oder es sind nur irgendwelche Antennenmasten<\/p>\n<p><a href='http:\/\/ski.inmontanis.info\/d\/346981-2\/dsc05862.jpg'><img src=http:\/\/ski.inmontanis.info\/d\/346980-3\/dsc05862.jpg \/><\/a><br \/>\n^ Canillo<\/p>\n<p><a href='http:\/\/ski.inmontanis.info\/d\/346985-2\/dsc05863.jpg'><img src=http:\/\/ski.inmontanis.info\/d\/346984-3\/dsc05863.jpg \/><\/a><br \/>\n^ 4SB Junior in Canillo<\/p>\n<p><a href='http:\/\/ski.inmontanis.info\/d\/346989-2\/dsc05864.jpg'><img src=http:\/\/ski.inmontanis.info\/d\/346988-3\/dsc05864.jpg \/><\/a><br \/>\n^ .. und ein Alpincoaster<\/p>\n<p><a href='http:\/\/ski.inmontanis.info\/d\/346993-2\/dsc05867.jpg'><img src=http:\/\/ski.inmontanis.info\/d\/346992-3\/dsc05867.jpg \/><\/a><br \/>\n^ Canillo Talstation, das hier ist bereits das 2. Stockwerk, wenn man Stra\u00dfe + Platz als 0 bezeichnet. Die EUB startet im 5. Stock<\/p>\n<p><a href='http:\/\/ski.inmontanis.info\/d\/346997-2\/dsc05868.jpg'><img src=http:\/\/ski.inmontanis.info\/d\/346996-3\/dsc05868.jpg \/><\/a><br \/>\n^ Canillo<\/p>\n<p><a href='http:\/\/ski.inmontanis.info\/d\/347001-2\/dsc05869.jpg'><img src=http:\/\/ski.inmontanis.info\/d\/347000-3\/dsc05869.jpg \/><\/a><br \/>\n^ Canillo<\/p>\n<p><a href='http:\/\/ski.inmontanis.info\/d\/347005-2\/dsc05870.jpg'><img src=http:\/\/ski.inmontanis.info\/d\/347004-3\/dsc05870.jpg \/><\/a><br \/>\n^ Kleiner, enger Campingplatz in Canillo<\/p>\n<p><a href='http:\/\/ski.inmontanis.info\/d\/347009-2\/dsc05871.jpg'><img src=http:\/\/ski.inmontanis.info\/d\/347008-3\/dsc05871.jpg \/><\/a><br \/>\n^ Kleiner, enger Campingplatz in Canillo mit Blick zur EUB<\/p>\n<p>Die Briten neben mir, die heut fr\u00fch abgefahren sind, sind abends leider wieder gekommen und haben sich kompliziert installiert. Anscheinend nicht mal Strom gezapft. Warum steht man dann am Campingplatz? Dann bleib ich doch gleich oben in Grau Roig stehen, wo man n\u00e4chtigen darf&#8230;<\/p>\n<p>Wettervorhersagen-Check abends &#8230; 140mm Niederschlag als Schnee+Regen f\u00fcr Masella ab Sonntag, in Ax nicht viel weniger, f\u00fcr die \u00f6stlichen Gebiete z.B. Les Angles 180mm &#8211; w\u00e4r ich die Ostrunde doch gleich nach Monts d&#8217;Olmes gefahren &#8230;<br \/>\n.. und f\u00fcr Guzet? 46mm. Das k\u00f6nnten dann auch 40+cm Schnee werden &#8211; da kann ich doch auch nicht oben im Skigebiet stehen?!<\/p>\n<p>.. aber jedenfalls im Westen weniger, zur Not muss ich ab Sonntag noch weiter in den Westen, falls die Vorhersagen so extrem bleiben.<\/p>\n<p>Na toll, heute meldet Guzet schon wieder den Trappe-KSSL zu :( Sollte der nur 1-2 Tage offen gewesen sein? <\/p>\n<p><strong>Mi, 14.1.2026<\/strong><\/p>\n<p>Die krassen Niederschlagsmengen wurden mittlerweile etwas korrigiert und ca. halbiert, aber das ist ja immer noch sehr viel. Und unklar, ob das in Guzet als Regen oder Schnee kommt und wer wei\u00df, was der Regen dort anrichtet f\u00fcr einen Besuch in 1-2 Wochen &#8230; dann also lieber doch gleich?<\/p>\n<p>Morgens schon am Campingplatz starker Wind, ich verl\u00e4ngerte also nicht und fuhr mit dem Auto gleich \u00fcber den Pass. Der Parkplatz unterhalb des Passes an &#8220;&#8221;Costa Rodona&#8221; soll der einzige gratis Parkplatz auf der \u00f6stlichen Pas-de-la-Casa-Seite sein, zeigte sich aber recht eigenartig, prinzipiell entlang der alten Stra\u00dfe war eine Schranke zur Einfahrt offen, zur Ausfahrt aber geschlossen, ein W\u00e4rterh\u00e4uschen, ein Schild von wegen Privatparkplatz &#8230;. nicht dass man da beim Rausfahren zahlen muss? Ich fuhr lieber wieder durch die Einfahrt raus, auf der oberen Seite waren  noch ein paar Parkpl\u00e4tze auf der neuen Stra\u00dfe, wo auch schon einige standen.<\/p>\n<p><a href='http:\/\/ski.inmontanis.info\/d\/347013-2\/dsc05873.jpg'><img src=http:\/\/ski.inmontanis.info\/d\/347012-3\/dsc05873.jpg \/><\/a><br \/>\n^ Port d&#8217;Envalira, 2.408m &#8211; und selbst hier gibt&#8217;s Tankstellen :) Soll angeblich die h\u00f6chste ganzj\u00e4hrig befahrbare Passstra\u00dfe Europas sein.<\/p>\n<p><a href='http:\/\/ski.inmontanis.info\/d\/347017-2\/dsc05876.jpg'><img src=http:\/\/ski.inmontanis.info\/d\/347016-3\/dsc05876.jpg \/><\/a><br \/>\n^ Skigebietsteil Pas de la Casa<\/p>\n<p><a href='http:\/\/ski.inmontanis.info\/d\/347021-2\/dsc05880.jpg'><img src=http:\/\/ski.inmontanis.info\/d\/347020-3\/dsc05880.jpg \/><\/a><br \/>\n^ Pas de la Casa, Einstieg Costa Rodona<\/p>\n<p><a href='http:\/\/ski.inmontanis.info\/d\/347025-2\/dsc05883.jpg'><img src=http:\/\/ski.inmontanis.info\/d\/347024-3\/dsc05883.jpg \/><\/a><br \/>\n^ 4KSB Pas de la Casa<\/p>\n<p>Die Pas-de-la-Casa-Seite war dann schneller abgefahren, als erwartet, weil einiges gesperrt, einiges nicht pr\u00e4pariert, einiges nur kurze Varianten oder sonstwie unlohnenswert.<\/p>\n<p>Nicht, dass ich von dem Sektor hier sonderlich viel erwartet h\u00e4tte.<\/p>\n<p><a href='http:\/\/ski.inmontanis.info\/d\/347029-2\/dsc05885.jpg'><img src=http:\/\/ski.inmontanis.info\/d\/347028-3\/dsc05885.jpg \/><\/a><br \/>\n^ Links gibts eine kurze EUB f\u00fcr Anf\u00e4nger &#8230; und f\u00fchrt zur einer DSB ..<\/p>\n<p><a href='http:\/\/ski.inmontanis.info\/d\/347033-2\/dsc05886.jpg'><img src=http:\/\/ski.inmontanis.info\/d\/347032-3\/dsc05886.jpg \/><\/a><br \/>\n^ DSB, gegen\u00fcber sah man eine ehemalige Abfahrt ..<\/p>\n<p><a href='http:\/\/ski.inmontanis.info\/d\/347037-2\/dsc05887.jpg'><img src=http:\/\/ski.inmontanis.info\/d\/347036-3\/dsc05887.jpg \/><\/a><br \/>\n^ .. und eine ehemalige Bergstation.<\/p>\n<p>Alte Pistenpl\u00e4ne von 2005-2008 zeigen hier einen Sesselift auf franz\u00f6sischer Seite. Der war dann wohl nur sehr kurz in Betrieb&#8230; SL und KSSL Pic Negre, Bilder folgen, fehlt auch in etlichen Pistenpl\u00e4nen, sind aber am Sat-Bild wieder fr\u00fcher zu sehen, wobei fr\u00fcher vielleicht anstelle des SL die DSB l\u00e4nger gewesen sein k\u00f6nnte.<\/p>\n<p><a href='http:\/\/ski.inmontanis.info\/d\/347041-2\/dsc05891.jpg'><img src=http:\/\/ski.inmontanis.info\/d\/347040-3\/dsc05891.jpg \/><\/a><br \/>\n^ Pas de la Casa, nenene, das wird nix mehr mit mir und diesem Skigebiet. Soll auch sehr, sehr viele Gesch\u00e4fte hier geben &#8211; Andorra ist anscheinend Zollfreigebiet. Ich wei\u00df da blo\u00df immer nicht, was ich da kaufen sollte, was sich da wirklich lohnen sollte..<\/p>\n<p><a href='http:\/\/ski.inmontanis.info\/d\/347045-2\/dsc05896.jpg'><img src=http:\/\/ski.inmontanis.info\/d\/347044-3\/dsc05896.jpg \/><\/a><br \/>\n^ 6KSB Font Negre<\/p>\n<p><a href='http:\/\/ski.inmontanis.info\/d\/347049-2\/dsc05897.jpg'><img src=http:\/\/ski.inmontanis.info\/d\/347048-3\/dsc05897.jpg \/><\/a><br \/>\n^ .. und links in der Verl\u00e4ngerung der DSB: SL Pic Negre<\/p>\n<p><a href='http:\/\/ski.inmontanis.info\/d\/347053-2\/dsc05899.jpg'><img src=http:\/\/ski.inmontanis.info\/d\/347052-3\/dsc05899.jpg \/><\/a><br \/>\n^ Bergstationen 4KSB Antenes und 4SB Costa Rodona und irgendwelche eigenartigen Geb\u00e4ude<\/p>\n<p><a href='http:\/\/ski.inmontanis.info\/d\/347057-2\/dsc05900.jpg'><img src=http:\/\/ski.inmontanis.info\/d\/347056-3\/dsc05900.jpg \/><\/a><br \/>\n^ Zoom ins restliche Skigebiet mit vorne 4KSB Cubil<\/p>\n<p><a href='http:\/\/ski.inmontanis.info\/d\/347061-2\/dsc05901.jpg'><img src=http:\/\/ski.inmontanis.info\/d\/347060-3\/dsc05901.jpg \/><\/a><br \/>\n^ .. und weiter in den Soldeu-Sektor<\/p>\n<p><a href='http:\/\/ski.inmontanis.info\/d\/347065-2\/dsc05906.jpg'><img src=http:\/\/ski.inmontanis.info\/d\/347064-3\/dsc05906.jpg \/><\/a><br \/>\n^ SL Pic Negre und Ex-KSSL SL Pic Negre<\/p>\n<p><a href='http:\/\/ski.inmontanis.info\/d\/347069-2\/dsc05907.jpg'><img src=http:\/\/ski.inmontanis.info\/d\/347068-3\/dsc05907.jpg \/><\/a><br \/>\n^ Ex-KSSL SL Pic Negre. 2 Stangen eingekuppelt, Seilentgleisung &#8230;<\/p>\n<p><a href='http:\/\/ski.inmontanis.info\/d\/347073-2\/dsc05908.jpg'><img src=http:\/\/ski.inmontanis.info\/d\/347072-3\/dsc05908.jpg \/><\/a><br \/>\n^ SL Pic Negre, in einem kleinen Skigebiet w\u00fcrd ich den Lift als i-t\u00fcpfelchen-Lift feiern, aber in so einem Gro\u00dfgebiet hier &#8230;. f\u00e4hrt man halt einmal und weiter geht&#8217;s<\/p>\n<p><a href='http:\/\/ski.inmontanis.info\/d\/347077-2\/dsc05909.jpg'><img src=http:\/\/ski.inmontanis.info\/d\/347076-3\/dsc05909.jpg \/><\/a><br \/>\n^ 4KSB Pas de la Casa<\/p>\n<p><a href='http:\/\/ski.inmontanis.info\/d\/347081-2\/dsc05911.jpg'><img src=http:\/\/ski.inmontanis.info\/d\/347080-3\/dsc05911.jpg \/><\/a><br \/>\n^ Pas de la Casa und links die Parkpl\u00e4tze an der wohl alten Stra\u00dfe, Costa Rodona<\/p>\n<p><a href='http:\/\/ski.inmontanis.info\/d\/347085-2\/dsc05913.jpg'><img src=http:\/\/ski.inmontanis.info\/d\/347084-3\/dsc05913.jpg \/><\/a><br \/>\n^ SL Montmalus mit roter Abfahrt, dar\u00fcber und dahinter das ganze Gel\u00e4nde w\u00fcrde sich zur Erweiterung eignen<\/p>\n<p><a href='http:\/\/ski.inmontanis.info\/d\/347089-2\/dsc05914.jpg'><img src=http:\/\/ski.inmontanis.info\/d\/347088-3\/dsc05914.jpg \/><\/a><br \/>\n^ Wird hier nach \u00d6l gebohrt? :) Die 4KSB hei\u00dft ja Antenas &#8211; waren das mal Antennen?!<\/p>\n<p><a href='http:\/\/ski.inmontanis.info\/d\/347093-2\/dsc05917.jpg'><img src=http:\/\/ski.inmontanis.info\/d\/347092-3\/dsc05917.jpg \/><\/a><br \/>\n^ 6KSB Coma Blanca, von dessen Bergstation &#8230;<\/p>\n<p><a href='http:\/\/ski.inmontanis.info\/d\/347097-2\/dsc05920.jpg'><img src=http:\/\/ski.inmontanis.info\/d\/347096-3\/dsc05920.jpg \/><\/a><br \/>\n^ .. geht nach rechts der SL Coma III weiter, der eine Au\u00dfenrumabfahrt erschlie\u00dft; die beiden Liftler allerdings &#8230;.<\/p>\n<p><a href='http:\/\/ski.inmontanis.info\/d\/347101-2\/dsc05921.jpg'><img src=http:\/\/ski.inmontanis.info\/d\/347100-3\/dsc05921.jpg \/><\/a><br \/>\n^ .. besagte Abfahrt Portella<\/p>\n<p><a href='http:\/\/ski.inmontanis.info\/d\/347105-2\/dsc05922.jpg'><img src=http:\/\/ski.inmontanis.info\/d\/347104-3\/dsc05922.jpg \/><\/a><br \/>\n^ Kurven-SL Montmalus, endlich!<\/p>\n<p><a href='http:\/\/ski.inmontanis.info\/d\/347109-2\/dsc05924.jpg'><img src=http:\/\/ski.inmontanis.info\/d\/347108-3\/dsc05924.jpg \/><\/a><br \/>\n^ Gel\u00e4nde links vom SL Montmalus<\/p>\n<p><a href='http:\/\/ski.inmontanis.info\/d\/347113-2\/dsc05926.jpg'><img src=http:\/\/ski.inmontanis.info\/d\/347112-3\/dsc05926.jpg \/><\/a><br \/>\n^ Rote Abfahrt am SL Montmalus<\/p>\n<p>Bei meiner 2. Bergfahrt blieb der SL leider schon wieder stehen. Nach 5-10 Minuten haben alle au\u00dfer mir die Hoffnung aufgegeben und den SL verlassen, nach insg. 15 Minuten (!!!) kam endlich mal das Schneemobil.<\/p>\n<p><a href='http:\/\/ski.inmontanis.info\/d\/347117-2\/dsc05928.jpg'><img src=http:\/\/ski.inmontanis.info\/d\/347116-3\/dsc05928.jpg \/><\/a><br \/>\n^ SL Montmalus, nach 15 Minuten Stillstand kam endlich Personal mit dem Schneemobil, um die \u00dcberfahrsicherung an der Bergstation wieder zu richten<\/p>\n<p><a href='http:\/\/ski.inmontanis.info\/d\/347121-2\/dsc05929.jpg'><img src=http:\/\/ski.inmontanis.info\/d\/347120-3\/dsc05929.jpg \/><\/a><br \/>\n^ SL Montmalus mit Zwirbelkurve. Warum hat man keinen KSSL gebaut? Der w\u00fcrde auch schneller fahren&#8230;<\/p>\n<p><a href='http:\/\/ski.inmontanis.info\/d\/347125-2\/dsc05930.jpg'><img src=http:\/\/ski.inmontanis.info\/d\/347124-3\/dsc05930.jpg \/><\/a><br \/>\n^ SL Montmalus, das Gel\u00e4nde hier schreit nach einer 2. Sektion! Nur dieser SL und da eine 2. Sektion und das restliche Gebiet inexistent, dann w\u00fcrd&#8217;s mir hier gefallen ;)<\/p>\n<p><a href='http:\/\/ski.inmontanis.info\/d\/347129-2\/dsc05931.jpg'><img src=http:\/\/ski.inmontanis.info\/d\/347128-3\/dsc05931.jpg \/><\/a><br \/>\n^ .. ok, zur schwarzen Abfahrt Granota muss man etwas schieben und von ihr kommt man auch nicht zur SL-Talstation<\/p>\n<p><a href='http:\/\/ski.inmontanis.info\/d\/347133-2\/dsc05932.jpg'><img src=http:\/\/ski.inmontanis.info\/d\/347132-3\/dsc05932.jpg \/><\/a><br \/>\n^ Schwarze Abfahrt Granota, aber schon auch cool. Nur etwas schneearm. Gegen\u00fcber 4KSB Cubil<\/p>\n<p><a href='http:\/\/ski.inmontanis.info\/d\/347137-2\/dsc05934.jpg'><img src=http:\/\/ski.inmontanis.info\/d\/347136-3\/dsc05934.jpg \/><\/a><br \/>\n^ Schwarze Abfahrt Granota, sch\u00f6n schmal<\/p>\n<p><a href='http:\/\/ski.inmontanis.info\/d\/347141-2\/dsc05936.jpg'><img src=http:\/\/ski.inmontanis.info\/d\/347140-3\/dsc05936.jpg \/><\/a><br \/>\n^ Grau Roig &#8211; Sektor mit Parkpl\u00e4tzen<\/p>\n<p><a href='http:\/\/ski.inmontanis.info\/d\/347145-2\/dsc05938.jpg'><img src=http:\/\/ski.inmontanis.info\/d\/347144-3\/dsc05938.jpg \/><\/a><br \/>\n^ SL Montmalus und die linke rote Abfahrt, auch nett.<\/p>\n<p><a href='http:\/\/ski.inmontanis.info\/d\/347149-2\/dsc05939.jpg'><img src=http:\/\/ski.inmontanis.info\/d\/347148-3\/dsc05939.jpg \/><\/a><br \/>\n^ Vom Grau Roig-Sektor kann man, die 4KSB Cubil nicht fahrend, \u00fcber einen langen Skiweg mit einem kurzen SL dazwischen zum Soldeu-Sektor wechseln<\/p>\n<p><a href='http:\/\/ski.inmontanis.info\/d\/347153-2\/dsc05940.jpg'><img src=http:\/\/ski.inmontanis.info\/d\/347152-3\/dsc05940.jpg \/><\/a><br \/>\n^ .. mit diesem SL hinauf und dann geht der Skiweg weiter.<\/p>\n<p><a href='http:\/\/ski.inmontanis.info\/d\/347157-2\/dsc05941.jpg'><img src=http:\/\/ski.inmontanis.info\/d\/347156-3\/dsc05941.jpg \/><\/a><br \/>\n^ Blick zum Maut-Tunnel, der unter dem Pass verl\u00e4uft<\/p>\n<p><a href='http:\/\/ski.inmontanis.info\/d\/347161-2\/dsc05943.jpg'><img src=http:\/\/ski.inmontanis.info\/d\/347160-3\/dsc05943.jpg \/><\/a><br \/>\n^ Von der Bergstation 4SB Enradort kann man ins das Tal schauen, wo das Funicamp-Funitel verl\u00e4uft<\/p>\n<p><a href='http:\/\/ski.inmontanis.info\/d\/347165-2\/dsc05942.jpg'><img src=http:\/\/ski.inmontanis.info\/d\/347164-3\/dsc05942.jpg \/><\/a><br \/>\n^ Von der Bergstation 4SB Enradort kann man ins das Tal schauen, wo das Funicamp-Funitel verl\u00e4uft, rechts die Bergstation ..<\/p>\n<p><a href='http:\/\/ski.inmontanis.info\/d\/347169-2\/dsc05944.jpg'><img src=http:\/\/ski.inmontanis.info\/d\/347168-3\/dsc05944.jpg \/><\/a><br \/>\n^ .. und eigenartigerweise gibts auch eine Mittelstation samt ger\u00e4umter Stra\u00dfe und Parkplatz &#8211; nichts davon ist im Pistenplan eingezeichnet!<\/p>\n<p><a href='http:\/\/ski.inmontanis.info\/d\/347173-2\/dsc05945.jpg'><img src=http:\/\/ski.inmontanis.info\/d\/347172-3\/dsc05945.jpg \/><\/a><br \/>\n^ Also dann eben die Antenes und nicht die Bohrt\u00fcrme<\/p>\n<p><a href='http:\/\/ski.inmontanis.info\/d\/347177-2\/dsc05946.jpg'><img src=http:\/\/ski.inmontanis.info\/d\/347176-3\/dsc05946.jpg \/><\/a><br \/>\n^ Passstra\u00dfe<\/p>\n<p><a href='http:\/\/ski.inmontanis.info\/d\/347181-2\/dsc05948.jpg'><img src=http:\/\/ski.inmontanis.info\/d\/347180-3\/dsc05948.jpg \/><\/a><br \/>\n^ .. und das Geb\u00e4ude soll zu dem Radiosender geh\u00f6rt haben, f\u00fcr den die Antennen waren. (Sud Radio)<\/p>\n<p>-> <a href='https:\/\/museus.ad\/fr\/monuments\/sud-radio'>https:\/\/museus.ad\/fr\/monuments\/sud-radio<\/a><\/p>\n<p>Um 16 Uhr hab ich aufgeh\u00f6rt, nat\u00fcrlich hab ich es nicht geschafft, an den beiden Tagen hier alle Abfahrten zu fahren und hab auch etliche Lifte ausgelassen, insb. die \u00dcbungslifte oder ein paar kurze 4SBen. Allerdings werde ich voraussichtlich meinen dritten Gratistag hier auch nicht einl\u00f6sen &#8211; gef\u00e4llt mir einfach nicht.<\/p>\n<p>Bei der letzten Bergfahrt gab es noch einen Verlust zu vermelden: es ist wohl mal wieder ein Heizhandschuh kaputt. Somit 3 von 6.  Leider auf der rechten Seite, wo ich fast t\u00e4glich zuletzt etwas einschalten musste, weil ich ja die rechte Hand \u00f6fters mal raustu (schneuzen, essen, trinken, fotogrfieren, &#8230;) und sie daher k\u00e4lter ist.<\/p>\n<p>Jedenfalls ein Wackelkontakt, am Einschaltknopf bzw. nach dem Einschalten schaltet&#8217;s gleich wieder aus. Sp\u00e4ter im Auto schien er wieder normal zu funktionieren, also mal abwarten. <\/p>\n<p><a href='http:\/\/ski.inmontanis.info\/d\/347189-2\/ge20260113-14a.jpg'><img src=http:\/\/ski.inmontanis.info\/d\/347188-3\/ge20260113-14a.jpg \/><\/a><br \/>\n^ GPS-Track 13.-14.1.2026, erster Tag in Rosa, zweiter in T\u00fcrkis; nicht alle Abfahrten und nicht alle Lifte gefahren; in Rot einige wohl ehemalige Lifte, in Gr\u00fcn das lange Funitel aus Encamp = Funicamp<\/p>\n<p><a href='http:\/\/ski.inmontanis.info\/d\/347185-2\/dsc05950.jpg'><img src=http:\/\/ski.inmontanis.info\/d\/347184-3\/dsc05950.jpg \/><\/a><br \/>\n^ Pas de la Casa, schnell weg hier. Ernsthaft, da regen sich bei uns manche auf wegen irgendwelcher Seilbahnen auf einen Berg oder ein Windrad, was die Landschaft verschandeln w\u00fcrde&#8230;<\/p>\n<p>An der gro\u00dfen Grenzstation gab&#8217;s keine Zollkontrolle, aber ein St\u00fcck weiter unten stand der Zoll auf einem Parkplatz. Warum? Ist doch quatsch, warum will man die Leute vom Puymorens-Pass auch kontrollieren?! Mich zum Gl\u00fcck nicht angehalten, das h\u00e4tte nur lang gedauert und nix gebracht..<\/p>\n<p>Ich hielt noch an einem Aldi f\u00fcr einen kleinen Einkauf, kurz danach blieb ich auf dem ersten von 3 m\u00f6glichen Parkpl\u00e4tzen stehen, 18:10 Uhr und schon recht dunkel, zwar etwas nahe der Stra\u00dfe, aber das w\u00e4ren die anderen beiden auch. Noch ca. 1,5h bis Guzet, aber hab ja Urlaub genommen. Heute war der Trappe-KSSL wieder als in Betrieb im Pistenplan. <\/p>\n<p>Leider sollte ich morgen das Gl\u00fcck doch nicht haben &#8211; und das war noch nicht mal das einzige :(<\/p>\n<p>Immer wieder krass, wie labbrig und klein die gr\u00fcnen Fensterschaumstoffe sind, wenn man pl\u00f6tzlich ca. 1000m tiefer steht. Das dauert dann wieder 2-3 Tage, bis es sich normalisieren w\u00fcrde. Da brauchte ich heute Abend wieder 2cm F\u00fcll-Elemente, damit es nicht rausf\u00e4llt &#8211; gestern ging es nicht mal ganz ins Fenster rein. F\u00fcr das Fahrerfenster hab ich ja noch den alten schwarzen Schaumstoff dabei (dient alternativ an schr\u00e4gen Pl\u00e4tzen auch zum begradigen unter der Matratze), also betrifft es nur ein Fenster. Die anderen schrumpfen nicht so stark.<\/p>\n<p>Mein Klo mag P\u00e4sse bzw. hohe Stra\u00dfen auch nicht, bl\u00e4ht sich auf, l\u00e4sst D\u00e4mpfe ab.<\/p>\n<p>&#8211; &#8211; &#8211;<\/p>\n<p>Von diesem Artikel muss ich etwas mehr zitieren, weil es einfach so krass ist:<br \/>\n<a href='https:\/\/www.nachdenkseiten.de\/?p=144827'>https:\/\/www.nachdenkseiten.de\/?p=144827<\/a><\/p>\n<blockquote><p>\nSie berichten, dass sich die israelische Armee einen Gro\u00dfteil der Zeit fast ausschlie\u00dflich auf die KI-Anwendung \u201eLavender\u201c zur Identifizierung von Zielen gest\u00fctzt hat. Das System markierte laut +972 Magazine alleine in den ersten Wochen des Krieges bis zu 37.000 Pal\u00e4stinenser als mutma\u00dfliche \u201eMilitante\u201c und kennzeichnete sie und ihre H\u00e4user f\u00fcr Luftangriffe. Ein zweites KI-System namens \u201eWhere\u2019s Daddy\u201c wurde speziell daf\u00fcr entwickelt, diese Personen in ihren Familienh\u00e4usern und nicht w\u00e4hrend milit\u00e4rischer Aktivit\u00e4ten aufzusp\u00fcren, da es einfacher war, die Ziele zu lokalisieren, wenn sie sich in ihren Privath\u00e4usern befanden.<\/p>\n<p>Dem Bericht zufolge akzeptierte das System Kollateralsch\u00e4den von 15 bis 20 Zivilisten f\u00fcr einen einzelnen rangniedrigen K\u00e4mpfer der Hamas oder des Islamischen Dschihad (PIJ) und \u00fcber 100 zivile Opfer f\u00fcr einen hochrangigen Kommandeur. <strong>Eine Quelle berichtet, dass die Armee den Offizieren pauschal die Genehmigung erteilt habe, die von \u201eLavender\u201c generierte Zielliste ohne zus\u00e4tzliche Pr\u00fcfung zu \u00fcbernehmen. Dies, obwohl man in Tel Aviv wusste, dass das System eine Fehlerquote von etwa zehn Prozent hat und regelm\u00e4\u00dfig Personen markierte, die nur lose oder gar keine Verbindungen zu einer militanten Gruppe hatten.<\/strong>\n<\/p><\/blockquote>\n","protected":false},"excerpt":{"rendered":"<p>Di, 13.1.2026<\/p>\n<p>Ich ging also morgens vom Campingplatz zur EUB in Canillo, dem ganz rechten Sektor. Nach 2 Rolltreppen kam man in den Kassenbereich, der mit Stock 2 gekennzeichnet war, danach musste man mit weiteren Rolltreppen oder dem Aufzug noch bis zum 5. Stock fahren zur 8EUB-Talstation (Kabinen mit Skik\u00f6cher!).<\/p>\n<p>Leider mal wieder viel voller <a href=\"http:\/\/blog.inmontanis.info\/?p=11150\">[&#8230;]<\/a><\/p>\n","protected":false},"author":1,"featured_media":11152,"comment_status":"closed","ping_status":"closed","sticky":false,"template":"","format":"standard","meta":{"footnotes":""},"categories":[950,971,974,27],"tags":[49,56,53,48,47],"class_list":["post-11150","post","type-post","status-publish","format-standard","has-post-thumbnail","hentry","category-2025-09-2026-11-pyrenaen-uk-co","category-andorra","category-grandvalira","category-skifahren-winterskiing-winter","tag-4sb","tag-6sb","tag-8eub","tag-kssl","tag-sl","odd"],"_links":{"self":[{"href":"http:\/\/blog.inmontanis.info\/index.php?rest_route=\/wp\/v2\/posts\/11150","targetHints":{"allow":["GET"]}}],"collection":[{"href":"http:\/\/blog.inmontanis.info\/index.php?rest_route=\/wp\/v2\/posts"}],"about":[{"href":"http:\/\/blog.inmontanis.info\/index.php?rest_route=\/wp\/v2\/types\/post"}],"author":[{"embeddable":true,"href":"http:\/\/blog.inmontanis.info\/index.php?rest_route=\/wp\/v2\/users\/1"}],"replies":[{"embeddable":true,"href":"http:\/\/blog.inmontanis.info\/index.php?rest_route=%2Fwp%2Fv2%2Fcomments&post=11150"}],"version-history":[{"count":2,"href":"http:\/\/blog.inmontanis.info\/index.php?rest_route=\/wp\/v2\/posts\/11150\/revisions"}],"predecessor-version":[{"id":11153,"href":"http:\/\/blog.inmontanis.info\/index.php?rest_route=\/wp\/v2\/posts\/11150\/revisions\/11153"}],"wp:featuredmedia":[{"embeddable":true,"href":"http:\/\/blog.inmontanis.info\/index.php?rest_route=\/wp\/v2\/media\/11152"}],"wp:attachment":[{"href":"http:\/\/blog.inmontanis.info\/index.php?rest_route=%2Fwp%2Fv2%2Fmedia&parent=11150"}],"wp:term":[{"taxonomy":"category","embeddable":true,"href":"http:\/\/blog.inmontanis.info\/index.php?rest_route=%2Fwp%2Fv2%2Fcategories&post=11150"},{"taxonomy":"post_tag","embeddable":true,"href":"http:\/\/blog.inmontanis.info\/index.php?rest_route=%2Fwp%2Fv2%2Ftags&post=11150"}],"curies":[{"name":"wp","href":"https:\/\/api.w.org\/{rel}","templated":true}]}}