{"id":11146,"date":"2026-01-12T19:35:05","date_gmt":"2026-01-12T18:35:05","guid":{"rendered":"http:\/\/blog.inmontanis.info\/?p=11146"},"modified":"2026-01-13T20:06:00","modified_gmt":"2026-01-13T19:06:00","slug":"ordino-arcalis-12-1-2026","status":"publish","type":"post","link":"http:\/\/blog.inmontanis.info\/?p=11146","title":{"rendered":"Ordino Arcalis, 12.1.2026"},"content":{"rendered":"<p><strong>Mo, 12.1.2026<\/strong><\/p>\n<p>Wenn ich nicht in Pal-Arinsal einen zweiten Tag einlegen m\u00f6chte, k\u00f6nnte ich das wegen der 3 freien Skitage ja hier machen, wenn es mir denn gefallen w\u00fcrde. Die Fahrt bis hier her m\u00f6chte ich allerdings nicht unbedingt ein zweites Mal machen.<\/p>\n<p>Von den Pistenkilometern her ist Arcalis ja nur halb so gro\u00df wie Pal&#038;Arinsal, aber andererseits auch gr\u00f6\u00dfer als nur Arinsal und ebenso hoch bzw. noch etwas h\u00f6her.<\/p>\n<p>Wettervorhersagen w\u00e4ren f\u00fcr morgen etwas besser als f\u00fcr heute. Aber wenn ich nicht alle 6 Tage in Andorra verbrauchen w\u00fcrde, w\u00e4rs auch egal, gibt eh sch\u00f6nere Gebiete auf meinen Saisonkarten, wo man auch noch einen Tag l\u00e4nger bleiben k\u00f6nnte. <\/p>\n<p>Wie auch immer, k\u00f6nnte ich heut Abend hier nochmals schlafen und erst morgen nach Grandvalira den Campingplatz anfahren.<\/p>\n<p><a href='http:\/\/ski.inmontanis.info\/d\/346657-2\/dsc05671.jpg'><img src=http:\/\/ski.inmontanis.info\/d\/346655-3\/dsc05671.jpg \/><\/a><br \/>\n^ 10EUB<\/p>\n<p><a href='http:\/\/ski.inmontanis.info\/d\/346661-2\/dsc05672.jpg'><img src=http:\/\/ski.inmontanis.info\/d\/346660-3\/dsc05672.jpg \/><\/a><br \/>\n^ 4SB und 4KSB<\/p>\n<p>Die Lauferei hinauf war ziemlich anstrengend &#8211; noch ein Grund mehr, hier keinen 2. Tag zu bleiben. Die 10EUB war ein Gelumpe ohne Skik\u00f6cher (aber eh so sinnlos, das ich sie kein zweitess Mal fahren h\u00e4tte wollen), der im Plan eingezeichnete linke KSSL existierte auch nicht mehr &#8211; ist aber durch die 4SB eh redundant und die h\u00f6chste 4SB auf 2600m war auch nicht in Betrieb. Dachte ich h\u00e4tte da letztens was von 100% ge\u00f6ffnet gelesen. <\/p>\n<p><a href='http:\/\/ski.inmontanis.info\/d\/346665-2\/dsc05675.jpg'><img src=http:\/\/ski.inmontanis.info\/d\/346664-3\/dsc05675.jpg \/><\/a><br \/>\n^ Pistenplan<\/p>\n<p>Es gibt im Skigebietsteil der 6KSB einen unvollendeten Pass-Tunnel &#8220;T\u00fanel del Port del Rat&#8221;, h\u00e4tte mal eine Verbindung zu Frankreich werden sollen. Leider heut nicht gesehen, vmtl. war das Portal komplett eingeschneit.<\/p>\n<p>Dass mir die Restaurantpreise in Andorra zu teuer sein w\u00fcrden, war mir ja eh klar, selbst in Spanien ist&#8217;s mir ja zu teuer. Hab aber trotzdem mal kurz im Skigebiet geschaut, Crepe Nutella 6,50, Pizza 18,90-19,90 \u20ac &#8211; und die um 18,90 ist eine lumpige Margherita :))  Pommes sollen um die 7-8 \u20ac kosten. N\u00f6.<\/p>\n<p><a href='http:\/\/ski.inmontanis.info\/d\/346669-2\/dsc05674.jpg'><img src=http:\/\/ski.inmontanis.info\/d\/346668-3\/dsc05674.jpg \/><\/a><br \/>\n^ Ex-KSSL-Trasse links der 4SB<\/p>\n<p><a href='http:\/\/ski.inmontanis.info\/d\/346673-2\/dsc05676.jpg'><img src=http:\/\/ski.inmontanis.info\/d\/346672-3\/dsc05676.jpg \/><\/a><br \/>\n^ Blick aus der EUB zu 4SB links und 4KSB rechts<\/p>\n<p><a href='http:\/\/ski.inmontanis.info\/d\/346677-2\/dsc05680.jpg'><img src=http:\/\/ski.inmontanis.info\/d\/346676-3\/dsc05680.jpg \/><\/a><br \/>\n^ 4KSB und Abfahrt, nur eine Abfahrt pr\u00e4pariert, 2 schwarze Varianten gibts noch<\/p>\n<p><a href='http:\/\/ski.inmontanis.info\/d\/346681-2\/dsc05681.jpg'><img src=http:\/\/ski.inmontanis.info\/d\/346680-3\/dsc05681.jpg \/><\/a><br \/>\n^ Pano aus der 10EUB<\/p>\n<p><a href='http:\/\/ski.inmontanis.info\/d\/346685-2\/dsc05689.jpg'><img src=http:\/\/ski.inmontanis.info\/d\/346684-3\/dsc05689.jpg \/><\/a><br \/>\n^ 10EUB, links 6KSB, dahinter ein \u00dcbungs-SL und rechts die leider noch geschlossene 4SB Creussans, die auf 2.600m gehen soll<\/p>\n<p><a href='http:\/\/ski.inmontanis.info\/d\/346689-2\/dsc05690.jpg'><img src=http:\/\/ski.inmontanis.info\/d\/346688-3\/dsc05690.jpg \/><\/a><br \/>\n^ 4SB Creussans, hat eine rote Abfahrt und sonst Freeride-Zone und hat als einzige Sesselbahn auf allen Sitzen eine Kindersicherung &#8230;<\/p>\n<p><a href='http:\/\/ski.inmontanis.info\/d\/346693-2\/dsc05691.jpg'><img src=http:\/\/ski.inmontanis.info\/d\/346692-3\/dsc05691.jpg \/><\/a><br \/>\n^ Die Abfahrt an der 10EUB von ihrer Bergstation ist in der oberen H\u00e4lfte ein langer Schiebe-Weg<\/p>\n<p><a href='http:\/\/ski.inmontanis.info\/d\/346697-2\/dsc05696.jpg'><img src=http:\/\/ski.inmontanis.info\/d\/346696-3\/dsc05696.jpg \/><\/a><br \/>\n^ links die rote, rechst die gr\u00fcne Abfahrt an der EUB<\/p>\n<p><a href='http:\/\/ski.inmontanis.info\/d\/346701-2\/dsc05700.jpg'><img src=http:\/\/ski.inmontanis.info\/d\/346700-3\/dsc05700.jpg \/><\/a><br \/>\n^ Blick aus der 4KSB zum Sektor der 4SB und dem Kurven-KSSL, der heute netterweise in Betrieb war<\/p>\n<p><a href='http:\/\/ski.inmontanis.info\/d\/346705-2\/dsc05704.jpg'><img src=http:\/\/ski.inmontanis.info\/d\/346704-3\/dsc05704.jpg \/><\/a><br \/>\n^ 4KSB<\/p>\n<p><a href='http:\/\/ski.inmontanis.info\/d\/346709-2\/dsc05705.jpg'><img src=http:\/\/ski.inmontanis.info\/d\/346708-3\/dsc05705.jpg \/><\/a><br \/>\n^ 4KSB<\/p>\n<p><a href='http:\/\/ski.inmontanis.info\/d\/346713-2\/dsc05707.jpg'><img src=http:\/\/ski.inmontanis.info\/d\/346712-3\/dsc05707.jpg \/><\/a><br \/>\n^ 4KSB<\/p>\n<p><a href='http:\/\/ski.inmontanis.info\/d\/346717-2\/dsc05713.jpg'><img src=http:\/\/ski.inmontanis.info\/d\/346716-3\/dsc05713.jpg \/><\/a><br \/>\n^ 6KSB<\/p>\n<p><a href='http:\/\/ski.inmontanis.info\/d\/346721-2\/dsc05717.jpg'><img src=http:\/\/ski.inmontanis.info\/d\/346720-3\/dsc05717.jpg \/><\/a><br \/>\n^ Unten die 4KSB, in der Sonne die schwarze Variante Portella d&#8217;Arcalis<\/p>\n<p><a href='http:\/\/ski.inmontanis.info\/d\/346725-2\/dsc05719.jpg'><img src=http:\/\/ski.inmontanis.info\/d\/346724-3\/dsc05719.jpg \/><\/a><br \/>\n^ Zoom zur Bergstation 4SB Creussans, endet unterm Grat, f\u00fcrs Pano laut Plan muss man wohl etwas aufsteigen<\/p>\n<p><a href='http:\/\/ski.inmontanis.info\/d\/346729-2\/dsc05720.jpg'><img src=http:\/\/ski.inmontanis.info\/d\/346728-3\/dsc05720.jpg \/><\/a><br \/>\n^ Invasion der gr\u00fcnen M\u00e4nnchen<\/p>\n<p><a href='http:\/\/ski.inmontanis.info\/d\/346733-2\/dsc05721.jpg'><img src=http:\/\/ski.inmontanis.info\/d\/346732-3\/dsc05721.jpg \/><\/a><br \/>\n^ 4SB Creussans, die ist wohl nicht wegen Lawinengefahr gesperrt &#8211; da liegt eher noch nicht genug Schnee auf der Abfahrt, wie auch immer die verl\u00e4uft<\/p>\n<p><a href='http:\/\/ski.inmontanis.info\/d\/346737-2\/dsc05723.jpg'><img src=http:\/\/ski.inmontanis.info\/d\/346736-3\/dsc05723.jpg \/><\/a><br \/>\n^ Schwarze Variante Portella d&#8217;Arcalis<\/p>\n<p><a href='http:\/\/ski.inmontanis.info\/d\/346741-2\/dsc05724.jpg'><img src=http:\/\/ski.inmontanis.info\/d\/346740-3\/dsc05724.jpg \/><\/a><br \/>\n^ Blick aus der linken 4SB r\u00fcber zur 4KSB und in der Bildmitte im Schatten die schwarze Varriante Canal Gran<\/p>\n<p><a href='http:\/\/ski.inmontanis.info\/d\/346745-2\/dsc05731.jpg'><img src=http:\/\/ski.inmontanis.info\/d\/346744-3\/dsc05731.jpg \/><\/a><br \/>\n^ Schaut ja bissl aus wie ne alte SL-Station, aber aus der 4KSB fotografiert, passt das eher nicht vom Gel\u00e4nde her<\/p>\n<p><a href='http:\/\/ski.inmontanis.info\/d\/346749-2\/dsc05733.jpg'><img src=http:\/\/ski.inmontanis.info\/d\/346748-3\/dsc05733.jpg \/><\/a><br \/>\n^ Jedenfalls verlief der Vorg\u00e4nger-Lift der 4KSB etwas anders, n\u00e4mlich durch die Scharte, wo die Abfahrt f\u00fchrt &#8211; hier ein altes Fundament<\/p>\n<p><a href='http:\/\/ski.inmontanis.info\/d\/346753-2\/dsc05734.jpg'><img src=http:\/\/ski.inmontanis.info\/d\/346752-3\/dsc05734.jpg \/><\/a><br \/>\n^ .. und von hier aus Blick zur 6KSB<\/p>\n<p><a href='http:\/\/ski.inmontanis.info\/d\/346757-2\/dsc05736.jpg'><img src=http:\/\/ski.inmontanis.info\/d\/346756-3\/dsc05736.jpg \/><\/a><br \/>\n^ Schwarze Canal Gran<\/p>\n<p><a href='http:\/\/ski.inmontanis.info\/d\/346761-2\/dsc05740.jpg'><img src=http:\/\/ski.inmontanis.info\/d\/346760-3\/dsc05740.jpg \/><\/a><br \/>\n^ Schwarze Canal Gran, leider bei der Sicht heute recht unsch\u00f6n zu fahren<\/p>\n<p><a href='http:\/\/ski.inmontanis.info\/d\/346765-2\/dsc05743.jpg'><img src=http:\/\/ski.inmontanis.info\/d\/346764-3\/dsc05743.jpg \/><\/a><br \/>\n^ .. andere wollen gr\u00f6\u00dfere Herausforderungen<\/p>\n<p><a href='http:\/\/ski.inmontanis.info\/d\/346769-2\/dsc05745.jpg'><img src=http:\/\/ski.inmontanis.info\/d\/346768-3\/dsc05745.jpg \/><\/a><br \/>\n^ 6KSB mit ihren leichten Abfahrten, irgendwo w\u00e4re da auch der unvollendete Grenztunnel, aber nicht gesehen, wohl komplett zugeschneit<\/p>\n<p><a href='http:\/\/ski.inmontanis.info\/d\/346773-2\/dsc05747.jpg'><img src=http:\/\/ski.inmontanis.info\/d\/346772-3\/dsc05747.jpg \/><\/a><br \/>\n^ Kurzer KSSL Feixans erschlie\u00dft noch eine kurze Variante zu den EUB-Abfahrten; leider nicht in Betrieb<\/p>\n<p><a href='http:\/\/ski.inmontanis.info\/d\/346777-2\/dsc05748.jpg'><img src=http:\/\/ski.inmontanis.info\/d\/346776-3\/dsc05748.jpg \/><\/a><br \/>\n^ 6KSB \/ 10 EUB usw.<\/p>\n<p><a href='http:\/\/ski.inmontanis.info\/d\/346781-2\/ge20260121a.jpg'><img src=http:\/\/ski.inmontanis.info\/d\/346780-3\/ge20260121a.jpg \/><\/a><br \/>\n^ GPS-Track 12.1.2026 in T\u00fcrkis; Magenta die noch geschlossene 4SB und in Rot der nicht mehr vorhandene KSSL, der noch im Plan ist<\/p>\n<p>Fazit: Naja, es gibt ein paar interssantere Eckchen hier, aber im Gesamten viel zu unlohnenswert, als dass ich hier morgen noch einen 2. Tag h\u00e4tte vergeuden wollen.<\/p>\n<p>Daf\u00fcr, dass es \u00fcber einen halben Meter geschneit haben soll, ist in Monts d&#8217;Olmes noch nicht viel mehr ge\u00f6ffnet. In Guzet dagegen sind fast alle Lifte und Abfahrten offen, cool. Sogar der KSSL vom Col de la Trappe soll offen sein &#8211; puh, das ist jetzt bl\u00f6d. Ich glaub nicht, dass der bei den Temperaturen und dem gemeldeten Niederschlag \u00fcbern\u00e4chste Woche noch laufen wird. <\/p>\n<p>Au\u00dfer ich w\u00fcrde jetzt nach Andorra gleich Guzet fahren und die \u00f6stlichen Gebiete hier auf Mitte M\u00e4rz verschieben &#8211; das kann dann halt auch problematisch werden&#8230; Oder halt nach Guzet nochmals in den Osten, ca. 130km w\u00e4re die Fahrt dort hin einfach, ca. 2-3 Stunden mit vielen Kurven.<\/p>\n<p>Falls das mit der Masella-Fr\u00fchjahrssaisonkarte was werden sollte und ich die spanischen Gebiete auch noch besuchen m\u00fcsste wegen 5 \u20ac &#8211; Skipass, dann wird das zeitlich im M\u00e4rz schon alles etwas knapp &#8211; und wer wei\u00df, wie&#8217;s mit dem Schnee dann ausschaut &#8230; Jedenfalls sind von Anfang Feb. bis Anfang M\u00e4rz 4 Wochen lang Winterferien in Frankreich (verteilt nach Region) und da sollte man m\u00f6glichst Frankreich meiden.<\/p>\n<p>Mir fehlen nun langsam die B\u00fcgellifte, die leeren skandinavischen Skigebiete, die sanften H\u00fcgel Schwedens und Finnlands, die weite Sicht &#8211; hier in diesem Skigebiet hat man halt leider gar keine Fernsicht. Au\u00dfer evtl. von der geschlossenen 4SB, wenn man ein St\u00fcck aufsteigt.<\/p>\n<p>Ich h\u00e4tte nicht erwartet, dass sich mein Auto bei der schwachen Sonne sonderlich aufw\u00e4rmen w\u00fcrde, aber um 15:10 Uhr waren es noch 17\u00b0, da h\u00e4tt ich auch noch ein St\u00fcndchen Ski fahren und hier \u00fcbernachten k\u00f6nnen.<\/p>\n<p>Der Schneer\u00e4umdienst am Parkplatz schien auch keine Lust zu haben, seinen Job richtig zu machen und mich eher am rausfahren behindern zu wollen &#8211; wobei mittlerweile noch 2 Camper neben mir standen.<\/p>\n<p><a href='http:\/\/ski.inmontanis.info\/d\/346785-2\/dsc05750.jpg'><img src=http:\/\/ski.inmontanis.info\/d\/346784-3\/dsc05750.jpg \/><\/a><br \/>\n^ .. ist der Schneer\u00e4umer irgendwie besoffen, dass er denn Schnee nicht so r\u00e4umen kann, dass nicht zwischen jeder Spur ein Wall entsteht? Er ist da ja zig mal gefahren &#8211; und das ist das Endergebnis!<\/p>\n<p>Ich fuhr noch zu einem seltenen Supermarkt mit Parkplatz (die meisten in Andorra sind anscheinend kleine Dorfl\u00e4den oder an der Tankstelle).<\/p>\n<p>Gek\u00fchlte H\u00fchnchen-Paprika-Pizza 3,15 (in der Hoffnung auf Campingplatz und Strom); H-Milch 1,29, 3er Pack Croissants 2,50 &#8211; oder so ungef\u00e4hr.<\/p>\n<p><a href='http:\/\/extra.inmontanis.info\/d\/141998-2\/dsc05752.jpg'><img src=http:\/\/extra.inmontanis.info\/d\/141997-3\/dsc05752.jpg \/><\/a><br \/>\n^ <\/p>\n<p><a href='http:\/\/extra.inmontanis.info\/d\/142002-2\/dsc05755.jpg'><img src=http:\/\/extra.inmontanis.info\/d\/142001-3\/dsc05755.jpg \/><\/a><br \/>\n^ Encamp und Funicamp; Andorra hat eine sehr hohe Tankstellendichte<\/p>\n<p><a href='http:\/\/extra.inmontanis.info\/d\/142006-2\/dsc05756.jpg'><img src=http:\/\/extra.inmontanis.info\/d\/142005-3\/dsc05756.jpg \/><\/a><br \/>\n^ Encamp, Ort unter der Talstation Funicamp<\/p>\n<p><a href='http:\/\/ski.inmontanis.info\/d\/346789-2\/dsc05759.jpg'><img src=http:\/\/ski.inmontanis.info\/d\/346788-3\/dsc05759.jpg \/><\/a><br \/>\n^ Talstation Funicamp (3,6km lang, ohne Abfahrten), Parkpl\u00e4tze wohl kostenpflichtig um 6,30 pro Tag, n\u00e4chste EUB in Canillo soll auch nur kostenpflichtige Parkpl\u00e4tze haben, weiter oben gibts dann auch Einstiege mit gratis Parkm\u00f6glichkeiten<\/p>\n<p><a href='http:\/\/extra.inmontanis.info\/d\/142010-2\/dsc05766.jpg'><img src=http:\/\/extra.inmontanis.info\/d\/142009-3\/dsc05766.jpg \/><\/a><br \/>\n^ Canillo<\/p>\n<p>Hoher Pappschnee auf dem Campingplatz, ich meinte, ich h\u00e4tte 4&#215;4 und w\u00fcrde es mal probieren &#8230;  Wenn mir das Stromkabel nicht reichen sollte, w\u00fcrd ich eine Verl\u00e4ngerung bekommen, aber hatte alles geklappt. Die Frau sprach franz\u00f6sisch, daher klappte die Verst\u00e4ndigung. <\/p>\n<p>Ich musste noch nicht mal den Minicampertarif zahlen, sondern nur den Autotarif, so dass eine Nacht inkl. Strom nur 18,50 \u20ac kostete :) <\/p>\n<p><a href='http:\/\/extra.inmontanis.info\/d\/142014-2\/dsc05769.jpg'><img src=http:\/\/extra.inmontanis.info\/d\/142013-3\/dsc05769.jpg \/><\/a><br \/>\n^ Kleiner, enger Campingplatz in Canillo<\/p>\n<p><a href='http:\/\/extra.inmontanis.info\/d\/142018-2\/dsc05771.jpg'><img src=http:\/\/extra.inmontanis.info\/d\/142017-3\/dsc05771.jpg \/><\/a><br \/>\n^ Kleiner, enger Campingplatz in Canillo<\/p>\n<p><a href='http:\/\/extra.inmontanis.info\/d\/142022-2\/dsc05770.jpg'><img src=http:\/\/extra.inmontanis.info\/d\/142021-3\/dsc05770.jpg \/><\/a><br \/>\n^ Haus mit Aussicht &#8211; aber auf unverbaubare Lage w\u00fcrd ich hier in Andorra nicht wetten :)<\/p>\n<p>Die Zubringer-EUB aus Canillo ist ca. 400-500m Fu\u00dfweg entfernt, das werde ich morgen mal testen und evtl. noch eine dritte Nacht bleiben. Oder doch nach Guzet fahren? Leider hier keine Talabfahrt. Neben mir sind Briten und alles hier ist sehr, sehr eng. Genau dahinter (auf der anderen Flussseite) war fr\u00fcher auch mal ein Campingplatz, der hatte mehr Platz. Die meisten anderen in der Gegend sind wohl nur im Sommer offen.<\/p>\n<p>Leider scheinen die Briten mal wieder am Schiebet\u00fcrfetischismus zu leiden. (Am n\u00e4chsten Abend kamen sie mir etwas ruhiger vor.)<\/p>\n<p>Das WLAN ist rasend schnell. <\/p>\n<p><a href='http:\/\/extra.inmontanis.info\/d\/142026-2\/dsc05773.jpg'><img src=http:\/\/extra.inmontanis.info\/d\/142025-3\/dsc05773.jpg \/><\/a><br \/>\n^ Spanische H\u00fchnchen-Paprika-Pizza<\/p>\n<p>Aktuelle Wettervorhersagen zeigen f\u00fcr Freitag in Guzet etwas Regen und ab Sonntag und n\u00e4chste Woche dito &#8211; aber in den \u00f6stlicheren Gebieten noch mehr. Also wohl sinnvoller, schon am DO dort zu sein (d.h. nur 2 Tage Grandvalira, evtl. den dritten Tag dann im Fr\u00fchjahr, oder es bleibt bei 2, wenn&#8217;s mir nicht so gefallen sollte).<\/p>\n","protected":false},"excerpt":{"rendered":"<p>Mo, 12.1.2026<\/p>\n<p>Wenn ich nicht in Pal-Arinsal einen zweiten Tag einlegen m\u00f6chte, k\u00f6nnte ich das wegen der 3 freien Skitage ja hier machen, wenn es mir denn gefallen w\u00fcrde. Die Fahrt bis hier her m\u00f6chte ich allerdings nicht unbedingt ein zweites Mal machen.<\/p>\n<p>Von den Pistenkilometern her ist Arcalis ja nur halb so gro\u00df wie <a href=\"http:\/\/blog.inmontanis.info\/?p=11146\">[&#8230;]<\/a><\/p>\n","protected":false},"author":1,"featured_media":11148,"comment_status":"closed","ping_status":"closed","sticky":false,"template":"","format":"standard","meta":{"footnotes":""},"categories":[950,971,973,27],"tags":[72,49,56,48],"class_list":["post-11146","post","type-post","status-publish","format-standard","has-post-thumbnail","hentry","category-2025-09-2026-11-pyrenaen-uk-co","category-andorra","category-ordino-arcalis","category-skifahren-winterskiing-winter","tag-10eub","tag-4sb","tag-6sb","tag-kssl","odd"],"_links":{"self":[{"href":"http:\/\/blog.inmontanis.info\/index.php?rest_route=\/wp\/v2\/posts\/11146","targetHints":{"allow":["GET"]}}],"collection":[{"href":"http:\/\/blog.inmontanis.info\/index.php?rest_route=\/wp\/v2\/posts"}],"about":[{"href":"http:\/\/blog.inmontanis.info\/index.php?rest_route=\/wp\/v2\/types\/post"}],"author":[{"embeddable":true,"href":"http:\/\/blog.inmontanis.info\/index.php?rest_route=\/wp\/v2\/users\/1"}],"replies":[{"embeddable":true,"href":"http:\/\/blog.inmontanis.info\/index.php?rest_route=%2Fwp%2Fv2%2Fcomments&post=11146"}],"version-history":[{"count":2,"href":"http:\/\/blog.inmontanis.info\/index.php?rest_route=\/wp\/v2\/posts\/11146\/revisions"}],"predecessor-version":[{"id":11149,"href":"http:\/\/blog.inmontanis.info\/index.php?rest_route=\/wp\/v2\/posts\/11146\/revisions\/11149"}],"wp:featuredmedia":[{"embeddable":true,"href":"http:\/\/blog.inmontanis.info\/index.php?rest_route=\/wp\/v2\/media\/11148"}],"wp:attachment":[{"href":"http:\/\/blog.inmontanis.info\/index.php?rest_route=%2Fwp%2Fv2%2Fmedia&parent=11146"}],"wp:term":[{"taxonomy":"category","embeddable":true,"href":"http:\/\/blog.inmontanis.info\/index.php?rest_route=%2Fwp%2Fv2%2Fcategories&post=11146"},{"taxonomy":"post_tag","embeddable":true,"href":"http:\/\/blog.inmontanis.info\/index.php?rest_route=%2Fwp%2Fv2%2Ftags&post=11146"}],"curies":[{"name":"wp","href":"https:\/\/api.w.org\/{rel}","templated":true}]}}