{"id":11142,"date":"2026-01-11T20:09:09","date_gmt":"2026-01-11T19:09:09","guid":{"rendered":"http:\/\/blog.inmontanis.info\/?p=11142"},"modified":"2026-01-12T20:36:22","modified_gmt":"2026-01-12T19:36:22","slug":"pal-arinsal-andorra-11-1-2026-uberblick-ostl-pyrenaen","status":"publish","type":"post","link":"http:\/\/blog.inmontanis.info\/?p=11142","title":{"rendered":"Pal-Arinsal (Andorra), 11.1.2026 \/ + \u00dcberblick \u00f6stl. Pyren\u00e4en"},"content":{"rendered":"<p><strong>So, 11.1.2026<\/strong><\/p>\n<p>Funfact:  der tiefste Punkt Andorras liegt auf 840m und damit ist laut einer Liste im Internet Andorra auf Platz 3 der L\u00e4nder mit den h\u00f6chsten tiefsten Punkten, nach Lesotho und Ruanda. Liechtenstein ist mit 430m noch in den Top-10.<\/p>\n<p>Andorra ist ja ein neues Ski-Land f\u00fcr mich und weil es nicht viele Skigebiete gibt, k\u00f6nnte man recht einfach eine 100% Quote schaffen &#8230; g\u00e4be es da nicht noch ein viertes Skigebiet &#8220;Ski Canaro&#8221; mit 2 \u00dcbungsliftchen, auf das ich sowieso schon keine Lust gehabt h\u00e4tte, aber die Preise betrachtend schon erst recht nicht besuchen w\u00fcrde: 43 \u20ac die TK und 36,- die Nachmittagskarte. Na danke auch.<\/p>\n<p>Der Skipass Pal\/Arinsal\/Ordino w\u00fcrden derzeit TK 48-52 bzw. 3TK 142,50 kosten; im gro\u00dfen Grandvalira die TK 66-68 und 3TK 196,50 &#8211; bzw. sind da halt dynamische Preise.<\/p>\n<p>.. meine Gavarnie-Saisonkarte hat ja jeweils 3 wahlfreie Tage inkludiert &#8211; und das beim Vorverkaufspreis von nur 259,- \u20ac! Wer auch immer bei dem Preis draufzahlt &#8211; ich bins mal nicht&#8230; Im Gegensatz zu den anderen fremden Gebieten wurden die 3+3 Tage ja direkt auf die Keycard gebucht, d.h. ich kann direkt durchs Drehkreuz.<\/p>\n<p>Andorra geh\u00f6rt \u00fcbrigens nicht zur EU, hat aber den Euro als einziges Zahlungsmittel; Telefon-Roaming ist extrem teuer, teilweise wie Schweiz oder sogar noch teurer.<\/p>\n<p>Leider verga\u00df ich, noch vor der Grenze Roaming auszuschalten &#8211; na hoffentlich hab ich da jetzt keine hohen Kosten produziert..<\/p>\n<p><a href='http:\/\/extra.inmontanis.info\/d\/141942-2\/dsc05508.jpg'><img src=http:\/\/extra.inmontanis.info\/d\/141941-3\/dsc05508.jpg \/><\/a><br \/>\n^ G\u00fcnstige Spritpreise in Andorra &#8211; aber auf spanischer Seite muss man in dieser Gegend auch nicht viel mehr zahlen.<\/p>\n<p>Schon innerhalb weniger Minuten merkte ich, dass mir Andorra unsympathisch ist &#8211; die Leute hier (inkl. der Spanier nat\u00fcrlich) fahren wie die Wilden, ignorieren Tempolimits, als g\u00e4e es kein Morgen auf dem Weg zum ersten Parkplatz im Skigebiet, die schmalen T\u00e4ler sind gro\u00dfst\u00e4dtisch verbaut &#8230;  dass das Land nur ca. 90.000 Einwohner haben soll, kann man kaum glauben, wenn man durchf\u00e4hrt.<\/p>\n<p><a href='http:\/\/extra.inmontanis.info\/d\/141946-2\/dsc05509.jpg'><img src=http:\/\/extra.inmontanis.info\/d\/141945-3\/dsc05509.jpg \/><\/a><br \/>\n^ Hauptstadt mitten in den engen Bergen<\/p>\n<p><a href='http:\/\/extra.inmontanis.info\/d\/141950-2\/dsc05510.jpg'><img src=http:\/\/extra.inmontanis.info\/d\/141949-3\/dsc05510.jpg \/><\/a><br \/>\n^ <\/p>\n<p><a href='http:\/\/extra.inmontanis.info\/d\/141954-2\/dsc05512.jpg'><img src=http:\/\/extra.inmontanis.info\/d\/141953-3\/dsc05512.jpg \/><\/a><br \/>\n^ <\/p>\n<p><a href='http:\/\/extra.inmontanis.info\/d\/141958-2\/dsc05514.jpg'><img src=http:\/\/extra.inmontanis.info\/d\/141957-3\/dsc05514.jpg \/><\/a><br \/>\n^ .. und es wird weiter gebaut<\/p>\n<p><a href='http:\/\/extra.inmontanis.info\/d\/141962-2\/dsc05516.jpg'><img src=http:\/\/extra.inmontanis.info\/d\/141961-3\/dsc05516.jpg \/><\/a><br \/>\n^ <\/p>\n<p><a href='http:\/\/extra.inmontanis.info\/d\/141966-2\/dsc05518.jpg'><img src=http:\/\/extra.inmontanis.info\/d\/141965-3\/dsc05518.jpg \/><\/a><br \/>\n^ Tunnel ..<\/p>\n<p><a href='http:\/\/extra.inmontanis.info\/d\/141970-2\/dsc05522.jpg'><img src=http:\/\/extra.inmontanis.info\/d\/141969-3\/dsc05522.jpg \/><\/a><br \/>\n^ .. und weitere Tunnel in eine andere Richtung<\/p>\n<p><a href='http:\/\/extra.inmontanis.info\/d\/141974-2\/dsc05528.jpg'><img src=http:\/\/extra.inmontanis.info\/d\/141973-3\/dsc05528.jpg \/><\/a><br \/>\n^ Neuschnee der letzten Tage &#8211; im Tal ergiebig, am Berg verweht<\/p>\n<p>Ich fuhr zur hintersten 6KSB in Arinsal, wo sehr viel Neuschnee lag und somit kaum Parkpl\u00e4tze ger\u00e4umt waren (und ein Teil der freien Pl\u00e4tze f\u00fcr Bus reserviert), bekam aber einen direkt hinter der Talstation.  <\/p>\n<p><a href='http:\/\/ski.inmontanis.info\/d\/346395-2\/dsc05529.jpg'><img src=http:\/\/ski.inmontanis.info\/d\/346393-3\/dsc05529.jpg \/><\/a><br \/>\n^ Zubringer-EUB aus Arinsal, wobei man in ca. 1km zur 6KSB kommt &#8211; dort aber weniger Parkpl\u00e4tze<\/p>\n<p><a href='http:\/\/ski.inmontanis.info\/d\/346399-2\/dsc05531.jpg'><img src=http:\/\/ski.inmontanis.info\/d\/346398-3\/dsc05531.jpg \/><\/a><br \/>\n^ .. kleine Herausforderung, hier wurde noch nicht (richtig) ger\u00e4umt<\/p>\n<p><a href='http:\/\/ski.inmontanis.info\/d\/346403-2\/dsc05534.jpg'><img src=http:\/\/ski.inmontanis.info\/d\/346402-3\/dsc05534.jpg \/><\/a><br \/>\n^ 6KSB Josep Serra von meinem Parkplatz aus fotografiert; die steile Schneise ist die schwarze Devesa, wohl noch nicht offen<\/p>\n<p>Bevor ich weg ging, kam ein Suzuki Swift und hielt auf meiner H\u00f6he, vermutlich kein Allrad und die beiden Insassen zogen diese Reifensocken auf, die hier in den Pyren\u00e4en zumeist den Schneeketten vorgezogen werden. Dass die sonderlich viel besser als Gummi haften sollen, ist ja schon verwunderlich &#8230;<\/p>\n<p>.. noch verwunderlicher war, dass die nicht weiter rauf gefahren sind, sondern direkt nach mir gewendet haben und hinter mir geparkt haben. H\u00e4?? Und daf\u00fcr musste er jetzt diese Reifensocken aufziehen??<\/p>\n<p><a href='http:\/\/ski.inmontanis.info\/d\/346407-2\/dsc05535.jpg'><img src=http:\/\/ski.inmontanis.info\/d\/346406-3\/dsc05535.jpg \/><\/a><br \/>\n^ Pistenplan, ich bin reechts unten am roten Quadrat eingestiegen; links Pal, rechts Arinsal, dazwischen eine Verbindungs-PB mit nur 2 Kabinen &#8211; nicht wie im Plan :)<\/p>\n<p><a href='http:\/\/ski.inmontanis.info\/d\/346411-2\/dsc05538.jpg'><img src=http:\/\/ski.inmontanis.info\/d\/346410-3\/dsc05538.jpg \/><\/a><br \/>\n^ Siedlung neben der 6KSB<\/p>\n<p><a href='http:\/\/ski.inmontanis.info\/d\/346415-2\/dsc05540.jpg'><img src=http:\/\/ski.inmontanis.info\/d\/346414-3\/dsc05540.jpg \/><\/a><br \/>\n^ 6KSB Josep Serra<\/p>\n<p><a href='http:\/\/ski.inmontanis.info\/d\/346419-2\/dsc05542.jpg'><img src=http:\/\/ski.inmontanis.info\/d\/346418-3\/dsc05542.jpg \/><\/a><br \/>\n^ Schwarze Devesa, s\u00e4he ja nett aus<\/p>\n<p><a href='http:\/\/ski.inmontanis.info\/d\/346423-2\/dsc05543.jpg'><img src=http:\/\/ski.inmontanis.info\/d\/346422-3\/dsc05543.jpg \/><\/a><br \/>\n^ Schwarze Devesa &#8211; hat man f\u00fcr die extra die Br\u00fccke gebaut? Die kann doch nicht oft offen sein?<\/p>\n<p><a href='http:\/\/ski.inmontanis.info\/d\/346427-2\/dsc05544.jpg'><img src=http:\/\/ski.inmontanis.info\/d\/346426-3\/dsc05544.jpg \/><\/a><br \/>\n^ Zubringer-EUB und 6KSB enden an gleicher Stelle<\/p>\n<p><a href='http:\/\/ski.inmontanis.info\/d\/346431-2\/dsc05545.jpg'><img src=http:\/\/ski.inmontanis.info\/d\/346430-3\/dsc05545.jpg \/><\/a><br \/>\n^ Skigebiet von Arinsal, rechts eine kurze 4SB und links die Haupt-6KSB Sektion 1 (Les Fonts)<\/p>\n<p><a href='http:\/\/ski.inmontanis.info\/d\/346435-2\/dsc05546.jpg'><img src=http:\/\/ski.inmontanis.info\/d\/346434-3\/dsc05546.jpg \/><\/a><br \/>\n^ 6KSB Les Fonts<\/p>\n<p><a href='http:\/\/ski.inmontanis.info\/d\/346439-2\/dsc05547.jpg'><img src=http:\/\/ski.inmontanis.info\/d\/346438-3\/dsc05547.jpg \/><\/a><br \/>\n^ 6KSB Les Fonts und links 6KSB Port Negre, Talstation leider schwachsinnig weit unten gebaut, da die rechte KSB ja noch viel weiter hinauf geht und man auch an der linken KSB nur im oberen Bereich mehrere Abfahrtsvarianten hat &#8211; hier unten nur 2-3.<\/p>\n<p><a href='http:\/\/ski.inmontanis.info\/d\/346443-2\/dsc05548.jpg'><img src=http:\/\/ski.inmontanis.info\/d\/346442-3\/dsc05548.jpg \/><\/a><br \/>\n^ 6KSB Les Fonts und 6KSB Port Negre, es gibt hier einen Funpark mit KSSL, aber Funpark zu wenig Schnee und KSSL geschlossen<\/p>\n<p><a href='http:\/\/ski.inmontanis.info\/d\/346447-2\/dsc05549.jpg'><img src=http:\/\/ski.inmontanis.info\/d\/346446-3\/dsc05549.jpg \/><\/a><br \/>\n^ Nahe Bergstation 6KSB Port Negre mit Blick zur Verbindungs-PB und dem Pal-Sektor<\/p>\n<p><a href='http:\/\/ski.inmontanis.info\/d\/346451-2\/dsc05551.jpg'><img src=http:\/\/ski.inmontanis.info\/d\/346450-3\/dsc05551.jpg \/><\/a><br \/>\n^ Flachlandpano mit Nebelmeer<\/p>\n<p><a href='http:\/\/ski.inmontanis.info\/d\/346455-2\/dsc05552.jpg'><img src=http:\/\/ski.inmontanis.info\/d\/346454-3\/dsc05552.jpg \/><\/a><br \/>\n^ Skigebietsteil von Pal, rechts unten die 4KSB Seturia, links daneben, wo die PB endet, die 4SB Coll de la Botella<\/p>\n<p><a href='http:\/\/ski.inmontanis.info\/d\/346459-2\/dsc05560.jpg'><img src=http:\/\/ski.inmontanis.info\/d\/346458-3\/dsc05560.jpg \/><\/a><br \/>\n^ Seitenpano  von der PB-Bergstation, also R\u00fcckseitenpano<\/p>\n<p>Die PB um 10:00 fuhr leer runter &#8211; die Erkl\u00e4rung war, dass heut nur 1 Kabine in Betrieb ist..<\/p>\n<p><a href='http:\/\/ski.inmontanis.info\/d\/346463-2\/dsc05562.jpg'><img src=http:\/\/ski.inmontanis.info\/d\/346462-3\/dsc05562.jpg \/><\/a><br \/>\n^ <\/p>\n<p><a href='http:\/\/ski.inmontanis.info\/d\/346467-2\/dsc05565.jpg'><img src=http:\/\/ski.inmontanis.info\/d\/346466-3\/dsc05565.jpg \/><\/a><br \/>\n^ PB-Kabine 2 f\u00e4hrt heute nur leer<\/p>\n<p><a href='http:\/\/ski.inmontanis.info\/d\/346471-2\/dsc05567.jpg'><img src=http:\/\/ski.inmontanis.info\/d\/346470-3\/dsc05567.jpg \/><\/a><br \/>\n^ R\u00fcckseitenpano &#8211; Gipfelzoom<\/p>\n<p><a href='http:\/\/ski.inmontanis.info\/d\/346475-2\/dsc05568.jpg'><img src=http:\/\/ski.inmontanis.info\/d\/346474-3\/dsc05568.jpg \/><\/a><br \/>\n^ Verbindungs-PB in beiden Richtungen<\/p>\n<p><a href='http:\/\/ski.inmontanis.info\/d\/346479-2\/dsc05570.jpg'><img src=http:\/\/ski.inmontanis.info\/d\/346478-3\/dsc05570.jpg \/><\/a><br \/>\n^ Verbindungs-PB<\/p>\n<p><a href='http:\/\/ski.inmontanis.info\/d\/346483-2\/dsc05571.jpg'><img src=http:\/\/ski.inmontanis.info\/d\/346482-3\/dsc05571.jpg \/><\/a><br \/>\n^ Unteres gro\u00dfes Spannfeld zur Talstation<\/p>\n<p><a href='http:\/\/ski.inmontanis.info\/d\/346487-2\/dsc05573.jpg'><img src=http:\/\/ski.inmontanis.info\/d\/346486-3\/dsc05573.jpg \/><\/a><br \/>\n^ .. und Blick retour von der 4SB C.d.l.Botella<\/p>\n<p><a href='http:\/\/ski.inmontanis.info\/d\/346491-2\/dsc05574.jpg'><img src=http:\/\/ski.inmontanis.info\/d\/346490-3\/dsc05574.jpg \/><\/a><br \/>\n^ 4SB Coll de la Botella, rechts 4KSB Seturia<\/p>\n<p><a href='http:\/\/ski.inmontanis.info\/d\/346495-2\/dsc05577.jpg'><img src=http:\/\/ski.inmontanis.info\/d\/346494-3\/dsc05577.jpg \/><\/a><br \/>\n^ Verbindungs-PB von der 4SB aus<\/p>\n<p><a href='http:\/\/ski.inmontanis.info\/d\/346499-2\/dsc05580.jpg'><img src=http:\/\/ski.inmontanis.info\/d\/346498-3\/dsc05580.jpg \/><\/a><br \/>\n^ 4SB Coll de la Botella<\/p>\n<p><a href='http:\/\/ski.inmontanis.info\/d\/346503-2\/dsc05581.jpg'><img src=http:\/\/ski.inmontanis.info\/d\/346502-3\/dsc05581.jpg \/><\/a><br \/>\n^ Linker Teil von Pal, links die kurze 4SB, rechts der KSSL, zwischen 4SB-Talstation und KSSL-Bergstation verkehrt schr\u00e4g eine 4KSB und eine alte DSB quert auch noch ziemlich weit oben von links nach rechts zur KSSL-Bergstation<\/p>\n<p><a href='http:\/\/ski.inmontanis.info\/d\/346507-2\/dsc05584.jpg'><img src=http:\/\/ski.inmontanis.info\/d\/346506-3\/dsc05584.jpg \/><\/a><br \/>\n^ Schwarze Commelada zur 6KSB<\/p>\n<p><a href='http:\/\/ski.inmontanis.info\/d\/346511-2\/dsc05586.jpg'><img src=http:\/\/ski.inmontanis.info\/d\/346510-3\/dsc05586.jpg \/><\/a><br \/>\n^ Rote Coms und ein Skifahrer im Fast-Trincerone-Style ;)<\/p>\n<p><a href='http:\/\/ski.inmontanis.info\/d\/346515-2\/dsc05590.jpg'><img src=http:\/\/ski.inmontanis.info\/d\/346514-3\/dsc05590.jpg \/><\/a><br \/>\n^ 6KSB Cubil und rote Coms<\/p>\n<p>Leider waren alle 3 KSSL um die 6KSB au\u00dfer Betrieb und an der 6KSB Warteschlangen, was&#8217;n M\u00fcllgebiet hier??<\/p>\n<p><a href='http:\/\/ski.inmontanis.info\/d\/346519-2\/dsc05591.jpg'><img src=http:\/\/ski.inmontanis.info\/d\/346518-3\/dsc05591.jpg \/><\/a><br \/>\n^ KSSL Coms, leider selbst heut am sonnigen Sonntag nicht offen :(<\/p>\n<p><a href='http:\/\/ski.inmontanis.info\/d\/346523-2\/dsc05592.jpg'><img src=http:\/\/ski.inmontanis.info\/d\/346522-3\/dsc05592.jpg \/><\/a><br \/>\n^ Verbindungs-Doppel-KSSL Tossa r\u00fcber zur Bergstation der 4SB C.d.l.Botella<\/p>\n<p><a href='http:\/\/ski.inmontanis.info\/d\/346527-2\/dsc05594.jpg'><img src=http:\/\/ski.inmontanis.info\/d\/346526-3\/dsc05594.jpg \/><\/a><br \/>\n^ KSSL Cubil auf der anderen Seite der 6KSB &#8211; leider ebenfalls nicht offen, trotz sonnigem Sonntag UND Wartezeiten an der 6KSB. Sauhaufen.<\/p>\n<p><a href='http:\/\/ski.inmontanis.info\/d\/346531-2\/dsc05596.jpg'><img src=http:\/\/ski.inmontanis.info\/d\/346530-3\/dsc05596.jpg \/><\/a><br \/>\n^ Pla de la Cot, Verbindungs-F\u00f6rderband, oben die Bergstationen 4KSB+DSB<\/p>\n<p>Im Gegensatz zu Frankreich gibts in Spanien und Andorra wieder regelm\u00e4\u00dfig Klobrillen &#8211; aber das ist ja fast noch schlimmer als in England und Skandinavien, denn alle sind vollgepisst, keiner klappt die Brille hoch. <\/p>\n<p>Jedenfalls dachte ich bisher, dass das nur Kinder machen &#8211; weil auch schon \u00f6fters beobachtet &#8211; aber nein, hier und heute konnte ich beobachten, dass es auch Erwachsene machen.<\/p>\n<p>Arschl\u00f6cher. Macht ihr das daheim auch, ja? <\/p>\n<p><a href='http:\/\/ski.inmontanis.info\/d\/346535-2\/dsc05598.jpg'><img src=http:\/\/ski.inmontanis.info\/d\/346534-3\/dsc05598.jpg \/><\/a><br \/>\n^ 4SB Carbonera und links 4KSb Serra II<\/p>\n<p><a href='http:\/\/ski.inmontanis.info\/d\/346539-2\/dsc05601.jpg'><img src=http:\/\/ski.inmontanis.info\/d\/346538-3\/dsc05601.jpg \/><\/a><br \/>\n^ Alte Lattenrost-DSB Serra I<\/p>\n<p><a href='http:\/\/ski.inmontanis.info\/d\/346543-2\/dsc05602.jpg'><img src=http:\/\/ski.inmontanis.info\/d\/346542-3\/dsc05602.jpg \/><\/a><br \/>\n^ Alte Lattenrost-DSB Serra I<\/p>\n<p>Zugegeben, w\u00e4re ich jetzt in Schweden und das Gebiet nur halb so voll, w\u00fcrd ich es wohl abfeiern. Ja, die DSB ist leer, aber abfahrtstechnisch halt nur volle Anf\u00e4ngerpisten.<\/p>\n<p><a href='http:\/\/ski.inmontanis.info\/d\/346547-2\/dsc05605.jpg'><img src=http:\/\/ski.inmontanis.info\/d\/346546-3\/dsc05605.jpg \/><\/a><br \/>\n^ \u00dcbungs-DSB Caubella mit kranken Poma-Sesseln<\/p>\n<p><a href='http:\/\/ski.inmontanis.info\/d\/346551-2\/dsc05608.jpg'><img src=http:\/\/ski.inmontanis.info\/d\/346550-3\/dsc05608.jpg \/><\/a><br \/>\n^ \u00dcbungs-DSB Caubella mit kranken Poma-Sesseln<\/p>\n<p><a href='http:\/\/ski.inmontanis.info\/d\/346555-2\/dsc05611.jpg'><img src=http:\/\/ski.inmontanis.info\/d\/346554-3\/dsc05611.jpg \/><\/a><br \/>\n^ 4SB Carbonera<\/p>\n<p><a href='http:\/\/ski.inmontanis.info\/d\/346559-2\/dsc05612.jpg'><img src=http:\/\/ski.inmontanis.info\/d\/346558-3\/dsc05612.jpg \/><\/a><br \/>\n^ 4SB Carbonera und DSB Serra I<\/p>\n<p><a href='http:\/\/ski.inmontanis.info\/d\/346563-2\/dsc05613.jpg'><img src=http:\/\/ski.inmontanis.info\/d\/346562-3\/dsc05613.jpg \/><\/a><br \/>\n^ DSB Serra I und 4SB Serra II<\/p>\n<p><a href='http:\/\/ski.inmontanis.info\/d\/346567-2\/dsc05615.jpg'><img src=http:\/\/ski.inmontanis.info\/d\/346566-3\/dsc05615.jpg \/><\/a><br \/>\n^ .. und Blick r\u00fcber zur 6KSB Cubil<\/p>\n<p><a href='http:\/\/ski.inmontanis.info\/d\/346571-2\/dsc05616.jpg'><img src=http:\/\/ski.inmontanis.info\/d\/346570-3\/dsc05616.jpg \/><\/a><br \/>\n^ Leider um 12:30 immer noch zu voll an der 6KSB, dann fahr ich die restlichen Abfahrten hier halt nicht mehr. Der KSSL Serra (der dritte Lift mit dem Namen) ist trotz Sonntag und Wartezeiten nicht in Betrieeb :(<\/p>\n<p>Schade, dann w\u00e4r ich mal lieber heute Ordino und morgen hier her gefahren, vielleicht w\u00e4r&#8217;s dann an der 6KSB leerer gewesen. So konnte ich leider etliche Abfahrten nicht fahren.<\/p>\n<p>Dann also wieder nach Arinsal r\u00fcber (um 13:30 Uhr war ich an der PB) &#8211; da war der Schnee ja eh besser, meist pulvrig; in Pal wurde mehr Kunstschnee in den Neuschnee eingeschneit, somit es dort h\u00e4rter war. Leerer war&#8217;s auch.<\/p>\n<p>Das WLAN im Skigebiet soweit auch funktionabel.<\/p>\n<p><a href='http:\/\/ski.inmontanis.info\/d\/346575-2\/dsc05618.jpg'><img src=http:\/\/ski.inmontanis.info\/d\/346574-3\/dsc05618.jpg \/><\/a><br \/>\n^ 4KSB Seturia, wiederr ganz rechts in Pal<\/p>\n<p><a href='http:\/\/ski.inmontanis.info\/d\/346579-2\/dsc05619.jpg'><img src=http:\/\/ski.inmontanis.info\/d\/346578-3\/dsc05619.jpg \/><\/a><br \/>\n^ .. und zur\u00fcck mit der PB<\/p>\n<p><a href='http:\/\/ski.inmontanis.info\/d\/346583-2\/dsc05620.jpg'><img src=http:\/\/ski.inmontanis.info\/d\/346582-3\/dsc05620.jpg \/><\/a><br \/>\n^ Blick aus dem offenen Dachlukenfenster der PB-Kabine<\/p>\n<p><a href='http:\/\/ski.inmontanis.info\/d\/346587-2\/dsc05622.jpg'><img src=http:\/\/ski.inmontanis.info\/d\/346586-3\/dsc05622.jpg \/><\/a><br \/>\n^ PB-St\u00fctze<\/p>\n<p><a href='http:\/\/ski.inmontanis.info\/d\/346591-2\/dsc05625.jpg'><img src=http:\/\/ski.inmontanis.info\/d\/346590-3\/dsc05625.jpg \/><\/a><br \/>\n^ Oberes weites Spannfeld<\/p>\n<p><a href='http:\/\/ski.inmontanis.info\/d\/346595-2\/dsc05626.jpg'><img src=http:\/\/ski.inmontanis.info\/d\/346594-3\/dsc05626.jpg \/><\/a><br \/>\n^ PB Bergstation mit Rettungs- oder Wartungskorb<\/p>\n<p><a href='http:\/\/ski.inmontanis.info\/d\/346599-2\/dsc05629.jpg'><img src=http:\/\/ski.inmontanis.info\/d\/346598-3\/dsc05629.jpg \/><\/a><br \/>\n^ R\u00fcckseitenpano &#8211; Gipfelzooms<\/p>\n<p><a href='http:\/\/ski.inmontanis.info\/d\/346603-2\/dsc05631.jpg'><img src=http:\/\/ski.inmontanis.info\/d\/346602-3\/dsc05631.jpg \/><\/a><br \/>\n^ PB Bergstation<\/p>\n<p><a href='http:\/\/ski.inmontanis.info\/d\/346607-2\/dsc05633.jpg'><img src=http:\/\/ski.inmontanis.info\/d\/346606-3\/dsc05633.jpg \/><\/a><br \/>\n^ Linke Abfahrt an der 6KSB Port Negre mit Blick zum coolen KSSL Capa<\/p>\n<p><a href='http:\/\/ski.inmontanis.info\/d\/346611-2\/dsc05634.jpg'><img src=http:\/\/ski.inmontanis.info\/d\/346610-3\/dsc05634.jpg \/><\/a><br \/>\n^ KSSL Capa, leider nicht in Betrieb &#8211; die Abfahrt links hat zu wenig Schnee, keine Rinne und weiter unten keine Schneefangz\u00e4une. Aber danach muss man halt immer das selbe lange Flachst\u00fcck bis zur Talstation fahren.<\/p>\n<p><a href='http:\/\/ski.inmontanis.info\/d\/346615-2\/dsc05636.jpg'><img src=http:\/\/ski.inmontanis.info\/d\/346614-3\/dsc05636.jpg \/><\/a><br \/>\n^ Schwarze Tub del Coll, sch\u00f6ner und tiefer Pulverschnee, im oberen Bereich der 6KSB gibts insgesamt 3 Rinnen, 1x schwarz und 2x rot ausgezeichnet<\/p>\n<p><a href='http:\/\/ski.inmontanis.info\/d\/346619-2\/dsc05640.jpg'><img src=http:\/\/ski.inmontanis.info\/d\/346618-3\/dsc05640.jpg \/><\/a><br \/>\n^ 6KSB Port Negre, die 4SB ganz rechts im Bild war nicht in Betrieb, ist eh redundant<\/p>\n<p><a href='http:\/\/ski.inmontanis.info\/d\/346623-2\/dsc05641.jpg'><img src=http:\/\/ski.inmontanis.info\/d\/346622-3\/dsc05641.jpg \/><\/a><br \/>\n^ 6KSB Port Negre und 6KSB Les Fonts<\/p>\n<p><a href='http:\/\/ski.inmontanis.info\/d\/346627-2\/dsc05642.jpg'><img src=http:\/\/ski.inmontanis.info\/d\/346626-3\/dsc05642.jpg \/><\/a><br \/>\n^ 6KSB Les Fonts und \u00dcbungsbereich usw.<\/p>\n<p><a href='http:\/\/ski.inmontanis.info\/d\/346631-2\/dsc05643.jpg'><img src=http:\/\/ski.inmontanis.info\/d\/346630-3\/dsc05643.jpg \/><\/a><br \/>\n^ 6KSB Port Negre und rechts kann man ins Skigebiet von Grandvalira schauen<\/p>\n<p><a href='http:\/\/ski.inmontanis.info\/d\/346389-2\/dsc05645.jpg'><img src=http:\/\/ski.inmontanis.info\/d\/346386-3\/dsc05645.jpg \/><\/a><br \/>\n^ Zoom Skigebiet Grandvalira von Arinsal aus &#8211; was man da genau sieht, wei\u00df ich erst, wenn ich dort mal gewesen bin ;)<\/p>\n<p><a href='http:\/\/ski.inmontanis.info\/d\/346380-2\/dsc05646.jpg'><img src=http:\/\/ski.inmontanis.info\/d\/346378-3\/dsc05646.jpg \/><\/a><br \/>\n^ Zoom \u00fcber den Sektor Pal hinweg zu einigen weiteren Schneisen &#8230; interessanterweise d\u00fcrfte es sich hierbei um den stillgelegten Teil von Port del Comte handeln :(<\/p>\n<p><a href='http:\/\/ski.inmontanis.info\/d\/346635-2\/dsc05648.jpg'><img src=http:\/\/ski.inmontanis.info\/d\/346634-3\/dsc05648.jpg \/><\/a><br \/>\n^ Auf der sonnigen Solana<\/p>\n<p><a href='http:\/\/ski.inmontanis.info\/d\/346639-2\/dsc05651.jpg'><img src=http:\/\/ski.inmontanis.info\/d\/346638-3\/dsc05651.jpg \/><\/a><br \/>\n^ Talabfahrt zur 6KSB<\/p>\n<p><a href='http:\/\/ski.inmontanis.info\/d\/346643-2\/dsc05655.jpg'><img src=http:\/\/ski.inmontanis.info\/d\/346642-3\/dsc05655.jpg \/><\/a><br \/>\n^ Verschneiter Parkplatz neben der 6KSB<\/p>\n<p><a href='http:\/\/ski.inmontanis.info\/d\/346647-2\/dsc05656.jpg'><img src=http:\/\/ski.inmontanis.info\/d\/346646-3\/dsc05656.jpg \/><\/a><br \/>\n^ .. hab ich erst gar nicht bemerkt, dass da Autos unter den Schneemassen sind ;) Nene, das brauch ich nicht<\/p>\n<p><a href='http:\/\/ski.inmontanis.info\/d\/346651-2\/ge20260111c.jpg'><img src=http:\/\/ski.inmontanis.info\/d\/346650-3\/ge20260111c.jpg \/><\/a><br \/>\n^ GPS-Track 11.1.2026 in T\u00fcrkis; in Magenta die 3 geschlossenen KSSL<\/p>\n<p>Fazit: Hier brauch ich kein zweites Mal her. Arinsal so eng und laufend auf den selben Abschnitten unterwegs, wenn man alle Pisten durchprobieren will, und was Pal angeht &#8211; das braucht man auch nicht. Dennoch: Die Summe beider Gebiete ist besser als jedes Allein betrachtet, da beide Teile ja sehr unterschiedlich sind, Arinsal punktet mit dem besseren Schnee und dem Fernblick, Pal punktet daf\u00fcr mit mehr Pisten und gr\u00f6\u00dferer Ausdehnung.<\/p>\n<p>Da  man nur noch an wenigen Pl\u00e4tzen in Andorra frei stehen darf, die aber zumeist in den oberen Teilen der Skigebiete sind, musste ich noch hoch nach Ordino Arcalis fahren, dem morgeigen Ziel, auf fast 2000m. Aber es wird nicht so kalt die Nacht.<\/p>\n<p><a href='http:\/\/extra.inmontanis.info\/d\/141978-2\/dsc05657.jpg'><img src=http:\/\/extra.inmontanis.info\/d\/141977-3\/dsc05657.jpg \/><\/a><br \/>\n^ <\/p>\n<p><a href='http:\/\/extra.inmontanis.info\/d\/141982-2\/dsc05661.jpg'><img src=http:\/\/extra.inmontanis.info\/d\/141981-3\/dsc05661.jpg \/><\/a><br \/>\n^ <\/p>\n<p><a href='http:\/\/extra.inmontanis.info\/d\/141986-2\/dsc05662.jpg'><img src=http:\/\/extra.inmontanis.info\/d\/141985-3\/dsc05662.jpg \/><\/a><br \/>\n^ St\u00e4dte sollten ins Flachland, nicht in enge Bergt\u00e4ler. <\/p>\n<p><a href='http:\/\/extra.inmontanis.info\/d\/141990-2\/dsc05667.jpg'><img src=http:\/\/extra.inmontanis.info\/d\/141989-3\/dsc05667.jpg \/><\/a><br \/>\n^ Auffahrt Ordino-Arcalis<\/p>\n<p>Eins steht jedenfalls schon fest &#8211; ich will kein zweites Mal nach Andorra (au\u00dfer evtl. von frz. Seite, wenn ich jetzt nur 1-2 Tage in Grandvalira bleiben sollte und mir 1-2 Tage f\u00fcr&#8217;s Fr\u00fchjahr aufheben sollte) &#8211; da bin ich 1.000x lieber in den einsamen W\u00e4ldern Schwedens und Finnlands unterwegs.<\/p>\n<p>Kurz vor 17 Uhr kam ich am unteren Parkplatz im Skigebiet an, wo man \u00fcbernachten d\u00fcrfen soll und wo auch einige Sessellifte starten. Es stand kein anderer Camper da und der Fu\u00dfweg von hier aus wird etwas weiter sein.<\/p>\n<p>Bisschen WLAN-Empfang gab&#8217;s sogar, aber nur minimalst Internet. Die lokale Trottelszene mit ihren PS-Boliden versuchte dann noch ein bisschen Schnee- und Eis-Driften auf dem gro\u00dfen Parkplatz, weil au\u00dfer mir ja keiner mehr da stand.<\/p>\n<p>Sp\u00e4ter in der Dunkelheit &#8211; haltet euch fest &#8211; kam ein Wohnmobil und fuhr ebenfalls im Kreis und versuchte zu driften &#8211; die ticken hier doch alle nicht mehr sauber. Ich h\u00e4tt&#8217;s so gefeiert, wenn es umgekippt w\u00e4re. Leider nicht.<\/p>\n<p>Wie schon in den westliche Pyren\u00e4en wollte ich auch noch einen \u00dcberblick der \u00f6stlichen Pyren\u00e4en machen:<\/p>\n<p><a href='http:\/\/extra.inmontanis.info\/d\/141994-2\/pyr-ost-2.jpg'><img src=http:\/\/extra.inmontanis.info\/d\/141993-3\/pyr-ost-2.jpg \/><\/a><br \/>\n^ Skigebiete \u00f6stliche Pyren\u00e4en<\/p>\n<p>Spanien &#038; Andorra:<br \/>\nA) Baqueira Beret (Gro\u00df, teuer, in keiner meiner Saisonkarten enthalten, werde ich nicht besuchen)<br \/>\nB) Bo\u00ed-Ta\u00fcll (FGC) (2014 besucht), 1 Tag 5 \u20ac mit Masella-Saisonkarte<br \/>\nC) Espot Esqui (FGC) (2014 besucht), 1 Tag 5 \u20ac mit Masella-Saisonkarte<br \/>\nD) Tavascan (heuer geschlossen) (2014 besucht)<br \/>\nE) Port Ain\u00e9  (FGC) (2014 besucht), 1 Tag 5 \u20ac mit Masella-Saisonkarte<br \/>\nF) Vallnord Ordino Arcalis (Andorra),  3 Tage Vallnord mit Gavarnie-Saisonkarte<br \/>\nG) Vallnord Pal-Arinsal (Andorra),  3 Tage Vallnord mit Gavarnie-Saisonkarte<br \/>\nH) Grandvalira  (Andorra),  3 Tage mit Gavarnie-Saisonkarte<br \/>\nI) Port del Comte, 1 Tag 5 \u20ac mit Masella-Saisonkarte<br \/>\nJ) Masella, 2 Tage \u00e0 5 \u20ac mit Gavarnie-Saisonkarte<br \/>\nJ) La Molina (FGC), 1 Tag 5 \u20ac mit Masella-Saisonkarte<br \/>\nK) Vall de N\u00faria (FGC), 1 Tag 5 \u20ac mit Masella-Saisonkarte<br \/>\nL) Vallter 2000 (FGC), 1 Tag 5 \u20ac mit Masella-Saisonkarte<br \/>\nFrankreich:<br \/>\nM) Guzet, Ariegeois-Saisonkarte<br \/>\nN) Goulier Neige<br \/>\nO) Les Monts d&#8217;Olmes, Ariegeois-Saisonkarte<br \/>\nP) Ax, Ariegeois-Saisonkarte<br \/>\nQ) Ascou, Ariegeois-Saisonkarte<br \/>\nR) Camurac (2014 besucht)<br \/>\nS) Mijan\u00e9s Donezan<br \/>\nT) Formigu\u00e8res (Trio), 3 Tage Trio mit Gavarnie-Saisonkarte, 1 Tag 5 \u20ac mit Masella-Saisonkarte<br \/>\nU) Les Angles<br \/>\nV) La Quillane<br \/>\nW) Font Romeu &#8211; Pyr\u00e9n\u00e9es 2000 (Trio), 3 Tage Trio mit Gavarnie-Saisonkarte, 1 Tag 5 \u20ac mit Masella-Saisonkarte<br \/>\nX) Cambre D\u00b4Aze (2014 besucht) (Trio), 3 Tage Trio mit Gavarnie-Saisonkarte, 1 Tag 5 \u20ac mit Masella-Saisonkarte<\/p>\n<p>Masella-Saisonkarte hab ich ja nicht, aber evtl. ja im Fr\u00fchjahr, falls sie angeboten wird und falls diese Sonderkonditions-Skip\u00e4sse dann genauso gelten, daher hab ich das hier angef\u00fchrt.<\/p>\n<p>FGC und Trio sind Skigebietsverb\u00fcnde, die ihre eigenen Multistations-Saisonkarten anbieten, es gibt auch noch eine Saisonkarte &#8220;Neige Catalanes&#8221; (Font-Romeu, Les Angles, La Quillane, Formigueres, Cambre d&#8217;Aze, Porte-Puymorens), die preislich f\u00fcr mich aber uninteressant war, mit der Saisonkarte in Font-Romeu g\u00e4be es ebenfalls ein paar Sonderbesuche wie 2 Tage Andorra, 1 Tag Gavarnie, 1 Tag Masella 5 \u20ac und noch ein paar andere.); die Trio-Gebiete sind auch bei der No-Soucy-Rabattkarte dabei, die ja ansonsten auch die n&#8217;py-Saisonkartengebiete abdeckt.<\/p>\n<p>Wie gesagt, es war kompliziert, das alles vor der Saison nachzuforschen und sich dann f\u00fcr gewisse Saisonkarten zu entscheiden ;)<\/p>\n","protected":false},"excerpt":{"rendered":"<p>So, 11.1.2026<\/p>\n<p>Funfact: der tiefste Punkt Andorras liegt auf 840m und damit ist laut einer Liste im Internet Andorra auf Platz 3 der L\u00e4nder mit den h\u00f6chsten tiefsten Punkten, nach Lesotho und Ruanda. Liechtenstein ist mit 430m noch in den Top-10.<\/p>\n<p>Andorra ist ja ein neues Ski-Land f\u00fcr mich und weil es nicht viele Skigebiete <a href=\"http:\/\/blog.inmontanis.info\/?p=11142\">[&#8230;]<\/a><\/p>\n","protected":false},"author":1,"featured_media":11144,"comment_status":"closed","ping_status":"closed","sticky":false,"template":"","format":"standard","meta":{"footnotes":""},"categories":[950,971,972,27],"tags":[49,56,38,48,52],"class_list":["post-11142","post","type-post","status-publish","format-standard","has-post-thumbnail","hentry","category-2025-09-2026-11-pyrenaen-uk-co","category-andorra","category-pal-arinsal","category-skifahren-winterskiing-winter","tag-4sb","tag-6sb","tag-dsb","tag-kssl","tag-pb","odd"],"_links":{"self":[{"href":"http:\/\/blog.inmontanis.info\/index.php?rest_route=\/wp\/v2\/posts\/11142","targetHints":{"allow":["GET"]}}],"collection":[{"href":"http:\/\/blog.inmontanis.info\/index.php?rest_route=\/wp\/v2\/posts"}],"about":[{"href":"http:\/\/blog.inmontanis.info\/index.php?rest_route=\/wp\/v2\/types\/post"}],"author":[{"embeddable":true,"href":"http:\/\/blog.inmontanis.info\/index.php?rest_route=\/wp\/v2\/users\/1"}],"replies":[{"embeddable":true,"href":"http:\/\/blog.inmontanis.info\/index.php?rest_route=%2Fwp%2Fv2%2Fcomments&post=11142"}],"version-history":[{"count":2,"href":"http:\/\/blog.inmontanis.info\/index.php?rest_route=\/wp\/v2\/posts\/11142\/revisions"}],"predecessor-version":[{"id":11145,"href":"http:\/\/blog.inmontanis.info\/index.php?rest_route=\/wp\/v2\/posts\/11142\/revisions\/11145"}],"wp:featuredmedia":[{"embeddable":true,"href":"http:\/\/blog.inmontanis.info\/index.php?rest_route=\/wp\/v2\/media\/11144"}],"wp:attachment":[{"href":"http:\/\/blog.inmontanis.info\/index.php?rest_route=%2Fwp%2Fv2%2Fmedia&parent=11142"}],"wp:term":[{"taxonomy":"category","embeddable":true,"href":"http:\/\/blog.inmontanis.info\/index.php?rest_route=%2Fwp%2Fv2%2Fcategories&post=11142"},{"taxonomy":"post_tag","embeddable":true,"href":"http:\/\/blog.inmontanis.info\/index.php?rest_route=%2Fwp%2Fv2%2Ftags&post=11142"}],"curies":[{"name":"wp","href":"https:\/\/api.w.org\/{rel}","templated":true}]}}